{"id":8020,"date":"2023-06-19T13:50:30","date_gmt":"2023-06-19T16:50:30","guid":{"rendered":"https:\/\/www.grupomedcof.com.br\/blog\/?p=8020"},"modified":"2024-06-26T10:35:14","modified_gmt":"2024-06-26T13:35:14","slug":"notas-de-corte-residencias-de-minas-gerais","status":"publish","type":"post","link":"https:\/\/www.grupomedcof.com.br\/blog\/notas-de-corte-residencias-de-minas-gerais\/","title":{"rendered":"Notas de Corte 2022\/2023: Resid\u00eancias de Minas Gerais"},"content":{"rendered":"<div id=\"ez-toc-container\" class=\"ez-toc-v2_0_74 counter-hierarchy ez-toc-counter ez-toc-transparent ez-toc-container-direction\">\n<div class=\"ez-toc-title-container\">\n<p class=\"ez-toc-title\" style=\"cursor:inherit\">Sum\u00e1rio<\/p>\n<span class=\"ez-toc-title-toggle\"><a href=\"#\" class=\"ez-toc-pull-right ez-toc-btn ez-toc-btn-xs ez-toc-btn-default ez-toc-toggle\" aria-label=\"Alternar tabela de conte\u00fado\"><span class=\"ez-toc-js-icon-con\"><span class=\"\"><span class=\"eztoc-hide\" style=\"display:none;\">Toggle<\/span><span class=\"ez-toc-icon-toggle-span\"><svg style=\"fill: #999;color:#999\" xmlns=\"http:\/\/www.w3.org\/2000\/svg\" class=\"list-377408\" width=\"20px\" height=\"20px\" viewBox=\"0 0 24 24\" fill=\"none\"><path d=\"M6 6H4v2h2V6zm14 0H8v2h12V6zM4 11h2v2H4v-2zm16 0H8v2h12v-2zM4 16h2v2H4v-2zm16 0H8v2h12v-2z\" fill=\"currentColor\"><\/path><\/svg><svg style=\"fill: #999;color:#999\" class=\"arrow-unsorted-368013\" xmlns=\"http:\/\/www.w3.org\/2000\/svg\" width=\"10px\" height=\"10px\" viewBox=\"0 0 24 24\" version=\"1.2\" baseProfile=\"tiny\"><path d=\"M18.2 9.3l-6.2-6.3-6.2 6.3c-.2.2-.3.4-.3.7s.1.5.3.7c.2.2.4.3.7.3h11c.3 0 .5-.1.7-.3.2-.2.3-.5.3-.7s-.1-.5-.3-.7zM5.8 14.7l6.2 6.3 6.2-6.3c.2-.2.3-.5.3-.7s-.1-.5-.3-.7c-.2-.2-.4-.3-.7-.3h-11c-.3 0-.5.1-.7.3-.2.2-.3.5-.3.7s.1.5.3.7z\"\/><\/svg><\/span><\/span><\/span><\/a><\/span><\/div>\n<nav><ul class='ez-toc-list ez-toc-list-level-1 ' ><li class='ez-toc-page-1 ez-toc-heading-level-2'><a class=\"ez-toc-link ez-toc-heading-1\" href=\"https:\/\/www.grupomedcof.com.br\/blog\/notas-de-corte-residencias-de-minas-gerais\/#Confira_abaixo\" >Confira abaixo<\/a><\/li><li class='ez-toc-page-1 ez-toc-heading-level-2'><a class=\"ez-toc-link ez-toc-heading-2\" href=\"https:\/\/www.grupomedcof.com.br\/blog\/notas-de-corte-residencias-de-minas-gerais\/#Notas_de_Corte_Residencias_de_Minas_Gerais\" >Notas de Corte: Resid\u00eancias de Minas Gerais<\/a><\/li><li class='ez-toc-page-1 ez-toc-heading-level-2'><a class=\"ez-toc-link ez-toc-heading-3\" href=\"https:\/\/www.grupomedcof.com.br\/blog\/notas-de-corte-residencias-de-minas-gerais\/#Nota_de_Corte_FELUMA_2023\" >Nota de Corte: FELUMA 2023<\/a><ul class='ez-toc-list-level-3' ><li class='ez-toc-heading-level-3'><a class=\"ez-toc-link ez-toc-heading-4\" href=\"https:\/\/www.grupomedcof.com.br\/blog\/notas-de-corte-residencias-de-minas-gerais\/#Biocor_Instituto\" >Biocor Instituto<\/a><\/li><li class='ez-toc-page-1 ez-toc-heading-level-3'><a class=\"ez-toc-link ez-toc-heading-5\" href=\"https:\/\/www.grupomedcof.com.br\/blog\/notas-de-corte-residencias-de-minas-gerais\/#Fundacao_Hospitalar_Sao_Francisco_de_Assis\" >Funda\u00e7\u00e3o Hospitalar S\u00e3o Francisco de Assis<\/a><\/li><li class='ez-toc-page-1 ez-toc-heading-level-3'><a class=\"ez-toc-link ez-toc-heading-6\" href=\"https:\/\/www.grupomedcof.com.br\/blog\/notas-de-corte-residencias-de-minas-gerais\/#Hospital_Felicio_Rocho\" >Hospital Fel\u00edcio Rocho<\/a><\/li><li class='ez-toc-page-1 ez-toc-heading-level-3'><a class=\"ez-toc-link ez-toc-heading-7\" href=\"https:\/\/www.grupomedcof.com.br\/blog\/notas-de-corte-residencias-de-minas-gerais\/#Hospital_Regional_Sao_Sebastiao\" >Hospital Regional S\u00e3o Sebasti\u00e3o<\/a><\/li><li class='ez-toc-page-1 ez-toc-heading-level-3'><a class=\"ez-toc-link ez-toc-heading-8\" href=\"https:\/\/www.grupomedcof.com.br\/blog\/notas-de-corte-residencias-de-minas-gerais\/#Hospital_Universitario_Ciencias_Medicas_de_Minas_Gerais\" >Hospital Universit\u00e1rio Ci\u00eancias M\u00e9dicas de Minas Gerais<\/a><\/li><\/ul><\/li><li class='ez-toc-page-1 ez-toc-heading-level-2'><a class=\"ez-toc-link ez-toc-heading-9\" href=\"https:\/\/www.grupomedcof.com.br\/blog\/notas-de-corte-residencias-de-minas-gerais\/#Notas_de_Corte_das_Residencias_de_Minas_Gerais_PSU-MG_2023\" >Notas de Corte das Resid\u00eancias de Minas Gerais: PSU-MG 2023<\/a><ul class='ez-toc-list-level-3' ><li class='ez-toc-heading-level-3'><a class=\"ez-toc-link ez-toc-heading-10\" href=\"https:\/\/www.grupomedcof.com.br\/blog\/notas-de-corte-residencias-de-minas-gerais\/#Associacao_Beneficente_Catolica_Hospital_Santa_Isabel_%E2%80%93_Uba\" >Associa\u00e7\u00e3o Beneficente Cat\u00f3lica \/ Hospital Santa Isabel \u2013 Ub\u00e1<\/a><\/li><li class='ez-toc-page-1 ez-toc-heading-level-3'><a class=\"ez-toc-link ez-toc-heading-11\" href=\"https:\/\/www.grupomedcof.com.br\/blog\/notas-de-corte-residencias-de-minas-gerais\/#Associacao_de_Combate_ao_Cancer_do_Brasil_Central_%E2%80%93_Hospital_Helio_Angotti\" >Associa\u00e7\u00e3o de Combate ao C\u00e2ncer do Brasil Central \u2013 Hospital H\u00e9lio Angotti<\/a><\/li><li class='ez-toc-page-1 ez-toc-heading-level-3'><a class=\"ez-toc-link ez-toc-heading-12\" href=\"https:\/\/www.grupomedcof.com.br\/blog\/notas-de-corte-residencias-de-minas-gerais\/#Associacao_Evangelica_Beneficente_de_Minas_GeraisHospital_Evangelico_de_Belo_Horizonte\" >Associa\u00e7\u00e3o Evang\u00e9lica Beneficente de Minas Gerais\/Hospital Evang\u00e9lico de Belo Horizonte<\/a><\/li><li class='ez-toc-page-1 ez-toc-heading-level-3'><a class=\"ez-toc-link ez-toc-heading-13\" href=\"https:\/\/www.grupomedcof.com.br\/blog\/notas-de-corte-residencias-de-minas-gerais\/#Associacao_Mario_Penna_%E2%80%93_Hospital_Luxemburgo\" >Associa\u00e7\u00e3o Mario Penna \u2013 Hospital Luxemburgo<\/a><\/li><li class='ez-toc-page-1 ez-toc-heading-level-3'><a class=\"ez-toc-link ez-toc-heading-14\" href=\"https:\/\/www.grupomedcof.com.br\/blog\/notas-de-corte-residencias-de-minas-gerais\/#Casa_de_Caridade_de_Alfenas_Nossa_Senhora_do_Perpetuo_Socorro\" >Casa de Caridade de Alfenas Nossa Senhora do Perp\u00e9tuo Socorro<\/a><\/li><li class='ez-toc-page-1 ez-toc-heading-level-3'><a class=\"ez-toc-link ez-toc-heading-15\" href=\"https:\/\/www.grupomedcof.com.br\/blog\/notas-de-corte-residencias-de-minas-gerais\/#Casa_de_Caridade_de_Muriae_%E2%80%93_Hospital_Sao_Paulo\" >Casa de Caridade de Muria\u00e9 \u2013 Hospital S\u00e3o Paulo<\/a><\/li><li class='ez-toc-page-1 ez-toc-heading-level-3'><a class=\"ez-toc-link ez-toc-heading-16\" href=\"https:\/\/www.grupomedcof.com.br\/blog\/notas-de-corte-residencias-de-minas-gerais\/#Complexo_de_Saude_Sao_Joao_de_Deus\" >Complexo de Sa\u00fade S\u00e3o Jo\u00e3o de Deus<\/a><\/li><li class='ez-toc-page-1 ez-toc-heading-level-3'><a class=\"ez-toc-link ez-toc-heading-17\" href=\"https:\/\/www.grupomedcof.com.br\/blog\/notas-de-corte-residencias-de-minas-gerais\/#Notas_de_Corte_das_Residencias_de_Minas_Gerais_Faculdade_de_Medicina_da_Universidade_Federal_de_Uberlandia\" >Notas de Corte das Resid\u00eancias de Minas Gerais: Faculdade de Medicina da Universidade Federal de Uberl\u00e2ndia<\/a><\/li><li class='ez-toc-page-1 ez-toc-heading-level-3'><a class=\"ez-toc-link ez-toc-heading-18\" href=\"https:\/\/www.grupomedcof.com.br\/blog\/notas-de-corte-residencias-de-minas-gerais\/#Faculdade_de_Medicina_de_Itajuba_%E2%80%93_Hospital_de_Clinicas_de_Itajuba\" >Faculdade de Medicina de Itajub\u00e1 \u2013 Hospital de Cl\u00ednicas de Itajub\u00e1<\/a><\/li><li class='ez-toc-page-1 ez-toc-heading-level-3'><a class=\"ez-toc-link ez-toc-heading-19\" href=\"https:\/\/www.grupomedcof.com.br\/blog\/notas-de-corte-residencias-de-minas-gerais\/#Fundacao_Cristiano_Varella_%E2%80%93_Hospital_do_Cancer_de_Muriae\" >Funda\u00e7\u00e3o Cristiano Varella \u2013 Hospital do C\u00e2ncer de Muria\u00e9<\/a><\/li><li class='ez-toc-page-1 ez-toc-heading-level-3'><a class=\"ez-toc-link ez-toc-heading-20\" href=\"https:\/\/www.grupomedcof.com.br\/blog\/notas-de-corte-residencias-de-minas-gerais\/#Fundacao_de_Desenvolvimento_da_Pesquisa_%E2%80%93_Hospital_Risoleta_Tolentino_Neves\" >Funda\u00e7\u00e3o de Desenvolvimento da Pesquisa \u2013 Hospital Risoleta Tolentino Neves<\/a><\/li><li class='ez-toc-page-1 ez-toc-heading-level-3'><a class=\"ez-toc-link ez-toc-heading-21\" href=\"https:\/\/www.grupomedcof.com.br\/blog\/notas-de-corte-residencias-de-minas-gerais\/#Fundacao_Educacional_de_Caratinga_FUNEC_Hospital_Irma_Denise_%E2%80%93_CASU\" >Funda\u00e7\u00e3o Educacional de Caratinga FUNEC \/ Hospital Irm\u00e3 Denise \u2013 CASU<\/a><\/li><li class='ez-toc-page-1 ez-toc-heading-level-3'><a class=\"ez-toc-link ez-toc-heading-22\" href=\"https:\/\/www.grupomedcof.com.br\/blog\/notas-de-corte-residencias-de-minas-gerais\/#Fundacao_Filantropica_e_Beneficente_de_Saude_Arnaldo_Gavazza_Filho_%E2%80%93_Ponte_Nova\" >Funda\u00e7\u00e3o Filantr\u00f3pica e Beneficente de Sa\u00fade Arnaldo Gavazza Filho \u2013 Ponte Nova<\/a><\/li><li class='ez-toc-page-1 ez-toc-heading-level-3'><a class=\"ez-toc-link ez-toc-heading-23\" href=\"https:\/\/www.grupomedcof.com.br\/blog\/notas-de-corte-residencias-de-minas-gerais\/#Fundacao_Hospitalar_Sao_Francisco_de_Assis_%E2%80%93_FHSFA\" >Funda\u00e7\u00e3o Hospitalar S\u00e3o Francisco de Assis \u2013 FHSFA<\/a><\/li><li class='ez-toc-page-1 ez-toc-heading-level-3'><a class=\"ez-toc-link ez-toc-heading-24\" href=\"https:\/\/www.grupomedcof.com.br\/blog\/notas-de-corte-residencias-de-minas-gerais\/#Fundacao_Instituto_Clinico_de_Juiz_de_Fora\" >Funda\u00e7\u00e3o Instituto Cl\u00ednico de Juiz de Fora<\/a><\/li><li class='ez-toc-page-1 ez-toc-heading-level-3'><a class=\"ez-toc-link ez-toc-heading-25\" href=\"https:\/\/www.grupomedcof.com.br\/blog\/notas-de-corte-residencias-de-minas-gerais\/#Hospital_Belo_Horizonte\" >Hospital Belo Horizonte<\/a><\/li><li class='ez-toc-page-1 ez-toc-heading-level-3'><a class=\"ez-toc-link ez-toc-heading-26\" href=\"https:\/\/www.grupomedcof.com.br\/blog\/notas-de-corte-residencias-de-minas-gerais\/#Hospital_Bom_Samaritano_%E2%80%93_Governador_Valadares\" >Hospital Bom Samaritano \u2013 Governador Valadares<\/a><\/li><li class='ez-toc-page-1 ez-toc-heading-level-3'><a class=\"ez-toc-link ez-toc-heading-27\" href=\"https:\/\/www.grupomedcof.com.br\/blog\/notas-de-corte-residencias-de-minas-gerais\/#Hospital_Cesar_Leite_%E2%80%93_Manhuacu\" >Hospital C\u00e9sar Leite \u2013 Manhua\u00e7u<\/a><\/li><li class='ez-toc-page-1 ez-toc-heading-level-3'><a class=\"ez-toc-link ez-toc-heading-28\" href=\"https:\/\/www.grupomedcof.com.br\/blog\/notas-de-corte-residencias-de-minas-gerais\/#Hospital_da_Baleia_%E2%80%93_Fundacao_Benjamin_Guimaraes\" >Hospital da Baleia \u2013 Funda\u00e7\u00e3o Benjamin Guimar\u00e3es<\/a><\/li><li class='ez-toc-page-1 ez-toc-heading-level-3'><a class=\"ez-toc-link ez-toc-heading-29\" href=\"https:\/\/www.grupomedcof.com.br\/blog\/notas-de-corte-residencias-de-minas-gerais\/#Notas_de_Corte_das_Residencias_de_Minas_Gerais_Hospital_das_Clinicas_Samuel_Libanio\" >Notas de Corte das Resid\u00eancias de Minas Gerais: Hospital das Cl\u00ednicas Samuel Lib\u00e2nio<\/a><\/li><li class='ez-toc-page-1 ez-toc-heading-level-3'><a class=\"ez-toc-link ez-toc-heading-30\" href=\"https:\/\/www.grupomedcof.com.br\/blog\/notas-de-corte-residencias-de-minas-gerais\/#Hospital_e_Maternidade_Therezinha_de_Jesus_%E2%80%93_HMTJ\" >Hospital e Maternidade Therezinha de Jesus \u2013 HMTJ<\/a><\/li><li class='ez-toc-page-1 ez-toc-heading-level-3'><a class=\"ez-toc-link ez-toc-heading-31\" href=\"https:\/\/www.grupomedcof.com.br\/blog\/notas-de-corte-residencias-de-minas-gerais\/#Hospital_Governador_Israel_Pinheiro_IPSEMG_HGIP\" >Hospital Governador Israel Pinheiro IPSEMG HGIP<\/a><\/li><li class='ez-toc-page-1 ez-toc-heading-level-3'><a class=\"ez-toc-link ez-toc-heading-32\" href=\"https:\/\/www.grupomedcof.com.br\/blog\/notas-de-corte-residencias-de-minas-gerais\/#Hospital_Lifecenter_Sistema_de_Saude_SA\" >Hospital Lifecenter Sistema de Sa\u00fade S\/A<\/a><\/li><li class='ez-toc-page-1 ez-toc-heading-level-3'><a class=\"ez-toc-link ez-toc-heading-33\" href=\"https:\/\/www.grupomedcof.com.br\/blog\/notas-de-corte-residencias-de-minas-gerais\/#Hospital_Madre_Teresa_%E2%80%93_BH\" >Hospital Madre Teresa \u2013 BH<\/a><\/li><li class='ez-toc-page-1 ez-toc-heading-level-3'><a class=\"ez-toc-link ez-toc-heading-34\" href=\"https:\/\/www.grupomedcof.com.br\/blog\/notas-de-corte-residencias-de-minas-gerais\/#Hospital_Marcio_Cunha_%E2%80%93_Fundacao_Sao_Francisco_Xavier_%E2%80%93_Ipatinga\" >Hospital Marcio Cunha \u2013 Funda\u00e7\u00e3o S\u00e3o Francisco Xavier \u2013 Ipatinga<\/a><\/li><li class='ez-toc-page-1 ez-toc-heading-level-3'><a class=\"ez-toc-link ez-toc-heading-35\" href=\"https:\/\/www.grupomedcof.com.br\/blog\/notas-de-corte-residencias-de-minas-gerais\/#Hospital_Mater_Dei_%E2%80%93_Unidade_Contorno\" >Hospital Mater Dei \u2013 Unidade Contorno<\/a><\/li><li class='ez-toc-page-1 ez-toc-heading-level-3'><a class=\"ez-toc-link ez-toc-heading-36\" href=\"https:\/\/www.grupomedcof.com.br\/blog\/notas-de-corte-residencias-de-minas-gerais\/#Hospital_Mater_Dei_%E2%80%93_Unidade_Santo_Agostinho\" >Hospital Mater Dei \u2013 Unidade Santo Agostinho<\/a><\/li><li class='ez-toc-page-1 ez-toc-heading-level-3'><a class=\"ez-toc-link ez-toc-heading-37\" href=\"https:\/\/www.grupomedcof.com.br\/blog\/notas-de-corte-residencias-de-minas-gerais\/#Hospital_Metropolitano_Doutor_Celio_de_Castro\" >Hospital Metropolitano Doutor C\u00e9lio de Castro<\/a><\/li><li class='ez-toc-page-1 ez-toc-heading-level-3'><a class=\"ez-toc-link ez-toc-heading-38\" href=\"https:\/\/www.grupomedcof.com.br\/blog\/notas-de-corte-residencias-de-minas-gerais\/#Hospital_Municipal_Jose_Lucas_Filho_%E2%80%93_Contagem\" >Hospital Municipal Jos\u00e9 Lucas Filho \u2013 Contagem<\/a><\/li><li class='ez-toc-page-1 ez-toc-heading-level-3'><a class=\"ez-toc-link ez-toc-heading-39\" href=\"https:\/\/www.grupomedcof.com.br\/blog\/notas-de-corte-residencias-de-minas-gerais\/#Hospital_Publico_Regional_de_Betim\" >Hospital P\u00fablico Regional de Betim<\/a><\/li><li class='ez-toc-page-1 ez-toc-heading-level-3'><a class=\"ez-toc-link ez-toc-heading-40\" href=\"https:\/\/www.grupomedcof.com.br\/blog\/notas-de-corte-residencias-de-minas-gerais\/#Hospital_Semper\" >Hospital Semper<\/a><\/li><li class='ez-toc-page-1 ez-toc-heading-level-3'><a class=\"ez-toc-link ez-toc-heading-41\" href=\"https:\/\/www.grupomedcof.com.br\/blog\/notas-de-corte-residencias-de-minas-gerais\/#Hospital_Socor\" >Hospital Socor<\/a><\/li><li class='ez-toc-page-1 ez-toc-heading-level-3'><a class=\"ez-toc-link ez-toc-heading-42\" href=\"https:\/\/www.grupomedcof.com.br\/blog\/notas-de-corte-residencias-de-minas-gerais\/#Hospital_UNIMED_%E2%80%93_Unidade_Betim\" >Hospital UNIMED \u2013 Unidade Betim<\/a><\/li><li class='ez-toc-page-1 ez-toc-heading-level-3'><a class=\"ez-toc-link ez-toc-heading-43\" href=\"https:\/\/www.grupomedcof.com.br\/blog\/notas-de-corte-residencias-de-minas-gerais\/#Hospital_UNIMED_BH_%E2%80%93_Unidade_Contorno\" >Hospital UNIMED BH \u2013 Unidade Contorno<\/a><\/li><li class='ez-toc-page-1 ez-toc-heading-level-3'><a class=\"ez-toc-link ez-toc-heading-44\" href=\"https:\/\/www.grupomedcof.com.br\/blog\/notas-de-corte-residencias-de-minas-gerais\/#Hospital_Universitario_Alzira_Velano\" >Hospital Universit\u00e1rio Alzira Velano<\/a><\/li><li class='ez-toc-page-1 ez-toc-heading-level-3'><a class=\"ez-toc-link ez-toc-heading-45\" href=\"https:\/\/www.grupomedcof.com.br\/blog\/notas-de-corte-residencias-de-minas-gerais\/#Hospital_Universitario_da_Universidade_de_Uberaba_%E2%80%93_UNIUBE_Mario_Palmerio\" >Hospital Universit\u00e1rio da Universidade de Uberaba \u2013 UNIUBE (M\u00e1rio Palm\u00e9rio)<\/a><\/li><li class='ez-toc-page-1 ez-toc-heading-level-3'><a class=\"ez-toc-link ez-toc-heading-46\" href=\"https:\/\/www.grupomedcof.com.br\/blog\/notas-de-corte-residencias-de-minas-gerais\/#Instituto_Materno_Infantil_de_Minas_Gerais_%E2%80%93_Hospital_Vila_da_Serra\" >Instituto Materno Infantil de Minas Gerais \u2013 Hospital Vila da Serra<\/a><\/li><li class='ez-toc-page-1 ez-toc-heading-level-3'><a class=\"ez-toc-link ez-toc-heading-47\" href=\"https:\/\/www.grupomedcof.com.br\/blog\/notas-de-corte-residencias-de-minas-gerais\/#Irmandade_de_Nossa_Senhora_das_Gracas_%E2%80%93_Sete_Lagoas\" >Irmandade de Nossa Senhora das Gra\u00e7as \u2013 Sete Lagoas<\/a><\/li><li class='ez-toc-page-1 ez-toc-heading-level-3'><a class=\"ez-toc-link ez-toc-heading-48\" href=\"https:\/\/www.grupomedcof.com.br\/blog\/notas-de-corte-residencias-de-minas-gerais\/#Irmandade_do_Hospital_da_Santa_Casa_de_Pocos_de_Caldas\" >Irmandade do Hospital da Santa Casa de Po\u00e7os de Caldas<\/a><\/li><li class='ez-toc-page-1 ez-toc-heading-level-3'><a class=\"ez-toc-link ez-toc-heading-49\" href=\"https:\/\/www.grupomedcof.com.br\/blog\/notas-de-corte-residencias-de-minas-gerais\/#Irmandade_do_Hospital_de_Nossa_Senhora_das_Dores_%E2%80%93_Ponte_Nova\" >Irmandade do Hospital de Nossa Senhora das Dores \u2013 Ponte Nova<\/a><\/li><li class='ez-toc-page-1 ez-toc-heading-level-3'><a class=\"ez-toc-link ez-toc-heading-50\" href=\"https:\/\/www.grupomedcof.com.br\/blog\/notas-de-corte-residencias-de-minas-gerais\/#Irmandade_Nossa_Senhora_das_Merces_de_Montes_Claros_%E2%80%93_Santa_Casa\" >Irmandade Nossa Senhora das Merc\u00eas de Montes Claros \u2013 Santa Casa<\/a><\/li><li class='ez-toc-page-1 ez-toc-heading-level-3'><a class=\"ez-toc-link ez-toc-heading-51\" href=\"https:\/\/www.grupomedcof.com.br\/blog\/notas-de-corte-residencias-de-minas-gerais\/#Santa_Casa_de_Misericordia_de_Araguari\" >Santa Casa de Miseric\u00f3rdia de Araguari<\/a><\/li><li class='ez-toc-page-1 ez-toc-heading-level-3'><a class=\"ez-toc-link ez-toc-heading-52\" href=\"https:\/\/www.grupomedcof.com.br\/blog\/notas-de-corte-residencias-de-minas-gerais\/#Santa_Casa_de_Misericordia_de_Juiz_de_Fora_MG\" >Santa Casa de Miseric\u00f3rdia de Juiz de Fora MG<\/a><\/li><li class='ez-toc-page-1 ez-toc-heading-level-3'><a class=\"ez-toc-link ez-toc-heading-53\" href=\"https:\/\/www.grupomedcof.com.br\/blog\/notas-de-corte-residencias-de-minas-gerais\/#Notas_de_Corte_das_Residencias_de_Minas_Gerais_Santa_Casa_de_Misericordia_de_Passos\" >Notas de Corte das Resid\u00eancias de Minas Gerais: Santa Casa de Miseric\u00f3rdia de Passos<\/a><\/li><li class='ez-toc-page-1 ez-toc-heading-level-3'><a class=\"ez-toc-link ez-toc-heading-54\" href=\"https:\/\/www.grupomedcof.com.br\/blog\/notas-de-corte-residencias-de-minas-gerais\/#Santa_Casa_de_Misericordia_de_Sao_Sebastiao_do_Paraiso\" >Santa Casa de Miseric\u00f3rdia de S\u00e3o Sebasti\u00e3o do Para\u00edso<\/a><\/li><li class='ez-toc-page-1 ez-toc-heading-level-3'><a class=\"ez-toc-link ez-toc-heading-55\" href=\"https:\/\/www.grupomedcof.com.br\/blog\/notas-de-corte-residencias-de-minas-gerais\/#Secretaria_Municipal_de_Saude_de_Governador_Valadares\" >Secretaria Municipal de Sa\u00fade de Governador Valadares<\/a><\/li><li class='ez-toc-page-1 ez-toc-heading-level-3'><a class=\"ez-toc-link ez-toc-heading-56\" href=\"https:\/\/www.grupomedcof.com.br\/blog\/notas-de-corte-residencias-de-minas-gerais\/#Universidade_Federal_de_Vicosa\" >Universidade Federal de Vi\u00e7osa<\/a><\/li><li class='ez-toc-page-1 ez-toc-heading-level-3'><a class=\"ez-toc-link ez-toc-heading-57\" href=\"https:\/\/www.grupomedcof.com.br\/blog\/notas-de-corte-residencias-de-minas-gerais\/#Notas_de_Corte_das_Residencias_de_Minas_Gerais_Universidade_Federal_do_Triangulo_Mineiro_%E2%80%93_Uberaba\" >Notas de Corte das Resid\u00eancias de Minas Gerais: Universidade Federal do Triangulo Mineiro \u2013 Uberaba<\/a><\/li><li class='ez-toc-page-1 ez-toc-heading-level-3'><a class=\"ez-toc-link ez-toc-heading-58\" href=\"https:\/\/www.grupomedcof.com.br\/blog\/notas-de-corte-residencias-de-minas-gerais\/#Universidade_Federal_dos_Vales_do_Jequitinhonha_e_Mucuri\" >Universidade Federal dos Vales do Jequitinhonha e Mucuri<\/a><\/li><\/ul><\/li><li class='ez-toc-page-1 ez-toc-heading-level-2'><a class=\"ez-toc-link ez-toc-heading-59\" href=\"https:\/\/www.grupomedcof.com.br\/blog\/notas-de-corte-residencias-de-minas-gerais\/#Notas_de_Corte_das_Residencias_de_Minas_Gerais_Enare\" >Notas de Corte das Resid\u00eancias de Minas Gerais: Enare<\/a><ul class='ez-toc-list-level-3' ><li class='ez-toc-heading-level-3'><a class=\"ez-toc-link ez-toc-heading-60\" href=\"https:\/\/www.grupomedcof.com.br\/blog\/notas-de-corte-residencias-de-minas-gerais\/#Complexo_Hospitalar_de_Barbacena\" >Complexo Hospitalar de Barbacena<\/a><\/li><li class='ez-toc-page-1 ez-toc-heading-level-3'><a class=\"ez-toc-link ez-toc-heading-61\" href=\"https:\/\/www.grupomedcof.com.br\/blog\/notas-de-corte-residencias-de-minas-gerais\/#Belo_Horizonte\" >Belo Horizonte<\/a><\/li><li class='ez-toc-page-1 ez-toc-heading-level-3'><a class=\"ez-toc-link ez-toc-heading-62\" href=\"https:\/\/www.grupomedcof.com.br\/blog\/notas-de-corte-residencias-de-minas-gerais\/#Centro_Psiquico_da_Adolescencia_e_Infancia\" >Centro Ps\u00edquico da Adolesc\u00eancia e Inf\u00e2ncia<\/a><\/li><li class='ez-toc-page-1 ez-toc-heading-level-3'><a class=\"ez-toc-link ez-toc-heading-63\" href=\"https:\/\/www.grupomedcof.com.br\/blog\/notas-de-corte-residencias-de-minas-gerais\/#Fundo_Municipal_de_Saude_%E2%80%93_Secretaria_Municipal_de_Saude_de_Belo_Horizonte\" >Fundo Municipal de Sa\u00fade &#8211; Secretaria Municipal de Sa\u00fade de Belo Horizonte<\/a><\/li><li class='ez-toc-page-1 ez-toc-heading-level-3'><a class=\"ez-toc-link ez-toc-heading-64\" href=\"https:\/\/www.grupomedcof.com.br\/blog\/notas-de-corte-residencias-de-minas-gerais\/#Hospital_Metropolitano_Odilon_Behrens\" >Hospital Metropolitano Odilon Behrens<\/a><\/li><li class='ez-toc-page-1 ez-toc-heading-level-3'><a class=\"ez-toc-link ez-toc-heading-65\" href=\"https:\/\/www.grupomedcof.com.br\/blog\/notas-de-corte-residencias-de-minas-gerais\/#Hospital_Alberto_Cavalcanti\" >Hospital Alberto Cavalcanti<\/a><\/li><li class='ez-toc-page-1 ez-toc-heading-level-3'><a class=\"ez-toc-link ez-toc-heading-66\" href=\"https:\/\/www.grupomedcof.com.br\/blog\/notas-de-corte-residencias-de-minas-gerais\/#Hospital_Militar_da_Policia_Militar_de_Minas_Gerais\" >Hospital Militar da Pol\u00edcia Militar de Minas Gerais<\/a><\/li><li class='ez-toc-page-1 ez-toc-heading-level-3'><a class=\"ez-toc-link ez-toc-heading-67\" href=\"https:\/\/www.grupomedcof.com.br\/blog\/notas-de-corte-residencias-de-minas-gerais\/#Hospital_das_Clinicas_da_UFMGEBSERH\" >Hospital das Cl\u00ednicas da UFMG\/EBSERH<\/a><\/li><li class='ez-toc-page-1 ez-toc-heading-level-3'><a class=\"ez-toc-link ez-toc-heading-68\" href=\"https:\/\/www.grupomedcof.com.br\/blog\/notas-de-corte-residencias-de-minas-gerais\/#Hospital_Eduardo_de_Menezes\" >Hospital Eduardo de Menezes<\/a><\/li><li class='ez-toc-page-1 ez-toc-heading-level-3'><a class=\"ez-toc-link ez-toc-heading-69\" href=\"https:\/\/www.grupomedcof.com.br\/blog\/notas-de-corte-residencias-de-minas-gerais\/#Hospital_Infantil_Joao_Paulo_II\" >Hospital Infantil Jo\u00e3o Paulo II<\/a><\/li><li class='ez-toc-page-1 ez-toc-heading-level-3'><a class=\"ez-toc-link ez-toc-heading-70\" href=\"https:\/\/www.grupomedcof.com.br\/blog\/notas-de-corte-residencias-de-minas-gerais\/#Hospital_Joao_XXIII\" >Hospital Jo\u00e3o XXIII<\/a><\/li><li class='ez-toc-page-1 ez-toc-heading-level-3'><a class=\"ez-toc-link ez-toc-heading-71\" href=\"https:\/\/www.grupomedcof.com.br\/blog\/notas-de-corte-residencias-de-minas-gerais\/#Hospital_Julia_Kubitscheck\" >Hospital J\u00falia Kubitscheck<\/a><\/li><li class='ez-toc-page-1 ez-toc-heading-level-3'><a class=\"ez-toc-link ez-toc-heading-72\" href=\"https:\/\/www.grupomedcof.com.br\/blog\/notas-de-corte-residencias-de-minas-gerais\/#Hospital_Maria_Amelia_Lins\" >Hospital Maria Am\u00e9lia Lins<\/a><\/li><li class='ez-toc-page-1 ez-toc-heading-level-3'><a class=\"ez-toc-link ez-toc-heading-73\" href=\"https:\/\/www.grupomedcof.com.br\/blog\/notas-de-corte-residencias-de-minas-gerais\/#Instituto_Raul_Soares\" >Instituto Raul Soares<\/a><\/li><li class='ez-toc-page-1 ez-toc-heading-level-3'><a class=\"ez-toc-link ez-toc-heading-74\" href=\"https:\/\/www.grupomedcof.com.br\/blog\/notas-de-corte-residencias-de-minas-gerais\/#Maternidade_Odete_Valadares\" >Maternidade Odete Valadares<\/a><\/li><li class='ez-toc-page-1 ez-toc-heading-level-3'><a class=\"ez-toc-link ez-toc-heading-75\" href=\"https:\/\/www.grupomedcof.com.br\/blog\/notas-de-corte-residencias-de-minas-gerais\/#Juiz_de_Fora\" >Juiz de Fora<\/a><\/li><li class='ez-toc-page-1 ez-toc-heading-level-3'><a class=\"ez-toc-link ez-toc-heading-76\" href=\"https:\/\/www.grupomedcof.com.br\/blog\/notas-de-corte-residencias-de-minas-gerais\/#Hospital_Regional_Joao_Penido\" >Hospital Regional Jo\u00e3o Penido<\/a><\/li><li class='ez-toc-page-1 ez-toc-heading-level-3'><a class=\"ez-toc-link ez-toc-heading-77\" href=\"https:\/\/www.grupomedcof.com.br\/blog\/notas-de-corte-residencias-de-minas-gerais\/#Hospital_Universitario_da_Universidade_Federal_de_Juiz_de_Fora\" >Hospital Universit\u00e1rio da Universidade Federal de Juiz de Fora<\/a><\/li><li class='ez-toc-page-1 ez-toc-heading-level-3'><a class=\"ez-toc-link ez-toc-heading-78\" href=\"https:\/\/www.grupomedcof.com.br\/blog\/notas-de-corte-residencias-de-minas-gerais\/#Montes_Claros_%E2%80%93_Universidade_Estadual_de_Montes_Claros_%E2%80%93_UNIMONTES\" >Montes Claros \u2013 Universidade Estadual de Montes Claros \u2013 UNIMONTES<\/a><\/li><li class='ez-toc-page-1 ez-toc-heading-level-3'><a class=\"ez-toc-link ez-toc-heading-79\" href=\"https:\/\/www.grupomedcof.com.br\/blog\/notas-de-corte-residencias-de-minas-gerais\/#Patos_de_Minas_%E2%80%93_Hospital_Regional_Antonio_Dias\" >Patos de Minas \u2013 Hospital Regional Ant\u00f4nio Dias<\/a><\/li><\/ul><\/li><li class='ez-toc-page-1 ez-toc-heading-level-2'><a class=\"ez-toc-link ez-toc-heading-80\" href=\"https:\/\/www.grupomedcof.com.br\/blog\/notas-de-corte-residencias-de-minas-gerais\/#Notas_de_Corte_das_Residencias_de_Minas_Gerais_Outras_instituicoes\" >Notas de Corte das Resid\u00eancias de Minas Gerais: Outras institui\u00e7\u00f5es<\/a><\/li><li class='ez-toc-page-1 ez-toc-heading-level-2'><a class=\"ez-toc-link ez-toc-heading-81\" href=\"https:\/\/www.grupomedcof.com.br\/blog\/notas-de-corte-residencias-de-minas-gerais\/#Conquiste_a_aprovacao\" >Conquiste a aprova\u00e7\u00e3o!&nbsp;<\/a><\/li><\/ul><\/nav><\/div>\n<p><img loading=\"lazy\" decoding=\"async\" width=\"800\" height=\"450\" src=\"https:\/\/www.grupomedcof.com.br\/blog\/wp-content\/uploads\/2023\/06\/Blog-MedCof-80-1024x576.png\" alt=\"nota corte residencia medica minas gerais, nota de corte residencia mg, nota de corte minas gerais, resid\u00eancia m\u00e9dica minas gerais, resid\u00eancia m\u00e9dica belo horizonte\" srcset=\"https:\/\/www.grupomedcof.com.br\/blog\/wp-content\/uploads\/2023\/06\/Blog-MedCof-80-1024x576.png 1024w, https:\/\/www.grupomedcof.com.br\/blog\/wp-content\/uploads\/2023\/06\/Blog-MedCof-80-300x169.png 300w, https:\/\/www.grupomedcof.com.br\/blog\/wp-content\/uploads\/2023\/06\/Blog-MedCof-80-768x432.png 768w, https:\/\/www.grupomedcof.com.br\/blog\/wp-content\/uploads\/2023\/06\/Blog-MedCof-80-1536x864.png 1536w, https:\/\/www.grupomedcof.com.br\/blog\/wp-content\/uploads\/2023\/06\/Blog-MedCof-80-2048x1152.png 2048w\" sizes=\"auto, (max-width: 800px) 100vw, 800px\" \/>\t\t\t\t\t\t\t\t\t\t\t\t\t\t\t<\/p>\n<p>Saiba a nota de corte das especialidades nas principais resid\u00eancias m\u00e9dicas de Minas Gerais (MG) e prepare-se para ingressar nas melhores institui\u00e7\u00f5es em 2024.<\/p>\n<h2><span class=\"ez-toc-section\" id=\"Confira_abaixo\"><\/span>\n\t\t\t\tConfira abaixo\t\t\t<span class=\"ez-toc-section-end\"><\/span><\/h2>\n<h2 style=\"font-family: Poppins, sans-serif; color: #7a7a7a;\"><span class=\"ez-toc-section\" id=\"Notas_de_Corte_Residencias_de_Minas_Gerais\"><\/span><strong>Notas de Corte: Resid\u00eancias de Minas Gerais<\/strong><span class=\"ez-toc-section-end\"><\/span><\/h2>\n<p>A seguir voc\u00ea ver\u00e1 as principais notas de corte das Resid\u00eancia M\u00e9dicas de Minas Gerais coletadas em 2023. Desse modo, a defini\u00e7\u00e3o teve como base a\u00a0disponibilidade das publica\u00e7\u00f5es\u00a0de cada institui\u00e7\u00e3o,\u00a0considerando a nota do \u00faltimo colocado\u00a0da\u00a0convoca\u00e7\u00e3o realizada!<\/p>\n<p>\u00a0<\/p>\n<p>Mas fique atento!! As notas de corte mudam conforme o ano e a dificuldade das avalia\u00e7\u00f5es. Portanto,\u00a0n\u00e3o se restrinja \u00e0s notas abaixo\u00a0e sempre busque ficar entre os primeiros colocados! Aproveite para conhecer os cursos do\u00a0<a href=\"https:\/\/www.grupomedcof.com.br\/\" target=\"_blank\" rel=\"noopener\">Grupo MedCof\u00a0<\/a>e saber como isso \u00e9 poss\u00edvel!<\/p>\n<p>\t\t\t\t\t\t\t\t\t\t\t\t\t\t\t\t<a href=\"https:\/\/www.grupomedcof.com.br\/inscricao-hiit-2023\/\" target=\"_blank\" rel=\"noopener\"><br \/>\n\t\t\t\t\t\t\t<img loading=\"lazy\" decoding=\"async\" width=\"800\" height=\"141\" src=\"https:\/\/www.grupomedcof.com.br\/blog\/wp-content\/uploads\/2023\/05\/Captura-de-tela-2023-05-30-121547-1024x181.png\" alt=\"Semana HIIT MedCof, aulas grupo medcof, medcof, aulas medcof, medcof qbank, gupo medcof\" srcset=\"https:\/\/www.grupomedcof.com.br\/blog\/wp-content\/uploads\/2023\/05\/Captura-de-tela-2023-05-30-121547-1024x181.png 1024w, https:\/\/www.grupomedcof.com.br\/blog\/wp-content\/uploads\/2023\/05\/Captura-de-tela-2023-05-30-121547-300x53.png 300w, https:\/\/www.grupomedcof.com.br\/blog\/wp-content\/uploads\/2023\/05\/Captura-de-tela-2023-05-30-121547-768x136.png 768w, https:\/\/www.grupomedcof.com.br\/blog\/wp-content\/uploads\/2023\/05\/Captura-de-tela-2023-05-30-121547-1536x271.png 1536w, https:\/\/www.grupomedcof.com.br\/blog\/wp-content\/uploads\/2023\/05\/Captura-de-tela-2023-05-30-121547.png 1687w\" sizes=\"auto, (max-width: 800px) 100vw, 800px\" \/>\t\t\t\t\t\t\t\t<\/a><\/p>\n<h2><span class=\"ez-toc-section\" id=\"Nota_de_Corte_FELUMA_2023\"><\/span><strong>Nota de Corte: FELUMA 2023<\/strong><span class=\"ez-toc-section-end\"><\/span><\/h2>\n<p>As notas de corte da Funda\u00e7\u00e3o Educacional Lucas Machado foram consideradas com base no \u00faltimo aprovado por cada especialidade na 1\u00aa chamada. Ademais, no caso do Hospital Universit\u00e1rio de Ci\u00eancias M\u00e9dicas de Minas Gerais, realizaram-se <a href=\"http:\/\/residenciaeespecializacao.feluma.org.br\/\" target=\"_blank\" rel=\"nofollow noopener\">30 convoca\u00e7\u00f5es.<\/a><\/p>\n<h3><span class=\"ez-toc-section\" id=\"Biocor_Instituto\"><\/span><strong>Biocor Instituto<\/strong><span class=\"ez-toc-section-end\"><\/span><\/h3>\n<table>\n<thead>\n<tr>\n<th>Especialidade<\/th>\n<th data-align=\"center\">Nota de Corte<\/th>\n<\/tr>\n<\/thead>\n<tbody>\n<tr>\n<td>Cl\u00ednica M\u00e9dica<\/td>\n<td data-align=\"center\">39.60<\/td>\n<\/tr>\n<tr>\n<td>Neurocirurgia<\/td>\n<td data-align=\"center\">37.20<\/td>\n<\/tr>\n<tr>\n<td>Cardiologia<\/td>\n<td data-align=\"center\">36.00<\/td>\n<\/tr>\n<\/tbody>\n<\/table>\n<h3 id=\"h-fundacao-hospitalar-sao-francisco-de-assis\"><span class=\"ez-toc-section\" id=\"Fundacao_Hospitalar_Sao_Francisco_de_Assis\"><\/span><strong>Funda\u00e7\u00e3o Hospitalar S\u00e3o Francisco de Assis<\/strong><span class=\"ez-toc-section-end\"><\/span><\/h3>\n<table>\n<thead>\n<tr>\n<th>Especialidade<\/th>\n<th data-align=\"center\">Nota de Corte<\/th>\n<\/tr>\n<\/thead>\n<tbody>\n<tr>\n<td>Cirurgia Geral<\/td>\n<td data-align=\"center\">37.20<\/td>\n<\/tr>\n<tr>\n<td>Cl\u00ednica M\u00e9dica<\/td>\n<td data-align=\"center\">39.60<\/td>\n<\/tr>\n<tr>\n<td>Cardiologia<\/td>\n<td data-align=\"center\">36.00<\/td>\n<\/tr>\n<\/tbody>\n<\/table>\n<h3 id=\"h-hospital-felicio-rocho\"><span class=\"ez-toc-section\" id=\"Hospital_Felicio_Rocho\"><\/span><strong>Hospital Fel\u00edcio Rocho<\/strong><span class=\"ez-toc-section-end\"><\/span><\/h3>\n<table>\n<thead>\n<tr>\n<th>Especialidade<\/th>\n<th data-align=\"center\">Nota de Corte<\/th>\n<\/tr>\n<\/thead>\n<tbody>\n<tr>\n<td>Anestesiologia<\/td>\n<td data-align=\"center\">39.60<\/td>\n<\/tr>\n<tr>\n<td>Cirurgia Cardiovascular<\/td>\n<td data-align=\"center\">46.80<\/td>\n<\/tr>\n<tr>\n<td>Cirurgia Geral<\/td>\n<td data-align=\"center\">37.20<\/td>\n<\/tr>\n<tr>\n<td>Cl\u00ednica M\u00e9dica<\/td>\n<td data-align=\"center\">39.60<\/td>\n<\/tr>\n<tr>\n<td>Infectologia<\/td>\n<td data-align=\"center\">46.80<\/td>\n<\/tr>\n<tr>\n<td>Medicina Intensiva<\/td>\n<td data-align=\"center\">48.00<\/td>\n<\/tr>\n<tr>\n<td>Ortopedia e Traumatologia<\/td>\n<td data-align=\"center\">38.40<\/td>\n<\/tr>\n<tr>\n<td>Otorrinolaringologia<\/td>\n<td data-align=\"center\">43.20<\/td>\n<\/tr>\n<tr>\n<td>Radiologia e Diagn\u00f3stico por Imagem<\/td>\n<td data-align=\"center\">45.60<\/td>\n<\/tr>\n<tr>\n<td>Medicina Paliativa<\/td>\n<td data-align=\"center\">48.60<\/td>\n<\/tr>\n<tr>\n<td>Cirurgia Vascular<\/td>\n<td data-align=\"center\">37.80<\/td>\n<\/tr>\n<tr>\n<td>Coloproctologia<\/td>\n<td data-align=\"center\">45.00<\/td>\n<\/tr>\n<tr>\n<td>Urologia<\/td>\n<td data-align=\"center\">43.20<\/td>\n<\/tr>\n<tr>\n<td>Mastologia<\/td>\n<td data-align=\"center\">57.60<\/td>\n<\/tr>\n<tr>\n<td>Oncologia Cl\u00ednica<\/td>\n<td data-align=\"center\">46.80<\/td>\n<\/tr>\n<tr>\n<td>Cardiologia<\/td>\n<td data-align=\"center\">36.00<\/td>\n<\/tr>\n<tr>\n<td>Gastroenterologia<\/td>\n<td data-align=\"center\">46.80<\/td>\n<\/tr>\n<tr>\n<td>Hematologia e Hemoterapia<\/td>\n<td data-align=\"center\">43.20<\/td>\n<\/tr>\n<tr>\n<td>Nefrologia<\/td>\n<td data-align=\"center\">52.20<\/td>\n<\/tr>\n<\/tbody>\n<\/table>\n<h3 id=\"h-hospital-regional-sao-sebastiao\"><span class=\"ez-toc-section\" id=\"Hospital_Regional_Sao_Sebastiao\"><\/span><strong>Hospital Regional S\u00e3o Sebasti\u00e3o<\/strong><span class=\"ez-toc-section-end\"><\/span><\/h3>\n<table>\n<thead>\n<tr>\n<th>Especialidade<\/th>\n<th data-align=\"center\">Nota de Corte<\/th>\n<\/tr>\n<\/thead>\n<tbody>\n<tr>\n<td>Cirurgia Geral<\/td>\n<td data-align=\"center\">43.20<\/td>\n<\/tr>\n<\/tbody>\n<\/table>\n<h3><span class=\"ez-toc-section\" id=\"Hospital_Universitario_Ciencias_Medicas_de_Minas_Gerais\"><\/span><strong>Hospital Universit\u00e1rio Ci\u00eancias M\u00e9dicas de Minas Gerais<\/strong><span class=\"ez-toc-section-end\"><\/span><\/h3>\n<table>\n<thead>\n<tr>\n<th>Especialidade<\/th>\n<th data-align=\"center\">Nota de Corte<\/th>\n<\/tr>\n<\/thead>\n<tbody>\n<tr>\n<td>Anestesiologia<\/td>\n<td data-align=\"center\">39.60<\/td>\n<\/tr>\n<tr>\n<td>Cirurgia Geral<\/td>\n<td data-align=\"center\">36.00<\/td>\n<\/tr>\n<tr>\n<td>Cl\u00ednica M\u00e9dica<\/td>\n<td data-align=\"center\">39.60<\/td>\n<\/tr>\n<tr>\n<td>Medicina Intensiva<\/td>\n<td data-align=\"center\">48.00<\/td>\n<\/tr>\n<tr>\n<td>Oftalmologia<\/td>\n<td data-align=\"center\">42.00<\/td>\n<\/tr>\n<tr>\n<td>Ortopedia e Traumatologia<\/td>\n<td data-align=\"center\">38.40<\/td>\n<\/tr>\n<tr>\n<td>Pediatria<\/td>\n<td data-align=\"center\">42.00<\/td>\n<\/tr>\n<tr>\n<td>Cirurgia Pl\u00e1stica<\/td>\n<td data-align=\"center\">34.20<\/td>\n<\/tr>\n<tr>\n<td>Cirurgia Vascular<\/td>\n<td data-align=\"center\">37.80<\/td>\n<\/tr>\n<tr>\n<td>Urologia<\/td>\n<td data-align=\"center\">50.40<\/td>\n<\/tr>\n<tr>\n<td>Cardiologia<\/td>\n<td data-align=\"center\">36.00<\/td>\n<\/tr>\n<tr>\n<td>Nefrologia<\/td>\n<td data-align=\"center\">52.20<\/td>\n<\/tr>\n<\/tbody>\n<\/table>\n<p>\t\t\t\t\t\t\t\t\t\t\t\t\t\t\t\t<a href=\"https:\/\/www.grupomedcof.com.br\/blog\/qbank-medcof\/\" target=\"_blank\" rel=\"noopener\"><br \/>\n\t\t\t\t\t\t\t<img loading=\"lazy\" decoding=\"async\" width=\"800\" height=\"160\" src=\"https:\/\/www.grupomedcof.com.br\/blog\/wp-content\/uploads\/2023\/06\/Conheca-o-Qbank-MedCof-1024x205.png\" alt=\"medcof qbank, medcof aulas, grupo medcof, aulas medcof, qbank, banco de questoes medcof, medcof banco de questoes\" srcset=\"https:\/\/www.grupomedcof.com.br\/blog\/wp-content\/uploads\/2023\/06\/Conheca-o-Qbank-MedCof-1024x205.png 1024w, https:\/\/www.grupomedcof.com.br\/blog\/wp-content\/uploads\/2023\/06\/Conheca-o-Qbank-MedCof-300x60.png 300w, https:\/\/www.grupomedcof.com.br\/blog\/wp-content\/uploads\/2023\/06\/Conheca-o-Qbank-MedCof-768x154.png 768w, https:\/\/www.grupomedcof.com.br\/blog\/wp-content\/uploads\/2023\/06\/Conheca-o-Qbank-MedCof-1536x307.png 1536w, https:\/\/www.grupomedcof.com.br\/blog\/wp-content\/uploads\/2023\/06\/Conheca-o-Qbank-MedCof-2048x410.png 2048w\" sizes=\"auto, (max-width: 800px) 100vw, 800px\" \/>\t\t\t\t\t\t\t\t<\/a><\/p>\n<h2><span class=\"ez-toc-section\" id=\"Notas_de_Corte_das_Residencias_de_Minas_Gerais_PSU-MG_2023\"><\/span><strong>Notas de Corte das Resid\u00eancias de Minas Gerais: PSU-MG 2023<\/strong><span class=\"ez-toc-section-end\"><\/span><\/h2>\n<p>As notas de corte do Processo Seletivo Unificado de Minas Gerais foram consideradas com base no \u00faltimo aprovado por cada especialidade na 1\u00aa chamada. Entretanto, o processo seletivo contou com o total de<a style=\"background-color: #ffffff;\" href=\"http:\/\/www.aremg.org.br\/detalhes-do-processo\/aremg-publica-37-convocacao--psu-2023\/1457\" target=\"_blank\" rel=\"nofollow noopener\">\u00a037 convoca\u00e7\u00f5es<\/a>.<strong><br \/><\/strong><\/p>\n<h3><span class=\"ez-toc-section\" id=\"Associacao_Beneficente_Catolica_Hospital_Santa_Isabel_%E2%80%93_Uba\"><\/span><strong>Associa\u00e7\u00e3o Beneficente Cat\u00f3lica \/ Hospital Santa Isabel \u2013 Ub\u00e1<\/strong><span class=\"ez-toc-section-end\"><\/span><\/h3>\n<table>\n<thead>\n<tr>\n<th>Especialidade<\/th>\n<th data-align=\"center\">Nota de Corte<\/th>\n<\/tr>\n<\/thead>\n<tbody>\n<tr>\n<td>Cirurgia Geral<\/td>\n<td data-align=\"center\">59,20<\/td>\n<\/tr>\n<tr>\n<td>Cl\u00ednica M\u00e9dica<\/td>\n<td data-align=\"center\">58,20<\/td>\n<\/tr>\n<tr>\n<td>Obstetr\u00edcia e Ginecologia<\/td>\n<td data-align=\"center\">58,20<\/td>\n<\/tr>\n<tr>\n<td>Pediatria<\/td>\n<td data-align=\"center\">55,00<\/td>\n<\/tr>\n<\/tbody>\n<\/table>\n<h3><span class=\"ez-toc-section\" id=\"Associacao_de_Combate_ao_Cancer_do_Brasil_Central_%E2%80%93_Hospital_Helio_Angotti\"><\/span><strong>Associa\u00e7\u00e3o de Combate ao C\u00e2ncer do Brasil Central \u2013 Hospital H\u00e9lio Angotti<\/strong><span class=\"ez-toc-section-end\"><\/span><\/h3>\n<table>\n<thead>\n<tr>\n<th>Especialidade<\/th>\n<th data-align=\"center\">Nota de Corte<\/th>\n<\/tr>\n<\/thead>\n<tbody>\n<tr>\n<td>Cirurgia Oncol\u00f3gica<\/td>\n<td data-align=\"center\">69,00<\/td>\n<\/tr>\n<tr>\n<td>Mastologia<\/td>\n<td data-align=\"center\">58,50<\/td>\n<\/tr>\n<tr>\n<td>Oncologia Cl\u00ednica<\/td>\n<td data-align=\"center\">48,00<\/td>\n<\/tr>\n<\/tbody>\n<\/table>\n<h3 id=\"h-associacao-evangelica-beneficente-de-minas-gerais-hospital-evangelico-de-belo-horizonte\"><span class=\"ez-toc-section\" id=\"Associacao_Evangelica_Beneficente_de_Minas_GeraisHospital_Evangelico_de_Belo_Horizonte\"><\/span><strong>Associa\u00e7\u00e3o Evang\u00e9lica Beneficente de Minas Gerais\/Hospital Evang\u00e9lico de Belo Horizonte<\/strong><span class=\"ez-toc-section-end\"><\/span><\/h3>\n<table>\n<thead>\n<tr>\n<th>Especialidade<\/th>\n<th data-align=\"center\">Nota de Corte<\/th>\n<\/tr>\n<\/thead>\n<tbody>\n<tr>\n<td>Anestesiologia<\/td>\n<td data-align=\"center\">68,8<\/td>\n<\/tr>\n<tr>\n<td>Cardiologia<\/td>\n<td data-align=\"center\">52,5<\/td>\n<\/tr>\n<tr>\n<td>Cirurgia Geral<\/td>\n<td data-align=\"center\">66<\/td>\n<\/tr>\n<tr>\n<td>Cl\u00ednica M\u00e9dica<\/td>\n<td data-align=\"center\">64,3<\/td>\n<\/tr>\n<tr>\n<td>Medicina Intensiva<\/td>\n<td data-align=\"center\">57,5<\/td>\n<\/tr>\n<tr>\n<td>Nefrologia<\/td>\n<td data-align=\"center\">62,5<\/td>\n<\/tr>\n<tr>\n<td>Neurocirurgia<\/td>\n<td data-align=\"center\">73,6<\/td>\n<\/tr>\n<tr>\n<td>Ortopedia e Traumatologia<\/td>\n<td data-align=\"center\">54,15<\/td>\n<\/tr>\n<tr>\n<td>Urologia<\/td>\n<td data-align=\"center\">82<\/td>\n<\/tr>\n<\/tbody>\n<\/table>\n<h3 id=\"h-associacao-mario-penna-hospital-luxemburgo\"><span class=\"ez-toc-section\" id=\"Associacao_Mario_Penna_%E2%80%93_Hospital_Luxemburgo\"><\/span><strong>Associa\u00e7\u00e3o Mario Penna \u2013 Hospital Luxemburgo<\/strong><span class=\"ez-toc-section-end\"><\/span><\/h3>\n<table>\n<thead>\n<tr>\n<th>Especialidade<\/th>\n<th data-align=\"center\">Nota de Corte<\/th>\n<\/tr>\n<\/thead>\n<tbody>\n<tr>\n<td>Anestesiologia<\/td>\n<td data-align=\"center\">74,9<\/td>\n<\/tr>\n<tr>\n<td>Cirurgia de Cabe\u00e7a e Pesco\u00e7o<\/td>\n<td data-align=\"center\">67<\/td>\n<\/tr>\n<tr>\n<td>Cirurgia Geral<\/td>\n<td data-align=\"center\">70<\/td>\n<\/tr>\n<tr>\n<td>Cirurgia Oncol\u00f3gica<\/td>\n<td data-align=\"center\">82<\/td>\n<\/tr>\n<tr>\n<td>Cl\u00ednica M\u00e9dica<\/td>\n<td data-align=\"center\">68,09<\/td>\n<\/tr>\n<tr>\n<td>Hematologia e Hemoterapia<\/td>\n<td data-align=\"center\">59<\/td>\n<\/tr>\n<tr>\n<td>Mastologia<\/td>\n<td data-align=\"center\">65,5<\/td>\n<\/tr>\n<tr>\n<td>Medicina Intensiva<\/td>\n<td data-align=\"center\">58,3<\/td>\n<\/tr>\n<tr>\n<td>Oncologia Cl\u00ednica<\/td>\n<td data-align=\"center\">60,5<\/td>\n<\/tr>\n<tr>\n<td>Radioterapia<\/td>\n<td data-align=\"center\">56,9<\/td>\n<\/tr>\n<tr>\n<td>Urologia<\/td>\n<td data-align=\"center\">82<\/td>\n<\/tr>\n<\/tbody>\n<\/table>\n<h3 id=\"h-casa-de-caridade-de-alfenas-nossa-senhora-do-perpetuo-socorro\"><span class=\"ez-toc-section\" id=\"Casa_de_Caridade_de_Alfenas_Nossa_Senhora_do_Perpetuo_Socorro\"><\/span><strong>Casa de Caridade de Alfenas Nossa Senhora do Perp\u00e9tuo Socorro<\/strong><span class=\"ez-toc-section-end\"><\/span><\/h3>\n<table>\n<thead>\n<tr>\n<th>Especialidade<\/th>\n<th data-align=\"center\">Nota de Corte<\/th>\n<\/tr>\n<\/thead>\n<tbody>\n<tr>\n<td>Anestesiologia<\/td>\n<td data-align=\"center\">60,9<\/td>\n<\/tr>\n<tr>\n<td>Cirurgia Geral<\/td>\n<td data-align=\"center\">54<\/td>\n<\/tr>\n<tr>\n<td>Cl\u00ednica M\u00e9dica<\/td>\n<td data-align=\"center\">55,2<\/td>\n<\/tr>\n<tr>\n<td>Mastologia<\/td>\n<td data-align=\"center\">53<\/td>\n<\/tr>\n<tr>\n<td>Medicina de Fam\u00edlia e Comunidade<\/td>\n<td data-align=\"center\">\u2013<\/td>\n<\/tr>\n<tr>\n<td>Obstetr\u00edcia e Ginecologia<\/td>\n<td data-align=\"center\">55,2<\/td>\n<\/tr>\n<tr>\n<td>Oncologia Cl\u00ednica<\/td>\n<td data-align=\"center\">51,5<\/td>\n<\/tr>\n<tr>\n<td>Radiologia e Diagn\u00f3stico por Imagem<\/td>\n<td data-align=\"center\">58,7<\/td>\n<\/tr>\n<\/tbody>\n<\/table>\n<h3 id=\"h-casa-de-caridade-de-muriae-hospital-sao-paulo\"><span class=\"ez-toc-section\" id=\"Casa_de_Caridade_de_Muriae_%E2%80%93_Hospital_Sao_Paulo\"><\/span><strong>Casa de Caridade de Muria\u00e9 \u2013 Hospital S\u00e3o Paulo<\/strong><span class=\"ez-toc-section-end\"><\/span><\/h3>\n<table>\n<thead>\n<tr>\n<th>Especialidade<\/th>\n<th data-align=\"center\">Nota de Corte<\/th>\n<\/tr>\n<\/thead>\n<tbody>\n<tr>\n<td>Cirurgia Geral<\/td>\n<td data-align=\"center\">58<\/td>\n<\/tr>\n<tr>\n<td>Cl\u00ednica M\u00e9dica<\/td>\n<td data-align=\"center\">54,5<\/td>\n<\/tr>\n<tr>\n<td>Neonatologia<\/td>\n<td data-align=\"center\">\u2013<\/td>\n<\/tr>\n<tr>\n<td>Obstetr\u00edcia e Ginecologia<\/td>\n<td data-align=\"center\">57,8<\/td>\n<\/tr>\n<tr>\n<td>Ortopedia e Traumatologia<\/td>\n<td data-align=\"center\">53,2<\/td>\n<\/tr>\n<tr>\n<td>Pediatria<\/td>\n<td data-align=\"center\">53<\/td>\n<\/tr>\n<\/tbody>\n<\/table>\n<h3 id=\"h-complexo-de-saude-sao-joao-de-deus\"><span class=\"ez-toc-section\" id=\"Complexo_de_Saude_Sao_Joao_de_Deus\"><\/span><strong>Complexo de Sa\u00fade S\u00e3o Jo\u00e3o de Deus<\/strong><span class=\"ez-toc-section-end\"><\/span><\/h3>\n<table>\n<thead>\n<tr>\n<th>Especialidade<\/th>\n<th data-align=\"center\">Nota de Corte<\/th>\n<\/tr>\n<\/thead>\n<tbody>\n<tr>\n<td>Anestesiologia<\/td>\n<td data-align=\"center\">62,4<\/td>\n<\/tr>\n<tr>\n<td>Cardiologia<\/td>\n<td data-align=\"center\">\u2013<\/td>\n<\/tr>\n<tr>\n<td>Cirurgia Geral<\/td>\n<td data-align=\"center\">63,9<\/td>\n<\/tr>\n<tr>\n<td>Cl\u00ednica M\u00e9dica<\/td>\n<td data-align=\"center\">60,1<\/td>\n<\/tr>\n<tr>\n<td>Medicina de Emerg\u00eancia<\/td>\n<td data-align=\"center\">54,2<\/td>\n<\/tr>\n<tr>\n<td>Nefrologia<\/td>\n<td data-align=\"center\">53<\/td>\n<\/tr>\n<tr>\n<td>Neonatologia<\/td>\n<td data-align=\"center\">81<\/td>\n<\/tr>\n<tr>\n<td>Obstetr\u00edcia e Ginecologia<\/td>\n<td data-align=\"center\">61,8<\/td>\n<\/tr>\n<tr>\n<td>Oncologia Cl\u00ednica<\/td>\n<td data-align=\"center\">51<\/td>\n<\/tr>\n<tr>\n<td>Pediatria<\/td>\n<td data-align=\"center\">58,3<\/td>\n<\/tr>\n<\/tbody>\n<\/table>\n<h3><span class=\"ez-toc-section\" id=\"Notas_de_Corte_das_Residencias_de_Minas_Gerais_Faculdade_de_Medicina_da_Universidade_Federal_de_Uberlandia\"><\/span><strong>Notas de Corte das Resid\u00eancias de Minas Gerais: Faculdade de Medicina da Universidade Federal de Uberl\u00e2ndia<\/strong><span class=\"ez-toc-section-end\"><\/span><\/h3>\n<table>\n<thead>\n<tr>\n<th>Especialidade<\/th>\n<th data-align=\"center\">Nota de Corte<\/th>\n<\/tr>\n<\/thead>\n<tbody>\n<tr>\n<td>Alergia e Imunologia Pedi\u00e1trica<\/td>\n<td data-align=\"center\">78<\/td>\n<\/tr>\n<tr>\n<td>Anestesiologia<\/td>\n<td data-align=\"center\">60,6<\/td>\n<\/tr>\n<tr>\n<td>Cardiologia<\/td>\n<td data-align=\"center\">61,5<\/td>\n<\/tr>\n<tr>\n<td>Cardiologia Pedi\u00e1trica<\/td>\n<td data-align=\"center\">68,5<\/td>\n<\/tr>\n<tr>\n<td>Cirurgia craneo Maxilo Facial \u2013 FM Uberl\u00e2ndia<\/td>\n<td data-align=\"center\">83,15<\/td>\n<\/tr>\n<tr>\n<td>Cirurgia de Cabe\u00e7a e Pesco\u00e7o UFU<\/td>\n<td data-align=\"center\">64<\/td>\n<\/tr>\n<tr>\n<td>Cirurgia do Aparelho Digestivo<\/td>\n<td data-align=\"center\">70<\/td>\n<\/tr>\n<tr>\n<td>Cirurgia Geral<\/td>\n<td data-align=\"center\">69,2<\/td>\n<\/tr>\n<tr>\n<td>Cirurgia Pedi\u00e1trica<\/td>\n<td data-align=\"center\">79,5<\/td>\n<\/tr>\n<tr>\n<td>Cirurgia Pl\u00e1stica<\/td>\n<td data-align=\"center\">80<\/td>\n<\/tr>\n<tr>\n<td>Cirurgia Vascular<\/td>\n<td data-align=\"center\">67<\/td>\n<\/tr>\n<tr>\n<td>Cl\u00ednica M\u00e9dica<\/td>\n<td data-align=\"center\">65,9<\/td>\n<\/tr>\n<tr>\n<td>Dermatologia<\/td>\n<td data-align=\"center\">77,2<\/td>\n<\/tr>\n<tr>\n<td>Ecocardiografia<\/td>\n<td data-align=\"center\">82<\/td>\n<\/tr>\n<tr>\n<td>Endocrinologia e Metabologia<\/td>\n<td data-align=\"center\">65,5<\/td>\n<\/tr>\n<tr>\n<td>Endocrinologia Pedi\u00e1trica<\/td>\n<td data-align=\"center\">71<\/td>\n<\/tr>\n<tr>\n<td>Gastroenterologia<\/td>\n<td data-align=\"center\">67<\/td>\n<\/tr>\n<tr>\n<td>Gastroenterologia Pedi\u00e1trica<\/td>\n<td data-align=\"center\">85<\/td>\n<\/tr>\n<tr>\n<td>Geriatria<\/td>\n<td data-align=\"center\">57,5<\/td>\n<\/tr>\n<tr>\n<td>Infectologia<\/td>\n<td data-align=\"center\">62,05<\/td>\n<\/tr>\n<tr>\n<td>Medicina Intensiva<\/td>\n<td data-align=\"center\">57,25<\/td>\n<\/tr>\n<tr>\n<td>Medicina Intensiva Pedi\u00e1trica<\/td>\n<td data-align=\"center\">75,5<\/td>\n<\/tr>\n<tr>\n<td>Nefrologia<\/td>\n<td data-align=\"center\">67<\/td>\n<\/tr>\n<tr>\n<td>Nefrologia Pedi\u00e1trica<\/td>\n<td data-align=\"center\">\u2013<\/td>\n<\/tr>\n<tr>\n<td>Neonatologia<\/td>\n<td data-align=\"center\">67<\/td>\n<\/tr>\n<tr>\n<td>Neurocirurgia<\/td>\n<td data-align=\"center\">74,3<\/td>\n<\/tr>\n<tr>\n<td>Neurologia<\/td>\n<td data-align=\"center\">69,8<\/td>\n<\/tr>\n<tr>\n<td>Neurologia Pedi\u00e1trica UFU<\/td>\n<td data-align=\"center\">83<\/td>\n<\/tr>\n<tr>\n<td>Obstetr\u00edcia e Ginecologia<\/td>\n<td data-align=\"center\">63,9<\/td>\n<\/tr>\n<tr>\n<td>Oftalmologia<\/td>\n<td data-align=\"center\">72,8<\/td>\n<\/tr>\n<tr>\n<td>Oncologia Cl\u00ednica<\/td>\n<td data-align=\"center\">51,5<\/td>\n<\/tr>\n<tr>\n<td>Ortopedia e Traumatologia<\/td>\n<td data-align=\"center\">57,5<\/td>\n<\/tr>\n<tr>\n<td>Otorrinolaringologia<\/td>\n<td data-align=\"center\">82,4<\/td>\n<\/tr>\n<tr>\n<td>Patologia<\/td>\n<td data-align=\"center\">63,2<\/td>\n<\/tr>\n<tr>\n<td>Pediatria<\/td>\n<td data-align=\"center\">56,4<\/td>\n<\/tr>\n<tr>\n<td>Psiquiatria<\/td>\n<td data-align=\"center\">70,8<\/td>\n<\/tr>\n<tr>\n<td>R3 Cl\u00ednica M\u00e9dica<\/td>\n<td data-align=\"center\">69<\/td>\n<\/tr>\n<tr>\n<td>R4 Opcional Ortopedia e Traumatologia<\/td>\n<td data-align=\"center\">50<\/td>\n<\/tr>\n<tr>\n<td>Radiologia e Diagn\u00f3stico por Imagem<\/td>\n<td data-align=\"center\">69,9<\/td>\n<\/tr>\n<tr>\n<td>Radioterapia<\/td>\n<td data-align=\"center\">\u2013<\/td>\n<\/tr>\n<tr>\n<td>Reumatologia<\/td>\n<td data-align=\"center\">50<\/td>\n<\/tr>\n<tr>\n<td>Urologia<\/td>\n<td data-align=\"center\">72,5<\/td>\n<\/tr>\n<\/tbody>\n<\/table>\n<h3 id=\"h-faculdade-de-medicina-de-itajuba-hospital-de-clinicas-de-itajuba\"><span class=\"ez-toc-section\" id=\"Faculdade_de_Medicina_de_Itajuba_%E2%80%93_Hospital_de_Clinicas_de_Itajuba\"><\/span><strong>Faculdade de Medicina de Itajub\u00e1 \u2013 Hospital de Cl\u00ednicas de Itajub\u00e1<\/strong><span class=\"ez-toc-section-end\"><\/span><\/h3>\n<table>\n<thead>\n<tr>\n<th>Especialidade<\/th>\n<th data-align=\"center\">Nota de Corte<\/th>\n<\/tr>\n<\/thead>\n<tbody>\n<tr>\n<td>Anestesiologia<\/td>\n<td data-align=\"center\">61,4<\/td>\n<\/tr>\n<tr>\n<td>Cardiologia<\/td>\n<td data-align=\"center\">50<\/td>\n<\/tr>\n<tr>\n<td>Cirurgia Geral<\/td>\n<td data-align=\"center\">59,2<\/td>\n<\/tr>\n<tr>\n<td>Cirurgia Vascular<\/td>\n<td data-align=\"center\">66<\/td>\n<\/tr>\n<tr>\n<td>Cl\u00ednica M\u00e9dica<\/td>\n<td data-align=\"center\">54,9<\/td>\n<\/tr>\n<tr>\n<td>Medicina de Fam\u00edlia e Comunidade<\/td>\n<td data-align=\"center\">\u2013<\/td>\n<\/tr>\n<tr>\n<td>Medicina Intensiva<\/td>\n<td data-align=\"center\">53,3<\/td>\n<\/tr>\n<tr>\n<td>Nefrologia<\/td>\n<td data-align=\"center\">\u2013<\/td>\n<\/tr>\n<tr>\n<td>Neurologia<\/td>\n<td data-align=\"center\">63,4<\/td>\n<\/tr>\n<tr>\n<td>Obstetr\u00edcia e Ginecologia<\/td>\n<td data-align=\"center\">60,8<\/td>\n<\/tr>\n<tr>\n<td>Ortopedia e Traumatologia<\/td>\n<td data-align=\"center\">52,7<\/td>\n<\/tr>\n<tr>\n<td>Pediatria<\/td>\n<td data-align=\"center\">51<\/td>\n<\/tr>\n<tr>\n<td>Radiologia e Diagn\u00f3stico por Imagem<\/td>\n<td data-align=\"center\">57,4<\/td>\n<\/tr>\n<\/tbody>\n<\/table>\n<h3 id=\"h-fundacao-cristiano-varella-hospital-do-cancer-de-muriae\"><span class=\"ez-toc-section\" id=\"Fundacao_Cristiano_Varella_%E2%80%93_Hospital_do_Cancer_de_Muriae\"><\/span><strong>Funda\u00e7\u00e3o Cristiano Varella \u2013 Hospital do C\u00e2ncer de Muria\u00e9<\/strong><span class=\"ez-toc-section-end\"><\/span><\/h3>\n<table>\n<thead>\n<tr>\n<th>Especialidade<\/th>\n<th data-align=\"center\">Nota de Corte<\/th>\n<\/tr>\n<\/thead>\n<tbody>\n<tr>\n<td>Cirurgia Oncol\u00f3gica<\/td>\n<td data-align=\"center\">65<\/td>\n<\/tr>\n<tr>\n<td>Oncologia Cl\u00ednica<\/td>\n<td data-align=\"center\">62<\/td>\n<\/tr>\n<tr>\n<td>Radiologia e Diagn\u00f3stico por Imagem<\/td>\n<td data-align=\"center\">58,9<\/td>\n<\/tr>\n<tr>\n<td>Radioterapia<\/td>\n<td data-align=\"center\">\u2013<\/td>\n<\/tr>\n<\/tbody>\n<\/table>\n<h3 id=\"h-fundacao-de-desenvolvimento-da-pesquisa-hospital-risoleta-tolentino-neves\"><span class=\"ez-toc-section\" id=\"Fundacao_de_Desenvolvimento_da_Pesquisa_%E2%80%93_Hospital_Risoleta_Tolentino_Neves\"><\/span><strong>Funda\u00e7\u00e3o de Desenvolvimento da Pesquisa \u2013 Hospital Risoleta Tolentino Neves<\/strong><span class=\"ez-toc-section-end\"><\/span><\/h3>\n<table>\n<thead>\n<tr>\n<th>Especialidade<\/th>\n<th data-align=\"center\">Nota de Corte<\/th>\n<\/tr>\n<\/thead>\n<tbody>\n<tr>\n<td>Cirurgia do Trauma<\/td>\n<td data-align=\"center\">55,15<\/td>\n<\/tr>\n<tr>\n<td>Cl\u00ednica M\u00e9dica<\/td>\n<td data-align=\"center\">68,8<\/td>\n<\/tr>\n<tr>\n<td>Medicina Intensiva<\/td>\n<td data-align=\"center\">56<\/td>\n<\/tr>\n<tr>\n<td>Medicina Paliativa<\/td>\n<td data-align=\"center\">68,5<\/td>\n<\/tr>\n<tr>\n<td>Neurologia<\/td>\n<td data-align=\"center\">66,9<\/td>\n<\/tr>\n<tr>\n<td>Ortopedia e Traumatologia<\/td>\n<td data-align=\"center\">55,6<\/td>\n<\/tr>\n<\/tbody>\n<\/table>\n<h3 id=\"h-fundacao-educacional-de-caratinga-funec-hospital-irma-denise-casu\"><span class=\"ez-toc-section\" id=\"Fundacao_Educacional_de_Caratinga_FUNEC_Hospital_Irma_Denise_%E2%80%93_CASU\"><\/span><strong>Funda\u00e7\u00e3o Educacional de Caratinga FUNEC \/ Hospital Irm\u00e3 Denise \u2013 CASU<\/strong><span class=\"ez-toc-section-end\"><\/span><\/h3>\n<table>\n<thead>\n<tr>\n<th>Especialidade<\/th>\n<th data-align=\"center\">Nota de Corte<\/th>\n<\/tr>\n<\/thead>\n<tbody>\n<tr>\n<td>Cl\u00ednica M\u00e9dica<\/td>\n<td data-align=\"center\">55<\/td>\n<\/tr>\n<tr>\n<td>Medicina de Fam\u00edlia e Comunidade<\/td>\n<td data-align=\"center\">63,1<\/td>\n<\/tr>\n<tr>\n<td>Psiquiatria<\/td>\n<td data-align=\"center\">68,2<\/td>\n<\/tr>\n<\/tbody>\n<\/table>\n<h3 id=\"h-fundacao-filantropica-e-beneficente-de-saude-arnaldo-gavazza-filho-ponte-nova\"><span class=\"ez-toc-section\" id=\"Fundacao_Filantropica_e_Beneficente_de_Saude_Arnaldo_Gavazza_Filho_%E2%80%93_Ponte_Nova\"><\/span><strong>Funda\u00e7\u00e3o Filantr\u00f3pica e Beneficente de Sa\u00fade Arnaldo Gavazza Filho \u2013 Ponte Nova<\/strong><span class=\"ez-toc-section-end\"><\/span><\/h3>\n<table>\n<thead>\n<tr>\n<th>Especialidade<\/th>\n<th data-align=\"center\">Nota de Corte<\/th>\n<\/tr>\n<\/thead>\n<tbody>\n<tr>\n<td>Cirurgia Geral<\/td>\n<td data-align=\"center\">54,45<\/td>\n<\/tr>\n<tr>\n<td>Cl\u00ednica M\u00e9dica<\/td>\n<td data-align=\"center\">50,4<\/td>\n<\/tr>\n<tr>\n<td>Medicina Intensiva<\/td>\n<td data-align=\"center\">48,8<\/td>\n<\/tr>\n<\/tbody>\n<\/table>\n<h3 id=\"h-fundacao-hospitalar-sao-francisco-de-assis-fhsfa\"><span class=\"ez-toc-section\" id=\"Fundacao_Hospitalar_Sao_Francisco_de_Assis_%E2%80%93_FHSFA\"><\/span><strong>Funda\u00e7\u00e3o Hospitalar S\u00e3o Francisco de Assis \u2013 FHSFA<\/strong><span class=\"ez-toc-section-end\"><\/span><\/h3>\n<table>\n<thead>\n<tr>\n<th>Especialidade<\/th>\n<th data-align=\"center\">Nota de Corte<\/th>\n<\/tr>\n<\/thead>\n<tbody>\n<tr>\n<td>Cirurgia Bari\u00e1trica<\/td>\n<td data-align=\"center\">\u2013<\/td>\n<\/tr>\n<tr>\n<td>Cirurgia da M\u00e3o<\/td>\n<td data-align=\"center\">74<\/td>\n<\/tr>\n<tr>\n<td>Oncologia Cl\u00ednica<\/td>\n<td data-align=\"center\">51,5<\/td>\n<\/tr>\n<tr>\n<td>Ortopedia e Traumatologia<\/td>\n<td data-align=\"center\">51,8<\/td>\n<\/tr>\n<\/tbody>\n<\/table>\n<h3 id=\"h-fundacao-instituto-clinico-de-juiz-de-fora\"><span class=\"ez-toc-section\" id=\"Fundacao_Instituto_Clinico_de_Juiz_de_Fora\"><\/span><strong>Funda\u00e7\u00e3o Instituto Cl\u00ednico de Juiz de Fora<\/strong><span class=\"ez-toc-section-end\"><\/span><\/h3>\n<table>\n<thead>\n<tr>\n<th>Especialidade<\/th>\n<th data-align=\"center\">Nota de Corte<\/th>\n<\/tr>\n<\/thead>\n<tbody>\n<tr>\n<td>Anestesiologia<\/td>\n<td data-align=\"center\">64,25<\/td>\n<\/tr>\n<tr>\n<td>Cardiologia<\/td>\n<td data-align=\"center\">50<\/td>\n<\/tr>\n<tr>\n<td>Cirurgia de Cabe\u00e7a e Pesco\u00e7o<\/td>\n<td data-align=\"center\">58<\/td>\n<\/tr>\n<tr>\n<td>Cirurgia Oncol\u00f3gica<\/td>\n<td data-align=\"center\">74,5<\/td>\n<\/tr>\n<tr>\n<td>Oncologia Cl\u00ednica<\/td>\n<td data-align=\"center\">52,5<\/td>\n<\/tr>\n<\/tbody>\n<\/table>\n<h3 id=\"h-hospital-belo-horizonte\"><span class=\"ez-toc-section\" id=\"Hospital_Belo_Horizonte\"><\/span><strong>Hospital Belo Horizonte<\/strong><span class=\"ez-toc-section-end\"><\/span><\/h3>\n<table>\n<thead>\n<tr>\n<th>Especialidade<\/th>\n<th data-align=\"center\">Nota de Corte<\/th>\n<\/tr>\n<\/thead>\n<tbody>\n<tr>\n<td>Anestesiologia<\/td>\n<td data-align=\"center\">70<\/td>\n<\/tr>\n<tr>\n<td>Cl\u00ednica M\u00e9dica<\/td>\n<td data-align=\"center\">66,4<\/td>\n<\/tr>\n<tr>\n<td>Pediatria<\/td>\n<td data-align=\"center\">62,8<\/td>\n<\/tr>\n<\/tbody>\n<\/table>\n<h3 id=\"h-hospital-bom-samaritano-governador-valadares\"><span class=\"ez-toc-section\" id=\"Hospital_Bom_Samaritano_%E2%80%93_Governador_Valadares\"><\/span><strong>Hospital Bom Samaritano \u2013 Governador Valadares<\/strong><span class=\"ez-toc-section-end\"><\/span><\/h3>\n<table>\n<thead>\n<tr>\n<th>Especialidade<\/th>\n<th data-align=\"center\">Nota de Corte<\/th>\n<\/tr>\n<\/thead>\n<tbody>\n<tr>\n<td>Cardiologia<\/td>\n<td data-align=\"center\">61<\/td>\n<\/tr>\n<tr>\n<td>Medicina Intensiva<\/td>\n<td data-align=\"center\">58,35<\/td>\n<\/tr>\n<tr>\n<td>Nefrologia<\/td>\n<td data-align=\"center\">\u2013<\/td>\n<\/tr>\n<tr>\n<td>Oftalmologia<\/td>\n<td data-align=\"center\">70,3<\/td>\n<\/tr>\n<tr>\n<td>Oncologia Cl\u00ednica<\/td>\n<td data-align=\"center\">52,5<\/td>\n<\/tr>\n<tr>\n<td>Otorrinolaringologia<\/td>\n<td data-align=\"center\">73,1<\/td>\n<\/tr>\n<\/tbody>\n<\/table>\n<h3 id=\"h-hospital-cesar-leite-manhuacu\"><span class=\"ez-toc-section\" id=\"Hospital_Cesar_Leite_%E2%80%93_Manhuacu\"><\/span><strong>Hospital C\u00e9sar Leite \u2013 Manhua\u00e7u<\/strong><span class=\"ez-toc-section-end\"><\/span><\/h3>\n<table>\n<thead>\n<tr>\n<th>Especialidade<\/th>\n<th data-align=\"center\">Nota de Corte<\/th>\n<\/tr>\n<\/thead>\n<tbody>\n<tr>\n<td>Cirurgia Geral<\/td>\n<td data-align=\"center\">56,3<\/td>\n<\/tr>\n<tr>\n<td>Cl\u00ednica M\u00e9dica<\/td>\n<td data-align=\"center\">50,6<\/td>\n<\/tr>\n<tr>\n<td>Obstetr\u00edcia e Ginecologia<\/td>\n<td data-align=\"center\">57,7<\/td>\n<\/tr>\n<tr>\n<td>Pediatria<\/td>\n<td data-align=\"center\">54,7<\/td>\n<\/tr>\n<\/tbody>\n<\/table>\n<h3 id=\"h-hospital-da-baleia-fundacao-benjamin-guimaraes\"><span class=\"ez-toc-section\" id=\"Hospital_da_Baleia_%E2%80%93_Fundacao_Benjamin_Guimaraes\"><\/span><strong>Hospital da Baleia \u2013 Funda\u00e7\u00e3o Benjamin Guimar\u00e3es<\/strong><span class=\"ez-toc-section-end\"><\/span><\/h3>\n<table>\n<thead>\n<tr>\n<th>Especialidade<\/th>\n<th data-align=\"center\">Nota de Corte<\/th>\n<\/tr>\n<\/thead>\n<tbody>\n<tr>\n<td>Cirurgia Geral<\/td>\n<td data-align=\"center\">73<\/td>\n<\/tr>\n<tr>\n<td>Cirurgia Pl\u00e1stica<\/td>\n<td data-align=\"center\">88<\/td>\n<\/tr>\n<tr>\n<td>Mastologia<\/td>\n<td data-align=\"center\">65,5<\/td>\n<\/tr>\n<tr>\n<td>Oncologia Cl\u00ednica<\/td>\n<td data-align=\"center\">58<\/td>\n<\/tr>\n<tr>\n<td>Oncologia Pedi\u00e1trica<\/td>\n<td data-align=\"center\">73,5<\/td>\n<\/tr>\n<tr>\n<td>Ortopedia e Traumatologia<\/td>\n<td data-align=\"center\">55,9<\/td>\n<\/tr>\n<tr>\n<td>Radioterapia<\/td>\n<td data-align=\"center\">56,3<\/td>\n<\/tr>\n<tr>\n<td>Urologia<\/td>\n<td data-align=\"center\">91<\/td>\n<\/tr>\n<\/tbody>\n<\/table>\n<h3><span class=\"ez-toc-section\" id=\"Notas_de_Corte_das_Residencias_de_Minas_Gerais_Hospital_das_Clinicas_Samuel_Libanio\"><\/span><strong>Notas de Corte das Resid\u00eancias de Minas Gerais: Hospital das Cl\u00ednicas Samuel Lib\u00e2nio<\/strong><span class=\"ez-toc-section-end\"><\/span><\/h3>\n<table>\n<thead>\n<tr>\n<th>Especialidade<\/th>\n<th data-align=\"center\">Nota de Corte<\/th>\n<\/tr>\n<\/thead>\n<tbody>\n<tr>\n<td>Anestesiologia<\/td>\n<td data-align=\"center\">62,5<\/td>\n<\/tr>\n<tr>\n<td>Cardiologia<\/td>\n<td data-align=\"center\">57,15<\/td>\n<\/tr>\n<tr>\n<td>Cirurgia Cardiovascular<\/td>\n<td data-align=\"center\">69,6<\/td>\n<\/tr>\n<tr>\n<td>Cirurgia Geral<\/td>\n<td data-align=\"center\">61,1<\/td>\n<\/tr>\n<tr>\n<td>Cirurgia Pl\u00e1stica<\/td>\n<td data-align=\"center\">79<\/td>\n<\/tr>\n<tr>\n<td>Cirurgia Vascular<\/td>\n<td data-align=\"center\">59<\/td>\n<\/tr>\n<tr>\n<td>Cl\u00ednica M\u00e9dica<\/td>\n<td data-align=\"center\">60,06<\/td>\n<\/tr>\n<tr>\n<td>Coloproctologia<\/td>\n<td data-align=\"center\">83<\/td>\n<\/tr>\n<tr>\n<td>Mastologia<\/td>\n<td data-align=\"center\">53<\/td>\n<\/tr>\n<tr>\n<td>Medicina de Fam\u00edlia e Comunidade<\/td>\n<td data-align=\"center\">50,45<\/td>\n<\/tr>\n<tr>\n<td>Medicina Intensiva<\/td>\n<td data-align=\"center\">52,4<\/td>\n<\/tr>\n<tr>\n<td>Nefrologia<\/td>\n<td data-align=\"center\">64<\/td>\n<\/tr>\n<tr>\n<td>Neurocirurgia<\/td>\n<td data-align=\"center\">72,8<\/td>\n<\/tr>\n<tr>\n<td>Neurologia<\/td>\n<td data-align=\"center\">64,6<\/td>\n<\/tr>\n<tr>\n<td>Obstetr\u00edcia e Ginecologia<\/td>\n<td data-align=\"center\">61,7<\/td>\n<\/tr>\n<tr>\n<td>Oncologia Cl\u00ednica<\/td>\n<td data-align=\"center\">51,5<\/td>\n<\/tr>\n<tr>\n<td>Ortopedia e Traumatologia<\/td>\n<td data-align=\"center\">52,7<\/td>\n<\/tr>\n<tr>\n<td>Pediatria<\/td>\n<td data-align=\"center\">56<\/td>\n<\/tr>\n<tr>\n<td>Psiquiatria<\/td>\n<td data-align=\"center\">67,4<\/td>\n<\/tr>\n<tr>\n<td>Radiologia e Diagn\u00f3stico por Imagem<\/td>\n<td data-align=\"center\">55,5<\/td>\n<\/tr>\n<tr>\n<td>Urologia<\/td>\n<td data-align=\"center\">80<\/td>\n<\/tr>\n<\/tbody>\n<\/table>\n<h3><span class=\"ez-toc-section\" id=\"Hospital_e_Maternidade_Therezinha_de_Jesus_%E2%80%93_HMTJ\"><\/span><strong>Hospital e Maternidade Therezinha de Jesus \u2013 HMTJ<\/strong><span class=\"ez-toc-section-end\"><\/span><\/h3>\n<table>\n<thead>\n<tr>\n<th>Especialidade<\/th>\n<th data-align=\"center\">Nota de Corte<\/th>\n<\/tr>\n<\/thead>\n<tbody>\n<tr>\n<td>Anestesiologia<\/td>\n<td data-align=\"center\">69<\/td>\n<\/tr>\n<tr>\n<td>Cardiologia<\/td>\n<td data-align=\"center\">51,5<\/td>\n<\/tr>\n<tr>\n<td>Cirurgia Geral<\/td>\n<td data-align=\"center\">66,5<\/td>\n<\/tr>\n<tr>\n<td>Cirurgia Pl\u00e1stica<\/td>\n<td data-align=\"center\">80<\/td>\n<\/tr>\n<tr>\n<td>Cl\u00ednica M\u00e9dica<\/td>\n<td data-align=\"center\">63,4<\/td>\n<\/tr>\n<tr>\n<td>Endocrinologia e Metabologia<\/td>\n<td data-align=\"center\">64<\/td>\n<\/tr>\n<tr>\n<td>Mastologia<\/td>\n<td data-align=\"center\">63,5<\/td>\n<\/tr>\n<tr>\n<td>Medicina de Fam\u00edlia e Comunidade<\/td>\n<td data-align=\"center\">57,6<\/td>\n<\/tr>\n<tr>\n<td>Medicina Intensiva<\/td>\n<td data-align=\"center\">64,3<\/td>\n<\/tr>\n<tr>\n<td>Neonatologia<\/td>\n<td data-align=\"center\">58<\/td>\n<\/tr>\n<tr>\n<td>Neurologia<\/td>\n<td data-align=\"center\">65,75<\/td>\n<\/tr>\n<tr>\n<td>Obstetr\u00edcia e Ginecologia<\/td>\n<td data-align=\"center\">65,2<\/td>\n<\/tr>\n<tr>\n<td>Ortopedia e Traumatologia<\/td>\n<td data-align=\"center\">52,8<\/td>\n<\/tr>\n<tr>\n<td>Pediatria<\/td>\n<td data-align=\"center\">60,5<\/td>\n<\/tr>\n<tr>\n<td>Radiologia e Diagn\u00f3stico por Imagem<\/td>\n<td data-align=\"center\">55,6<\/td>\n<\/tr>\n<\/tbody>\n<\/table>\n<h3 id=\"h-hospital-governador-israel-pinheiro-ipsemg-hgip\"><span class=\"ez-toc-section\" id=\"Hospital_Governador_Israel_Pinheiro_IPSEMG_HGIP\"><\/span><strong>Hospital Governador Israel Pinheiro IPSEMG HGIP<\/strong><span class=\"ez-toc-section-end\"><\/span><\/h3>\n<table>\n<thead>\n<tr>\n<th>Especialidade<\/th>\n<th data-align=\"center\">Nota de Corte<\/th>\n<\/tr>\n<\/thead>\n<tbody>\n<tr>\n<td>Anestesiologia<\/td>\n<td data-align=\"center\">56,9<\/td>\n<\/tr>\n<tr>\n<td>Cardiologia<\/td>\n<td data-align=\"center\">55<\/td>\n<\/tr>\n<tr>\n<td>Cirurgia do Aparelho Digestivo<\/td>\n<td data-align=\"center\">80,5<\/td>\n<\/tr>\n<tr>\n<td>Cirurgia Geral<\/td>\n<td data-align=\"center\">72,2<\/td>\n<\/tr>\n<tr>\n<td>Cirurgia Pl\u00e1stica<\/td>\n<td data-align=\"center\">88<\/td>\n<\/tr>\n<tr>\n<td>Cirurgia Tor\u00e1cica<\/td>\n<td data-align=\"center\">70<\/td>\n<\/tr>\n<tr>\n<td>Cirurgia Vascular<\/td>\n<td data-align=\"center\">75,5<\/td>\n<\/tr>\n<tr>\n<td>Cl\u00ednica M\u00e9dica<\/td>\n<td data-align=\"center\">74,5<\/td>\n<\/tr>\n<tr>\n<td>Coloproctologia<\/td>\n<td data-align=\"center\">94<\/td>\n<\/tr>\n<tr>\n<td>Ecocardiografia<\/td>\n<td data-align=\"center\">79<\/td>\n<\/tr>\n<tr>\n<td>Endocrinologia e Metabologia<\/td>\n<td data-align=\"center\">68,5<\/td>\n<\/tr>\n<tr>\n<td>Endoscopia Respirat\u00f3ria<\/td>\n<td data-align=\"center\">\u2013<\/td>\n<\/tr>\n<tr>\n<td>Gastroenterologia<\/td>\n<td data-align=\"center\">75<\/td>\n<\/tr>\n<tr>\n<td>Geriatria<\/td>\n<td data-align=\"center\">68,5<\/td>\n<\/tr>\n<tr>\n<td>Mastologia<\/td>\n<td data-align=\"center\">50<\/td>\n<\/tr>\n<tr>\n<td>Medicina Intensiva Pedi\u00e1trica<\/td>\n<td data-align=\"center\">84,5<\/td>\n<\/tr>\n<tr>\n<td>Nefrologia<\/td>\n<td data-align=\"center\">75<\/td>\n<\/tr>\n<tr>\n<td>Neurocirurgia<\/td>\n<td data-align=\"center\">73,6<\/td>\n<\/tr>\n<tr>\n<td>Neurologia<\/td>\n<td data-align=\"center\">72,9<\/td>\n<\/tr>\n<tr>\n<td>Nutrologia<\/td>\n<td data-align=\"center\">57<\/td>\n<\/tr>\n<tr>\n<td>Obstetr\u00edcia e Ginecologia<\/td>\n<td data-align=\"center\">72,2<\/td>\n<\/tr>\n<tr>\n<td>Oftalmologia<\/td>\n<td data-align=\"center\">77,2<\/td>\n<\/tr>\n<tr>\n<td>Ortopedia e Traumatologia<\/td>\n<td data-align=\"center\">61,1<\/td>\n<\/tr>\n<tr>\n<td>Otorrinolaringologia<\/td>\n<td data-align=\"center\">79,6<\/td>\n<\/tr>\n<tr>\n<td>Pediatria<\/td>\n<td data-align=\"center\">65,2<\/td>\n<\/tr>\n<tr>\n<td>Psiquiatria<\/td>\n<td data-align=\"center\">72,9<\/td>\n<\/tr>\n<tr>\n<td>Radiologia e Diagn\u00f3stico por Imagem<\/td>\n<td data-align=\"center\">68,2<\/td>\n<\/tr>\n<tr>\n<td>Reumatologia<\/td>\n<td data-align=\"center\">65,5<\/td>\n<\/tr>\n<tr>\n<td>Urologia<\/td>\n<td data-align=\"center\">80,5<\/td>\n<\/tr>\n<\/tbody>\n<\/table>\n<h3 id=\"h-hospital-lifecenter-sistema-de-saude-s-a\"><span class=\"ez-toc-section\" id=\"Hospital_Lifecenter_Sistema_de_Saude_SA\"><\/span><strong>Hospital Lifecenter Sistema de Sa\u00fade S\/A<\/strong><span class=\"ez-toc-section-end\"><\/span><\/h3>\n<table>\n<thead>\n<tr>\n<th>Especialidade<\/th>\n<th data-align=\"center\">Nota de Corte<\/th>\n<\/tr>\n<\/thead>\n<tbody>\n<tr>\n<td>Cirurgia da M\u00e3o<\/td>\n<td data-align=\"center\">70<\/td>\n<\/tr>\n<tr>\n<td>Cirurgia Geral<\/td>\n<td data-align=\"center\">\u2013<\/td>\n<\/tr>\n<tr>\n<td>Gastroenterologia<\/td>\n<td data-align=\"center\">72,5<\/td>\n<\/tr>\n<tr>\n<td>Medicina Intensiva<\/td>\n<td data-align=\"center\">64,65<\/td>\n<\/tr>\n<tr>\n<td>Urologia<\/td>\n<td data-align=\"center\">78<\/td>\n<\/tr>\n<\/tbody>\n<\/table>\n<h3 id=\"h-hospital-madre-teresa-bh\"><span class=\"ez-toc-section\" id=\"Hospital_Madre_Teresa_%E2%80%93_BH\"><\/span><strong>Hospital Madre Teresa \u2013 BH<\/strong><span class=\"ez-toc-section-end\"><\/span><\/h3>\n<table>\n<thead>\n<tr>\n<th>Especialidade<\/th>\n<th data-align=\"center\">Nota de Corte<\/th>\n<\/tr>\n<\/thead>\n<tbody>\n<tr>\n<td>Anestesiologia<\/td>\n<td data-align=\"center\">79,3<\/td>\n<\/tr>\n<tr>\n<td>Cardiologia<\/td>\n<td data-align=\"center\">62,5<\/td>\n<\/tr>\n<tr>\n<td>Cl\u00ednica M\u00e9dica<\/td>\n<td data-align=\"center\">70,1<\/td>\n<\/tr>\n<tr>\n<td>Endocrinologia e Metabologia<\/td>\n<td data-align=\"center\">65,5<\/td>\n<\/tr>\n<tr>\n<td>Medicina Intensiva<\/td>\n<td data-align=\"center\">62,2<\/td>\n<\/tr>\n<tr>\n<td>Neurocirurgia<\/td>\n<td data-align=\"center\">\u2013<\/td>\n<\/tr>\n<tr>\n<td>Neurologia<\/td>\n<td data-align=\"center\">74,4<\/td>\n<\/tr>\n<tr>\n<td>Ortopedia e Traumatologia<\/td>\n<td data-align=\"center\">66,3<\/td>\n<\/tr>\n<tr>\n<td>Otorrinolaringologia<\/td>\n<td data-align=\"center\">79,6<\/td>\n<\/tr>\n<tr>\n<td>Radiologia e Diagn\u00f3stico por Imagem<\/td>\n<td data-align=\"center\">72,8<\/td>\n<\/tr>\n<\/tbody>\n<\/table>\n<h3 id=\"h-hospital-marcio-cunha-fundacao-sao-francisco-xavier-ipatinga\"><span class=\"ez-toc-section\" id=\"Hospital_Marcio_Cunha_%E2%80%93_Fundacao_Sao_Francisco_Xavier_%E2%80%93_Ipatinga\"><\/span><strong>Hospital Marcio Cunha \u2013 Funda\u00e7\u00e3o S\u00e3o Francisco Xavier \u2013 Ipatinga<\/strong><span class=\"ez-toc-section-end\"><\/span><\/h3>\n<table>\n<thead>\n<tr>\n<th>Especialidade<\/th>\n<th data-align=\"center\">Nota de Corte<\/th>\n<\/tr>\n<\/thead>\n<tbody>\n<tr>\n<td>Anestesiologia<\/td>\n<td data-align=\"center\">67,25<\/td>\n<\/tr>\n<tr>\n<td>Cardiologia<\/td>\n<td data-align=\"center\">70,5<\/td>\n<\/tr>\n<tr>\n<td>Cirurgia Geral<\/td>\n<td data-align=\"center\">71,4<\/td>\n<\/tr>\n<tr>\n<td>Cl\u00ednica M\u00e9dica<\/td>\n<td data-align=\"center\">62<\/td>\n<\/tr>\n<tr>\n<td>Medicina de Emerg\u00eancia<\/td>\n<td data-align=\"center\">51,9<\/td>\n<\/tr>\n<tr>\n<td>Medicina de Fam\u00edlia e Comunidade<\/td>\n<td data-align=\"center\">53,6<\/td>\n<\/tr>\n<tr>\n<td>Medicina do Trabalho<\/td>\n<td data-align=\"center\">51,4<\/td>\n<\/tr>\n<tr>\n<td>Medicina Intensiva<\/td>\n<td data-align=\"center\">52,6<\/td>\n<\/tr>\n<tr>\n<td>Neonatologia<\/td>\n<td data-align=\"center\">\u2013<\/td>\n<\/tr>\n<tr>\n<td>Obstetr\u00edcia e Ginecologia<\/td>\n<td data-align=\"center\">62,3<\/td>\n<\/tr>\n<tr>\n<td>Oncologia Cl\u00ednica<\/td>\n<td data-align=\"center\">52,5<\/td>\n<\/tr>\n<tr>\n<td>Ortopedia e Traumatologia<\/td>\n<td data-align=\"center\">51,5<\/td>\n<\/tr>\n<tr>\n<td>Pediatria<\/td>\n<td data-align=\"center\">54,5<\/td>\n<\/tr>\n<tr>\n<td>Radioterapia<\/td>\n<td data-align=\"center\">56,3<\/td>\n<\/tr>\n<\/tbody>\n<\/table>\n<h3 id=\"h-hospital-mater-dei-unidade-contorno\"><span class=\"ez-toc-section\" id=\"Hospital_Mater_Dei_%E2%80%93_Unidade_Contorno\"><\/span><strong>Hospital Mater Dei \u2013 Unidade Contorno<\/strong><span class=\"ez-toc-section-end\"><\/span><\/h3>\n<table>\n<thead>\n<tr>\n<th>Especialidade<\/th>\n<th data-align=\"center\">Nota de Corte<\/th>\n<\/tr>\n<\/thead>\n<tbody>\n<tr>\n<td>Cirurgia Geral<\/td>\n<td data-align=\"center\">71,2<\/td>\n<\/tr>\n<tr>\n<td>Cl\u00ednica M\u00e9dica<\/td>\n<td data-align=\"center\">70,9<\/td>\n<\/tr>\n<tr>\n<td>Medicina de Emerg\u00eancia<\/td>\n<td data-align=\"center\">53,7<\/td>\n<\/tr>\n<tr>\n<td>Radiologia e Diagn\u00f3stico por Imagem<\/td>\n<td data-align=\"center\">70,9<\/td>\n<\/tr>\n<\/tbody>\n<\/table>\n<h3 id=\"h-hospital-mater-dei-unidade-santo-agostinho\"><span class=\"ez-toc-section\" id=\"Hospital_Mater_Dei_%E2%80%93_Unidade_Santo_Agostinho\"><\/span><strong>Hospital Mater Dei \u2013 Unidade Santo Agostinho<\/strong><span class=\"ez-toc-section-end\"><\/span><\/h3>\n<table>\n<thead>\n<tr>\n<th>Especialidade<\/th>\n<th data-align=\"center\">Nota de Corte<\/th>\n<\/tr>\n<\/thead>\n<tbody>\n<tr>\n<td>Cardiologia<\/td>\n<td data-align=\"center\">55<\/td>\n<\/tr>\n<tr>\n<td>Cirurgia Geral<\/td>\n<td data-align=\"center\">71,8<\/td>\n<\/tr>\n<tr>\n<td>Cirurgia Vascular<\/td>\n<td data-align=\"center\">76<\/td>\n<\/tr>\n<tr>\n<td>Cl\u00ednica M\u00e9dica<\/td>\n<td data-align=\"center\">72,4<\/td>\n<\/tr>\n<tr>\n<td>Geriatria<\/td>\n<td data-align=\"center\">66,5<\/td>\n<\/tr>\n<tr>\n<td>Mastologia<\/td>\n<td data-align=\"center\">87<\/td>\n<\/tr>\n<tr>\n<td>Medicina Fetal<\/td>\n<td data-align=\"center\">71,5<\/td>\n<\/tr>\n<tr>\n<td>Medicina Intensiva<\/td>\n<td data-align=\"center\">58,8<\/td>\n<\/tr>\n<tr>\n<td>Obstetr\u00edcia e Ginecologia<\/td>\n<td data-align=\"center\">72,3<\/td>\n<\/tr>\n<tr>\n<td>Oncologia Cl\u00ednica<\/td>\n<td data-align=\"center\">71,5<\/td>\n<\/tr>\n<tr>\n<td>Ortopedia e Traumatologia<\/td>\n<td data-align=\"center\">61,6<\/td>\n<\/tr>\n<tr>\n<td>Pediatria<\/td>\n<td data-align=\"center\">66,6<\/td>\n<\/tr>\n<tr>\n<td>Radioterapia<\/td>\n<td data-align=\"center\">57<\/td>\n<\/tr>\n<tr>\n<td>Reprodu\u00e7\u00e3o Assistida<\/td>\n<td data-align=\"center\">85<\/td>\n<\/tr>\n<tr>\n<td>Ultrassonografia em Ginecologia e Obstetr\u00edcia<\/td>\n<td data-align=\"center\">86,5<\/td>\n<\/tr>\n<\/tbody>\n<\/table>\n<h3 id=\"h-hospital-metropolitano-doutor-celio-de-castro\"><span class=\"ez-toc-section\" id=\"Hospital_Metropolitano_Doutor_Celio_de_Castro\"><\/span><strong>Hospital Metropolitano Doutor C\u00e9lio de Castro<\/strong><span class=\"ez-toc-section-end\"><\/span><\/h3>\n<table>\n<thead>\n<tr>\n<th>Especialidade<\/th>\n<th data-align=\"center\">Nota de Corte<\/th>\n<\/tr>\n<\/thead>\n<tbody>\n<tr>\n<td>Cirurgia Geral<\/td>\n<td data-align=\"center\">70,8<\/td>\n<\/tr>\n<tr>\n<td>Cl\u00ednica M\u00e9dica<\/td>\n<td data-align=\"center\">67,6<\/td>\n<\/tr>\n<tr>\n<td>Medicina Intensiva<\/td>\n<td data-align=\"center\">54,8<\/td>\n<\/tr>\n<\/tbody>\n<\/table>\n<h3 id=\"h-hospital-municipal-jose-lucas-filho-contagem\"><span class=\"ez-toc-section\" id=\"Hospital_Municipal_Jose_Lucas_Filho_%E2%80%93_Contagem\"><\/span><strong>Hospital Municipal Jos\u00e9 Lucas Filho \u2013 Contagem<\/strong><span class=\"ez-toc-section-end\"><\/span><\/h3>\n<table>\n<thead>\n<tr>\n<th>Especialidade<\/th>\n<th data-align=\"center\">Nota de Corte<\/th>\n<\/tr>\n<\/thead>\n<tbody>\n<tr>\n<td>Anestesiologia<\/td>\n<td data-align=\"center\">64,5<\/td>\n<\/tr>\n<tr>\n<td>Cirurgia Geral<\/td>\n<td data-align=\"center\">66,6<\/td>\n<\/tr>\n<tr>\n<td>Cl\u00ednica M\u00e9dica<\/td>\n<td data-align=\"center\">61,5<\/td>\n<\/tr>\n<tr>\n<td>Obstetr\u00edcia e Ginecologia<\/td>\n<td data-align=\"center\">65,5<\/td>\n<\/tr>\n<tr>\n<td>Pediatria<\/td>\n<td data-align=\"center\">59,6<\/td>\n<\/tr>\n<\/tbody>\n<\/table>\n<h3 id=\"h-hospital-publico-regional-de-betim\"><span class=\"ez-toc-section\" id=\"Hospital_Publico_Regional_de_Betim\"><\/span><strong>Hospital P\u00fablico Regional de Betim<\/strong><span class=\"ez-toc-section-end\"><\/span><\/h3>\n<table>\n<thead>\n<tr>\n<th>Especialidade<\/th>\n<th data-align=\"center\">Nota de Corte<\/th>\n<\/tr>\n<\/thead>\n<tbody>\n<tr>\n<td>Anestesiologia<\/td>\n<td data-align=\"center\">66,2<\/td>\n<\/tr>\n<tr>\n<td>Cirurgia Geral<\/td>\n<td data-align=\"center\">64,6<\/td>\n<\/tr>\n<tr>\n<td>Cirurgia Vascular<\/td>\n<td data-align=\"center\">61<\/td>\n<\/tr>\n<tr>\n<td>Homeopatia<\/td>\n<td data-align=\"center\">50,5<\/td>\n<\/tr>\n<tr>\n<td>Obstetr\u00edcia e Ginecologia<\/td>\n<td data-align=\"center\">63,7<\/td>\n<\/tr>\n<tr>\n<td>Psiquiatria<\/td>\n<td data-align=\"center\">71,2<\/td>\n<\/tr>\n<\/tbody>\n<\/table>\n<h3 id=\"h-hospital-semper\"><span class=\"ez-toc-section\" id=\"Hospital_Semper\"><\/span><strong>Hospital Semper<\/strong><span class=\"ez-toc-section-end\"><\/span><\/h3>\n<table>\n<thead>\n<tr>\n<th>Especialidade<\/th>\n<th data-align=\"center\">Nota de Corte<\/th>\n<\/tr>\n<\/thead>\n<tbody>\n<tr>\n<td>Anestesiologia<\/td>\n<td data-align=\"center\">69,9<\/td>\n<\/tr>\n<tr>\n<td>Cirurgia Geral<\/td>\n<td data-align=\"center\">67,6<\/td>\n<\/tr>\n<tr>\n<td>Cl\u00ednica M\u00e9dica<\/td>\n<td data-align=\"center\">62,9<\/td>\n<\/tr>\n<\/tbody>\n<\/table>\n<h3 id=\"h-hospital-socor\"><span class=\"ez-toc-section\" id=\"Hospital_Socor\"><\/span><strong>Hospital Socor<\/strong><span class=\"ez-toc-section-end\"><\/span><\/h3>\n<table>\n<thead>\n<tr>\n<th>Especialidade<\/th>\n<th data-align=\"center\">Nota de Corte<\/th>\n<\/tr>\n<\/thead>\n<tbody>\n<tr>\n<td>Neurocirurgia<\/td>\n<td data-align=\"center\">76,2<\/td>\n<\/tr>\n<tr>\n<td>Neurologia<\/td>\n<td data-align=\"center\">65,8<\/td>\n<\/tr>\n<tr>\n<td>Ortopedia e Traumatologia<\/td>\n<td data-align=\"center\">55,9<\/td>\n<\/tr>\n<\/tbody>\n<\/table>\n<h3 id=\"h-hospital-unimed-unidade-betim\"><span class=\"ez-toc-section\" id=\"Hospital_UNIMED_%E2%80%93_Unidade_Betim\"><\/span><strong>Hospital UNIMED \u2013 Unidade Betim<\/strong><span class=\"ez-toc-section-end\"><\/span><\/h3>\n<table>\n<thead>\n<tr>\n<th>Especialidade<\/th>\n<th data-align=\"center\">Nota de Corte<\/th>\n<\/tr>\n<\/thead>\n<tbody>\n<tr>\n<td>Anestesiologia<\/td>\n<td data-align=\"center\">66,9<\/td>\n<\/tr>\n<tr>\n<td>Cirurgia Geral<\/td>\n<td data-align=\"center\">25<\/td>\n<\/tr>\n<tr>\n<td>Cl\u00ednica M\u00e9dica<\/td>\n<td data-align=\"center\">63,9<\/td>\n<\/tr>\n<tr>\n<td>Pediatria<\/td>\n<td data-align=\"center\">58,8<\/td>\n<\/tr>\n<\/tbody>\n<\/table>\n<h3><span class=\"ez-toc-section\" id=\"Hospital_UNIMED_BH_%E2%80%93_Unidade_Contorno\"><\/span><strong>Hospital UNIMED BH \u2013 Unidade Contorno<\/strong><span class=\"ez-toc-section-end\"><\/span><\/h3>\n<table>\n<thead>\n<tr>\n<th>Especialidade<\/th>\n<th data-align=\"center\">Nota de Corte<\/th>\n<\/tr>\n<\/thead>\n<tbody>\n<tr>\n<td>Cirurgia Geral<\/td>\n<td data-align=\"center\">70<\/td>\n<\/tr>\n<tr>\n<td>Cl\u00ednica M\u00e9dica<\/td>\n<td data-align=\"center\">72,4<\/td>\n<\/tr>\n<tr>\n<td>Neurocirurgia<\/td>\n<td data-align=\"center\">76,4<\/td>\n<\/tr>\n<tr>\n<td>Neurologia<\/td>\n<td data-align=\"center\">69,5<\/td>\n<\/tr>\n<tr>\n<td>Ortopedia e Traumatologia<\/td>\n<td data-align=\"center\">68,8<\/td>\n<\/tr>\n<\/tbody>\n<\/table>\n<h3 id=\"h-hospital-universitario-alzira-velano\"><span class=\"ez-toc-section\" id=\"Hospital_Universitario_Alzira_Velano\"><\/span><strong>Hospital Universit\u00e1rio Alzira Velano<\/strong><span class=\"ez-toc-section-end\"><\/span><\/h3>\n<table>\n<thead>\n<tr>\n<th>Especialidade<\/th>\n<th data-align=\"center\">Nota de Corte<\/th>\n<\/tr>\n<\/thead>\n<tbody>\n<tr>\n<td>Anestesiologia<\/td>\n<td data-align=\"center\">63<\/td>\n<\/tr>\n<tr>\n<td>Cirurgia Geral<\/td>\n<td data-align=\"center\">55,9<\/td>\n<\/tr>\n<tr>\n<td>Cl\u00ednica M\u00e9dica<\/td>\n<td data-align=\"center\">62,5<\/td>\n<\/tr>\n<tr>\n<td>Medicina de Fam\u00edlia e Comunidade<\/td>\n<td data-align=\"center\">64,4<\/td>\n<\/tr>\n<tr>\n<td>Medicina Intensiva<\/td>\n<td data-align=\"center\">56<\/td>\n<\/tr>\n<tr>\n<td>Nefrologia<\/td>\n<td data-align=\"center\">64<\/td>\n<\/tr>\n<tr>\n<td>Neurocirurgia<\/td>\n<td data-align=\"center\">71,4<\/td>\n<\/tr>\n<tr>\n<td>Obstetr\u00edcia e Ginecologia<\/td>\n<td data-align=\"center\">56,6<\/td>\n<\/tr>\n<tr>\n<td>Ortopedia e Traumatologia<\/td>\n<td data-align=\"center\">52,8<\/td>\n<\/tr>\n<tr>\n<td>Pediatria<\/td>\n<td data-align=\"center\">50,3<\/td>\n<\/tr>\n<tr>\n<td>Radiologia e Diagn\u00f3stico por Imagem<\/td>\n<td data-align=\"center\">55,25<\/td>\n<\/tr>\n<\/tbody>\n<\/table>\n<h3 id=\"h-hospital-universitario-da-universidade-de-uberaba-uniube-mario-palmerio\"><span class=\"ez-toc-section\" id=\"Hospital_Universitario_da_Universidade_de_Uberaba_%E2%80%93_UNIUBE_Mario_Palmerio\"><\/span><strong>Hospital Universit\u00e1rio da Universidade de Uberaba \u2013 UNIUBE (M\u00e1rio Palm\u00e9rio)<\/strong><span class=\"ez-toc-section-end\"><\/span><\/h3>\n<table>\n<thead>\n<tr>\n<th>Especialidade<\/th>\n<th data-align=\"center\">Nota de Corte<\/th>\n<\/tr>\n<\/thead>\n<tbody>\n<tr>\n<td>Anestesiologia<\/td>\n<td data-align=\"center\">64,65<\/td>\n<\/tr>\n<tr>\n<td>Cirurgia Geral<\/td>\n<td data-align=\"center\">63,53<\/td>\n<\/tr>\n<tr>\n<td>Cl\u00ednica M\u00e9dica<\/td>\n<td data-align=\"center\">61,05<\/td>\n<\/tr>\n<tr>\n<td>Medicina de Fam\u00edlia e Comunidade<\/td>\n<td data-align=\"center\">58,9<\/td>\n<\/tr>\n<tr>\n<td>Medicina Intensiva<\/td>\n<td data-align=\"center\">54,4<\/td>\n<\/tr>\n<tr>\n<td>Obstetr\u00edcia e Ginecologia<\/td>\n<td data-align=\"center\">60,5<\/td>\n<\/tr>\n<tr>\n<td>Ortopedia e Traumatologia<\/td>\n<td data-align=\"center\">49,1<\/td>\n<\/tr>\n<tr>\n<td>Pediatria<\/td>\n<td data-align=\"center\">56,2<\/td>\n<\/tr>\n<tr>\n<td>Psiquiatria<\/td>\n<td data-align=\"center\">67,15<\/td>\n<\/tr>\n<\/tbody>\n<\/table>\n<h3 id=\"h-instituto-materno-infantil-de-minas-gerais-hospital-vila-da-serra\"><span class=\"ez-toc-section\" id=\"Instituto_Materno_Infantil_de_Minas_Gerais_%E2%80%93_Hospital_Vila_da_Serra\"><\/span><strong>Instituto Materno Infantil de Minas Gerais \u2013 Hospital Vila da Serra<\/strong><span class=\"ez-toc-section-end\"><\/span><\/h3>\n<table>\n<thead>\n<tr>\n<th>Especialidade<\/th>\n<th data-align=\"center\">Nota de Corte<\/th>\n<\/tr>\n<\/thead>\n<tbody>\n<tr>\n<td>Cirurgia Geral<\/td>\n<td data-align=\"center\">73,6<\/td>\n<\/tr>\n<tr>\n<td>Cl\u00ednica M\u00e9dica<\/td>\n<td data-align=\"center\">68,7<\/td>\n<\/tr>\n<tr>\n<td>Medicina Intensiva<\/td>\n<td data-align=\"center\">53,35<\/td>\n<\/tr>\n<tr>\n<td>Obstetr\u00edcia e Ginecologia<\/td>\n<td data-align=\"center\">68,8<\/td>\n<\/tr>\n<tr>\n<td>Pediatria<\/td>\n<td data-align=\"center\">64<\/td>\n<\/tr>\n<\/tbody>\n<\/table>\n<h3 id=\"h-irmandade-de-nossa-senhora-das-gracas-sete-lagoas\"><span class=\"ez-toc-section\" id=\"Irmandade_de_Nossa_Senhora_das_Gracas_%E2%80%93_Sete_Lagoas\"><\/span><strong>Irmandade de Nossa Senhora das Gra\u00e7as \u2013 Sete Lagoas<\/strong><span class=\"ez-toc-section-end\"><\/span><\/h3>\n<table>\n<thead>\n<tr>\n<th>Especialidade<\/th>\n<th data-align=\"center\">Nota de Corte<\/th>\n<\/tr>\n<\/thead>\n<tbody>\n<tr>\n<td>Cirurgia Geral<\/td>\n<td data-align=\"center\">57,7<\/td>\n<\/tr>\n<tr>\n<td>Cl\u00ednica M\u00e9dica<\/td>\n<td data-align=\"center\">60<\/td>\n<\/tr>\n<tr>\n<td>Obstetr\u00edcia e Ginecologia<\/td>\n<td data-align=\"center\">62<\/td>\n<\/tr>\n<tr>\n<td>Pediatria<\/td>\n<td data-align=\"center\">53,7<\/td>\n<\/tr>\n<\/tbody>\n<\/table>\n<h3 id=\"h-irmandade-do-hospital-da-santa-casa-de-pocos-de-caldas\"><span class=\"ez-toc-section\" id=\"Irmandade_do_Hospital_da_Santa_Casa_de_Pocos_de_Caldas\"><\/span><strong>Irmandade do Hospital da Santa Casa de Po\u00e7os de Caldas<\/strong><span class=\"ez-toc-section-end\"><\/span><\/h3>\n<table>\n<thead>\n<tr>\n<th>Especialidade<\/th>\n<th data-align=\"center\">Nota de Corte<\/th>\n<\/tr>\n<\/thead>\n<tbody>\n<tr>\n<td>Anestesiologia<\/td>\n<td data-align=\"center\">59,5<\/td>\n<\/tr>\n<tr>\n<td>Cirurgia Geral<\/td>\n<td data-align=\"center\">57,9<\/td>\n<\/tr>\n<tr>\n<td>Cl\u00ednica M\u00e9dica<\/td>\n<td data-align=\"center\">58,5<\/td>\n<\/tr>\n<tr>\n<td>Medicina de Fam\u00edlia e Comunidade<\/td>\n<td data-align=\"center\">54,2<\/td>\n<\/tr>\n<tr>\n<td>Medicina Intensiva<\/td>\n<td data-align=\"center\">53,3<\/td>\n<\/tr>\n<tr>\n<td>Pediatria<\/td>\n<td data-align=\"center\">48,8<\/td>\n<\/tr>\n<\/tbody>\n<\/table>\n<h3 id=\"h-irmandade-do-hospital-de-nossa-senhora-das-dores-ponte-nova\"><span class=\"ez-toc-section\" id=\"Irmandade_do_Hospital_de_Nossa_Senhora_das_Dores_%E2%80%93_Ponte_Nova\"><\/span><strong>Irmandade do Hospital de Nossa Senhora das Dores \u2013 Ponte Nova<\/strong><span class=\"ez-toc-section-end\"><\/span><\/h3>\n<table>\n<thead>\n<tr>\n<th>Especialidade<\/th>\n<th data-align=\"center\">Nota de Corte<\/th>\n<\/tr>\n<\/thead>\n<tbody>\n<tr>\n<td>Cl\u00ednica M\u00e9dica<\/td>\n<td data-align=\"center\">54,8<\/td>\n<\/tr>\n<tr>\n<td>Obstetr\u00edcia e Ginecologia<\/td>\n<td data-align=\"center\">51,1<\/td>\n<\/tr>\n<tr>\n<td>Urologia<\/td>\n<td data-align=\"center\">74<\/td>\n<\/tr>\n<\/tbody>\n<\/table>\n<h3 id=\"h-irmandade-nossa-senhora-das-merces-de-montes-claros-santa-casa\"><span class=\"ez-toc-section\" id=\"Irmandade_Nossa_Senhora_das_Merces_de_Montes_Claros_%E2%80%93_Santa_Casa\"><\/span><strong>Irmandade Nossa Senhora das Merc\u00eas de Montes Claros \u2013 Santa Casa<\/strong><span class=\"ez-toc-section-end\"><\/span><\/h3>\n<table>\n<thead>\n<tr>\n<th>Especialidade<\/th>\n<th data-align=\"center\">Nota de Corte<\/th>\n<\/tr>\n<\/thead>\n<tbody>\n<tr>\n<td>Anestesiologia<\/td>\n<td data-align=\"center\">64,9<\/td>\n<\/tr>\n<tr>\n<td>Cirurgia Geral<\/td>\n<td data-align=\"center\">65,1<\/td>\n<\/tr>\n<tr>\n<td>Cirurgia Pl\u00e1stica<\/td>\n<td data-align=\"center\">83,5<\/td>\n<\/tr>\n<tr>\n<td>Cl\u00ednica M\u00e9dica<\/td>\n<td data-align=\"center\">64,3<\/td>\n<\/tr>\n<tr>\n<td>Medicina Intensiva<\/td>\n<td data-align=\"center\">53,3<\/td>\n<\/tr>\n<tr>\n<td>Nefrologia<\/td>\n<td data-align=\"center\">61<\/td>\n<\/tr>\n<tr>\n<td>Neurocirurgia<\/td>\n<td data-align=\"center\">72,04<\/td>\n<\/tr>\n<tr>\n<td>Obstetr\u00edcia e Ginecologia<\/td>\n<td data-align=\"center\">62,4<\/td>\n<\/tr>\n<tr>\n<td>Ortopedia e Traumatologia<\/td>\n<td data-align=\"center\">57<\/td>\n<\/tr>\n<tr>\n<td>Pediatria<\/td>\n<td data-align=\"center\">57<\/td>\n<\/tr>\n<\/tbody>\n<\/table>\n<h3><span class=\"ez-toc-section\" id=\"Santa_Casa_de_Misericordia_de_Araguari\"><\/span><strong>Santa Casa de Miseric\u00f3rdia de Araguari<\/strong><span class=\"ez-toc-section-end\"><\/span><\/h3>\n<table>\n<thead>\n<tr>\n<th>Especialidade<\/th>\n<th data-align=\"center\">Nota de Corte<\/th>\n<\/tr>\n<\/thead>\n<tbody>\n<tr>\n<td>Cl\u00ednica M\u00e9dica<\/td>\n<td data-align=\"center\">55,2<\/td>\n<\/tr>\n<tr>\n<td>Medicina de Fam\u00edlia e Comunidade<\/td>\n<td data-align=\"center\">\u2013<\/td>\n<\/tr>\n<tr>\n<td>Pediatria<\/td>\n<td data-align=\"center\">54,1<\/td>\n<\/tr>\n<\/tbody>\n<\/table>\n<h3 id=\"h-santa-casa-de-misericordia-de-juiz-de-fora-mg\"><span class=\"ez-toc-section\" id=\"Santa_Casa_de_Misericordia_de_Juiz_de_Fora_MG\"><\/span><strong>Santa Casa de Miseric\u00f3rdia de Juiz de Fora MG<\/strong><span class=\"ez-toc-section-end\"><\/span><\/h3>\n<table>\n<thead>\n<tr>\n<th>Especialidade<\/th>\n<th data-align=\"center\">Nota de Corte<\/th>\n<\/tr>\n<\/thead>\n<tbody>\n<tr>\n<td>Anestesiologia<\/td>\n<td data-align=\"center\">74,7<\/td>\n<\/tr>\n<tr>\n<td>Cardiologia<\/td>\n<td data-align=\"center\">62<\/td>\n<\/tr>\n<tr>\n<td>Cirurgia Geral<\/td>\n<td data-align=\"center\">65,2<\/td>\n<\/tr>\n<tr>\n<td>Cl\u00ednica M\u00e9dica<\/td>\n<td data-align=\"center\">66,2<\/td>\n<\/tr>\n<tr>\n<td>Endocrinologia e Metabologia<\/td>\n<td data-align=\"center\">62<\/td>\n<\/tr>\n<tr>\n<td>Nefrologia<\/td>\n<td data-align=\"center\">52,5<\/td>\n<\/tr>\n<tr>\n<td>Neonatologia<\/td>\n<td data-align=\"center\">\u2013<\/td>\n<\/tr>\n<tr>\n<td>Obstetr\u00edcia e Ginecologia<\/td>\n<td data-align=\"center\">64,15<\/td>\n<\/tr>\n<tr>\n<td>Ortopedia e Traumatologia<\/td>\n<td data-align=\"center\">51,7<\/td>\n<\/tr>\n<tr>\n<td>Pediatria<\/td>\n<td data-align=\"center\">55,75<\/td>\n<\/tr>\n<\/tbody>\n<\/table>\n<h3><span class=\"ez-toc-section\" id=\"Notas_de_Corte_das_Residencias_de_Minas_Gerais_Santa_Casa_de_Misericordia_de_Passos\"><\/span><strong>Notas de Corte das Resid\u00eancias de Minas Gerais: Santa Casa de Miseric\u00f3rdia de Passos<\/strong><span class=\"ez-toc-section-end\"><\/span><\/h3>\n<table>\n<thead>\n<tr>\n<th>Especialidade<\/th>\n<th data-align=\"center\">Nota de Corte<\/th>\n<\/tr>\n<\/thead>\n<tbody>\n<tr>\n<td>Anestesiologia<\/td>\n<td data-align=\"center\">62<\/td>\n<\/tr>\n<tr>\n<td>Cardiologia<\/td>\n<td data-align=\"center\">50<\/td>\n<\/tr>\n<tr>\n<td>Cirurgia Cardiovascular<\/td>\n<td data-align=\"center\">68,5<\/td>\n<\/tr>\n<tr>\n<td>Cirurgia Geral<\/td>\n<td data-align=\"center\">60,6<\/td>\n<\/tr>\n<tr>\n<td>Cirurgia Oncol\u00f3gica<\/td>\n<td data-align=\"center\">55<\/td>\n<\/tr>\n<tr>\n<td>Cl\u00ednica M\u00e9dica<\/td>\n<td data-align=\"center\">60,1<\/td>\n<\/tr>\n<tr>\n<td>Nefrologia<\/td>\n<td data-align=\"center\">\u2013<\/td>\n<\/tr>\n<tr>\n<td>NEONATOLOGIA<\/td>\n<td data-align=\"center\">58<\/td>\n<\/tr>\n<tr>\n<td>Obstetr\u00edcia e Ginecologia<\/td>\n<td data-align=\"center\">58,8<\/td>\n<\/tr>\n<tr>\n<td>Oncologia Cl\u00ednica<\/td>\n<td data-align=\"center\">52,5<\/td>\n<\/tr>\n<tr>\n<td>Pediatria<\/td>\n<td data-align=\"center\">52,8<\/td>\n<\/tr>\n<tr>\n<td>Radioterapia<\/td>\n<td data-align=\"center\">\u2013<\/td>\n<\/tr>\n<\/tbody>\n<\/table>\n<h3 id=\"h-santa-casa-de-misericordia-de-sao-sebastiao-do-paraiso\"><span class=\"ez-toc-section\" id=\"Santa_Casa_de_Misericordia_de_Sao_Sebastiao_do_Paraiso\"><\/span><strong>Santa Casa de Miseric\u00f3rdia de S\u00e3o Sebasti\u00e3o do Para\u00edso<\/strong><span class=\"ez-toc-section-end\"><\/span><\/h3>\n<table>\n<thead>\n<tr>\n<th>Especialidade<\/th>\n<th data-align=\"center\">Nota de Corte<\/th>\n<\/tr>\n<\/thead>\n<tbody>\n<tr>\n<td>Cirurgia Geral<\/td>\n<td data-align=\"center\">53,9<\/td>\n<\/tr>\n<tr>\n<td>Cirurgia Vascular<\/td>\n<td data-align=\"center\">65,15<\/td>\n<\/tr>\n<tr>\n<td>Cl\u00ednica M\u00e9dica<\/td>\n<td data-align=\"center\">50,55<\/td>\n<\/tr>\n<tr>\n<td>Ortopedia e Traumatologia<\/td>\n<td data-align=\"center\">52,7<\/td>\n<\/tr>\n<tr>\n<td>Pediatria<\/td>\n<td data-align=\"center\">51,9<\/td>\n<\/tr>\n<tr>\n<td>Urologia<\/td>\n<td data-align=\"center\">64<\/td>\n<\/tr>\n<\/tbody>\n<\/table>\n<h3 id=\"h-secretaria-municipal-de-saude-de-governador-valadares\"><span class=\"ez-toc-section\" id=\"Secretaria_Municipal_de_Saude_de_Governador_Valadares\"><\/span><strong>Secretaria Municipal de Sa\u00fade de Governador Valadares<\/strong><span class=\"ez-toc-section-end\"><\/span><\/h3>\n<table>\n<thead>\n<tr>\n<th>Especialidade<\/th>\n<th data-align=\"center\">Nota de Corte<\/th>\n<\/tr>\n<\/thead>\n<tbody>\n<tr>\n<td>Cirurgia Geral<\/td>\n<td data-align=\"center\">58,3<\/td>\n<\/tr>\n<tr>\n<td>Cl\u00ednica M\u00e9dica<\/td>\n<td data-align=\"center\">56,8<\/td>\n<\/tr>\n<tr>\n<td>Medicina de Fam\u00edlia e Comunidade<\/td>\n<td data-align=\"center\">51,8<\/td>\n<\/tr>\n<tr>\n<td>Obstetr\u00edcia e Ginecologia<\/td>\n<td data-align=\"center\">61<\/td>\n<\/tr>\n<tr>\n<td>Ortopedia e Traumatologia<\/td>\n<td data-align=\"center\">55,9<\/td>\n<\/tr>\n<tr>\n<td>Pediatria<\/td>\n<td data-align=\"center\">53,6<\/td>\n<\/tr>\n<\/tbody>\n<\/table>\n<h3 id=\"h-universidade-federal-de-vicosa\"><span class=\"ez-toc-section\" id=\"Universidade_Federal_de_Vicosa\"><\/span><strong>Universidade Federal de Vi\u00e7osa<\/strong><span class=\"ez-toc-section-end\"><\/span><\/h3>\n<table>\n<thead>\n<tr>\n<th>Especialidade<\/th>\n<th data-align=\"center\">Nota de Corte<\/th>\n<\/tr>\n<\/thead>\n<tbody>\n<tr>\n<td>Cl\u00ednica M\u00e9dica<\/td>\n<td data-align=\"center\">57,1<\/td>\n<\/tr>\n<tr>\n<td>Medicina de Fam\u00edlia e Comunidade<\/td>\n<td data-align=\"center\">57,6<\/td>\n<\/tr>\n<tr>\n<td>Obstetr\u00edcia e Ginecologia<\/td>\n<td data-align=\"center\">59,2<\/td>\n<\/tr>\n<tr>\n<td>Pediatria<\/td>\n<td data-align=\"center\">52,3<\/td>\n<\/tr>\n<\/tbody>\n<\/table>\n<h3><span class=\"ez-toc-section\" id=\"Notas_de_Corte_das_Residencias_de_Minas_Gerais_Universidade_Federal_do_Triangulo_Mineiro_%E2%80%93_Uberaba\"><\/span><strong>Notas de Corte das Resid\u00eancias de Minas Gerais: Universidade Federal do Triangulo Mineiro \u2013 Uberaba<\/strong><span class=\"ez-toc-section-end\"><\/span><\/h3>\n<table>\n<thead>\n<tr>\n<th>Especialidade<\/th>\n<th data-align=\"center\">Nota de Corte<\/th>\n<\/tr>\n<\/thead>\n<tbody>\n<tr>\n<td>Anestesiologia<\/td>\n<td data-align=\"center\">65,2<\/td>\n<\/tr>\n<tr>\n<td>Cardiologia<\/td>\n<td data-align=\"center\">50<\/td>\n<\/tr>\n<tr>\n<td>Cirurgia do Aparelho Digestivo<\/td>\n<td data-align=\"center\">81,5<\/td>\n<\/tr>\n<tr>\n<td>Cirurgia Geral<\/td>\n<td data-align=\"center\">65,7<\/td>\n<\/tr>\n<tr>\n<td>Cirurgia Pl\u00e1stica<\/td>\n<td data-align=\"center\">79,5<\/td>\n<\/tr>\n<tr>\n<td>Cl\u00ednica M\u00e9dica<\/td>\n<td data-align=\"center\">63,7<\/td>\n<\/tr>\n<tr>\n<td>Coloproctologia<\/td>\n<td data-align=\"center\">85<\/td>\n<\/tr>\n<tr>\n<td>Dermatologia<\/td>\n<td data-align=\"center\">77,1<\/td>\n<\/tr>\n<tr>\n<td>Emerg\u00eancia Pedi\u00e1trica<\/td>\n<td data-align=\"center\">\u2013<\/td>\n<\/tr>\n<tr>\n<td>Endocrinologia e Metabologia<\/td>\n<td data-align=\"center\">58<\/td>\n<\/tr>\n<tr>\n<td>Endocrinologia Pedi\u00e1trica<\/td>\n<td data-align=\"center\">57,15<\/td>\n<\/tr>\n<tr>\n<td>Gastroenterologia<\/td>\n<td data-align=\"center\">64<\/td>\n<\/tr>\n<tr>\n<td>Hematologia e Hemoterapia<\/td>\n<td data-align=\"center\">56<\/td>\n<\/tr>\n<tr>\n<td>Hematologia e Hemoterapia Pedi\u00e1trica<\/td>\n<td data-align=\"center\">\u2013<\/td>\n<\/tr>\n<tr>\n<td>Infectologia<\/td>\n<td data-align=\"center\">53,55<\/td>\n<\/tr>\n<tr>\n<td>Mastologia<\/td>\n<td data-align=\"center\">47<\/td>\n<\/tr>\n<tr>\n<td>Medicina de Fam\u00edlia e Comunidade<\/td>\n<td data-align=\"center\">58,9<\/td>\n<\/tr>\n<tr>\n<td>Medicina Fetal<\/td>\n<td data-align=\"center\">69<\/td>\n<\/tr>\n<tr>\n<td>Medicina Intensiva<\/td>\n<td data-align=\"center\">51,9<\/td>\n<\/tr>\n<tr>\n<td>Medicina Intensiva Pedi\u00e1trica<\/td>\n<td data-align=\"center\">67,5<\/td>\n<\/tr>\n<tr>\n<td>Nefrologia<\/td>\n<td data-align=\"center\">52,5<\/td>\n<\/tr>\n<tr>\n<td>Neonatologia<\/td>\n<td data-align=\"center\">62<\/td>\n<\/tr>\n<tr>\n<td>Neurocirurgia<\/td>\n<td data-align=\"center\">75,9<\/td>\n<\/tr>\n<tr>\n<td>Neurologia<\/td>\n<td data-align=\"center\">69,7<\/td>\n<\/tr>\n<tr>\n<td>Obstetr\u00edcia e Ginecologia<\/td>\n<td data-align=\"center\">62,25<\/td>\n<\/tr>\n<tr>\n<td>Oftalmologia<\/td>\n<td data-align=\"center\">74<\/td>\n<\/tr>\n<tr>\n<td>Ortopedia e Traumatologia<\/td>\n<td data-align=\"center\">48,1<\/td>\n<\/tr>\n<tr>\n<td>Patologia<\/td>\n<td data-align=\"center\">50,05<\/td>\n<\/tr>\n<tr>\n<td>Pediatria<\/td>\n<td data-align=\"center\">57,3<\/td>\n<\/tr>\n<tr>\n<td>Radiologia e Diagn\u00f3stico por Imagem<\/td>\n<td data-align=\"center\">64,5<\/td>\n<\/tr>\n<tr>\n<td>Reumatologia<\/td>\n<td data-align=\"center\">53,5<\/td>\n<\/tr>\n<tr>\n<td>Urologia<\/td>\n<td data-align=\"center\">68<\/td>\n<\/tr>\n<\/tbody>\n<\/table>\n<h3 id=\"h-universidade-federal-dos-vales-do-jequitinhonha-e-mucuri\"><span class=\"ez-toc-section\" id=\"Universidade_Federal_dos_Vales_do_Jequitinhonha_e_Mucuri\"><\/span><strong>Universidade Federal dos Vales do Jequitinhonha e Mucuri<\/strong><span class=\"ez-toc-section-end\"><\/span><\/h3>\n<table>\n<thead>\n<tr>\n<th>Especialidade<\/th>\n<th data-align=\"center\">Nota de Corte<\/th>\n<\/tr>\n<\/thead>\n<tbody>\n<tr>\n<td>Cl\u00ednica M\u00e9dica<\/td>\n<td data-align=\"center\">52,9<\/td>\n<\/tr>\n<tr>\n<td>Neurocirurgia<\/td>\n<td data-align=\"center\">70,1<\/td>\n<\/tr>\n<tr>\n<td>Obstetr\u00edcia e Ginecologia<\/td>\n<td data-align=\"center\">54,3<\/td>\n<\/tr>\n<tr>\n<td>Ortopedia e Traumatologia<\/td>\n<td data-align=\"center\">62,3<\/td>\n<\/tr>\n<tr>\n<td>Pediatria<\/td>\n<td data-align=\"center\">51,75<\/td>\n<\/tr>\n<\/tbody>\n<\/table>\n<p>\t\t\t\t\t\t\t\t\t\t\t\t\t\t\t\t<a href=\"https:\/\/open.spotify.com\/show\/3MyFcLlKhKequpHll6qpue?si=d0519b77e5c04e2d\" target=\"_blank\" rel=\"noopener\"><br \/>\n\t\t\t\t\t\t\t<img loading=\"lazy\" decoding=\"async\" width=\"800\" height=\"191\" src=\"https:\/\/www.grupomedcof.com.br\/blog\/wp-content\/uploads\/2023\/06\/Blog-MedCof-70-1024x245.png\" alt=\"papo de residente, grupo medcof, medcof, medcof podcasts\" srcset=\"https:\/\/www.grupomedcof.com.br\/blog\/wp-content\/uploads\/2023\/06\/Blog-MedCof-70-1024x245.png 1024w, https:\/\/www.grupomedcof.com.br\/blog\/wp-content\/uploads\/2023\/06\/Blog-MedCof-70-300x72.png 300w, https:\/\/www.grupomedcof.com.br\/blog\/wp-content\/uploads\/2023\/06\/Blog-MedCof-70-768x184.png 768w, https:\/\/www.grupomedcof.com.br\/blog\/wp-content\/uploads\/2023\/06\/Blog-MedCof-70-1536x367.png 1536w, https:\/\/www.grupomedcof.com.br\/blog\/wp-content\/uploads\/2023\/06\/Blog-MedCof-70-2048x490.png 2048w\" sizes=\"auto, (max-width: 800px) 100vw, 800px\" \/>\t\t\t\t\t\t\t\t<\/a><\/p>\n<h2><span class=\"ez-toc-section\" id=\"Notas_de_Corte_das_Residencias_de_Minas_Gerais_Enare\"><\/span><strong>Notas de Corte das Resid\u00eancias de Minas Gerais: Enare<\/strong><span class=\"ez-toc-section-end\"><\/span><\/h2>\n<p>As notas de corte do Exame Nacional de Resid\u00eancia foram consideradas com base no \u00faltimo aprovado por cada especialidade na 1\u00aa chamada na categoria de ampla concorr\u00eancia. Al\u00e9m disso, o processo seletivo contou com o total de<a href=\"http:\/\/www.aremg.org.br\/detalhes-do-processo\/aremg-publica-37-convocacao--psu-2023\/1457\" target=\"_blank\" rel=\"nofollow noopener\" style=\"background-color: rgb(255, 255, 255);\">&nbsp;37 convoca\u00e7\u00f5es<\/a>.<\/p>\n<h3><span class=\"ez-toc-section\" id=\"Complexo_Hospitalar_de_Barbacena\"><\/span><strong>Complexo Hospitalar de Barbacena<\/strong><span class=\"ez-toc-section-end\"><\/span><\/h3>\n<figure>\n<table>\n<thead>\n<tr>\n<th>Especialidade<\/th>\n<th data-align=\"center\">Nota de Corte<\/th>\n<\/tr>\n<\/thead>\n<tbody>\n<tr>\n<td>Psiquiatria<\/td>\n<td data-align=\"center\">775.00<\/td>\n<\/tr>\n<tr>\n<td>Cl\u00ednica M\u00e9dica<\/td>\n<td data-align=\"center\">717.00<\/td>\n<\/tr>\n<tr>\n<td>Medicina Intensiva<\/td>\n<td data-align=\"center\">591.00<\/td>\n<\/tr>\n<tr>\n<td>Neurologia<\/td>\n<td data-align=\"center\">768.00<\/td>\n<\/tr>\n<\/tbody>\n<\/table><figcaption><\/figcaption><\/figure>\n<h3><span class=\"ez-toc-section\" id=\"Belo_Horizonte\"><\/span><strong>Belo Horizonte<\/strong><span class=\"ez-toc-section-end\"><\/span><\/h3>\n<h3><span class=\"ez-toc-section\" id=\"Centro_Psiquico_da_Adolescencia_e_Infancia\"><\/span><strong>Centro Ps\u00edquico da Adolesc\u00eancia e Inf\u00e2ncia<\/strong><span class=\"ez-toc-section-end\"><\/span><\/h3>\n<figure>\n<table>\n<thead>\n<tr>\n<th>Especialidade<\/th>\n<th data-align=\"center\">Nota de Corte<\/th>\n<\/tr>\n<\/thead>\n<tbody>\n<tr>\n<td>Psiquiatria da Inf\u00e2ncia e da Adolesc\u00eancia<\/td>\n<td data-align=\"center\">607.50<\/td>\n<\/tr>\n<\/tbody>\n<\/table><figcaption><\/figcaption><\/figure>\n<h3><span class=\"ez-toc-section\" id=\"Fundo_Municipal_de_Saude_%E2%80%93_Secretaria_Municipal_de_Saude_de_Belo_Horizonte\"><\/span><strong>Fundo Municipal de Sa\u00fade &#8211; Secretaria Municipal de Sa\u00fade de Belo Horizonte<\/strong><span class=\"ez-toc-section-end\"><\/span><\/h3>\n<figure>\n<table>\n<thead>\n<tr>\n<th>Especialidade<\/th>\n<th data-align=\"center\">Nota de Corte<\/th>\n<\/tr>\n<\/thead>\n<tbody>\n<tr>\n<td>Medicina da Fam\u00edlia e Comunidade<\/td>\n<td data-align=\"center\">553.00<\/td>\n<\/tr>\n<\/tbody>\n<\/table><figcaption><\/figcaption><\/figure>\n<h3 id=\"h-belo-horizonte-hospital-metropolitano-odilon-behrens\"><span class=\"ez-toc-section\" id=\"Hospital_Metropolitano_Odilon_Behrens\"><\/span><strong>Hospital Metropolitano Odilon Behrens<\/strong><span class=\"ez-toc-section-end\"><\/span><\/h3>\n<figure>\n<table>\n<thead>\n<tr>\n<th>Especialidade<\/th>\n<th data-align=\"center\">Nota de Corte<\/th>\n<\/tr>\n<\/thead>\n<tbody>\n<tr>\n<td>Anestesiologia<\/td>\n<td data-align=\"center\">796.00<\/td>\n<\/tr>\n<tr>\n<td>Cirurgia Geral<\/td>\n<td data-align=\"center\">862.00<\/td>\n<\/tr>\n<tr>\n<td>Cl\u00ednica M\u00e9dica<\/td>\n<td data-align=\"center\">817.00<\/td>\n<\/tr>\n<tr>\n<td>Ginecologia e Obstetr\u00edcia<\/td>\n<td data-align=\"center\">802.00<\/td>\n<\/tr>\n<tr>\n<td>Medicina de Emerg\u00eancia<\/td>\n<td data-align=\"center\">666.00<\/td>\n<\/tr>\n<tr>\n<td>Neurocirurgia<\/td>\n<td data-align=\"center\">867.00<\/td>\n<\/tr>\n<tr>\n<td>Neurologia<\/td>\n<td data-align=\"center\">825.00<\/td>\n<\/tr>\n<tr>\n<td>Ortopedia e Traumatologia<\/td>\n<td data-align=\"center\">689.00<\/td>\n<\/tr>\n<tr>\n<td>Pediatria<\/td>\n<td data-align=\"center\">729.00<\/td>\n<\/tr>\n<\/tbody>\n<\/table><figcaption><\/figcaption><\/figure>\n<h3><span class=\"ez-toc-section\" id=\"Hospital_Alberto_Cavalcanti\"><\/span><strong>Hospital Alberto Cavalcanti<\/strong><span class=\"ez-toc-section-end\"><\/span><\/h3>\n<figure>\n<table>\n<thead>\n<tr>\n<th>Especialidade<\/th>\n<th data-align=\"center\">Nota de Corte<\/th>\n<\/tr>\n<\/thead>\n<tbody>\n<tr>\n<td>Cirurgia Geral<\/td>\n<td data-align=\"center\">769.00<\/td>\n<\/tr>\n<tr>\n<td>Cl\u00ednica M\u00e9dica<\/td>\n<td data-align=\"center\">740.00<\/td>\n<\/tr>\n<\/tbody>\n<\/table><figcaption><\/figcaption><\/figure>\n<h3><span class=\"ez-toc-section\" id=\"Hospital_Militar_da_Policia_Militar_de_Minas_Gerais\"><\/span><strong>Hospital Militar da Pol\u00edcia Militar de Minas Gerais<\/strong><span class=\"ez-toc-section-end\"><\/span><\/h3>\n<figure>\n<table>\n<thead>\n<tr>\n<th>Especialidade<\/th>\n<th data-align=\"center\">Nota de Corte<\/th>\n<\/tr>\n<\/thead>\n<tbody>\n<tr>\n<td>Cirurgia Geral<\/td>\n<td data-align=\"center\">817.00<\/td>\n<\/tr>\n<tr>\n<td>Cl\u00ednica M\u00e9dica<\/td>\n<td data-align=\"center\">765.00<\/td>\n<\/tr>\n<tr>\n<td>Dermatologia<\/td>\n<td data-align=\"center\">860.00<\/td>\n<\/tr>\n<tr>\n<td>Pediatria<\/td>\n<td data-align=\"center\">698.00<\/td>\n<\/tr>\n<tr>\n<td>Psiquiatria<\/td>\n<td data-align=\"center\">794.00<\/td>\n<\/tr>\n<\/tbody>\n<\/table><figcaption><\/figcaption><\/figure>\n<h3><span class=\"ez-toc-section\" id=\"Hospital_das_Clinicas_da_UFMGEBSERH\"><\/span><strong>Hospital das Cl\u00ednicas da UFMG\/EBSERH<\/strong><span class=\"ez-toc-section-end\"><\/span><\/h3>\n<figure>\n<table>\n<thead>\n<tr>\n<th>Especialidade<\/th>\n<th data-align=\"center\">Nota de Corte<\/th>\n<\/tr>\n<\/thead>\n<tbody>\n<tr>\n<td>Anestesiologia<\/td>\n<td data-align=\"center\">873.00<\/td>\n<\/tr>\n<tr>\n<td>Cirurgia Cardiovascular<\/td>\n<td data-align=\"center\">792.00<\/td>\n<\/tr>\n<tr>\n<td>Cirurgia Geral<\/td>\n<td data-align=\"center\">840.00<\/td>\n<\/tr>\n<tr>\n<td>Cl\u00ednica M\u00e9dica<\/td>\n<td data-align=\"center\">862.00<\/td>\n<\/tr>\n<tr>\n<td>Dermatologia<\/td>\n<td data-align=\"center\">884.00<\/td>\n<\/tr>\n<tr>\n<td>Gen\u00e9tica M\u00e9dica<\/td>\n<td data-align=\"center\">690.00<\/td>\n<\/tr>\n<tr>\n<td>Ginecologia e Obstetr\u00edcia<\/td>\n<td data-align=\"center\">837.00<\/td>\n<\/tr>\n<tr>\n<td>Infectologia<\/td>\n<td data-align=\"center\">787.00<\/td>\n<\/tr>\n<tr>\n<td>Medicina de Emerg\u00eancia<\/td>\n<td data-align=\"center\">776.00<\/td>\n<\/tr>\n<tr>\n<td>Medicina de Fam\u00edlia e Comunidade<\/td>\n<td data-align=\"center\">638.00<\/td>\n<\/tr>\n<tr>\n<td>Medicina do Trabalho<\/td>\n<td data-align=\"center\">687.00<\/td>\n<\/tr>\n<tr>\n<td>Medicina Intensiva<\/td>\n<td data-align=\"center\">760.00<\/td>\n<\/tr>\n<tr>\n<td>Medicina Nuclear<\/td>\n<td data-align=\"center\">573.00<\/td>\n<\/tr>\n<tr>\n<td>Neurocirurgia<\/td>\n<td data-align=\"center\">878.90<\/td>\n<\/tr>\n<tr>\n<td>Neurologia<\/td>\n<td data-align=\"center\">863.00<\/td>\n<\/tr>\n<tr>\n<td>Oftalmologia<\/td>\n<td data-align=\"center\">873.00<\/td>\n<\/tr>\n<tr>\n<td>Ortopedia e Traumatologia<\/td>\n<td data-align=\"center\">813.00<\/td>\n<\/tr>\n<tr>\n<td>Otorrinolaringologia<\/td>\n<td data-align=\"center\">874.00<\/td>\n<\/tr>\n<tr>\n<td>Patologia<\/td>\n<td data-align=\"center\">755.00<\/td>\n<\/tr>\n<tr>\n<td>Patologia Cl\u00ednica\/Medicina Laboratorial<\/td>\n<td data-align=\"center\">738.00<\/td>\n<\/tr>\n<tr>\n<td>Pediatria<\/td>\n<td data-align=\"center\">748.00<\/td>\n<\/tr>\n<tr>\n<td>Psiquiatria<\/td>\n<td data-align=\"center\">845.00<\/td>\n<\/tr>\n<tr>\n<td>Radiologia e Diagn\u00f3stico por Imagem<\/td>\n<td data-align=\"center\">821.00<\/td>\n<\/tr>\n<\/tbody>\n<\/table><figcaption><\/figcaption><\/figure>\n<h3><span class=\"ez-toc-section\" id=\"Hospital_Eduardo_de_Menezes\"><\/span><strong>Hospital Eduardo de Menezes<\/strong><span class=\"ez-toc-section-end\"><\/span><\/h3>\n<figure>\n<table>\n<thead>\n<tr>\n<th>Especialidade<\/th>\n<th data-align=\"center\">Nota de Corte<\/th>\n<\/tr>\n<\/thead>\n<tbody>\n<tr>\n<td>Dermatologia<\/td>\n<td data-align=\"center\">839.00<\/td>\n<\/tr>\n<tr>\n<td>Infectologia<\/td>\n<td data-align=\"center\">686.00<\/td>\n<\/tr>\n<\/tbody>\n<\/table><figcaption><\/figcaption><\/figure>\n<h3><span class=\"ez-toc-section\" id=\"Hospital_Infantil_Joao_Paulo_II\"><\/span><strong>Hospital Infantil Jo\u00e3o Paulo II<\/strong><span class=\"ez-toc-section-end\"><\/span><\/h3>\n<figure>\n<table>\n<thead>\n<tr>\n<th>Especialidade<\/th>\n<th data-align=\"center\">Nota de Corte<\/th>\n<\/tr>\n<\/thead>\n<tbody>\n<tr>\n<td>Pediatria<\/td>\n<td data-align=\"center\">771.00<\/td>\n<\/tr>\n<\/tbody>\n<\/table><figcaption><\/figcaption><\/figure>\n<h3><span class=\"ez-toc-section\" id=\"Hospital_Joao_XXIII\"><\/span><strong>Hospital Jo\u00e3o XXIII<\/strong><span class=\"ez-toc-section-end\"><\/span><\/h3>\n<figure>\n<table>\n<thead>\n<tr>\n<th>Especialidade<\/th>\n<th data-align=\"center\">Nota de Corte<\/th>\n<\/tr>\n<\/thead>\n<tbody>\n<tr>\n<td>Anestesiologia<\/td>\n<td data-align=\"center\">821.00<\/td>\n<\/tr>\n<tr>\n<td>Cl\u00ednica M\u00e9dica<\/td>\n<td data-align=\"center\">775.00<\/td>\n<\/tr>\n<tr>\n<td>Medicina de Emerg\u00eancia<\/td>\n<td data-align=\"center\">701.00<\/td>\n<\/tr>\n<tr>\n<td>Medicina Intensiva<\/td>\n<td data-align=\"center\">714.00<\/td>\n<\/tr>\n<tr>\n<td>Neurocirurgia<\/td>\n<td data-align=\"center\">880.00<\/td>\n<\/tr>\n<\/tbody>\n<\/table><figcaption><\/figcaption><\/figure>\n<h3><span class=\"ez-toc-section\" id=\"Hospital_Julia_Kubitscheck\"><\/span><strong>Hospital J\u00falia Kubitscheck<\/strong><span class=\"ez-toc-section-end\"><\/span><\/h3>\n<figure>\n<table>\n<thead>\n<tr>\n<th>Especialidade<\/th>\n<th data-align=\"center\">Nota de Corte<\/th>\n<\/tr>\n<\/thead>\n<tbody>\n<tr>\n<td>Cirurgia Geral<\/td>\n<td data-align=\"center\">792.00<\/td>\n<\/tr>\n<tr>\n<td>Cl\u00ednica M\u00e9dica<\/td>\n<td data-align=\"center\">740.00<\/td>\n<\/tr>\n<tr>\n<td>Ginecologia e Obstetr\u00edcia<\/td>\n<td data-align=\"center\">760.00<\/td>\n<\/tr>\n<\/tbody>\n<\/table><figcaption><\/figcaption><\/figure>\n<h3><span class=\"ez-toc-section\" id=\"Hospital_Maria_Amelia_Lins\"><\/span><strong>Hospital Maria Am\u00e9lia Lins<\/strong><span class=\"ez-toc-section-end\"><\/span><\/h3>\n<figure>\n<table>\n<thead>\n<tr>\n<th>Especialidade<\/th>\n<th data-align=\"center\">Nota de Corte<\/th>\n<\/tr>\n<\/thead>\n<tbody>\n<tr>\n<td>Ortopedia e Traumatologia<\/td>\n<td data-align=\"center\">767.00<\/td>\n<\/tr>\n<\/tbody>\n<\/table><figcaption><\/figcaption><\/figure>\n<h3 id=\"h-belo-horizonte-instituto-raul-soares\"><span class=\"ez-toc-section\" id=\"Instituto_Raul_Soares\"><\/span><strong>Instituto Raul Soares<\/strong><span class=\"ez-toc-section-end\"><\/span><\/h3>\n<figure>\n<table>\n<thead>\n<tr>\n<th>Especialidade<\/th>\n<th data-align=\"center\">Nota de Corte<\/th>\n<\/tr>\n<\/thead>\n<tbody>\n<tr>\n<td>Psiquiatria<\/td>\n<td data-align=\"center\">822.00<\/td>\n<\/tr>\n<\/tbody>\n<\/table><figcaption><\/figcaption><\/figure>\n<h3 id=\"h-belo-horizonte-maternidade-odete-valadares\"><span class=\"ez-toc-section\" id=\"Maternidade_Odete_Valadares\"><\/span><strong>Maternidade Odete Valadares<\/strong><span class=\"ez-toc-section-end\"><\/span><\/h3>\n<figure>\n<table>\n<thead>\n<tr>\n<th>Especialidade<\/th>\n<th data-align=\"center\">Nota de Corte<\/th>\n<\/tr>\n<\/thead>\n<tbody>\n<tr>\n<td>Ginecologia e Obstetr\u00edcia<\/td>\n<td data-align=\"center\">792.00<\/td>\n<\/tr>\n<\/tbody>\n<\/table><figcaption><\/figcaption><\/figure>\n<h3 id=\"h-juiz-de-fora-hospital-regional-joao-penido\"><span class=\"ez-toc-section\" id=\"Juiz_de_Fora\"><\/span><strong>Juiz de Fora<\/strong><span class=\"ez-toc-section-end\"><\/span><\/h3>\n<h3><span class=\"ez-toc-section\" id=\"Hospital_Regional_Joao_Penido\"><\/span><strong>Hospital Regional Jo\u00e3o Penido<\/strong><span class=\"ez-toc-section-end\"><\/span><\/h3>\n<figure>\n<table>\n<thead>\n<tr>\n<th>Especialidade<\/th>\n<th data-align=\"center\">Nota de Corte<\/th>\n<\/tr>\n<\/thead>\n<tbody>\n<tr>\n<td>Cl\u00ednica M\u00e9dica<\/td>\n<td data-align=\"center\">739.20<\/td>\n<\/tr>\n<tr>\n<td>Ginecologia e Obstetr\u00edcia<\/td>\n<td data-align=\"center\">746.00<\/td>\n<\/tr>\n<tr>\n<td>Medicina Intensiva<\/td>\n<td data-align=\"center\">603.00<\/td>\n<\/tr>\n<tr>\n<td>Pediatria<\/td>\n<td data-align=\"center\">687.00<\/td>\n<\/tr>\n<\/tbody>\n<\/table><figcaption><\/figcaption><\/figure>\n<h3><span class=\"ez-toc-section\" id=\"Hospital_Universitario_da_Universidade_Federal_de_Juiz_de_Fora\"><\/span><strong>Hospital Universit\u00e1rio da Universidade Federal de Juiz de Fora<\/strong><span class=\"ez-toc-section-end\"><\/span><\/h3>\n<figure>\n<table>\n<thead>\n<tr>\n<th>Especialidade<\/th>\n<th data-align=\"center\">Nota de Corte<\/th>\n<\/tr>\n<\/thead>\n<tbody>\n<tr>\n<td>Anestesiologia<\/td>\n<td data-align=\"center\">810.00<\/td>\n<\/tr>\n<tr>\n<td>Cirurgia Geral<\/td>\n<td data-align=\"center\">787.00<\/td>\n<\/tr>\n<tr>\n<td>Cl\u00ednica M\u00e9dica<\/td>\n<td data-align=\"center\">792.00<\/td>\n<\/tr>\n<tr>\n<td>Dermatologia<\/td>\n<td data-align=\"center\">847.00<\/td>\n<\/tr>\n<tr>\n<td>Ginecologia e Obstetr\u00edcia<\/td>\n<td data-align=\"center\">766.00<\/td>\n<\/tr>\n<tr>\n<td>Infectologia<\/td>\n<td data-align=\"center\">721.00<\/td>\n<\/tr>\n<tr>\n<td>Medicina Intensiva<\/td>\n<td data-align=\"center\">714.00<\/td>\n<\/tr>\n<tr>\n<td>Neurologia<\/td>\n<td data-align=\"center\">795.00<\/td>\n<\/tr>\n<tr>\n<td>Oftalmologia<\/td>\n<td data-align=\"center\">845.00<\/td>\n<\/tr>\n<tr>\n<td>Ortopedia e Traumatologia<\/td>\n<td data-align=\"center\">696.00<\/td>\n<\/tr>\n<tr>\n<td>Otorrinolaringologia<\/td>\n<td data-align=\"center\">810.00<\/td>\n<\/tr>\n<tr>\n<td>Patologia<\/td>\n<td data-align=\"center\">618.00<\/td>\n<\/tr>\n<tr>\n<td>Pediatria<\/td>\n<td data-align=\"center\">708.00<\/td>\n<\/tr>\n<tr>\n<td>Psiquiatria<\/td>\n<td data-align=\"center\">791.00<\/td>\n<\/tr>\n<tr>\n<td>Radiologia e Diagn\u00f3stico por Imagem<\/td>\n<td data-align=\"center\">761.00<\/td>\n<\/tr>\n<\/tbody>\n<\/table><figcaption><\/figcaption><\/figure>\n<h3 id=\"h-montes-claros-universidade-estadual-de-montes-claros-unimontes\"><span class=\"ez-toc-section\" id=\"Montes_Claros_%E2%80%93_Universidade_Estadual_de_Montes_Claros_%E2%80%93_UNIMONTES\"><\/span><strong>Montes Claros \u2013 Universidade Estadual de Montes Claros \u2013 UNIMONTES<\/strong><span class=\"ez-toc-section-end\"><\/span><\/h3>\n<figure>\n<table>\n<thead>\n<tr>\n<th>Especialidade<\/th>\n<th data-align=\"center\">Nota de Corte<\/th>\n<\/tr>\n<\/thead>\n<tbody>\n<tr>\n<td>Anestesiologia<\/td>\n<td data-align=\"center\">790.00<\/td>\n<\/tr>\n<tr>\n<td>Cirurgia Geral<\/td>\n<td data-align=\"center\">730.00<\/td>\n<\/tr>\n<tr>\n<td>Cl\u00ednica M\u00e9dica<\/td>\n<td data-align=\"center\">777.00<\/td>\n<\/tr>\n<tr>\n<td>Ginecologia e Obstetr\u00edcia<\/td>\n<td data-align=\"center\">731.00<\/td>\n<\/tr>\n<tr>\n<td>Medicina de Fam\u00edlia de Comunidade (Jana\u00faba)<\/td>\n<td data-align=\"center\">540.00<\/td>\n<\/tr>\n<tr>\n<td>Medicina de Fam\u00edlia de Comunidade (Salinas)<\/td>\n<td data-align=\"center\">682.00<\/td>\n<\/tr>\n<tr>\n<td>Medicina de Fam\u00edlia de Comunidade (Pirapora)<\/td>\n<td data-align=\"center\">543.00<\/td>\n<\/tr>\n<tr>\n<td>Medicina de Fam\u00edlia de Comunidade (Montes Claros)<\/td>\n<td data-align=\"center\">483.00<\/td>\n<\/tr>\n<tr>\n<td>Ortopedia e Traumatologia<\/td>\n<td data-align=\"center\">673.00<\/td>\n<\/tr>\n<tr>\n<td>Otorrinolaringologia<\/td>\n<td data-align=\"center\">797.00<\/td>\n<\/tr>\n<tr>\n<td>Pediatria<\/td>\n<td data-align=\"center\">692.00<\/td>\n<\/tr>\n<tr>\n<td>Psiquiatria<\/td>\n<td data-align=\"center\">774.40<\/td>\n<\/tr>\n<\/tbody>\n<\/table><figcaption><\/figcaption><\/figure>\n<h3><span class=\"ez-toc-section\" id=\"Patos_de_Minas_%E2%80%93_Hospital_Regional_Antonio_Dias\"><\/span><strong>Patos de Minas \u2013 Hospital Regional Ant\u00f4nio Dias<\/strong><span class=\"ez-toc-section-end\"><\/span><\/h3>\n<figure>\n<table>\n<thead>\n<tr>\n<th>Especialidade<\/th>\n<th data-align=\"center\">Nota de Corte<\/th>\n<\/tr>\n<\/thead>\n<tbody>\n<tr>\n<td>Anestesiologia<\/td>\n<td data-align=\"center\">770.00<\/td>\n<\/tr>\n<tr>\n<td>Cirurgia Geral<\/td>\n<td data-align=\"center\">723.00<\/td>\n<\/tr>\n<tr>\n<td>Cl\u00ednica M\u00e9dica<\/td>\n<td data-align=\"center\">705.00<\/td>\n<\/tr>\n<tr>\n<td>Ginecologia e Obstetr\u00edcia<\/td>\n<td data-align=\"center\">728.00<\/td>\n<\/tr>\n<tr>\n<td>Ortopedia e Traumatologia<\/td>\n<td data-align=\"center\">661.00<\/td>\n<\/tr>\n<\/tbody>\n<\/table>\n<\/figure>\n<h2><span class=\"ez-toc-section\" id=\"Notas_de_Corte_das_Residencias_de_Minas_Gerais_Outras_instituicoes\"><\/span><strong>Notas de Corte das Resid\u00eancias de Minas Gerais: Outras institui\u00e7\u00f5es<\/strong><span class=\"ez-toc-section-end\"><\/span><\/h2>\n<table>\n<thead>\n<tr>\n<th>Institui\u00e7\u00e3o<\/th>\n<th data-align=\"center\">Especialidade<\/th>\n<th data-align=\"center\">Nota de Corte<\/th>\n<\/tr>\n<\/thead>\n<tbody>\n<tr>\n<td>Associa\u00e7\u00e3o de Assist\u00eancia Social da Santa Casa de Miseric\u00f3rdia de Arax\u00e1<\/td>\n<td data-align=\"center\">Cl\u00ednica M\u00e9dica<\/td>\n<td data-align=\"center\">56,8<\/td>\n<\/tr>\n<tr>\n<td>Associa\u00e7\u00e3o Hospitalar Santa Ros\u00e1lia<\/td>\n<td data-align=\"center\">Cirurgia Geral<\/td>\n<td data-align=\"center\">55,9<\/td>\n<\/tr>\n<tr>\n<td>Associa\u00e7\u00e3o Hospitalar Santa Ros\u00e1lia<\/td>\n<td data-align=\"center\">Cl\u00ednica M\u00e9dica<\/td>\n<td data-align=\"center\">56,4<\/td>\n<\/tr>\n<tr>\n<td>Casa de Caridade de Carangola<\/td>\n<td data-align=\"center\">Cl\u00ednica M\u00e9dica<\/td>\n<td data-align=\"center\">49,05<\/td>\n<\/tr>\n<tr>\n<td>Casa de Caridade de Carangola<\/td>\n<td data-align=\"center\">Medicina Intensiva<\/td>\n<td data-align=\"center\">\u2013<\/td>\n<\/tr>\n<tr>\n<td>Centro Barbacenense de Assist\u00eancia M\u00e9dica e Social \u2013 Hospital Ibiapaba<\/td>\n<td data-align=\"center\">Cardiologia<\/td>\n<td data-align=\"center\">50<\/td>\n<\/tr>\n<tr>\n<td>Funda\u00e7\u00e3o Deraldo Guimar\u00e3es \u2013 Almenara<\/td>\n<td data-align=\"center\">Cirurgia Geral<\/td>\n<td data-align=\"center\">52,9<\/td>\n<\/tr>\n<tr>\n<td>Funda\u00e7\u00e3o Deraldo Guimar\u00e3es \u2013 Almenara<\/td>\n<td data-align=\"center\">Cl\u00ednica M\u00e9dica<\/td>\n<td data-align=\"center\">49,05<\/td>\n<\/tr>\n<tr>\n<td>Funda\u00e7\u00e3o Educacional de Patos de Minas<\/td>\n<td data-align=\"center\">Medicina de Fam\u00edlia e Comunidade<\/td>\n<td data-align=\"center\">56,6<\/td>\n<\/tr>\n<tr>\n<td>Funda\u00e7\u00e3o Hospital Ouro Branco<\/td>\n<td data-align=\"center\">Cl\u00ednica M\u00e9dica<\/td>\n<td data-align=\"center\">59,1<\/td>\n<\/tr>\n<tr>\n<td>Funda\u00e7\u00e3o Hospitalar de Montes Claros \u2013 Hospital Aroldo Tourinho<\/td>\n<td data-align=\"center\">Cl\u00ednica M\u00e9dica<\/td>\n<td data-align=\"center\">57,15<\/td>\n<\/tr>\n<tr>\n<td>Funda\u00e7\u00e3o Hospitalar de Montes Claros \u2013 Hospital Aroldo Tourinho<\/td>\n<td data-align=\"center\">Ortopedia e Traumatologia<\/td>\n<td data-align=\"center\">53,45<\/td>\n<\/tr>\n<tr>\n<td>Funda\u00e7\u00e3o Jos\u00e9 Bonif\u00e1cio Lafayette de Andrada<\/td>\n<td data-align=\"center\">Anestesiologia<\/td>\n<td data-align=\"center\">63,6<\/td>\n<\/tr>\n<tr>\n<td>Funda\u00e7\u00e3o Jos\u00e9 Bonif\u00e1cio Lafayette de Andrada<\/td>\n<td data-align=\"center\">Cirurgia Geral<\/td>\n<td data-align=\"center\">56,8<\/td>\n<\/tr>\n<tr>\n<td>Hospital e Cl\u00ednicas Santa Paula Ltda \u2013 Pouso Alegre<\/td>\n<td data-align=\"center\">Anestesiologia<\/td>\n<td data-align=\"center\">59,7<\/td>\n<\/tr>\n<tr>\n<td>Hospital e Cl\u00ednicas Santa Paula Ltda \u2013 Pouso Alegre<\/td>\n<td data-align=\"center\">Mastologia<\/td>\n<td data-align=\"center\">53<\/td>\n<\/tr>\n<tr>\n<td>Hospital e Maternidade Santa Rita<\/td>\n<td data-align=\"center\">Cl\u00ednica M\u00e9dica<\/td>\n<td data-align=\"center\">59,4<\/td>\n<\/tr>\n<tr>\n<td>Hospital e Maternidade Santa Rita<\/td>\n<td data-align=\"center\">Neurocirurgia<\/td>\n<td data-align=\"center\">54,1<\/td>\n<\/tr>\n<tr>\n<td>Hospital e Maternidade S\u00e3o Jos\u00e9 \u2013 Conselheiro Lafaiete<\/td>\n<td data-align=\"center\">Cirurgia Geral<\/td>\n<td data-align=\"center\">54,1<\/td>\n<\/tr>\n<tr>\n<td>\n<h4>Hospital Infantil S\u00e3o Camilo \u2013 UNIMED<\/h4>\n<\/td>\n<td data-align=\"center\">Pediatria<\/td>\n<td data-align=\"center\">68,8<\/td>\n<\/tr>\n<tr>\n<td>Hospital Maternidade e Pronto Socorro Santa Lucia \u2013 Po\u00e7os de Caldas<\/td>\n<td data-align=\"center\">Cl\u00ednica M\u00e9dica<\/td>\n<td data-align=\"center\">52,3<\/td>\n<\/tr>\n<tr>\n<td>Hospital Municipal Carlos Chagas \u2013 Funda\u00e7\u00e3o S\u00e3o Francisco Xavier<\/td>\n<td data-align=\"center\">Cl\u00ednica M\u00e9dica<\/td>\n<td data-align=\"center\">61,3<\/td>\n<\/tr>\n<tr>\n<td>Hospital Municipal Carlos Chagas \u2013 Funda\u00e7\u00e3o S\u00e3o Francisco Xavier<\/td>\n<td data-align=\"center\">Medicina Intensiva<\/td>\n<td data-align=\"center\">52,9<\/td>\n<\/tr>\n<tr>\n<td>Hospital Otorrino Center LTDA<\/td>\n<td data-align=\"center\">Otorrinolaringologia<\/td>\n<td data-align=\"center\">81<\/td>\n<\/tr>\n<tr>\n<td>Hospital Sofia Feldman<\/td>\n<td data-align=\"center\">Neonatologia<\/td>\n<td data-align=\"center\">67,5<\/td>\n<\/tr>\n<tr>\n<td>Irmandade de Nossa Senhora da Sa\u00fade \u2013 Hospital S\u00e3o Vicente de Paula \u2013 Ub\u00e1<\/td>\n<td data-align=\"center\">Cl\u00ednica M\u00e9dica<\/td>\n<td data-align=\"center\">54,8<\/td>\n<\/tr>\n<tr>\n<td>ISO Olhos \u2013 Instituto de Sa\u00fade Ocular<\/td>\n<td data-align=\"center\">Oftalmologia<\/td>\n<td data-align=\"center\">61<\/td>\n<\/tr>\n<tr>\n<td>Maternidade Octaviano Neves<\/td>\n<td data-align=\"center\">Obstetr\u00edcia e Ginecologia<\/td>\n<td data-align=\"center\">69,5<\/td>\n<\/tr>\n<tr>\n<td>Maternidade UNIMED BH \u2013 Unidade Graja\u00fa<\/td>\n<td data-align=\"center\">Neonatologia<\/td>\n<td data-align=\"center\">60<\/td>\n<\/tr>\n<tr>\n<td>Maternidade UNIMED BH \u2013 Unidade Graja\u00fa<\/td>\n<td data-align=\"center\">Obstetr\u00edcia e Ginecologia<\/td>\n<td data-align=\"center\">72,9<\/td>\n<\/tr>\n<tr>\n<td>Neocenter SA<\/td>\n<td data-align=\"center\">Medicina Intensiva Pedi\u00e1trica<\/td>\n<td data-align=\"center\">62,5<\/td>\n<\/tr>\n<tr>\n<td>Neocenter SA<\/td>\n<td data-align=\"center\">Neonatologia<\/td>\n<td data-align=\"center\">69,5<\/td>\n<\/tr>\n<tr>\n<td>Prefeitura de Juiz de Fora \u2013 Secretaria de Sa\u00fade<\/td>\n<td data-align=\"center\">Medicina de Fam\u00edlia e Comunidade<\/td>\n<td data-align=\"center\">51,5<\/td>\n<\/tr>\n<tr>\n<td>Santa Casa de Itanhandu<\/td>\n<td data-align=\"center\">Oftalmologia<\/td>\n<td data-align=\"center\">68,4<\/td>\n<\/tr>\n<tr>\n<td>Santa Casa de Miseric\u00f3rdia de Barbacena<\/td>\n<td data-align=\"center\">Medicina de Fam\u00edlia e Comunidade<\/td>\n<td data-align=\"center\">73,3<\/td>\n<\/tr>\n<tr>\n<td>Santa Casa de Miseric\u00f3rdia de Barbacena<\/td>\n<td data-align=\"center\">Pediatria<\/td>\n<td data-align=\"center\">56,6<\/td>\n<\/tr>\n<tr>\n<td>Santa Casa de Miseric\u00f3rdia Nossa Senhora do Patroc\u00ednio<\/td>\n<td data-align=\"center\">Cl\u00ednica M\u00e9dica<\/td>\n<td data-align=\"center\">55,1<\/td>\n<\/tr>\n<tr>\n<td>Sete Lagoas Prefeitura \u2013 Secretaria Municipal de Sa\u00fade<\/td>\n<td data-align=\"center\">Cirurgia Geral<\/td>\n<td data-align=\"center\">57,05<\/td>\n<\/tr>\n<tr>\n<td>Sociedade Mineira de Cultura \u2013 PUC Minas \u2013 Contagem<\/td>\n<td data-align=\"center\">Medicina de Fam\u00edlia e Comunidade<\/td>\n<td data-align=\"center\">45,9<\/td>\n<\/tr>\n<tr>\n<td>Sociedade Mineira de Cultura \u2013 PUC Minas \u2013 Po\u00e7os de Caldas<\/td>\n<td data-align=\"center\">Medicina de Fam\u00edlia e Comunidade<\/td>\n<td data-align=\"center\">51,8<\/td>\n<\/tr>\n<tr>\n<td>Universidade Federal de Ouro Preto<\/td>\n<td data-align=\"center\">Cirurgia Geral<\/td>\n<td data-align=\"center\">57,5<\/td>\n<\/tr>\n<tr>\n<td>Universidade Federal de Ouro Preto<\/td>\n<td data-align=\"center\">Medicina de Fam\u00edlia e Comunidade<\/td>\n<td data-align=\"center\">55,9<\/td>\n<\/tr>\n<\/tbody>\n<\/table>\n<section data-id=\"5f13890\" data-element_type=\"section\">\n<section data-id=\"5f13890\" data-element_type=\"section\">\n<\/section>\n<\/section>\n<h2 style=\"font-family: Poppins, sans-serif; color: rgb(122, 122, 122);\"><span class=\"ez-toc-section\" id=\"Conquiste_a_aprovacao\"><\/span>Conquiste a aprova\u00e7\u00e3o!&nbsp;<span class=\"ez-toc-section-end\"><\/span><\/h2>\n<p><a href=\"https:\/\/www.grupomedcof.com.br\/blog\/presenca-da-medcof-nas-aprovacoes-em-residencia-medica-no-brasil\/\" target=\"_blank\" rel=\"noopener\">Seja&nbsp;mais um aprovado<\/a>&nbsp;nas melhores resid\u00eancias m\u00e9dicas do pa\u00eds com o<a href=\"https:\/\/www.grupomedcof.com.br\/\" target=\"_blank\" rel=\"noopener\">&nbsp;Grupo&nbsp;MedCof<\/a>!&nbsp;Temos um cat\u00e1logo repleto de cursos que te guiar\u00e3o na jornada para as provas de Resid\u00eancia M\u00e9dica que ocorrer\u00e3o em 2023!<\/p>\n<section data-id=\"5f13890\" data-element_type=\"section\">\n<section data-id=\"5f13890\" data-element_type=\"section\">&nbsp;Mas, se voc\u00ea \u00e9 novo por aqui, que tal se inscrever na<a href=\"https:\/\/www.grupomedcof.com.br\/inscricao-hiit-2023\/\" target=\"_blank\" rel=\"noopener\">&nbsp;Semana HIIT<\/a>?&nbsp;Ser\u00e1 um evento&nbsp;100% gratuito e online&nbsp;que te permitir\u00e1 conhecer um pouco do nosso m\u00e9todo de ensino<\/section>\n<\/section>\n<p>\t\t\t\t\t\t\t\t\t\t\t\t\t\t\t\t<a href=\"https:\/\/www.grupomedcof.com.br\/inscricao-hiit-2023\/\" target=\"_blank\" rel=\"noopener\"><br \/>\n\t\t\t\t\t\t\t<img loading=\"lazy\" decoding=\"async\" width=\"800\" height=\"442\" src=\"https:\/\/www.grupomedcof.com.br\/blog\/wp-content\/uploads\/2023\/05\/Inscricao-Semana-HIIT-1024x566.png\" alt=\"Semana HIIT MedCof, aulas grupo medcof, medcof, aulas medcof, medcof qbank, gupo medcof\" srcset=\"https:\/\/www.grupomedcof.com.br\/blog\/wp-content\/uploads\/2023\/05\/Inscricao-Semana-HIIT-1024x566.png 1024w, https:\/\/www.grupomedcof.com.br\/blog\/wp-content\/uploads\/2023\/05\/Inscricao-Semana-HIIT-300x166.png 300w, https:\/\/www.grupomedcof.com.br\/blog\/wp-content\/uploads\/2023\/05\/Inscricao-Semana-HIIT-768x425.png 768w, https:\/\/www.grupomedcof.com.br\/blog\/wp-content\/uploads\/2023\/05\/Inscricao-Semana-HIIT.png 1242w\" sizes=\"auto, (max-width: 800px) 100vw, 800px\" \/>\t\t\t\t\t\t\t\t<\/a><\/p>\n","protected":false},"excerpt":{"rendered":"<p>Saiba a nota de corte das especialidades nas principais resid\u00eancias m\u00e9dicas de Minas Gerais (MG) e prepare-se para ingressar nas melhores institui\u00e7\u00f5es em 2024. Confira abaixo Notas de Corte: Resid\u00eancias de Minas Gerais A seguir voc\u00ea ver\u00e1 as principais notas de corte das Resid\u00eancia M\u00e9dicas de Minas Gerais coletadas em 2023. Desse modo, a defini\u00e7\u00e3o [&hellip;]<\/p>\n","protected":false},"author":6,"featured_media":8178,"comment_status":"open","ping_status":"open","sticky":false,"template":"","format":"standard","meta":{"footnotes":""},"categories":[1],"tags":[29,117,45,68],"ppma_author":[3609],"class_list":{"0":"post-8020","1":"post","2":"type-post","3":"status-publish","4":"format-standard","5":"has-post-thumbnail","7":"category-uncategorized","8":"tag-enare","9":"tag-provas-de-residencia","10":"tag-psu-mg","11":"tag-residencia-medica"},"yoast_head":"<!-- This site is optimized with the Yoast SEO Premium plugin v24.3 (Yoast SEO v27.4) - https:\/\/yoast.com\/product\/yoast-seo-premium-wordpress\/ -->\n<title>Notas de Corte 2022\/2023: Resid\u00eancias de Minas Gerais - Blog de Medcof: conte\u00fados, editais, revalida e mais!<\/title>\n<meta name=\"description\" content=\"Saiba a nota de corte das especialidades nas principais resid\u00eancias m\u00e9dicas de Minas Gerais (MG) e prepare-se para as pr\u00f3ximas provas.\" \/>\n<meta name=\"robots\" content=\"index, follow, max-snippet:-1, max-image-preview:large, max-video-preview:-1\" \/>\n<link rel=\"canonical\" href=\"https:\/\/www.grupomedcof.com.br\/blog\/notas-de-corte-residencias-de-minas-gerais\/\" \/>\n<meta property=\"og:locale\" content=\"pt_BR\" \/>\n<meta property=\"og:type\" content=\"article\" \/>\n<meta property=\"og:title\" content=\"Notas de Corte 2022\/2023: Resid\u00eancias de Minas Gerais\" \/>\n<meta property=\"og:description\" content=\"Saiba a nota de corte das especialidades nas principais resid\u00eancias m\u00e9dicas de Minas Gerais (MG) e prepare-se para as pr\u00f3ximas provas.\" \/>\n<meta property=\"og:url\" content=\"https:\/\/www.grupomedcof.com.br\/blog\/notas-de-corte-residencias-de-minas-gerais\/\" \/>\n<meta property=\"og:site_name\" content=\"Blog de Medcof: conte\u00fados, editais, revalida e mais!\" \/>\n<meta property=\"article:publisher\" content=\"https:\/\/www.facebook.com\/MedCofQbank\/\" \/>\n<meta property=\"article:published_time\" content=\"2023-06-19T16:50:30+00:00\" \/>\n<meta property=\"article:modified_time\" content=\"2024-06-26T13:35:14+00:00\" \/>\n<meta property=\"og:image\" content=\"https:\/\/www.grupomedcof.com.br\/blog\/wp-content\/uploads\/2023\/06\/Blog-MedCof-79-1024x576.png\" \/>\n\t<meta property=\"og:image:width\" content=\"1024\" \/>\n\t<meta property=\"og:image:height\" content=\"576\" \/>\n\t<meta property=\"og:image:type\" content=\"image\/png\" \/>\n<meta name=\"author\" content=\"J\u00falia Moreira\" \/>\n<meta name=\"twitter:card\" content=\"summary_large_image\" \/>\n<meta name=\"twitter:label1\" content=\"Escrito por\" \/>\n\t<meta name=\"twitter:data1\" content=\"J\u00falia Moreira\" \/>\n\t<meta name=\"twitter:label2\" content=\"Est. tempo de leitura\" \/>\n\t<meta name=\"twitter:data2\" content=\"19 minutos\" \/>\n<script type=\"application\/ld+json\" class=\"yoast-schema-graph\">{\"@context\":\"https:\\\/\\\/schema.org\",\"@graph\":[{\"@type\":\"Article\",\"@id\":\"https:\\\/\\\/www.grupomedcof.com.br\\\/blog\\\/notas-de-corte-residencias-de-minas-gerais\\\/#article\",\"isPartOf\":{\"@id\":\"https:\\\/\\\/www.grupomedcof.com.br\\\/blog\\\/notas-de-corte-residencias-de-minas-gerais\\\/\"},\"author\":{\"name\":\"J\u00falia Moreira\",\"@id\":\"https:\\\/\\\/www.grupomedcof.com.br\\\/blog\\\/#\\\/schema\\\/person\\\/1375e0ce724529d7a1d8156ea7f8ceaa\"},\"headline\":\"Notas de Corte 2022\\\/2023: Resid\u00eancias de Minas Gerais\",\"datePublished\":\"2023-06-19T16:50:30+00:00\",\"dateModified\":\"2024-06-26T13:35:14+00:00\",\"mainEntityOfPage\":{\"@id\":\"https:\\\/\\\/www.grupomedcof.com.br\\\/blog\\\/notas-de-corte-residencias-de-minas-gerais\\\/\"},\"wordCount\":3020,\"commentCount\":0,\"publisher\":{\"@id\":\"https:\\\/\\\/www.grupomedcof.com.br\\\/blog\\\/#organization\"},\"image\":{\"@id\":\"https:\\\/\\\/www.grupomedcof.com.br\\\/blog\\\/notas-de-corte-residencias-de-minas-gerais\\\/#primaryimage\"},\"thumbnailUrl\":\"https:\\\/\\\/www.grupomedcof.com.br\\\/blog\\\/wp-content\\\/uploads\\\/2023\\\/06\\\/Blog-MedCof-79.png\",\"keywords\":[\"ENARE\",\"Provas de Resid\u00eancia\",\"PSU-MG\",\"Resid\u00eancia M\u00e9dica\"],\"articleSection\":[\"Uncategorized\"],\"inLanguage\":\"pt-BR\"},{\"@type\":\"WebPage\",\"@id\":\"https:\\\/\\\/www.grupomedcof.com.br\\\/blog\\\/notas-de-corte-residencias-de-minas-gerais\\\/\",\"url\":\"https:\\\/\\\/www.grupomedcof.com.br\\\/blog\\\/notas-de-corte-residencias-de-minas-gerais\\\/\",\"name\":\"Notas de Corte 2022\\\/2023: Resid\u00eancias de Minas Gerais - Blog de Medcof: conte\u00fados, editais, revalida e mais!\",\"isPartOf\":{\"@id\":\"https:\\\/\\\/www.grupomedcof.com.br\\\/blog\\\/#website\"},\"primaryImageOfPage\":{\"@id\":\"https:\\\/\\\/www.grupomedcof.com.br\\\/blog\\\/notas-de-corte-residencias-de-minas-gerais\\\/#primaryimage\"},\"image\":{\"@id\":\"https:\\\/\\\/www.grupomedcof.com.br\\\/blog\\\/notas-de-corte-residencias-de-minas-gerais\\\/#primaryimage\"},\"thumbnailUrl\":\"https:\\\/\\\/www.grupomedcof.com.br\\\/blog\\\/wp-content\\\/uploads\\\/2023\\\/06\\\/Blog-MedCof-79.png\",\"datePublished\":\"2023-06-19T16:50:30+00:00\",\"dateModified\":\"2024-06-26T13:35:14+00:00\",\"description\":\"Saiba a nota de corte das especialidades nas principais resid\u00eancias m\u00e9dicas de Minas Gerais (MG) e prepare-se para as pr\u00f3ximas provas.\",\"breadcrumb\":{\"@id\":\"https:\\\/\\\/www.grupomedcof.com.br\\\/blog\\\/notas-de-corte-residencias-de-minas-gerais\\\/#breadcrumb\"},\"inLanguage\":\"pt-BR\",\"potentialAction\":[{\"@type\":\"ReadAction\",\"target\":[\"https:\\\/\\\/www.grupomedcof.com.br\\\/blog\\\/notas-de-corte-residencias-de-minas-gerais\\\/\"]}]},{\"@type\":\"ImageObject\",\"inLanguage\":\"pt-BR\",\"@id\":\"https:\\\/\\\/www.grupomedcof.com.br\\\/blog\\\/notas-de-corte-residencias-de-minas-gerais\\\/#primaryimage\",\"url\":\"https:\\\/\\\/www.grupomedcof.com.br\\\/blog\\\/wp-content\\\/uploads\\\/2023\\\/06\\\/Blog-MedCof-79.png\",\"contentUrl\":\"https:\\\/\\\/www.grupomedcof.com.br\\\/blog\\\/wp-content\\\/uploads\\\/2023\\\/06\\\/Blog-MedCof-79.png\",\"width\":2560,\"height\":1440,\"caption\":\"Saiba a nota de corte das especialidades nas principais resid\u00eancias m\u00e9dicas de Minas Gerais (MG) e prepare-se para as pr\u00f3ximas provas.\"},{\"@type\":\"BreadcrumbList\",\"@id\":\"https:\\\/\\\/www.grupomedcof.com.br\\\/blog\\\/notas-de-corte-residencias-de-minas-gerais\\\/#breadcrumb\",\"itemListElement\":[{\"@type\":\"ListItem\",\"position\":1,\"name\":\"In\u00edcio\",\"item\":\"https:\\\/\\\/www.grupomedcof.com.br\\\/blog\\\/\"},{\"@type\":\"ListItem\",\"position\":2,\"name\":\"Notas de Corte 2022\\\/2023: Resid\u00eancias de Minas Gerais\"}]},{\"@type\":\"WebSite\",\"@id\":\"https:\\\/\\\/www.grupomedcof.com.br\\\/blog\\\/#website\",\"url\":\"https:\\\/\\\/www.grupomedcof.com.br\\\/blog\\\/\",\"name\":\"Blog de Medcof: conte\u00fados, editais, revalida e mais!\",\"description\":\"Acesso o blog de MedCof! Seu portal de conte\u00fados sobre resid\u00eancia m\u00e9dica, an\u00e1lise e editais e muito mais. Clique e confira!\",\"publisher\":{\"@id\":\"https:\\\/\\\/www.grupomedcof.com.br\\\/blog\\\/#organization\"},\"alternateName\":\"Blog de Medcof: conte\u00fados, editais, revalida e mais!\",\"potentialAction\":[{\"@type\":\"SearchAction\",\"target\":{\"@type\":\"EntryPoint\",\"urlTemplate\":\"https:\\\/\\\/www.grupomedcof.com.br\\\/blog\\\/?s={search_term_string}\"},\"query-input\":{\"@type\":\"PropertyValueSpecification\",\"valueRequired\":true,\"valueName\":\"search_term_string\"}}],\"inLanguage\":\"pt-BR\"},{\"@type\":\"Organization\",\"@id\":\"https:\\\/\\\/www.grupomedcof.com.br\\\/blog\\\/#organization\",\"name\":\"Grupo MedCof\",\"url\":\"https:\\\/\\\/www.grupomedcof.com.br\\\/blog\\\/\",\"logo\":{\"@type\":\"ImageObject\",\"inLanguage\":\"pt-BR\",\"@id\":\"https:\\\/\\\/www.grupomedcof.com.br\\\/blog\\\/#\\\/schema\\\/logo\\\/image\\\/\",\"url\":\"https:\\\/\\\/www.grupomedcof.com.br\\\/blog\\\/wp-content\\\/uploads\\\/2022\\\/01\\\/logo-medcof.png\",\"contentUrl\":\"https:\\\/\\\/www.grupomedcof.com.br\\\/blog\\\/wp-content\\\/uploads\\\/2022\\\/01\\\/logo-medcof.png\",\"width\":768,\"height\":269,\"caption\":\"Grupo MedCof\"},\"image\":{\"@id\":\"https:\\\/\\\/www.grupomedcof.com.br\\\/blog\\\/#\\\/schema\\\/logo\\\/image\\\/\"},\"sameAs\":[\"https:\\\/\\\/www.facebook.com\\\/MedCofQbank\\\/\",\"https:\\\/\\\/www.instagram.com\\\/grupomedcof\\\/\",\"https:\\\/\\\/br.linkedin.com\\\/company\\\/medcof\",\"https:\\\/\\\/www.youtube.com\\\/channel\\\/UCdHMuOHKICxcHwecxN8P-AA\"]},{\"@type\":\"Person\",\"@id\":\"https:\\\/\\\/www.grupomedcof.com.br\\\/blog\\\/#\\\/schema\\\/person\\\/1375e0ce724529d7a1d8156ea7f8ceaa\",\"name\":\"J\u00falia Moreira\",\"image\":{\"@type\":\"ImageObject\",\"inLanguage\":\"pt-BR\",\"@id\":\"https:\\\/\\\/www.grupomedcof.com.br\\\/blog\\\/wp-content\\\/uploads\\\/2024\\\/12\\\/cropped-Captura-de-tela-2023-12-15-094946-96x96.png6a0083ac34a0445de97d55fae63a4a41\",\"url\":\"https:\\\/\\\/www.grupomedcof.com.br\\\/blog\\\/wp-content\\\/uploads\\\/2024\\\/12\\\/cropped-Captura-de-tela-2023-12-15-094946-96x96.png\",\"contentUrl\":\"https:\\\/\\\/www.grupomedcof.com.br\\\/blog\\\/wp-content\\\/uploads\\\/2024\\\/12\\\/cropped-Captura-de-tela-2023-12-15-094946-96x96.png\",\"caption\":\"J\u00falia Moreira\"},\"description\":\"Estudante do 8\u00ba semestre de Jornalismo na ECA-USP, f\u00e3 de filmes de terror e m\u00fasica popular sul-coreana.\",\"sameAs\":[\"https:\\\/\\\/www.grupomedcof.com.br\\\/\"],\"url\":\"https:\\\/\\\/www.grupomedcof.com.br\\\/blog\\\/author\\\/julia\\\/\"}]}<\/script>\n<!-- \/ Yoast SEO Premium plugin. -->","yoast_head_json":{"title":"Notas de Corte 2022\/2023: Resid\u00eancias de Minas Gerais - Blog de Medcof: conte\u00fados, editais, revalida e mais!","description":"Saiba a nota de corte das especialidades nas principais resid\u00eancias m\u00e9dicas de Minas Gerais (MG) e prepare-se para as pr\u00f3ximas provas.","robots":{"index":"index","follow":"follow","max-snippet":"max-snippet:-1","max-image-preview":"max-image-preview:large","max-video-preview":"max-video-preview:-1"},"canonical":"https:\/\/www.grupomedcof.com.br\/blog\/notas-de-corte-residencias-de-minas-gerais\/","og_locale":"pt_BR","og_type":"article","og_title":"Notas de Corte 2022\/2023: Resid\u00eancias de Minas Gerais","og_description":"Saiba a nota de corte das especialidades nas principais resid\u00eancias m\u00e9dicas de Minas Gerais (MG) e prepare-se para as pr\u00f3ximas provas.","og_url":"https:\/\/www.grupomedcof.com.br\/blog\/notas-de-corte-residencias-de-minas-gerais\/","og_site_name":"Blog de Medcof: conte\u00fados, editais, revalida e mais!","article_publisher":"https:\/\/www.facebook.com\/MedCofQbank\/","article_published_time":"2023-06-19T16:50:30+00:00","article_modified_time":"2024-06-26T13:35:14+00:00","og_image":[{"width":1024,"height":576,"url":"https:\/\/www.grupomedcof.com.br\/blog\/wp-content\/uploads\/2023\/06\/Blog-MedCof-79-1024x576.png","type":"image\/png"}],"author":"J\u00falia Moreira","twitter_card":"summary_large_image","twitter_misc":{"Escrito por":"J\u00falia Moreira","Est. tempo de leitura":"19 minutos"},"schema":{"@context":"https:\/\/schema.org","@graph":[{"@type":"Article","@id":"https:\/\/www.grupomedcof.com.br\/blog\/notas-de-corte-residencias-de-minas-gerais\/#article","isPartOf":{"@id":"https:\/\/www.grupomedcof.com.br\/blog\/notas-de-corte-residencias-de-minas-gerais\/"},"author":{"name":"J\u00falia Moreira","@id":"https:\/\/www.grupomedcof.com.br\/blog\/#\/schema\/person\/1375e0ce724529d7a1d8156ea7f8ceaa"},"headline":"Notas de Corte 2022\/2023: Resid\u00eancias de Minas Gerais","datePublished":"2023-06-19T16:50:30+00:00","dateModified":"2024-06-26T13:35:14+00:00","mainEntityOfPage":{"@id":"https:\/\/www.grupomedcof.com.br\/blog\/notas-de-corte-residencias-de-minas-gerais\/"},"wordCount":3020,"commentCount":0,"publisher":{"@id":"https:\/\/www.grupomedcof.com.br\/blog\/#organization"},"image":{"@id":"https:\/\/www.grupomedcof.com.br\/blog\/notas-de-corte-residencias-de-minas-gerais\/#primaryimage"},"thumbnailUrl":"https:\/\/www.grupomedcof.com.br\/blog\/wp-content\/uploads\/2023\/06\/Blog-MedCof-79.png","keywords":["ENARE","Provas de Resid\u00eancia","PSU-MG","Resid\u00eancia M\u00e9dica"],"articleSection":["Uncategorized"],"inLanguage":"pt-BR"},{"@type":"WebPage","@id":"https:\/\/www.grupomedcof.com.br\/blog\/notas-de-corte-residencias-de-minas-gerais\/","url":"https:\/\/www.grupomedcof.com.br\/blog\/notas-de-corte-residencias-de-minas-gerais\/","name":"Notas de Corte 2022\/2023: Resid\u00eancias de Minas Gerais - Blog de Medcof: conte\u00fados, editais, revalida e mais!","isPartOf":{"@id":"https:\/\/www.grupomedcof.com.br\/blog\/#website"},"primaryImageOfPage":{"@id":"https:\/\/www.grupomedcof.com.br\/blog\/notas-de-corte-residencias-de-minas-gerais\/#primaryimage"},"image":{"@id":"https:\/\/www.grupomedcof.com.br\/blog\/notas-de-corte-residencias-de-minas-gerais\/#primaryimage"},"thumbnailUrl":"https:\/\/www.grupomedcof.com.br\/blog\/wp-content\/uploads\/2023\/06\/Blog-MedCof-79.png","datePublished":"2023-06-19T16:50:30+00:00","dateModified":"2024-06-26T13:35:14+00:00","description":"Saiba a nota de corte das especialidades nas principais resid\u00eancias m\u00e9dicas de Minas Gerais (MG) e prepare-se para as pr\u00f3ximas provas.","breadcrumb":{"@id":"https:\/\/www.grupomedcof.com.br\/blog\/notas-de-corte-residencias-de-minas-gerais\/#breadcrumb"},"inLanguage":"pt-BR","potentialAction":[{"@type":"ReadAction","target":["https:\/\/www.grupomedcof.com.br\/blog\/notas-de-corte-residencias-de-minas-gerais\/"]}]},{"@type":"ImageObject","inLanguage":"pt-BR","@id":"https:\/\/www.grupomedcof.com.br\/blog\/notas-de-corte-residencias-de-minas-gerais\/#primaryimage","url":"https:\/\/www.grupomedcof.com.br\/blog\/wp-content\/uploads\/2023\/06\/Blog-MedCof-79.png","contentUrl":"https:\/\/www.grupomedcof.com.br\/blog\/wp-content\/uploads\/2023\/06\/Blog-MedCof-79.png","width":2560,"height":1440,"caption":"Saiba a nota de corte das especialidades nas principais resid\u00eancias m\u00e9dicas de Minas Gerais (MG) e prepare-se para as pr\u00f3ximas provas."},{"@type":"BreadcrumbList","@id":"https:\/\/www.grupomedcof.com.br\/blog\/notas-de-corte-residencias-de-minas-gerais\/#breadcrumb","itemListElement":[{"@type":"ListItem","position":1,"name":"In\u00edcio","item":"https:\/\/www.grupomedcof.com.br\/blog\/"},{"@type":"ListItem","position":2,"name":"Notas de Corte 2022\/2023: Resid\u00eancias de Minas Gerais"}]},{"@type":"WebSite","@id":"https:\/\/www.grupomedcof.com.br\/blog\/#website","url":"https:\/\/www.grupomedcof.com.br\/blog\/","name":"Blog de Medcof: conte\u00fados, editais, revalida e mais!","description":"Acesso o blog de MedCof! Seu portal de conte\u00fados sobre resid\u00eancia m\u00e9dica, an\u00e1lise e editais e muito mais. Clique e confira!","publisher":{"@id":"https:\/\/www.grupomedcof.com.br\/blog\/#organization"},"alternateName":"Blog de Medcof: conte\u00fados, editais, revalida e mais!","potentialAction":[{"@type":"SearchAction","target":{"@type":"EntryPoint","urlTemplate":"https:\/\/www.grupomedcof.com.br\/blog\/?s={search_term_string}"},"query-input":{"@type":"PropertyValueSpecification","valueRequired":true,"valueName":"search_term_string"}}],"inLanguage":"pt-BR"},{"@type":"Organization","@id":"https:\/\/www.grupomedcof.com.br\/blog\/#organization","name":"Grupo MedCof","url":"https:\/\/www.grupomedcof.com.br\/blog\/","logo":{"@type":"ImageObject","inLanguage":"pt-BR","@id":"https:\/\/www.grupomedcof.com.br\/blog\/#\/schema\/logo\/image\/","url":"https:\/\/www.grupomedcof.com.br\/blog\/wp-content\/uploads\/2022\/01\/logo-medcof.png","contentUrl":"https:\/\/www.grupomedcof.com.br\/blog\/wp-content\/uploads\/2022\/01\/logo-medcof.png","width":768,"height":269,"caption":"Grupo MedCof"},"image":{"@id":"https:\/\/www.grupomedcof.com.br\/blog\/#\/schema\/logo\/image\/"},"sameAs":["https:\/\/www.facebook.com\/MedCofQbank\/","https:\/\/www.instagram.com\/grupomedcof\/","https:\/\/br.linkedin.com\/company\/medcof","https:\/\/www.youtube.com\/channel\/UCdHMuOHKICxcHwecxN8P-AA"]},{"@type":"Person","@id":"https:\/\/www.grupomedcof.com.br\/blog\/#\/schema\/person\/1375e0ce724529d7a1d8156ea7f8ceaa","name":"J\u00falia Moreira","image":{"@type":"ImageObject","inLanguage":"pt-BR","@id":"https:\/\/www.grupomedcof.com.br\/blog\/wp-content\/uploads\/2024\/12\/cropped-Captura-de-tela-2023-12-15-094946-96x96.png6a0083ac34a0445de97d55fae63a4a41","url":"https:\/\/www.grupomedcof.com.br\/blog\/wp-content\/uploads\/2024\/12\/cropped-Captura-de-tela-2023-12-15-094946-96x96.png","contentUrl":"https:\/\/www.grupomedcof.com.br\/blog\/wp-content\/uploads\/2024\/12\/cropped-Captura-de-tela-2023-12-15-094946-96x96.png","caption":"J\u00falia Moreira"},"description":"Estudante do 8\u00ba semestre de Jornalismo na ECA-USP, f\u00e3 de filmes de terror e m\u00fasica popular sul-coreana.","sameAs":["https:\/\/www.grupomedcof.com.br\/"],"url":"https:\/\/www.grupomedcof.com.br\/blog\/author\/julia\/"}]}},"authors":[{"term_id":3609,"user_id":6,"is_guest":0,"slug":"julia","display_name":"J\u00falia Moreira","avatar_url":"https:\/\/www.grupomedcof.com.br\/blog\/wp-content\/uploads\/2024\/12\/cropped-Captura-de-tela-2023-12-15-094946-96x96.png","0":null,"1":"","2":"","3":"","4":"","5":"","6":"","7":"","8":""}],"_links":{"self":[{"href":"https:\/\/www.grupomedcof.com.br\/blog\/wp-json\/wp\/v2\/posts\/8020","targetHints":{"allow":["GET"]}}],"collection":[{"href":"https:\/\/www.grupomedcof.com.br\/blog\/wp-json\/wp\/v2\/posts"}],"about":[{"href":"https:\/\/www.grupomedcof.com.br\/blog\/wp-json\/wp\/v2\/types\/post"}],"author":[{"embeddable":true,"href":"https:\/\/www.grupomedcof.com.br\/blog\/wp-json\/wp\/v2\/users\/6"}],"replies":[{"embeddable":true,"href":"https:\/\/www.grupomedcof.com.br\/blog\/wp-json\/wp\/v2\/comments?post=8020"}],"version-history":[{"count":0,"href":"https:\/\/www.grupomedcof.com.br\/blog\/wp-json\/wp\/v2\/posts\/8020\/revisions"}],"wp:featuredmedia":[{"embeddable":true,"href":"https:\/\/www.grupomedcof.com.br\/blog\/wp-json\/wp\/v2\/media\/8178"}],"wp:attachment":[{"href":"https:\/\/www.grupomedcof.com.br\/blog\/wp-json\/wp\/v2\/media?parent=8020"}],"wp:term":[{"taxonomy":"category","embeddable":true,"href":"https:\/\/www.grupomedcof.com.br\/blog\/wp-json\/wp\/v2\/categories?post=8020"},{"taxonomy":"post_tag","embeddable":true,"href":"https:\/\/www.grupomedcof.com.br\/blog\/wp-json\/wp\/v2\/tags?post=8020"},{"taxonomy":"author","embeddable":true,"href":"https:\/\/www.grupomedcof.com.br\/blog\/wp-json\/wp\/v2\/ppma_author?post=8020"}],"curies":[{"name":"wp","href":"https:\/\/api.w.org\/{rel}","templated":true}]}}