{"id":8076,"date":"2023-06-15T13:51:46","date_gmt":"2023-06-15T16:51:46","guid":{"rendered":"https:\/\/www.grupomedcof.com.br\/blog\/?p=8076"},"modified":"2024-12-03T17:23:46","modified_gmt":"2024-12-03T20:23:46","slug":"surto-de-febre-maculosa-em-campinas-o-que-fazer","status":"publish","type":"post","link":"https:\/\/www.grupomedcof.com.br\/blog\/surto-de-febre-maculosa-em-campinas-o-que-fazer\/","title":{"rendered":"Surto de febre maculosa em Campinas: o que fazer?"},"content":{"rendered":"<div id=\"ez-toc-container\" class=\"ez-toc-v2_0_74 counter-hierarchy ez-toc-counter ez-toc-transparent ez-toc-container-direction\">\n<div class=\"ez-toc-title-container\">\n<p class=\"ez-toc-title\" style=\"cursor:inherit\">Sum\u00e1rio<\/p>\n<span class=\"ez-toc-title-toggle\"><a href=\"#\" class=\"ez-toc-pull-right ez-toc-btn ez-toc-btn-xs ez-toc-btn-default ez-toc-toggle\" aria-label=\"Alternar tabela de conte\u00fado\"><span class=\"ez-toc-js-icon-con\"><span class=\"\"><span class=\"eztoc-hide\" style=\"display:none;\">Toggle<\/span><span class=\"ez-toc-icon-toggle-span\"><svg style=\"fill: #999;color:#999\" xmlns=\"http:\/\/www.w3.org\/2000\/svg\" class=\"list-377408\" width=\"20px\" height=\"20px\" viewBox=\"0 0 24 24\" fill=\"none\"><path d=\"M6 6H4v2h2V6zm14 0H8v2h12V6zM4 11h2v2H4v-2zm16 0H8v2h12v-2zM4 16h2v2H4v-2zm16 0H8v2h12v-2z\" fill=\"currentColor\"><\/path><\/svg><svg style=\"fill: #999;color:#999\" class=\"arrow-unsorted-368013\" xmlns=\"http:\/\/www.w3.org\/2000\/svg\" width=\"10px\" height=\"10px\" viewBox=\"0 0 24 24\" version=\"1.2\" baseProfile=\"tiny\"><path d=\"M18.2 9.3l-6.2-6.3-6.2 6.3c-.2.2-.3.4-.3.7s.1.5.3.7c.2.2.4.3.7.3h11c.3 0 .5-.1.7-.3.2-.2.3-.5.3-.7s-.1-.5-.3-.7zM5.8 14.7l6.2 6.3 6.2-6.3c.2-.2.3-.5.3-.7s-.1-.5-.3-.7c-.2-.2-.4-.3-.7-.3h-11c-.3 0-.5.1-.7.3-.2.2-.3.5-.3.7s.1.5.3.7z\"\/><\/svg><\/span><\/span><\/span><\/a><\/span><\/div>\n<nav><ul class='ez-toc-list ez-toc-list-level-1 ' ><li class='ez-toc-page-1 ez-toc-heading-level-2'><a class=\"ez-toc-link ez-toc-heading-1\" href=\"https:\/\/www.grupomedcof.com.br\/blog\/surto-de-febre-maculosa-em-campinas-o-que-fazer\/#Saiba_mais\" >Saiba mais<\/a><\/li><li class='ez-toc-page-1 ez-toc-heading-level-2'><a class=\"ez-toc-link ez-toc-heading-2\" href=\"https:\/\/www.grupomedcof.com.br\/blog\/surto-de-febre-maculosa-em-campinas-o-que-fazer\/#Mas_o_que_e_a_febre_maculosa_Como_ela_se_transmite\" >Mas o que \u00e9 a febre maculosa? Como ela se transmite?<\/a><\/li><li class='ez-toc-page-1 ez-toc-heading-level-2'><a class=\"ez-toc-link ez-toc-heading-3\" href=\"https:\/\/www.grupomedcof.com.br\/blog\/surto-de-febre-maculosa-em-campinas-o-que-fazer\/#Ta%E2%80%A6beleza_mas_o_que_que_eu_faco_se_estive_na_regiao_do_surto\" >T\u00e1&#8230;.beleza, mas o que que eu fa\u00e7o se estive na regi\u00e3o do surto?<\/a><\/li><li class='ez-toc-page-1 ez-toc-heading-level-2'><a class=\"ez-toc-link ez-toc-heading-4\" href=\"https:\/\/www.grupomedcof.com.br\/blog\/surto-de-febre-maculosa-em-campinas-o-que-fazer\/#Febre_Maculosa_Como_e_feito_o_diagnostico\" >Febre Maculosa: Como \u00e9 feito o diagn\u00f3stico<\/a><\/li><li class='ez-toc-page-1 ez-toc-heading-level-2'><a class=\"ez-toc-link ez-toc-heading-5\" href=\"https:\/\/www.grupomedcof.com.br\/blog\/surto-de-febre-maculosa-em-campinas-o-que-fazer\/#Febre_Maculosa_Tratamento\" >Febre Maculosa: Tratamento<\/a><\/li><li class='ez-toc-page-1 ez-toc-heading-level-2'><a class=\"ez-toc-link ez-toc-heading-6\" href=\"https:\/\/www.grupomedcof.com.br\/blog\/surto-de-febre-maculosa-em-campinas-o-que-fazer\/#Mas_nao_e_melhor_entao_tomar_antibiotico_de_uma_vez_direto_e_reto_ao_inves_de_esperar_os_sintomas_aparecerem\" >Mas n\u00e3o \u00e9 melhor ent\u00e3o tomar antibi\u00f3tico de uma vez direto e reto, ao inv\u00e9s de esperar os sintomas aparecerem?<\/a><\/li><li class='ez-toc-page-1 ez-toc-heading-level-2'><a class=\"ez-toc-link ez-toc-heading-7\" href=\"https:\/\/www.grupomedcof.com.br\/blog\/surto-de-febre-maculosa-em-campinas-o-que-fazer\/#Conquiste_a_aprovacao\" >Conquiste a aprova\u00e7\u00e3o!<\/a><\/li><\/ul><\/nav><\/div>\n<p><img loading=\"lazy\" decoding=\"async\" width=\"800\" height=\"450\" src=\"https:\/\/www.grupomedcof.com.br\/blog\/wp-content\/uploads\/2023\/06\/Blog-MedCof-63-1024x576.png\" alt=\"febre maculosa em campinas, febre maculosa tratamento, febre maculosa brasileira, tratamentos para febre maculosa, febre maculosa preven\u00e7\u00e3o, tratamento febre maculosa, exame febre maculosa\" srcset=\"https:\/\/www.grupomedcof.com.br\/blog\/wp-content\/uploads\/2023\/06\/Blog-MedCof-63-1024x576.png 1024w, https:\/\/www.grupomedcof.com.br\/blog\/wp-content\/uploads\/2023\/06\/Blog-MedCof-63-300x169.png 300w, https:\/\/www.grupomedcof.com.br\/blog\/wp-content\/uploads\/2023\/06\/Blog-MedCof-63-768x432.png 768w, https:\/\/www.grupomedcof.com.br\/blog\/wp-content\/uploads\/2023\/06\/Blog-MedCof-63-1536x864.png 1536w, https:\/\/www.grupomedcof.com.br\/blog\/wp-content\/uploads\/2023\/06\/Blog-MedCof-63-2048x1152.png 2048w\" sizes=\"auto, (max-width: 800px) 100vw, 800px\" \/>\t\t\t\t\t\t\t\t\t\t\t\t\t\t\t<\/p>\n<p><strong>Surto de febre maculosa em Campinas: o que fazer?<\/strong><\/p>\n<h2><span class=\"ez-toc-section\" id=\"Saiba_mais\"><\/span>\n\t\t\t\tSaiba mais\t\t\t<span class=\"ez-toc-section-end\"><\/span><\/h2>\n<p>\t\t\t\t\t\t\t\t\t\t\t\t\t\t\t\t<a href=\"https:\/\/www.grupomedcof.com.br\/inscricao-hiit-2023\/\" target=\"_blank\" rel=\"noopener\"><br \/>\n\t\t\t\t\t\t\t<img loading=\"lazy\" decoding=\"async\" width=\"800\" height=\"141\" src=\"https:\/\/www.grupomedcof.com.br\/blog\/wp-content\/uploads\/2023\/05\/Captura-de-tela-2023-05-30-121547-1024x181.png\" alt=\"Semana HIIT MedCof, aulas grupo medcof, medcof, aulas medcof, medcof qbank, gupo medcof\" srcset=\"https:\/\/www.grupomedcof.com.br\/blog\/wp-content\/uploads\/2023\/05\/Captura-de-tela-2023-05-30-121547-1024x181.png 1024w, https:\/\/www.grupomedcof.com.br\/blog\/wp-content\/uploads\/2023\/05\/Captura-de-tela-2023-05-30-121547-300x53.png 300w, https:\/\/www.grupomedcof.com.br\/blog\/wp-content\/uploads\/2023\/05\/Captura-de-tela-2023-05-30-121547-768x136.png 768w, https:\/\/www.grupomedcof.com.br\/blog\/wp-content\/uploads\/2023\/05\/Captura-de-tela-2023-05-30-121547-1536x271.png 1536w, https:\/\/www.grupomedcof.com.br\/blog\/wp-content\/uploads\/2023\/05\/Captura-de-tela-2023-05-30-121547.png 1687w\" sizes=\"auto, (max-width: 800px) 100vw, 800px\" \/>\t\t\t\t\t\t\t\t<\/a><\/p>\n<p>Bora entender um pouquinho melhor sobre o que \u00e9 que est\u00e1 rolando ali na regi\u00e3o de Campinas: o tal do surto de febre maculosa. O Minist\u00e9rio da Sa\u00fade confirmou, at\u00e9 o momento, a<strong> ocorr\u00eancia de tr\u00eas \u00f3bitos pela doen\u00e7a<\/strong>, referentes a um surto no munic\u00edpio.\u00a0<\/p>\n<p>\u00a0<\/p>\n<p>\u00a0<\/p>\n<p>At\u00e9 o fim da manh\u00e3 desta quarta-feira (14\/06), a Secretaria de Sa\u00fade do Estado de S\u00e3o Paulo aguardava a confirma\u00e7\u00e3o laboratorial de um poss\u00edvel quarto \u00f3bito pela doen\u00e7a.<\/p>\n<p style=\"font-family: Poppins, sans-serif; color: #7a7a7a;\">S\u00f3 para se ter uma ideia: em 2023, o estado de S\u00e3o Paulo registrou 12 casos da doen\u00e7a. Entre eles, quatro evolu\u00edram para cura, seis para \u00f3bitos e dois continuam em investiga\u00e7\u00e3o. Este ano,\u00a0 j\u00e1 se confirmaram <strong style=\"color: var( --e-global-color-text ); font-family: var( --e-global-typography-text-font-family ), Sans-serif; font-size: 16px;\">53 casos da doen\u00e7a<\/strong>, dos quais oito resultaram em \u00f3bitos no Brasil. Pensando nisso, verifica-se uma maior concentra\u00e7\u00e3o de casos nas regi\u00f5es Sudeste e Sul e, de maneira geral, ocorrem de forma espor\u00e1dica.<\/p>\n<h2 style=\"font-family: Poppins, sans-serif; color: #7a7a7a;\"><span class=\"ez-toc-section\" id=\"Mas_o_que_e_a_febre_maculosa_Como_ela_se_transmite\"><\/span><strong>Mas o que \u00e9 a febre maculosa? Como ela se transmite?<\/strong><span class=\"ez-toc-section-end\"><\/span><\/h2>\n<p>Essa \u00e9 uma doen\u00e7a do espectro das ditas<strong> riquetisioses<\/strong>. S\u00e3o bact\u00e9rias safadas, tecnicamente com uma estrutura semelhante a Gram-negativas, mas parasitas intracelulares obrigat\u00f3rias.<\/p>\n<p>\u00a0<\/p>\n<p>Legal&#8230;.interessante&#8230;.mas e da\u00ed? Bom, clinicamente as riquetsioses caracterizam-se por serem <strong>enfermidades febris agudas com evolu\u00e7\u00e3o vari\u00e1vel<\/strong>, podendo manifestar-se em quadros leves ou formas graves com manifesta\u00e7\u00f5es ictero-hemorr\u00e1gicas. A determina\u00e7\u00e3o da evolu\u00e7\u00e3o ocorre pela patogenicidade da esp\u00e9cie de Rickettsia envolvida, pela rapidez na institui\u00e7\u00e3o de tratamento adequado e por fatores inerentes ao indiv\u00edduo.<\/p>\n<p>As \u00fanicas doen\u00e7as transmitidas por <strong>carrapatos<\/strong> com ocorr\u00eancia confirmada de casos humanos no Brasil s\u00e3o as riquetsioses causadas pela Rickettsia rickettsii e pela Rickettsia parkeri. Esta \u00faltima ocorre na Mata Atl\u00e2ntica e \u00e9 mais indolente, n\u00e3o sendo associada a quadros graves, sem relatos de \u00f3bito at\u00e9 ent\u00e3o. A causa da febre maculosa brasileira se deve pela Rickettsia rickettsii, que \u00e9 a meliante envolvida neste surto (com taxas de letalidade passam de 50%).<\/p>\n<figure>\n\t\t\t\t\t\t\t\t\t\t<img loading=\"lazy\" decoding=\"async\" width=\"800\" height=\"528\" src=\"https:\/\/www.grupomedcof.com.br\/blog\/wp-content\/uploads\/2023\/06\/ce2bd56c1c8f235c37281724f1ea9940.jpg\" alt=\"carrapato estrela doen\u00e7a, picada de carrapato estrela, carrapato estrela sintomas, carrapatos estrelas\" srcset=\"https:\/\/www.grupomedcof.com.br\/blog\/wp-content\/uploads\/2023\/06\/ce2bd56c1c8f235c37281724f1ea9940.jpg 950w, https:\/\/www.grupomedcof.com.br\/blog\/wp-content\/uploads\/2023\/06\/ce2bd56c1c8f235c37281724f1ea9940-300x198.jpg 300w, https:\/\/www.grupomedcof.com.br\/blog\/wp-content\/uploads\/2023\/06\/ce2bd56c1c8f235c37281724f1ea9940-768x507.jpg 768w\" sizes=\"auto, (max-width: 800px) 100vw, 800px\" \/><figcaption>Fonte: Divulga\u00e7\u00e3o\/ Portal Prefeitura Municipal de Campinas<\/figcaption><\/figure>\n<p>A transmiss\u00e3o acontece atrav\u00e9s da picada do carrapato (principalmente o carrapato-estrela) infectado. Para que isso ocorra, \u00e9 necess\u00e1rio que o carrapato esteja aderido \u00e0 pele por seis a dez horas. A partir da\u00ed, o per\u00edodo da infec\u00e7\u00e3o at\u00e9 manifesta\u00e7\u00e3o dos primeiros sintomas variar de 2 a 14 dias (m\u00e9dia de 7 dias). A bact\u00e9ria vai se <strong>disseminar tanto por via hematog\u00eanica quanto por via linf\u00e1tica<\/strong> e invadir diversos \u00f3rg\u00e3os, gerando uma intensa libera\u00e7\u00e3o de prostaglandinas, tempestade inflamat\u00f3ria seguida de CIVD (coagula\u00e7\u00e3o intra-vascular disseminada) e fal\u00eancia de m\u00faltiplos \u00f3rg\u00e3os e sistemas.<\/p>\n<p>\u00a0<\/p>\n<p>Fisiopatologicamente, temos aumento da permeabilidade vascular, hipoalbuminemia, edema, derrames cavit\u00e1rios, edema pulmonar, hipovolemia, altera\u00e7\u00f5es hemodin\u00e2micas, dist\u00farbios da coagula\u00e7\u00e3o, hemorragias mucosas e cut\u00e2neas, micro-oclus\u00f5es vasculares e les\u00f5es teciduais difusas (incluindo-se necrose de extremidades), miocardite, pneumonite, les\u00f5es glomerulares e tubulares renais, necrose teciduais.<\/p>\n<h2 style=\"font-family: Poppins, sans-serif; color: #7a7a7a;\"><span class=\"ez-toc-section\" id=\"Ta%E2%80%A6beleza_mas_o_que_que_eu_faco_se_estive_na_regiao_do_surto\"><\/span>T\u00e1&#8230;.beleza, mas o que que eu fa\u00e7o se estive na regi\u00e3o do surto?<span class=\"ez-toc-section-end\"><\/span><\/h2>\n<p><strong>N\u00e3o criemos p\u00e2nico, mas estejamos atentos.<\/strong> A cl\u00ednica inicial n\u00e3o \u00e9 espec\u00edfica, apresentando sinais e sintomas comuns a outras doen\u00e7as, como febre (habitualmente elevada e de in\u00edcio s\u00fabito, tal qual a dengue por exemplo), cefaleia holocraniana de forte intensidade, mialgia generalizada, artralgia, prostra\u00e7\u00e3o, n\u00e1usea e v\u00f4mitos. A febre maculosa pode variar desde uma s\u00edndrome febril inespec\u00edfica, \u00e0 uma s\u00edndrome febril exantem\u00e1tica e at\u00e9 uma ictero-hemorr\u00e1gica.<\/p>\n<p>Ali\u00e1s, uma grande dica, al\u00e9m do fator de risco epidemiol\u00f3gico (ter estado em \u00e1rea de risco), \u00e9 o <strong>surgimento do exantema<\/strong>: costuma surgir ap\u00f3s o terceiro dia de evolu\u00e7\u00e3o, sendo comumente observado a partir do quinto dia ap\u00f3s o in\u00edcio dos sintomas. Clinicamente, a apresenta\u00e7\u00e3o t\u00edpica do exantema \u00e9 de padr\u00e3o maculopapular, n\u00e3o pruriginoso, com les\u00f5es variando entre 1 e 5 mm, acometendo inicialmente as extremidades (punhos e tornozelos, palmas das m\u00e3os e planta dos p\u00e9s).<\/p>\n<p>Com a progress\u00e3o da doen\u00e7a se observa a dissemina\u00e7\u00e3o centr\u00edpeta do exantema, passando ent\u00e3o a acometer bra\u00e7os e pernas e, posteriormente, tronco e face. Mas aten\u00e7\u00e3o:<strong> ele n\u00e3o \u00e9 obrigat\u00f3rio<\/strong>. Inclusive muitas vezes formas graves e fulminantes evoluem antes mesmo do surgimento das manchas na pele.<\/p>\n<p>\u00a0<\/p>\n<p>Ent\u00e3o se esteve na regi\u00e3o nos \u00faltimos 15 dias preste bem <strong>aten\u00e7\u00e3o a absolutamente qualquer um desses sintomas<\/strong>. Caso venha a apresentar, procure atendimento m\u00e9dico imediato e refira a exposi\u00e7\u00e3o.<\/p>\n<p>\t\t\t\t\t\t\t\t\t\t\t\t\t\t\t\t<a href=\"https:\/\/www.grupomedcof.com.br\/blog\/qbank-medcof\/\" target=\"_blank\" rel=\"noopener\"><br \/>\n\t\t\t\t\t\t\t<img loading=\"lazy\" decoding=\"async\" width=\"800\" height=\"160\" src=\"https:\/\/www.grupomedcof.com.br\/blog\/wp-content\/uploads\/2023\/06\/Conheca-o-Qbank-MedCof-1024x205.png\" alt=\"medcof qbank, medcof aulas, grupo medcof, aulas medcof, qbank, banco de questoes medcof, medcof banco de questoes\" srcset=\"https:\/\/www.grupomedcof.com.br\/blog\/wp-content\/uploads\/2023\/06\/Conheca-o-Qbank-MedCof-1024x205.png 1024w, https:\/\/www.grupomedcof.com.br\/blog\/wp-content\/uploads\/2023\/06\/Conheca-o-Qbank-MedCof-300x60.png 300w, https:\/\/www.grupomedcof.com.br\/blog\/wp-content\/uploads\/2023\/06\/Conheca-o-Qbank-MedCof-768x154.png 768w, https:\/\/www.grupomedcof.com.br\/blog\/wp-content\/uploads\/2023\/06\/Conheca-o-Qbank-MedCof-1536x307.png 1536w, https:\/\/www.grupomedcof.com.br\/blog\/wp-content\/uploads\/2023\/06\/Conheca-o-Qbank-MedCof-2048x410.png 2048w\" sizes=\"auto, (max-width: 800px) 100vw, 800px\" \/>\t\t\t\t\t\t\t\t<\/a><\/p>\n<h2 style=\"font-family: Poppins, sans-serif; color: #7a7a7a;\"><span class=\"ez-toc-section\" id=\"Febre_Maculosa_Como_e_feito_o_diagnostico\"><\/span>Febre Maculosa: Como \u00e9 feito o diagn\u00f3stico<span class=\"ez-toc-section-end\"><\/span><\/h2>\n<p>Para investiga\u00e7\u00e3o de casos suspeitos de FMB e outras riquetsioses, preconiza-se a realiza\u00e7\u00e3o da sorologia, com detec\u00e7\u00e3o de anticorpos IgG. Mas em sendo uma sorologia, lembre-se que ela depende da resposta do sistema imune, e isso leva um tempo para acontecer, n\u00e3o \u00e9 nos primeiros dias (no geral, passa a ser positivo a partir do sexto dia de doen\u00e7a).<\/p>\n<p>\u00a0<\/p>\n<p><strong>U\u00e9, mas IgG n\u00e3o \u00e9 de doen\u00e7a antiga, n\u00e3o seria IgM a indicativa de doen\u00e7a recente?<\/strong><\/p>\n<p>Sim e n\u00e3o. No caso da febre maculosa, o uso do IgM \u00e9 muito ruim. Logo, fazemos uma primeira avalia\u00e7\u00e3o com IgG e repetimos o exame em 14 dias. O diagn\u00f3stico \u00e9 fechado pela eleva\u00e7\u00e3o dos t\u00edtulos de anticorpos da classe IgG \u2013 maior ou igual a quatro vezes \u2013 nas amostras, ou se alguma tiver um t\u00edtulo realmente muito alto (&gt; 1\/128).<\/p>\n<h2 style=\"font-family: Poppins, sans-serif; color: #7a7a7a;\"><span class=\"ez-toc-section\" id=\"Febre_Maculosa_Tratamento\"><\/span>Febre Maculosa: Tratamento<span class=\"ez-toc-section-end\"><\/span><\/h2>\n<p>Em decorr\u00eancia dessa demora para se fazer o diagn\u00f3stico laboratorial, o tratamento tem que ser institu\u00eddo na <strong>suspeita cl\u00ednica<\/strong>: quadro febril acima descrito + exposi\u00e7\u00e3o de risco. Vale mencionar que, n\u00e3o raramente, o parasitismo por carrapatos pode passar despercebido pelo paciente e, portanto, a aus\u00eancia do relato de exposi\u00e7\u00e3o\/picada pr\u00e9via por carrapato n\u00e3o exclui o risco de infec\u00e7\u00e3o.<\/p>\n<p>\u00a0<\/p>\n<p>Desse modo, o tratamento \u00e9 feito eminentemente com<strong> doxiciclina ou cloranfenicol<\/strong>. A doxiciclina \u00e9 um antibi\u00f3tico que d\u00e1 diversas manifesta\u00e7\u00f5es desagrad\u00e1veis, principalmente intoler\u00e2ncia gastro-inestinal (e,pasme, pode desencadear quadro psiqui\u00e1tricos tamb\u00e9m) e ficou conhecida no passado por problemas odontol\u00f3gicos em crian\u00e7as.<\/p>\n<p>Mas ela \u00e9 sim a droga de escolha para o tratamento de <strong>pacientes pedi\u00e1tricos<\/strong>, independentemente da faixa et\u00e1ria, com suspeita de infec\u00e7\u00e3o pela R. rickettsii por aparentemente ser melhor do que o cloranfenicol. Esta caiu bem em desuso na pr\u00e1tica cl\u00ednica dado um efeito colateral famoso: a<strong> aplasia de medula \u00f3ssea<\/strong>. Mas, em contrapartida, a sua indica\u00e7\u00e3o \u00e9 maior para gestantes e pode ser de forma endovenosa, doxiciclina tem que ser via oral.<\/p>\n<p>\u00a0<\/p>\n<p>O tratamento costuma ser mantido por no m\u00ednimo 7 dias, mas o mais preconizado \u00e9 que seja por 2-3 dias ap\u00f3s a regress\u00e3o da febre, o que costuma ocorrer ap\u00f3s 48hs de antibi\u00f3tico.<\/p>\n<p>\t\t\t\t\t\t\t\t\t\t\t\t\t\t\t\t<a href=\"https:\/\/open.spotify.com\/show\/3MyFcLlKhKequpHll6qpue?si=3d3813e873a5472a\" target=\"_blank\" rel=\"nofollow noopener\"><br \/>\n\t\t\t\t\t\t\t<img loading=\"lazy\" decoding=\"async\" width=\"800\" height=\"191\" src=\"https:\/\/www.grupomedcof.com.br\/blog\/wp-content\/uploads\/2023\/06\/Blog-MedCof-70-1024x245.png\" alt=\"papo de residente, grupo medcof, medcof, medcof podcasts\" srcset=\"https:\/\/www.grupomedcof.com.br\/blog\/wp-content\/uploads\/2023\/06\/Blog-MedCof-70-1024x245.png 1024w, https:\/\/www.grupomedcof.com.br\/blog\/wp-content\/uploads\/2023\/06\/Blog-MedCof-70-300x72.png 300w, https:\/\/www.grupomedcof.com.br\/blog\/wp-content\/uploads\/2023\/06\/Blog-MedCof-70-768x184.png 768w, https:\/\/www.grupomedcof.com.br\/blog\/wp-content\/uploads\/2023\/06\/Blog-MedCof-70-1536x367.png 1536w, https:\/\/www.grupomedcof.com.br\/blog\/wp-content\/uploads\/2023\/06\/Blog-MedCof-70-2048x490.png 2048w\" sizes=\"auto, (max-width: 800px) 100vw, 800px\" \/>\t\t\t\t\t\t\t\t<\/a><\/p>\n<h2><span class=\"ez-toc-section\" id=\"Mas_nao_e_melhor_entao_tomar_antibiotico_de_uma_vez_direto_e_reto_ao_inves_de_esperar_os_sintomas_aparecerem\"><\/span><strong>Mas n\u00e3o \u00e9 melhor ent\u00e3o tomar antibi\u00f3tico de uma vez direto e reto, ao inv\u00e9s de esperar os sintomas aparecerem?<\/strong><span class=\"ez-toc-section-end\"><\/span><\/h2>\n<p>N\u00e3o muito. Como mencionado anteriormente, para que haja transmiss\u00e3o \u00e9 necess\u00e1rio que o carrapato fique aderido \u00e1 pele por v\u00e1rias horas e os antibi\u00f3ticos tem efeitos colaterais relevantes. Fique tranquilo, atento, e se necess\u00e1rio procure ajuda m\u00e9dica. Mas tratamento profil\u00e1tico \/ preemptivo (antes da manifesta\u00e7\u00e3o dos sintomas) n\u00e3o est\u00e1 indicado n\u00e3o.<\/p>\n<p><\/p>\n<\/p>\n<p>E agora j\u00e1 sabe o que fazer em rela\u00e7\u00e3o ao surto de febre maculosa em Campinas? A Dra. Jaqueline tamb\u00e9m preparou uma aula sobre a doen\u00e7a e como o assunto pode ser abordado nas provas!<\/p>\n<p>https:\/\/youtu.be\/geiGlJj6KS0\t\t<\/p>\n<h2><span class=\"ez-toc-section\" id=\"Conquiste_a_aprovacao\"><\/span><strong>Conquiste a aprova\u00e7\u00e3o!<\/strong><span class=\"ez-toc-section-end\"><\/span><\/h2>\n<section data-id=\"5f13890\" data-element_type=\"section\">\n<section data-id=\"5f13890\" data-element_type=\"section\"><a href=\"https:\/\/www.grupomedcof.com.br\/blog\/presenca-da-medcof-nas-aprovacoes-em-residencia-medica-no-brasil\/\" target=\"_blank\" rel=\"noopener\"><strong>Seja\u00a0mais um aprovado<\/strong><\/a>\u00a0nas melhores resid\u00eancias m\u00e9dicas do pa\u00eds com o<strong><a href=\"https:\/\/www.grupomedcof.com.br\/\" target=\"_blank\" rel=\"noopener\">\u00a0Grupo\u00a0MedCof<\/a>!<\/strong>\u00a0Temos um cat\u00e1logo repleto de cursos que te guiar\u00e3o na jornada para as provas de Resid\u00eancia M\u00e9dica que ocorrer\u00e3o em 2023!\u00a0Mas, se voc\u00ea \u00e9 novo por aqui, que tal se inscrever na<strong><a href=\"https:\/\/www.grupomedcof.com.br\/inscricao-hiit-2023\/\" target=\"_blank\" rel=\"noopener\">\u00a0Semana HIIT<\/a>?<\/strong> Ser\u00e1 um evento\u00a0100% gratuito e online\u00a0que te permitir\u00e1 conhecer um pouco do nosso m\u00e9todo de ensino!<\/section>\n<\/section>\n<p>\t\t\t\t\t\t\t\t\t\t\t\t\t\t\t\t<a href=\"https:\/\/www.grupomedcof.com.br\/inscricao-hiit-2023\/\" target=\"_blank\" rel=\"noopener\"><br \/>\n\t\t\t\t\t\t\t<img loading=\"lazy\" decoding=\"async\" width=\"800\" height=\"442\" src=\"https:\/\/www.grupomedcof.com.br\/blog\/wp-content\/uploads\/2023\/05\/Inscricao-Semana-HIIT-1024x566.png\" alt=\"Semana HIIT MedCof, aulas grupo medcof, medcof, aulas medcof, medcof qbank, gupo medcof\" srcset=\"https:\/\/www.grupomedcof.com.br\/blog\/wp-content\/uploads\/2023\/05\/Inscricao-Semana-HIIT-1024x566.png 1024w, https:\/\/www.grupomedcof.com.br\/blog\/wp-content\/uploads\/2023\/05\/Inscricao-Semana-HIIT-300x166.png 300w, https:\/\/www.grupomedcof.com.br\/blog\/wp-content\/uploads\/2023\/05\/Inscricao-Semana-HIIT-768x425.png 768w, https:\/\/www.grupomedcof.com.br\/blog\/wp-content\/uploads\/2023\/05\/Inscricao-Semana-HIIT.png 1242w\" sizes=\"auto, (max-width: 800px) 100vw, 800px\" \/>\t\t\t\t\t\t\t\t<\/a><\/p>\n","protected":false},"excerpt":{"rendered":"<p>Surto de febre maculosa em Campinas: o que fazer? Saiba mais Bora entender um pouquinho melhor sobre o que \u00e9 que est\u00e1 rolando ali na regi\u00e3o de Campinas: o tal do surto de febre maculosa. O Minist\u00e9rio da Sa\u00fade confirmou, at\u00e9 o momento, a ocorr\u00eancia de tr\u00eas \u00f3bitos pela doen\u00e7a, referentes a um surto no [&hellip;]<\/p>\n","protected":false},"author":10,"featured_media":8077,"comment_status":"open","ping_status":"open","sticky":false,"template":"","format":"standard","meta":{"footnotes":""},"categories":[195],"tags":[196],"ppma_author":[3613],"class_list":{"0":"post-8076","1":"post","2":"type-post","3":"status-publish","4":"format-standard","5":"has-post-thumbnail","7":"category-infectologia","8":"tag-infectologia"},"yoast_head":"<!-- This site is optimized with the Yoast SEO Premium plugin v24.3 (Yoast SEO v27.4) - https:\/\/yoast.com\/product\/yoast-seo-premium-wordpress\/ -->\n<title>Surto de febre maculosa em Campinas: o que fazer? - Blog de Medcof: conte\u00fados, editais, revalida e mais!<\/title>\n<meta name=\"description\" content=\"O Minist\u00e9rio da Sa\u00fade confirmou a ocorr\u00eancia de tr\u00eas \u00f3bitos pela doen\u00e7a, referentes a um de febre maculosa em Campinas. Mas, o que fazer?\" \/>\n<meta name=\"robots\" content=\"index, follow, max-snippet:-1, max-image-preview:large, max-video-preview:-1\" \/>\n<link rel=\"canonical\" href=\"https:\/\/www.grupomedcof.com.br\/blog\/surto-de-febre-maculosa-em-campinas-o-que-fazer\/\" \/>\n<meta property=\"og:locale\" content=\"pt_BR\" \/>\n<meta property=\"og:type\" content=\"article\" \/>\n<meta property=\"og:title\" content=\"Surto de febre maculosa em Campinas: o que fazer?\" \/>\n<meta property=\"og:description\" content=\"O Minist\u00e9rio da Sa\u00fade confirmou a ocorr\u00eancia de tr\u00eas \u00f3bitos pela doen\u00e7a, referentes a um de febre maculosa em Campinas. Mas, o que fazer?\" \/>\n<meta property=\"og:url\" content=\"https:\/\/www.grupomedcof.com.br\/blog\/surto-de-febre-maculosa-em-campinas-o-que-fazer\/\" \/>\n<meta property=\"og:site_name\" content=\"Blog de Medcof: conte\u00fados, editais, revalida e mais!\" \/>\n<meta property=\"article:publisher\" content=\"https:\/\/www.facebook.com\/MedCofQbank\/\" \/>\n<meta property=\"article:published_time\" content=\"2023-06-15T16:51:46+00:00\" \/>\n<meta property=\"article:modified_time\" content=\"2024-12-03T20:23:46+00:00\" \/>\n<meta property=\"og:image\" content=\"https:\/\/www.grupomedcof.com.br\/blog\/wp-content\/uploads\/2023\/06\/Blog-MedCof-62-1024x576.png\" \/>\n\t<meta property=\"og:image:width\" content=\"1024\" \/>\n\t<meta property=\"og:image:height\" content=\"576\" \/>\n\t<meta property=\"og:image:type\" content=\"image\/png\" \/>\n<meta name=\"author\" content=\"Grupo MedCof\" \/>\n<meta name=\"twitter:card\" content=\"summary_large_image\" \/>\n<meta name=\"twitter:label1\" content=\"Escrito por\" \/>\n\t<meta name=\"twitter:data1\" content=\"Grupo MedCof\" \/>\n\t<meta name=\"twitter:label2\" content=\"Est. tempo de leitura\" \/>\n\t<meta name=\"twitter:data2\" content=\"12 minutos\" \/>\n<script type=\"application\/ld+json\" class=\"yoast-schema-graph\">{\"@context\":\"https:\\\/\\\/schema.org\",\"@graph\":[{\"@type\":\"Article\",\"@id\":\"https:\\\/\\\/www.grupomedcof.com.br\\\/blog\\\/surto-de-febre-maculosa-em-campinas-o-que-fazer\\\/#article\",\"isPartOf\":{\"@id\":\"https:\\\/\\\/www.grupomedcof.com.br\\\/blog\\\/surto-de-febre-maculosa-em-campinas-o-que-fazer\\\/\"},\"author\":{\"name\":\"Grupo MedCof\",\"@id\":\"https:\\\/\\\/www.grupomedcof.com.br\\\/blog\\\/#\\\/schema\\\/person\\\/5e56a3921255c01181f3d8c20d53f9c0\"},\"headline\":\"Surto de febre maculosa em Campinas: o que fazer?\",\"datePublished\":\"2023-06-15T16:51:46+00:00\",\"dateModified\":\"2024-12-03T20:23:46+00:00\",\"mainEntityOfPage\":{\"@id\":\"https:\\\/\\\/www.grupomedcof.com.br\\\/blog\\\/surto-de-febre-maculosa-em-campinas-o-que-fazer\\\/\"},\"wordCount\":1367,\"commentCount\":0,\"publisher\":{\"@id\":\"https:\\\/\\\/www.grupomedcof.com.br\\\/blog\\\/#organization\"},\"image\":{\"@id\":\"https:\\\/\\\/www.grupomedcof.com.br\\\/blog\\\/surto-de-febre-maculosa-em-campinas-o-que-fazer\\\/#primaryimage\"},\"thumbnailUrl\":\"https:\\\/\\\/www.grupomedcof.com.br\\\/blog\\\/wp-content\\\/uploads\\\/2023\\\/06\\\/Blog-MedCof-62.png\",\"keywords\":[\"Infectologia\"],\"articleSection\":[\"Infectologia\"],\"inLanguage\":\"pt-BR\"},{\"@type\":\"WebPage\",\"@id\":\"https:\\\/\\\/www.grupomedcof.com.br\\\/blog\\\/surto-de-febre-maculosa-em-campinas-o-que-fazer\\\/\",\"url\":\"https:\\\/\\\/www.grupomedcof.com.br\\\/blog\\\/surto-de-febre-maculosa-em-campinas-o-que-fazer\\\/\",\"name\":\"Surto de febre maculosa em Campinas: o que fazer? - Blog de Medcof: conte\u00fados, editais, revalida e mais!\",\"isPartOf\":{\"@id\":\"https:\\\/\\\/www.grupomedcof.com.br\\\/blog\\\/#website\"},\"primaryImageOfPage\":{\"@id\":\"https:\\\/\\\/www.grupomedcof.com.br\\\/blog\\\/surto-de-febre-maculosa-em-campinas-o-que-fazer\\\/#primaryimage\"},\"image\":{\"@id\":\"https:\\\/\\\/www.grupomedcof.com.br\\\/blog\\\/surto-de-febre-maculosa-em-campinas-o-que-fazer\\\/#primaryimage\"},\"thumbnailUrl\":\"https:\\\/\\\/www.grupomedcof.com.br\\\/blog\\\/wp-content\\\/uploads\\\/2023\\\/06\\\/Blog-MedCof-62.png\",\"datePublished\":\"2023-06-15T16:51:46+00:00\",\"dateModified\":\"2024-12-03T20:23:46+00:00\",\"description\":\"O Minist\u00e9rio da Sa\u00fade confirmou a ocorr\u00eancia de tr\u00eas \u00f3bitos pela doen\u00e7a, referentes a um de febre maculosa em Campinas. Mas, o que fazer?\",\"breadcrumb\":{\"@id\":\"https:\\\/\\\/www.grupomedcof.com.br\\\/blog\\\/surto-de-febre-maculosa-em-campinas-o-que-fazer\\\/#breadcrumb\"},\"inLanguage\":\"pt-BR\",\"potentialAction\":[{\"@type\":\"ReadAction\",\"target\":[\"https:\\\/\\\/www.grupomedcof.com.br\\\/blog\\\/surto-de-febre-maculosa-em-campinas-o-que-fazer\\\/\"]}]},{\"@type\":\"ImageObject\",\"inLanguage\":\"pt-BR\",\"@id\":\"https:\\\/\\\/www.grupomedcof.com.br\\\/blog\\\/surto-de-febre-maculosa-em-campinas-o-que-fazer\\\/#primaryimage\",\"url\":\"https:\\\/\\\/www.grupomedcof.com.br\\\/blog\\\/wp-content\\\/uploads\\\/2023\\\/06\\\/Blog-MedCof-62.png\",\"contentUrl\":\"https:\\\/\\\/www.grupomedcof.com.br\\\/blog\\\/wp-content\\\/uploads\\\/2023\\\/06\\\/Blog-MedCof-62.png\",\"width\":2560,\"height\":1440,\"caption\":\"O Minist\u00e9rio da Sa\u00fade confirmou a ocorr\u00eancia de tr\u00eas \u00f3bitos pela doen\u00e7a, referentes a um de febre maculosa em Campinas. Mas, o que fazer?\"},{\"@type\":\"BreadcrumbList\",\"@id\":\"https:\\\/\\\/www.grupomedcof.com.br\\\/blog\\\/surto-de-febre-maculosa-em-campinas-o-que-fazer\\\/#breadcrumb\",\"itemListElement\":[{\"@type\":\"ListItem\",\"position\":1,\"name\":\"In\u00edcio\",\"item\":\"https:\\\/\\\/www.grupomedcof.com.br\\\/blog\\\/\"},{\"@type\":\"ListItem\",\"position\":2,\"name\":\"Surto de febre maculosa em Campinas: o que fazer?\"}]},{\"@type\":\"WebSite\",\"@id\":\"https:\\\/\\\/www.grupomedcof.com.br\\\/blog\\\/#website\",\"url\":\"https:\\\/\\\/www.grupomedcof.com.br\\\/blog\\\/\",\"name\":\"Blog de Medcof: conte\u00fados, editais, revalida e mais!\",\"description\":\"Acesso o blog de MedCof! Seu portal de conte\u00fados sobre resid\u00eancia m\u00e9dica, an\u00e1lise e editais e muito mais. Clique e confira!\",\"publisher\":{\"@id\":\"https:\\\/\\\/www.grupomedcof.com.br\\\/blog\\\/#organization\"},\"alternateName\":\"Blog de Medcof: conte\u00fados, editais, revalida e mais!\",\"potentialAction\":[{\"@type\":\"SearchAction\",\"target\":{\"@type\":\"EntryPoint\",\"urlTemplate\":\"https:\\\/\\\/www.grupomedcof.com.br\\\/blog\\\/?s={search_term_string}\"},\"query-input\":{\"@type\":\"PropertyValueSpecification\",\"valueRequired\":true,\"valueName\":\"search_term_string\"}}],\"inLanguage\":\"pt-BR\"},{\"@type\":\"Organization\",\"@id\":\"https:\\\/\\\/www.grupomedcof.com.br\\\/blog\\\/#organization\",\"name\":\"Grupo MedCof\",\"url\":\"https:\\\/\\\/www.grupomedcof.com.br\\\/blog\\\/\",\"logo\":{\"@type\":\"ImageObject\",\"inLanguage\":\"pt-BR\",\"@id\":\"https:\\\/\\\/www.grupomedcof.com.br\\\/blog\\\/#\\\/schema\\\/logo\\\/image\\\/\",\"url\":\"https:\\\/\\\/www.grupomedcof.com.br\\\/blog\\\/wp-content\\\/uploads\\\/2022\\\/01\\\/logo-medcof.png\",\"contentUrl\":\"https:\\\/\\\/www.grupomedcof.com.br\\\/blog\\\/wp-content\\\/uploads\\\/2022\\\/01\\\/logo-medcof.png\",\"width\":768,\"height\":269,\"caption\":\"Grupo MedCof\"},\"image\":{\"@id\":\"https:\\\/\\\/www.grupomedcof.com.br\\\/blog\\\/#\\\/schema\\\/logo\\\/image\\\/\"},\"sameAs\":[\"https:\\\/\\\/www.facebook.com\\\/MedCofQbank\\\/\",\"https:\\\/\\\/www.instagram.com\\\/grupomedcof\\\/\",\"https:\\\/\\\/br.linkedin.com\\\/company\\\/medcof\",\"https:\\\/\\\/www.youtube.com\\\/channel\\\/UCdHMuOHKICxcHwecxN8P-AA\"]},{\"@type\":\"Person\",\"@id\":\"https:\\\/\\\/www.grupomedcof.com.br\\\/blog\\\/#\\\/schema\\\/person\\\/5e56a3921255c01181f3d8c20d53f9c0\",\"name\":\"Grupo MedCof\",\"image\":{\"@type\":\"ImageObject\",\"inLanguage\":\"pt-BR\",\"@id\":\"https:\\\/\\\/www.grupomedcof.com.br\\\/blog\\\/wp-content\\\/uploads\\\/2023\\\/04\\\/cropped-cropped-cropped-cropped-logo-96x96.png28585d174f19c23095510da5f63bc127\",\"url\":\"https:\\\/\\\/www.grupomedcof.com.br\\\/blog\\\/wp-content\\\/uploads\\\/2023\\\/04\\\/cropped-cropped-cropped-cropped-logo-96x96.png\",\"contentUrl\":\"https:\\\/\\\/www.grupomedcof.com.br\\\/blog\\\/wp-content\\\/uploads\\\/2023\\\/04\\\/cropped-cropped-cropped-cropped-logo-96x96.png\",\"caption\":\"Grupo MedCof\"},\"description\":\"Tendo aulas baseadas em quest\u00f5es, + de 115 subespecialistas dispon\u00edveis e uma metodologia \u00fanica, voc\u00ea pode se juntar ao nosso time que conta com mais de 10 mil ...\",\"url\":\"https:\\\/\\\/www.grupomedcof.com.br\\\/blog\\\/author\\\/grupo-medcof\\\/\"}]}<\/script>\n<!-- \/ Yoast SEO Premium plugin. -->","yoast_head_json":{"title":"Surto de febre maculosa em Campinas: o que fazer? - Blog de Medcof: conte\u00fados, editais, revalida e mais!","description":"O Minist\u00e9rio da Sa\u00fade confirmou a ocorr\u00eancia de tr\u00eas \u00f3bitos pela doen\u00e7a, referentes a um de febre maculosa em Campinas. Mas, o que fazer?","robots":{"index":"index","follow":"follow","max-snippet":"max-snippet:-1","max-image-preview":"max-image-preview:large","max-video-preview":"max-video-preview:-1"},"canonical":"https:\/\/www.grupomedcof.com.br\/blog\/surto-de-febre-maculosa-em-campinas-o-que-fazer\/","og_locale":"pt_BR","og_type":"article","og_title":"Surto de febre maculosa em Campinas: o que fazer?","og_description":"O Minist\u00e9rio da Sa\u00fade confirmou a ocorr\u00eancia de tr\u00eas \u00f3bitos pela doen\u00e7a, referentes a um de febre maculosa em Campinas. Mas, o que fazer?","og_url":"https:\/\/www.grupomedcof.com.br\/blog\/surto-de-febre-maculosa-em-campinas-o-que-fazer\/","og_site_name":"Blog de Medcof: conte\u00fados, editais, revalida e mais!","article_publisher":"https:\/\/www.facebook.com\/MedCofQbank\/","article_published_time":"2023-06-15T16:51:46+00:00","article_modified_time":"2024-12-03T20:23:46+00:00","og_image":[{"width":1024,"height":576,"url":"https:\/\/www.grupomedcof.com.br\/blog\/wp-content\/uploads\/2023\/06\/Blog-MedCof-62-1024x576.png","type":"image\/png"}],"author":"Grupo MedCof","twitter_card":"summary_large_image","twitter_misc":{"Escrito por":"Grupo MedCof","Est. tempo de leitura":"12 minutos"},"schema":{"@context":"https:\/\/schema.org","@graph":[{"@type":"Article","@id":"https:\/\/www.grupomedcof.com.br\/blog\/surto-de-febre-maculosa-em-campinas-o-que-fazer\/#article","isPartOf":{"@id":"https:\/\/www.grupomedcof.com.br\/blog\/surto-de-febre-maculosa-em-campinas-o-que-fazer\/"},"author":{"name":"Grupo MedCof","@id":"https:\/\/www.grupomedcof.com.br\/blog\/#\/schema\/person\/5e56a3921255c01181f3d8c20d53f9c0"},"headline":"Surto de febre maculosa em Campinas: o que fazer?","datePublished":"2023-06-15T16:51:46+00:00","dateModified":"2024-12-03T20:23:46+00:00","mainEntityOfPage":{"@id":"https:\/\/www.grupomedcof.com.br\/blog\/surto-de-febre-maculosa-em-campinas-o-que-fazer\/"},"wordCount":1367,"commentCount":0,"publisher":{"@id":"https:\/\/www.grupomedcof.com.br\/blog\/#organization"},"image":{"@id":"https:\/\/www.grupomedcof.com.br\/blog\/surto-de-febre-maculosa-em-campinas-o-que-fazer\/#primaryimage"},"thumbnailUrl":"https:\/\/www.grupomedcof.com.br\/blog\/wp-content\/uploads\/2023\/06\/Blog-MedCof-62.png","keywords":["Infectologia"],"articleSection":["Infectologia"],"inLanguage":"pt-BR"},{"@type":"WebPage","@id":"https:\/\/www.grupomedcof.com.br\/blog\/surto-de-febre-maculosa-em-campinas-o-que-fazer\/","url":"https:\/\/www.grupomedcof.com.br\/blog\/surto-de-febre-maculosa-em-campinas-o-que-fazer\/","name":"Surto de febre maculosa em Campinas: o que fazer? - Blog de Medcof: conte\u00fados, editais, revalida e mais!","isPartOf":{"@id":"https:\/\/www.grupomedcof.com.br\/blog\/#website"},"primaryImageOfPage":{"@id":"https:\/\/www.grupomedcof.com.br\/blog\/surto-de-febre-maculosa-em-campinas-o-que-fazer\/#primaryimage"},"image":{"@id":"https:\/\/www.grupomedcof.com.br\/blog\/surto-de-febre-maculosa-em-campinas-o-que-fazer\/#primaryimage"},"thumbnailUrl":"https:\/\/www.grupomedcof.com.br\/blog\/wp-content\/uploads\/2023\/06\/Blog-MedCof-62.png","datePublished":"2023-06-15T16:51:46+00:00","dateModified":"2024-12-03T20:23:46+00:00","description":"O Minist\u00e9rio da Sa\u00fade confirmou a ocorr\u00eancia de tr\u00eas \u00f3bitos pela doen\u00e7a, referentes a um de febre maculosa em Campinas. Mas, o que fazer?","breadcrumb":{"@id":"https:\/\/www.grupomedcof.com.br\/blog\/surto-de-febre-maculosa-em-campinas-o-que-fazer\/#breadcrumb"},"inLanguage":"pt-BR","potentialAction":[{"@type":"ReadAction","target":["https:\/\/www.grupomedcof.com.br\/blog\/surto-de-febre-maculosa-em-campinas-o-que-fazer\/"]}]},{"@type":"ImageObject","inLanguage":"pt-BR","@id":"https:\/\/www.grupomedcof.com.br\/blog\/surto-de-febre-maculosa-em-campinas-o-que-fazer\/#primaryimage","url":"https:\/\/www.grupomedcof.com.br\/blog\/wp-content\/uploads\/2023\/06\/Blog-MedCof-62.png","contentUrl":"https:\/\/www.grupomedcof.com.br\/blog\/wp-content\/uploads\/2023\/06\/Blog-MedCof-62.png","width":2560,"height":1440,"caption":"O Minist\u00e9rio da Sa\u00fade confirmou a ocorr\u00eancia de tr\u00eas \u00f3bitos pela doen\u00e7a, referentes a um de febre maculosa em Campinas. Mas, o que fazer?"},{"@type":"BreadcrumbList","@id":"https:\/\/www.grupomedcof.com.br\/blog\/surto-de-febre-maculosa-em-campinas-o-que-fazer\/#breadcrumb","itemListElement":[{"@type":"ListItem","position":1,"name":"In\u00edcio","item":"https:\/\/www.grupomedcof.com.br\/blog\/"},{"@type":"ListItem","position":2,"name":"Surto de febre maculosa em Campinas: o que fazer?"}]},{"@type":"WebSite","@id":"https:\/\/www.grupomedcof.com.br\/blog\/#website","url":"https:\/\/www.grupomedcof.com.br\/blog\/","name":"Blog de Medcof: conte\u00fados, editais, revalida e mais!","description":"Acesso o blog de MedCof! Seu portal de conte\u00fados sobre resid\u00eancia m\u00e9dica, an\u00e1lise e editais e muito mais. Clique e confira!","publisher":{"@id":"https:\/\/www.grupomedcof.com.br\/blog\/#organization"},"alternateName":"Blog de Medcof: conte\u00fados, editais, revalida e mais!","potentialAction":[{"@type":"SearchAction","target":{"@type":"EntryPoint","urlTemplate":"https:\/\/www.grupomedcof.com.br\/blog\/?s={search_term_string}"},"query-input":{"@type":"PropertyValueSpecification","valueRequired":true,"valueName":"search_term_string"}}],"inLanguage":"pt-BR"},{"@type":"Organization","@id":"https:\/\/www.grupomedcof.com.br\/blog\/#organization","name":"Grupo MedCof","url":"https:\/\/www.grupomedcof.com.br\/blog\/","logo":{"@type":"ImageObject","inLanguage":"pt-BR","@id":"https:\/\/www.grupomedcof.com.br\/blog\/#\/schema\/logo\/image\/","url":"https:\/\/www.grupomedcof.com.br\/blog\/wp-content\/uploads\/2022\/01\/logo-medcof.png","contentUrl":"https:\/\/www.grupomedcof.com.br\/blog\/wp-content\/uploads\/2022\/01\/logo-medcof.png","width":768,"height":269,"caption":"Grupo MedCof"},"image":{"@id":"https:\/\/www.grupomedcof.com.br\/blog\/#\/schema\/logo\/image\/"},"sameAs":["https:\/\/www.facebook.com\/MedCofQbank\/","https:\/\/www.instagram.com\/grupomedcof\/","https:\/\/br.linkedin.com\/company\/medcof","https:\/\/www.youtube.com\/channel\/UCdHMuOHKICxcHwecxN8P-AA"]},{"@type":"Person","@id":"https:\/\/www.grupomedcof.com.br\/blog\/#\/schema\/person\/5e56a3921255c01181f3d8c20d53f9c0","name":"Grupo MedCof","image":{"@type":"ImageObject","inLanguage":"pt-BR","@id":"https:\/\/www.grupomedcof.com.br\/blog\/wp-content\/uploads\/2023\/04\/cropped-cropped-cropped-cropped-logo-96x96.png28585d174f19c23095510da5f63bc127","url":"https:\/\/www.grupomedcof.com.br\/blog\/wp-content\/uploads\/2023\/04\/cropped-cropped-cropped-cropped-logo-96x96.png","contentUrl":"https:\/\/www.grupomedcof.com.br\/blog\/wp-content\/uploads\/2023\/04\/cropped-cropped-cropped-cropped-logo-96x96.png","caption":"Grupo MedCof"},"description":"Tendo aulas baseadas em quest\u00f5es, + de 115 subespecialistas dispon\u00edveis e uma metodologia \u00fanica, voc\u00ea pode se juntar ao nosso time que conta com mais de 10 mil ...","url":"https:\/\/www.grupomedcof.com.br\/blog\/author\/grupo-medcof\/"}]}},"authors":[{"term_id":3613,"user_id":10,"is_guest":0,"slug":"grupo-medcof","display_name":"Grupo MedCof","avatar_url":"https:\/\/www.grupomedcof.com.br\/blog\/wp-content\/uploads\/2023\/04\/cropped-cropped-cropped-cropped-logo-96x96.png","0":null,"1":"","2":"","3":"","4":"","5":"","6":"","7":"","8":""}],"_links":{"self":[{"href":"https:\/\/www.grupomedcof.com.br\/blog\/wp-json\/wp\/v2\/posts\/8076","targetHints":{"allow":["GET"]}}],"collection":[{"href":"https:\/\/www.grupomedcof.com.br\/blog\/wp-json\/wp\/v2\/posts"}],"about":[{"href":"https:\/\/www.grupomedcof.com.br\/blog\/wp-json\/wp\/v2\/types\/post"}],"author":[{"embeddable":true,"href":"https:\/\/www.grupomedcof.com.br\/blog\/wp-json\/wp\/v2\/users\/10"}],"replies":[{"embeddable":true,"href":"https:\/\/www.grupomedcof.com.br\/blog\/wp-json\/wp\/v2\/comments?post=8076"}],"version-history":[{"count":0,"href":"https:\/\/www.grupomedcof.com.br\/blog\/wp-json\/wp\/v2\/posts\/8076\/revisions"}],"wp:featuredmedia":[{"embeddable":true,"href":"https:\/\/www.grupomedcof.com.br\/blog\/wp-json\/wp\/v2\/media\/8077"}],"wp:attachment":[{"href":"https:\/\/www.grupomedcof.com.br\/blog\/wp-json\/wp\/v2\/media?parent=8076"}],"wp:term":[{"taxonomy":"category","embeddable":true,"href":"https:\/\/www.grupomedcof.com.br\/blog\/wp-json\/wp\/v2\/categories?post=8076"},{"taxonomy":"post_tag","embeddable":true,"href":"https:\/\/www.grupomedcof.com.br\/blog\/wp-json\/wp\/v2\/tags?post=8076"},{"taxonomy":"author","embeddable":true,"href":"https:\/\/www.grupomedcof.com.br\/blog\/wp-json\/wp\/v2\/ppma_author?post=8076"}],"curies":[{"name":"wp","href":"https:\/\/api.w.org\/{rel}","templated":true}]}}