{"id":8148,"date":"2023-06-19T11:24:23","date_gmt":"2023-06-19T14:24:23","guid":{"rendered":"https:\/\/www.grupomedcof.com.br\/blog\/?p=8148"},"modified":"2024-12-03T17:23:23","modified_gmt":"2024-12-03T20:23:23","slug":"puericultura-como-avaliar-o-peso-da-crianca","status":"publish","type":"post","link":"https:\/\/www.grupomedcof.com.br\/blog\/puericultura-como-avaliar-o-peso-da-crianca\/","title":{"rendered":"Puericultura: Como avaliar o peso da crian\u00e7a"},"content":{"rendered":"<div id=\"ez-toc-container\" class=\"ez-toc-v2_0_74 counter-hierarchy ez-toc-counter ez-toc-transparent ez-toc-container-direction\">\n<div class=\"ez-toc-title-container\">\n<p class=\"ez-toc-title\" style=\"cursor:inherit\">Sum\u00e1rio<\/p>\n<span class=\"ez-toc-title-toggle\"><a href=\"#\" class=\"ez-toc-pull-right ez-toc-btn ez-toc-btn-xs ez-toc-btn-default ez-toc-toggle\" aria-label=\"Alternar tabela de conte\u00fado\"><span class=\"ez-toc-js-icon-con\"><span class=\"\"><span class=\"eztoc-hide\" style=\"display:none;\">Toggle<\/span><span class=\"ez-toc-icon-toggle-span\"><svg style=\"fill: #999;color:#999\" xmlns=\"http:\/\/www.w3.org\/2000\/svg\" class=\"list-377408\" width=\"20px\" height=\"20px\" viewBox=\"0 0 24 24\" fill=\"none\"><path d=\"M6 6H4v2h2V6zm14 0H8v2h12V6zM4 11h2v2H4v-2zm16 0H8v2h12v-2zM4 16h2v2H4v-2zm16 0H8v2h12v-2z\" fill=\"currentColor\"><\/path><\/svg><svg style=\"fill: #999;color:#999\" class=\"arrow-unsorted-368013\" xmlns=\"http:\/\/www.w3.org\/2000\/svg\" width=\"10px\" height=\"10px\" viewBox=\"0 0 24 24\" version=\"1.2\" baseProfile=\"tiny\"><path d=\"M18.2 9.3l-6.2-6.3-6.2 6.3c-.2.2-.3.4-.3.7s.1.5.3.7c.2.2.4.3.7.3h11c.3 0 .5-.1.7-.3.2-.2.3-.5.3-.7s-.1-.5-.3-.7zM5.8 14.7l6.2 6.3 6.2-6.3c.2-.2.3-.5.3-.7s-.1-.5-.3-.7c-.2-.2-.4-.3-.7-.3h-11c-.3 0-.5.1-.7.3-.2.2-.3.5-.3.7s.1.5.3.7z\"\/><\/svg><\/span><\/span><\/span><\/a><\/span><\/div>\n<nav><ul class='ez-toc-list ez-toc-list-level-1 ' ><li class='ez-toc-page-1 ez-toc-heading-level-2'><a class=\"ez-toc-link ez-toc-heading-1\" href=\"https:\/\/www.grupomedcof.com.br\/blog\/puericultura-como-avaliar-o-peso-da-crianca\/#Veja_a_seguir\" >Veja a seguir<\/a><\/li><li class='ez-toc-page-1 ez-toc-heading-level-2'><a class=\"ez-toc-link ez-toc-heading-2\" href=\"https:\/\/www.grupomedcof.com.br\/blog\/puericultura-como-avaliar-o-peso-da-crianca\/#Puericultura_Como_avaliar_o_peso_da_crianca\" >Puericultura: Como avaliar o peso da crian\u00e7a<\/a><\/li><li class='ez-toc-page-1 ez-toc-heading-level-2'><a class=\"ez-toc-link ez-toc-heading-3\" href=\"https:\/\/www.grupomedcof.com.br\/blog\/puericultura-como-avaliar-o-peso-da-crianca\/#Introducao\" >Introdu\u00e7\u00e3o<\/a><\/li><li class='ez-toc-page-1 ez-toc-heading-level-2'><a class=\"ez-toc-link ez-toc-heading-4\" href=\"https:\/\/www.grupomedcof.com.br\/blog\/puericultura-como-avaliar-o-peso-da-crianca\/#Avaliacao_do_Peso\" >Avalia\u00e7\u00e3o do Peso<\/a><ul class='ez-toc-list-level-3' ><li class='ez-toc-heading-level-3'><a class=\"ez-toc-link ez-toc-heading-5\" href=\"https:\/\/www.grupomedcof.com.br\/blog\/puericultura-como-avaliar-o-peso-da-crianca\/#Peso_ao_nascer\" >Peso ao nascer<\/a><\/li><\/ul><\/li><li class='ez-toc-page-1 ez-toc-heading-level-2'><a class=\"ez-toc-link ez-toc-heading-6\" href=\"https:\/\/www.grupomedcof.com.br\/blog\/puericultura-como-avaliar-o-peso-da-crianca\/#Ganho_de_peso\" >Ganho de peso<\/a><\/li><li class='ez-toc-page-1 ez-toc-heading-level-2'><a class=\"ez-toc-link ez-toc-heading-7\" href=\"https:\/\/www.grupomedcof.com.br\/blog\/puericultura-como-avaliar-o-peso-da-crianca\/#Graficos_de_crescimento\" >Gr\u00e1ficos de crescimento<\/a><ul class='ez-toc-list-level-3' ><li class='ez-toc-heading-level-3'><a class=\"ez-toc-link ez-toc-heading-8\" href=\"https:\/\/www.grupomedcof.com.br\/blog\/puericultura-como-avaliar-o-peso-da-crianca\/#O_que_e_percentil\" >O que \u00e9 percentil?<\/a><\/li><li class='ez-toc-page-1 ez-toc-heading-level-3'><a class=\"ez-toc-link ez-toc-heading-9\" href=\"https:\/\/www.grupomedcof.com.br\/blog\/puericultura-como-avaliar-o-peso-da-crianca\/#O_que_e_escore_Z\" >O que \u00e9 escore Z?<\/a><\/li><\/ul><\/li><li class='ez-toc-page-1 ez-toc-heading-level-2'><a class=\"ez-toc-link ez-toc-heading-10\" href=\"https:\/\/www.grupomedcof.com.br\/blog\/puericultura-como-avaliar-o-peso-da-crianca\/#Puericultura_Como_avaliar_o_peso_da_crianca-2\" >Puericultura: Como avaliar o peso da crian\u00e7a<\/a><\/li><li class='ez-toc-page-1 ez-toc-heading-level-2'><a class=\"ez-toc-link ez-toc-heading-11\" href=\"https:\/\/www.grupomedcof.com.br\/blog\/puericultura-como-avaliar-o-peso-da-crianca\/#Graficos\" >Gr\u00e1ficos<\/a><\/li><li class='ez-toc-page-1 ez-toc-heading-level-2'><a class=\"ez-toc-link ez-toc-heading-12\" href=\"https:\/\/www.grupomedcof.com.br\/blog\/puericultura-como-avaliar-o-peso-da-crianca\/#Interpretando_o_grafico\" >Interpretando o gr\u00e1fico<\/a><\/li><li class='ez-toc-page-1 ez-toc-heading-level-2'><a class=\"ez-toc-link ez-toc-heading-13\" href=\"https:\/\/www.grupomedcof.com.br\/blog\/puericultura-como-avaliar-o-peso-da-crianca\/#Conquiste_a_aprovacao\" >Conquiste a aprova\u00e7\u00e3o!\u00a0<\/a><\/li><\/ul><\/nav><\/div>\n<p><img loading=\"lazy\" decoding=\"async\" width=\"800\" height=\"450\" src=\"https:\/\/www.grupomedcof.com.br\/blog\/wp-content\/uploads\/2023\/06\/Blog-MedCof-71-1024x576.png\" alt=\"como avaliar o peso da crian\u00e7a, peso infantil, peso da crian\u00e7a, peso e altura infantil, crescimento infantil, crescimento da crian\u00e7a, curva de crescimento,\" srcset=\"https:\/\/www.grupomedcof.com.br\/blog\/wp-content\/uploads\/2023\/06\/Blog-MedCof-71-1024x576.png 1024w, https:\/\/www.grupomedcof.com.br\/blog\/wp-content\/uploads\/2023\/06\/Blog-MedCof-71-300x169.png 300w, https:\/\/www.grupomedcof.com.br\/blog\/wp-content\/uploads\/2023\/06\/Blog-MedCof-71-768x432.png 768w, https:\/\/www.grupomedcof.com.br\/blog\/wp-content\/uploads\/2023\/06\/Blog-MedCof-71-1536x864.png 1536w, https:\/\/www.grupomedcof.com.br\/blog\/wp-content\/uploads\/2023\/06\/Blog-MedCof-71-2048x1152.png 2048w\" sizes=\"auto, (max-width: 800px) 100vw, 800px\" \/>\t\t\t\t\t\t\t\t\t\t\t\t\t\t\t<\/p>\n<p>Puericultura: Saiba como avaliar o peso da crian\u00e7a e gabaritar da resid\u00eancia!<\/p>\n<h2><span class=\"ez-toc-section\" id=\"Veja_a_seguir\"><\/span>\n\t\t\t\tVeja a seguir\t\t\t<span class=\"ez-toc-section-end\"><\/span><\/h2>\n<h2><span class=\"ez-toc-section\" id=\"Puericultura_Como_avaliar_o_peso_da_crianca\"><\/span><strong>Puericultura: Como avaliar o peso da crian\u00e7a<\/strong><span class=\"ez-toc-section-end\"><\/span><\/h2>\n<p>A<strong><a href=\"https:\/\/www.grupomedcof.com.br\/blog\/puericultura-como-avaliar-o-crescimento-da-crianca\/\" target=\"_blank\" rel=\"noopener\"> avalia\u00e7\u00e3o do crescimento da crian\u00e7a<\/a> <\/strong>\u00e9 fundamental n\u00e3o s\u00f3 na pr\u00e1tica de pediatria, mas tamb\u00e9m no dia a dia do profissional que atende em unidades de sa\u00fade da fam\u00edlia. Dessa forma, pensando que a avalia\u00e7\u00e3o da crian\u00e7a \u00e9 um<strong> tema que cai de forma recorrente nas provas de resid\u00eancia, <\/strong>voc\u00ea n\u00e3o pode deixar esse tema de lado!<\/p>\n<p>\u00a0<\/p>\n<p>Sendo assim, neste post vamos tratar sobre como avaliar o peso da crian\u00e7a, bem como avaliar o perfil dela nas curvas de crescimento da OMS.<\/p>\n<p>\t\t\t\t\t\t\t\t\t\t\t\t\t\t\t\t<a href=\"https:\/\/www.grupomedcof.com.br\/inscricao-hiit-2023\/\" target=\"_blank\" rel=\"noopener\"><br \/>\n\t\t\t\t\t\t\t<img loading=\"lazy\" decoding=\"async\" width=\"800\" height=\"141\" src=\"https:\/\/www.grupomedcof.com.br\/blog\/wp-content\/uploads\/2023\/05\/Captura-de-tela-2023-05-30-121547-1024x181.png\" alt=\"Semana HIIT MedCof, aulas grupo medcof, medcof, aulas medcof, medcof qbank, gupo medcof\" srcset=\"https:\/\/www.grupomedcof.com.br\/blog\/wp-content\/uploads\/2023\/05\/Captura-de-tela-2023-05-30-121547-1024x181.png 1024w, https:\/\/www.grupomedcof.com.br\/blog\/wp-content\/uploads\/2023\/05\/Captura-de-tela-2023-05-30-121547-300x53.png 300w, https:\/\/www.grupomedcof.com.br\/blog\/wp-content\/uploads\/2023\/05\/Captura-de-tela-2023-05-30-121547-768x136.png 768w, https:\/\/www.grupomedcof.com.br\/blog\/wp-content\/uploads\/2023\/05\/Captura-de-tela-2023-05-30-121547-1536x271.png 1536w, https:\/\/www.grupomedcof.com.br\/blog\/wp-content\/uploads\/2023\/05\/Captura-de-tela-2023-05-30-121547.png 1687w\" sizes=\"auto, (max-width: 800px) 100vw, 800px\" \/>\t\t\t\t\t\t\t\t<\/a><\/p>\n<h2 style=\"font-family: Poppins, sans-serif; color: #7a7a7a;\"><span class=\"ez-toc-section\" id=\"Introducao\"><\/span><strong>Introdu\u00e7\u00e3o<\/strong><span class=\"ez-toc-section-end\"><\/span><\/h2>\n<p>O crescimento \u00e9 um importante indicador de sa\u00fade, e \u00e9 extremamente sens\u00edvel para identifica\u00e7\u00e3o de dist\u00farbios (sejam nutricionais, metab\u00f3licos e at\u00e9 gen\u00e9ticos) na pediatria. Desse modo, ele\u00a0\u00e9 avaliado pelas\u00a0medidas antropom\u00e9tricas,\u00a0e \u00e9 importante lembrarmos que o crescimento ocorre de forma\u00a0desacelerada\u00a0ao passar dos anos.<\/p>\n<h2 style=\"font-family: Poppins, sans-serif; color: #7a7a7a;\"><span class=\"ez-toc-section\" id=\"Avaliacao_do_Peso\"><\/span>Avalia\u00e7\u00e3o do Peso<span class=\"ez-toc-section-end\"><\/span><\/h2>\n<p>O peso \u00e9 um par\u00e2metro de\u00a0altera\u00e7\u00e3o aguda\u00a0do crescimento da crian\u00e7a, portanto,\u00a0 \u00e9 importante avali\u00e1-lo de forma comparativa ao longo do tempo.<\/p>\n<h3 style=\"font-family: Poppins, sans-serif; color: #7a7a7a;\"><span class=\"ez-toc-section\" id=\"Peso_ao_nascer\"><\/span><strong>Peso ao nascer<\/strong><span class=\"ez-toc-section-end\"><\/span><\/h3>\n<p>Para a avalia\u00e7\u00e3o do crescimento e desenvolvimento da crian\u00e7a \u00e9 important\u00edssimo questionar o peso ao nascer, pois pode dar informa\u00e7\u00f5es adicionais sobre a apresenta\u00e7\u00e3o cl\u00ednica ao longo do tempo.<\/p>\n<p>\u00a0<\/p>\n<p>Classifica\u00e7\u00e3o quanto ao peso:<\/p>\n<ul style=\"font-size: 16px; background-color: #ffffff;\">\n<li style=\"font-size: 16px;\">Baixo peso \u2192 &lt; 2,5 kg<\/li>\n<li style=\"font-size: 16px;\">Muito baixo peso \u2192 &lt; 1,5 kg<\/li>\n<li style=\"font-size: 16px;\">Extremo baixo peso \u2192 &lt; 1 kg<\/li>\n<\/ul>\n<p>Classifica\u00e7\u00e3o quanto ao peso de acordo com a idade gestacional:<\/p>\n<ul style=\"font-size: 16px; background-color: #ffffff;\">\n<li style=\"font-size: 16px;\">Pequeno para Idade Gestacional \u2192 abaixo do p10.<\/li>\n<li style=\"font-size: 16px;\">Adequado para Idade Gestacional \u2192 Entre p10 e p90.<\/li>\n<li style=\"font-size: 16px;\">Grande para Idade Gestacional \u2192 acima do p90<\/li>\n<\/ul>\n<h2 style=\"font-family: Poppins, sans-serif; color: #7a7a7a;\"><span class=\"ez-toc-section\" id=\"Ganho_de_peso\"><\/span><strong>Ganho de peso<\/strong><span class=\"ez-toc-section-end\"><\/span><\/h2>\n<p>Al\u00e9m disso, precisamos avaliar se o ganho de peso da crian\u00e7a est\u00e1 adequado para a sua idade, e para isso existe a conven\u00e7\u00e3o que:<\/p>\n<p>\u00a0<\/p>\n<ul style=\"font-size: 16px; background-color: #ffffff;\">\n<li style=\"font-size: 16px;\"><strong>Neonatos:<\/strong> podem perder 10% no peso na primeira semana; a recupera\u00e7\u00e3o do peso do nascimento ocorre, em geral, na segunda semana de vida.<\/li>\n<li style=\"font-size: 16px;\"><strong>1\u00b0 Trimestre:<\/strong> Ganho de 700g\/m\u00eas ou 23g\/dia.<\/li>\n<li style=\"font-size: 16px;\"><strong>2\u00b0 Trimestre:<\/strong> Ganho de 600g\/m\u00eas ou 20g\/dia.<\/li>\n<li style=\"font-size: 16px;\"><strong>3\u00b0 Trimestre:<\/strong> Ganho de 500g\/m\u00eas ou 15g\/dia<\/li>\n<\/ul>\n<p>\u00a0<\/p>\n<p>Presta aten\u00e7\u00e3o, como o peso \u00e9\u00a0desacelerado,\u00a0a cada 3 meses reduz 100g\/m\u00eas.<\/p>\n<p>\t\t\t\t\t\t\t\t\t\t\t\t\t\t\t<img loading=\"lazy\" decoding=\"async\" width=\"800\" height=\"257\" src=\"https:\/\/www.grupomedcof.com.br\/blog\/wp-content\/uploads\/2023\/06\/Blog-MedCof-77-1024x329.png\" alt=\"como avaliar o peso da crian\u00e7a, peso infantil, peso da crian\u00e7a, peso e altura infantil, crescimento infantil, crescimento da crian\u00e7a, curva de crescimento,\" srcset=\"https:\/\/www.grupomedcof.com.br\/blog\/wp-content\/uploads\/2023\/06\/Blog-MedCof-77-1024x329.png 1024w, https:\/\/www.grupomedcof.com.br\/blog\/wp-content\/uploads\/2023\/06\/Blog-MedCof-77-300x96.png 300w, https:\/\/www.grupomedcof.com.br\/blog\/wp-content\/uploads\/2023\/06\/Blog-MedCof-77-768x246.png 768w, https:\/\/www.grupomedcof.com.br\/blog\/wp-content\/uploads\/2023\/06\/Blog-MedCof-77-1536x493.png 1536w, https:\/\/www.grupomedcof.com.br\/blog\/wp-content\/uploads\/2023\/06\/Blog-MedCof-77-2048x657.png 2048w\" sizes=\"auto, (max-width: 800px) 100vw, 800px\" \/>\t\t\t\t\t\t\t\t\t\t\t\t\t\t\t<\/p>\n<h2 style=\"font-family: Poppins, sans-serif; color: #7a7a7a;\"><span class=\"ez-toc-section\" id=\"Graficos_de_crescimento\"><\/span><strong>Gr\u00e1ficos de crescimento<\/strong><span class=\"ez-toc-section-end\"><\/span><\/h2>\n<p>Al\u00e9m disso, mais do que simplesmente verificar o peso, voc\u00ea precisa interpret\u00e1-lo a partir dos\u00a0percentis e score Z.<\/p>\n<h3 style=\"font-family: Poppins, sans-serif; color: #7a7a7a;\"><span class=\"ez-toc-section\" id=\"O_que_e_percentil\"><\/span><strong>O que \u00e9 percentil?<\/strong><span class=\"ez-toc-section-end\"><\/span><\/h3>\n<p>S\u00e3o os valores esperados de algum par\u00e2metro para uma determinada popula\u00e7\u00e3o.<\/p>\n<p>Por exemplo, uma crian\u00e7a no percentil 85 na curva de peso indica que 85% dos pacientes com essa idade e g\u00eanero est\u00e3o com peso abaixo dessa crian\u00e7a e 15% dos pacientes do mesmo g\u00eanero e idade t\u00eam peso acima dessa crian\u00e7a<\/p>\n<h3 style=\"font-family: Poppins, sans-serif; color: #7a7a7a;\"><span class=\"ez-toc-section\" id=\"O_que_e_escore_Z\"><\/span><strong>O que \u00e9 escore Z?<\/strong><span class=\"ez-toc-section-end\"><\/span><\/h3>\n<p>\u00c9 o desvio padr\u00e3o em que uma pontua\u00e7\u00e3o est\u00e1 acima ou abaixo da mediana de uma popula\u00e7\u00e3o.<\/p>\n<table>\n<thead>\n<tr>\n<th>Percentil<\/th>\n<th>Escore Z<\/th>\n<\/tr>\n<\/thead>\n<tbody>\n<tr>\n<td>p99,9<\/td>\n<td>+3<\/td>\n<\/tr>\n<tr>\n<td>p97<\/td>\n<td>+2<\/td>\n<\/tr>\n<tr>\n<td>p85<\/td>\n<td>+1<\/td>\n<\/tr>\n<tr>\n<td>p50<\/td>\n<td>0<\/td>\n<\/tr>\n<tr>\n<td>p15<\/td>\n<td>-1<\/td>\n<\/tr>\n<tr>\n<td>p3<\/td>\n<td>-2<\/td>\n<\/tr>\n<tr>\n<td>p0,01<\/td>\n<td>-3<\/td>\n<\/tr>\n<\/tbody>\n<\/table>\n<h2><span class=\"ez-toc-section\" id=\"Puericultura_Como_avaliar_o_peso_da_crianca-2\"><\/span>Puericultura: Como avaliar o peso da crian\u00e7a<span class=\"ez-toc-section-end\"><\/span><\/h2>\n<h2><span class=\"ez-toc-section\" id=\"Graficos\"><\/span><strong>Gr\u00e1ficos<\/strong><span class=\"ez-toc-section-end\"><\/span><\/h2>\n<figure>\n\t\t\t\t\t\t\t\t\t\t<img loading=\"lazy\" decoding=\"async\" width=\"579\" height=\"402\" src=\"https:\/\/www.grupomedcof.com.br\/blog\/wp-content\/uploads\/2023\/06\/Untitled-43.png\" alt=\"como avaliar o peso da crian\u00e7a, peso infantil, peso da crian\u00e7a, peso e altura infantil, crescimento infantil, crescimento da crian\u00e7a, curva de crescimento,\" srcset=\"https:\/\/www.grupomedcof.com.br\/blog\/wp-content\/uploads\/2023\/06\/Untitled-43.png 579w, https:\/\/www.grupomedcof.com.br\/blog\/wp-content\/uploads\/2023\/06\/Untitled-43-300x208.png 300w\" sizes=\"auto, (max-width: 579px) 100vw, 579px\" \/><figcaption>Fonte: Organiza\u00e7\u00e3o Mundial da Sa\u00fade.<\/figcaption><\/figure>\n<figure>\n\t\t\t\t\t\t\t\t\t\t<img loading=\"lazy\" decoding=\"async\" width=\"615\" height=\"439\" src=\"https:\/\/www.grupomedcof.com.br\/blog\/wp-content\/uploads\/2023\/06\/Untitled-44.png\" alt=\"como avaliar o peso da crian\u00e7a, peso infantil, peso da crian\u00e7a, peso e altura infantil, crescimento infantil, crescimento da crian\u00e7a, curva de crescimento,\" srcset=\"https:\/\/www.grupomedcof.com.br\/blog\/wp-content\/uploads\/2023\/06\/Untitled-44.png 615w, https:\/\/www.grupomedcof.com.br\/blog\/wp-content\/uploads\/2023\/06\/Untitled-44-300x214.png 300w\" sizes=\"auto, (max-width: 615px) 100vw, 615px\" \/><figcaption>Fonte: Organiza\u00e7\u00e3o Mundial da Sa\u00fade.<\/figcaption><\/figure>\n<p>Aqui est\u00e1 alguns exemplos de gr\u00e1ficos de crescimento relacionando Peso para a idade usando percentil e Z-Score, preste aten\u00e7\u00e3o que os gr\u00e1ficos mudam em rela\u00e7\u00e3o a <strong style=\"color: var( --e-global-color-text ); font-family: var( --e-global-typography-text-font-family ), Sans-serif;\">idade e o sexo.<\/strong><\/p>\n<p><strong style=\"color: var( --e-global-color-text ); font-family: var( --e-global-typography-text-font-family ), Sans-serif;\">\u00a0<\/strong><\/p>\n<p><strong>\u2192<\/strong> Voc\u00ea pode encontrar todos os gr\u00e1ficos da OMS\u00a0<strong><a href=\"https:\/\/www.sbp.com.br\/departamentos\/endocrinologia\/graficos-de-crescimento\/\" target=\"_blank\" rel=\"noopener\">neste site da SBP<\/a>.<\/strong><\/p>\n<h2><span class=\"ez-toc-section\" id=\"Interpretando_o_grafico\"><\/span><strong>Interpretando o gr\u00e1fico<\/strong><span class=\"ez-toc-section-end\"><\/span><\/h2>\n<table>\n<thead>\n<tr>\n<th>Z-Score<\/th>\n<th>Percentil<\/th>\n<th>Peso\/Idade<\/th>\n<\/tr>\n<\/thead>\n<tbody>\n<tr>\n<td>&lt; -3<\/td>\n<td>&lt; p0,1<\/td>\n<td>Muito baixo peso<\/td>\n<\/tr>\n<tr>\n<td>\u2265 -3 e&lt; -2<\/td>\n<td>\u2265 p0,1 e &lt; p3<\/td>\n<td>Baixo peso<\/td>\n<\/tr>\n<tr>\n<td>\u2265 -2 e \u2264 +2<\/td>\n<td>\u2265 p3 e \u2264 p97<\/td>\n<td>Peso adequado para a idade<\/td>\n<\/tr>\n<\/tbody>\n<\/table>\n<p>\t\t\t\t\t\t\t\t\t\t\t\t\t\t\t<img loading=\"lazy\" decoding=\"async\" width=\"800\" height=\"450\" src=\"https:\/\/www.grupomedcof.com.br\/blog\/wp-content\/uploads\/2023\/06\/Blog-MedCof-78-1024x576.png\" alt=\"como avaliar o peso da crian\u00e7a, peso infantil, peso da crian\u00e7a, peso e altura infantil, crescimento infantil, crescimento da crian\u00e7a, curva de crescimento,\" srcset=\"https:\/\/www.grupomedcof.com.br\/blog\/wp-content\/uploads\/2023\/06\/Blog-MedCof-78-1024x576.png 1024w, https:\/\/www.grupomedcof.com.br\/blog\/wp-content\/uploads\/2023\/06\/Blog-MedCof-78-300x169.png 300w, https:\/\/www.grupomedcof.com.br\/blog\/wp-content\/uploads\/2023\/06\/Blog-MedCof-78-768x432.png 768w, https:\/\/www.grupomedcof.com.br\/blog\/wp-content\/uploads\/2023\/06\/Blog-MedCof-78-1536x864.png 1536w, https:\/\/www.grupomedcof.com.br\/blog\/wp-content\/uploads\/2023\/06\/Blog-MedCof-78-2048x1152.png 2048w\" sizes=\"auto, (max-width: 800px) 100vw, 800px\" \/>\t\t\t\t\t\t\t\t\t\t\t\t\t\t\t<\/p>\n<h2><span class=\"ez-toc-section\" id=\"Conquiste_a_aprovacao\"><\/span><strong>Conquiste a aprova\u00e7\u00e3o!\u00a0<\/strong><span class=\"ez-toc-section-end\"><\/span><\/h2>\n<p><a style=\"font-family: var( --e-global-typography-text-font-family ), Sans-serif; font-weight: var( --e-global-typography-text-font-weight ); background-color: #ffffff;\" href=\"https:\/\/www.grupomedcof.com.br\/blog\/presenca-da-medcof-nas-aprovacoes-em-residencia-medica-no-brasil\/\" target=\"_blank\" rel=\"noopener\">Seja\u00a0mais um aprovado<\/a>\u00a0nas melhores resid\u00eancias m\u00e9dicas do pa\u00eds com o<strong><a style=\"font-family: var( --e-global-typography-text-font-family ), Sans-serif; font-weight: var( --e-global-typography-text-font-weight ); background-color: #ffffff;\" href=\"https:\/\/www.grupomedcof.com.br\/\" target=\"_blank\" rel=\"noopener\">\u00a0Grupo\u00a0MedCof<\/a><\/strong><strong>!<\/strong>\u00a0Temos um cat\u00e1logo repleto de cursos que te guiar\u00e3o na jornada para as provas de Resid\u00eancia M\u00e9dica que ocorrer\u00e3o em 2023!<\/p>\n<section data-id=\"5f13890\" data-element_type=\"section\">\n<section data-id=\"5f13890\" data-element_type=\"section\">\u00a0Mas, se voc\u00ea \u00e9 novo por aqui, que tal se inscrever na<a href=\"https:\/\/www.grupomedcof.com.br\/inscricao-hiit-2023\/\" target=\"_blank\" rel=\"noopener\">\u00a0<strong>Semana HIIT<\/strong><\/a><strong>?<\/strong> Ser\u00e1 um evento\u00a0100% gratuito e online\u00a0que te permitir\u00e1 conhecer um pouco do nosso m\u00e9todo de ensino!<\/section>\n<\/section>\n<p>\t\t\t\t\t\t\t\t\t\t\t\t\t\t\t\t<a href=\"https:\/\/www.grupomedcof.com.br\/inscricao-hiit-2023\/\"><br \/>\n\t\t\t\t\t\t\t<img loading=\"lazy\" decoding=\"async\" width=\"800\" height=\"442\" src=\"https:\/\/www.grupomedcof.com.br\/blog\/wp-content\/uploads\/2023\/05\/Inscricao-Semana-HIIT-1024x566.png\" alt=\"Semana HIIT MedCof, aulas grupo medcof, medcof, aulas medcof, medcof qbank, gupo medcof\" srcset=\"https:\/\/www.grupomedcof.com.br\/blog\/wp-content\/uploads\/2023\/05\/Inscricao-Semana-HIIT-1024x566.png 1024w, https:\/\/www.grupomedcof.com.br\/blog\/wp-content\/uploads\/2023\/05\/Inscricao-Semana-HIIT-300x166.png 300w, https:\/\/www.grupomedcof.com.br\/blog\/wp-content\/uploads\/2023\/05\/Inscricao-Semana-HIIT-768x425.png 768w, https:\/\/www.grupomedcof.com.br\/blog\/wp-content\/uploads\/2023\/05\/Inscricao-Semana-HIIT.png 1242w\" sizes=\"auto, (max-width: 800px) 100vw, 800px\" \/>\t\t\t\t\t\t\t\t<\/a><\/p>\n","protected":false},"excerpt":{"rendered":"<p>Puericultura: Saiba como avaliar o peso da crian\u00e7a e gabaritar da resid\u00eancia! Veja a seguir Puericultura: Como avaliar o peso da crian\u00e7a A avalia\u00e7\u00e3o do crescimento da crian\u00e7a \u00e9 fundamental n\u00e3o s\u00f3 na pr\u00e1tica de pediatria, mas tamb\u00e9m no dia a dia do profissional que atende em unidades de sa\u00fade da fam\u00edlia. Dessa forma, pensando [&hellip;]<\/p>\n","protected":false},"author":10,"featured_media":8149,"comment_status":"open","ping_status":"open","sticky":false,"template":"","format":"standard","meta":{"footnotes":""},"categories":[120],"tags":[109,228,108],"ppma_author":[3613],"class_list":{"0":"post-8148","1":"post","2":"type-post","3":"status-publish","4":"format-standard","5":"has-post-thumbnail","7":"category-pediatria","8":"tag-pediatria","9":"tag-puericultura","10":"tag-residencia-em-pediatria"},"yoast_head":"<!-- This site is optimized with the Yoast SEO Premium plugin v24.3 (Yoast SEO v27.4) - https:\/\/yoast.com\/product\/yoast-seo-premium-wordpress\/ -->\n<title>Puericultura: Como avaliar o peso da crian\u00e7a - Blog de Medcof: conte\u00fados, editais, revalida e mais!<\/title>\n<meta name=\"description\" content=\"Puericultura: Como avaliar o peso da crian\u00e7a? Este tema \u00e9 fundamental n\u00e3o s\u00f3 na pediatria, mas no dia a dia do profissional que tende em...\" \/>\n<meta name=\"robots\" content=\"index, follow, max-snippet:-1, max-image-preview:large, max-video-preview:-1\" \/>\n<link rel=\"canonical\" href=\"https:\/\/www.grupomedcof.com.br\/blog\/puericultura-como-avaliar-o-peso-da-crianca\/\" \/>\n<meta property=\"og:locale\" content=\"pt_BR\" \/>\n<meta property=\"og:type\" content=\"article\" \/>\n<meta property=\"og:title\" content=\"Puericultura: Como avaliar o peso da crian\u00e7a\" \/>\n<meta property=\"og:description\" content=\"Puericultura: Como avaliar o peso da crian\u00e7a? Este tema \u00e9 fundamental n\u00e3o s\u00f3 na pediatria, mas no dia a dia do profissional que tende em...\" \/>\n<meta property=\"og:url\" content=\"https:\/\/www.grupomedcof.com.br\/blog\/puericultura-como-avaliar-o-peso-da-crianca\/\" \/>\n<meta property=\"og:site_name\" content=\"Blog de Medcof: conte\u00fados, editais, revalida e mais!\" \/>\n<meta property=\"article:publisher\" content=\"https:\/\/www.facebook.com\/MedCofQbank\/\" \/>\n<meta property=\"article:published_time\" content=\"2023-06-19T14:24:23+00:00\" \/>\n<meta property=\"article:modified_time\" content=\"2024-12-03T20:23:23+00:00\" \/>\n<meta property=\"og:image\" content=\"https:\/\/www.grupomedcof.com.br\/blog\/wp-content\/uploads\/2023\/06\/Blog-MedCof-72-1024x576.png\" \/>\n\t<meta property=\"og:image:width\" content=\"1024\" \/>\n\t<meta property=\"og:image:height\" content=\"576\" \/>\n\t<meta property=\"og:image:type\" content=\"image\/png\" \/>\n<meta name=\"author\" content=\"Grupo MedCof\" \/>\n<meta name=\"twitter:card\" content=\"summary_large_image\" \/>\n<meta name=\"twitter:label1\" content=\"Escrito por\" \/>\n\t<meta name=\"twitter:data1\" content=\"Grupo MedCof\" \/>\n\t<meta name=\"twitter:label2\" content=\"Est. tempo de leitura\" \/>\n\t<meta name=\"twitter:data2\" content=\"8 minutos\" \/>\n<script type=\"application\/ld+json\" class=\"yoast-schema-graph\">{\"@context\":\"https:\\\/\\\/schema.org\",\"@graph\":[{\"@type\":\"Article\",\"@id\":\"https:\\\/\\\/www.grupomedcof.com.br\\\/blog\\\/puericultura-como-avaliar-o-peso-da-crianca\\\/#article\",\"isPartOf\":{\"@id\":\"https:\\\/\\\/www.grupomedcof.com.br\\\/blog\\\/puericultura-como-avaliar-o-peso-da-crianca\\\/\"},\"author\":{\"name\":\"Grupo MedCof\",\"@id\":\"https:\\\/\\\/www.grupomedcof.com.br\\\/blog\\\/#\\\/schema\\\/person\\\/5e56a3921255c01181f3d8c20d53f9c0\"},\"headline\":\"Puericultura: Como avaliar o peso da crian\u00e7a\",\"datePublished\":\"2023-06-19T14:24:23+00:00\",\"dateModified\":\"2024-12-03T20:23:23+00:00\",\"mainEntityOfPage\":{\"@id\":\"https:\\\/\\\/www.grupomedcof.com.br\\\/blog\\\/puericultura-como-avaliar-o-peso-da-crianca\\\/\"},\"wordCount\":696,\"commentCount\":0,\"publisher\":{\"@id\":\"https:\\\/\\\/www.grupomedcof.com.br\\\/blog\\\/#organization\"},\"image\":{\"@id\":\"https:\\\/\\\/www.grupomedcof.com.br\\\/blog\\\/puericultura-como-avaliar-o-peso-da-crianca\\\/#primaryimage\"},\"thumbnailUrl\":\"https:\\\/\\\/www.grupomedcof.com.br\\\/blog\\\/wp-content\\\/uploads\\\/2023\\\/06\\\/Blog-MedCof-72.png\",\"keywords\":[\"Pediatria\",\"Puericultura\",\"Resid\u00eancia em Pediatria\"],\"articleSection\":[\"Pediatria\"],\"inLanguage\":\"pt-BR\"},{\"@type\":\"WebPage\",\"@id\":\"https:\\\/\\\/www.grupomedcof.com.br\\\/blog\\\/puericultura-como-avaliar-o-peso-da-crianca\\\/\",\"url\":\"https:\\\/\\\/www.grupomedcof.com.br\\\/blog\\\/puericultura-como-avaliar-o-peso-da-crianca\\\/\",\"name\":\"Puericultura: Como avaliar o peso da crian\u00e7a - Blog de Medcof: conte\u00fados, editais, revalida e mais!\",\"isPartOf\":{\"@id\":\"https:\\\/\\\/www.grupomedcof.com.br\\\/blog\\\/#website\"},\"primaryImageOfPage\":{\"@id\":\"https:\\\/\\\/www.grupomedcof.com.br\\\/blog\\\/puericultura-como-avaliar-o-peso-da-crianca\\\/#primaryimage\"},\"image\":{\"@id\":\"https:\\\/\\\/www.grupomedcof.com.br\\\/blog\\\/puericultura-como-avaliar-o-peso-da-crianca\\\/#primaryimage\"},\"thumbnailUrl\":\"https:\\\/\\\/www.grupomedcof.com.br\\\/blog\\\/wp-content\\\/uploads\\\/2023\\\/06\\\/Blog-MedCof-72.png\",\"datePublished\":\"2023-06-19T14:24:23+00:00\",\"dateModified\":\"2024-12-03T20:23:23+00:00\",\"description\":\"Puericultura: Como avaliar o peso da crian\u00e7a? Este tema \u00e9 fundamental n\u00e3o s\u00f3 na pediatria, mas no dia a dia do profissional que tende em...\",\"breadcrumb\":{\"@id\":\"https:\\\/\\\/www.grupomedcof.com.br\\\/blog\\\/puericultura-como-avaliar-o-peso-da-crianca\\\/#breadcrumb\"},\"inLanguage\":\"pt-BR\",\"potentialAction\":[{\"@type\":\"ReadAction\",\"target\":[\"https:\\\/\\\/www.grupomedcof.com.br\\\/blog\\\/puericultura-como-avaliar-o-peso-da-crianca\\\/\"]}]},{\"@type\":\"ImageObject\",\"inLanguage\":\"pt-BR\",\"@id\":\"https:\\\/\\\/www.grupomedcof.com.br\\\/blog\\\/puericultura-como-avaliar-o-peso-da-crianca\\\/#primaryimage\",\"url\":\"https:\\\/\\\/www.grupomedcof.com.br\\\/blog\\\/wp-content\\\/uploads\\\/2023\\\/06\\\/Blog-MedCof-72.png\",\"contentUrl\":\"https:\\\/\\\/www.grupomedcof.com.br\\\/blog\\\/wp-content\\\/uploads\\\/2023\\\/06\\\/Blog-MedCof-72.png\",\"width\":2560,\"height\":1440,\"caption\":\"como avaliar o peso da crian\u00e7a, peso infantil, peso da crian\u00e7a, peso e altura infantil, crescimento infantil, crescimento da crian\u00e7a, curva de crescimento,\"},{\"@type\":\"BreadcrumbList\",\"@id\":\"https:\\\/\\\/www.grupomedcof.com.br\\\/blog\\\/puericultura-como-avaliar-o-peso-da-crianca\\\/#breadcrumb\",\"itemListElement\":[{\"@type\":\"ListItem\",\"position\":1,\"name\":\"In\u00edcio\",\"item\":\"https:\\\/\\\/www.grupomedcof.com.br\\\/blog\\\/\"},{\"@type\":\"ListItem\",\"position\":2,\"name\":\"Puericultura: Como avaliar o peso da crian\u00e7a\"}]},{\"@type\":\"WebSite\",\"@id\":\"https:\\\/\\\/www.grupomedcof.com.br\\\/blog\\\/#website\",\"url\":\"https:\\\/\\\/www.grupomedcof.com.br\\\/blog\\\/\",\"name\":\"Blog de Medcof: conte\u00fados, editais, revalida e mais!\",\"description\":\"Acesso o blog de MedCof! Seu portal de conte\u00fados sobre resid\u00eancia m\u00e9dica, an\u00e1lise e editais e muito mais. Clique e confira!\",\"publisher\":{\"@id\":\"https:\\\/\\\/www.grupomedcof.com.br\\\/blog\\\/#organization\"},\"alternateName\":\"Blog de Medcof: conte\u00fados, editais, revalida e mais!\",\"potentialAction\":[{\"@type\":\"SearchAction\",\"target\":{\"@type\":\"EntryPoint\",\"urlTemplate\":\"https:\\\/\\\/www.grupomedcof.com.br\\\/blog\\\/?s={search_term_string}\"},\"query-input\":{\"@type\":\"PropertyValueSpecification\",\"valueRequired\":true,\"valueName\":\"search_term_string\"}}],\"inLanguage\":\"pt-BR\"},{\"@type\":\"Organization\",\"@id\":\"https:\\\/\\\/www.grupomedcof.com.br\\\/blog\\\/#organization\",\"name\":\"Grupo MedCof\",\"url\":\"https:\\\/\\\/www.grupomedcof.com.br\\\/blog\\\/\",\"logo\":{\"@type\":\"ImageObject\",\"inLanguage\":\"pt-BR\",\"@id\":\"https:\\\/\\\/www.grupomedcof.com.br\\\/blog\\\/#\\\/schema\\\/logo\\\/image\\\/\",\"url\":\"https:\\\/\\\/www.grupomedcof.com.br\\\/blog\\\/wp-content\\\/uploads\\\/2022\\\/01\\\/logo-medcof.png\",\"contentUrl\":\"https:\\\/\\\/www.grupomedcof.com.br\\\/blog\\\/wp-content\\\/uploads\\\/2022\\\/01\\\/logo-medcof.png\",\"width\":768,\"height\":269,\"caption\":\"Grupo MedCof\"},\"image\":{\"@id\":\"https:\\\/\\\/www.grupomedcof.com.br\\\/blog\\\/#\\\/schema\\\/logo\\\/image\\\/\"},\"sameAs\":[\"https:\\\/\\\/www.facebook.com\\\/MedCofQbank\\\/\",\"https:\\\/\\\/www.instagram.com\\\/grupomedcof\\\/\",\"https:\\\/\\\/br.linkedin.com\\\/company\\\/medcof\",\"https:\\\/\\\/www.youtube.com\\\/channel\\\/UCdHMuOHKICxcHwecxN8P-AA\"]},{\"@type\":\"Person\",\"@id\":\"https:\\\/\\\/www.grupomedcof.com.br\\\/blog\\\/#\\\/schema\\\/person\\\/5e56a3921255c01181f3d8c20d53f9c0\",\"name\":\"Grupo MedCof\",\"image\":{\"@type\":\"ImageObject\",\"inLanguage\":\"pt-BR\",\"@id\":\"https:\\\/\\\/www.grupomedcof.com.br\\\/blog\\\/wp-content\\\/uploads\\\/2023\\\/04\\\/cropped-cropped-cropped-cropped-logo-96x96.png28585d174f19c23095510da5f63bc127\",\"url\":\"https:\\\/\\\/www.grupomedcof.com.br\\\/blog\\\/wp-content\\\/uploads\\\/2023\\\/04\\\/cropped-cropped-cropped-cropped-logo-96x96.png\",\"contentUrl\":\"https:\\\/\\\/www.grupomedcof.com.br\\\/blog\\\/wp-content\\\/uploads\\\/2023\\\/04\\\/cropped-cropped-cropped-cropped-logo-96x96.png\",\"caption\":\"Grupo MedCof\"},\"description\":\"Tendo aulas baseadas em quest\u00f5es, + de 115 subespecialistas dispon\u00edveis e uma metodologia \u00fanica, voc\u00ea pode se juntar ao nosso time que conta com mais de 10 mil ...\",\"url\":\"https:\\\/\\\/www.grupomedcof.com.br\\\/blog\\\/author\\\/grupo-medcof\\\/\"}]}<\/script>\n<!-- \/ Yoast SEO Premium plugin. -->","yoast_head_json":{"title":"Puericultura: Como avaliar o peso da crian\u00e7a - Blog de Medcof: conte\u00fados, editais, revalida e mais!","description":"Puericultura: Como avaliar o peso da crian\u00e7a? Este tema \u00e9 fundamental n\u00e3o s\u00f3 na pediatria, mas no dia a dia do profissional que tende em...","robots":{"index":"index","follow":"follow","max-snippet":"max-snippet:-1","max-image-preview":"max-image-preview:large","max-video-preview":"max-video-preview:-1"},"canonical":"https:\/\/www.grupomedcof.com.br\/blog\/puericultura-como-avaliar-o-peso-da-crianca\/","og_locale":"pt_BR","og_type":"article","og_title":"Puericultura: Como avaliar o peso da crian\u00e7a","og_description":"Puericultura: Como avaliar o peso da crian\u00e7a? Este tema \u00e9 fundamental n\u00e3o s\u00f3 na pediatria, mas no dia a dia do profissional que tende em...","og_url":"https:\/\/www.grupomedcof.com.br\/blog\/puericultura-como-avaliar-o-peso-da-crianca\/","og_site_name":"Blog de Medcof: conte\u00fados, editais, revalida e mais!","article_publisher":"https:\/\/www.facebook.com\/MedCofQbank\/","article_published_time":"2023-06-19T14:24:23+00:00","article_modified_time":"2024-12-03T20:23:23+00:00","og_image":[{"width":1024,"height":576,"url":"https:\/\/www.grupomedcof.com.br\/blog\/wp-content\/uploads\/2023\/06\/Blog-MedCof-72-1024x576.png","type":"image\/png"}],"author":"Grupo MedCof","twitter_card":"summary_large_image","twitter_misc":{"Escrito por":"Grupo MedCof","Est. tempo de leitura":"8 minutos"},"schema":{"@context":"https:\/\/schema.org","@graph":[{"@type":"Article","@id":"https:\/\/www.grupomedcof.com.br\/blog\/puericultura-como-avaliar-o-peso-da-crianca\/#article","isPartOf":{"@id":"https:\/\/www.grupomedcof.com.br\/blog\/puericultura-como-avaliar-o-peso-da-crianca\/"},"author":{"name":"Grupo MedCof","@id":"https:\/\/www.grupomedcof.com.br\/blog\/#\/schema\/person\/5e56a3921255c01181f3d8c20d53f9c0"},"headline":"Puericultura: Como avaliar o peso da crian\u00e7a","datePublished":"2023-06-19T14:24:23+00:00","dateModified":"2024-12-03T20:23:23+00:00","mainEntityOfPage":{"@id":"https:\/\/www.grupomedcof.com.br\/blog\/puericultura-como-avaliar-o-peso-da-crianca\/"},"wordCount":696,"commentCount":0,"publisher":{"@id":"https:\/\/www.grupomedcof.com.br\/blog\/#organization"},"image":{"@id":"https:\/\/www.grupomedcof.com.br\/blog\/puericultura-como-avaliar-o-peso-da-crianca\/#primaryimage"},"thumbnailUrl":"https:\/\/www.grupomedcof.com.br\/blog\/wp-content\/uploads\/2023\/06\/Blog-MedCof-72.png","keywords":["Pediatria","Puericultura","Resid\u00eancia em Pediatria"],"articleSection":["Pediatria"],"inLanguage":"pt-BR"},{"@type":"WebPage","@id":"https:\/\/www.grupomedcof.com.br\/blog\/puericultura-como-avaliar-o-peso-da-crianca\/","url":"https:\/\/www.grupomedcof.com.br\/blog\/puericultura-como-avaliar-o-peso-da-crianca\/","name":"Puericultura: Como avaliar o peso da crian\u00e7a - Blog de Medcof: conte\u00fados, editais, revalida e mais!","isPartOf":{"@id":"https:\/\/www.grupomedcof.com.br\/blog\/#website"},"primaryImageOfPage":{"@id":"https:\/\/www.grupomedcof.com.br\/blog\/puericultura-como-avaliar-o-peso-da-crianca\/#primaryimage"},"image":{"@id":"https:\/\/www.grupomedcof.com.br\/blog\/puericultura-como-avaliar-o-peso-da-crianca\/#primaryimage"},"thumbnailUrl":"https:\/\/www.grupomedcof.com.br\/blog\/wp-content\/uploads\/2023\/06\/Blog-MedCof-72.png","datePublished":"2023-06-19T14:24:23+00:00","dateModified":"2024-12-03T20:23:23+00:00","description":"Puericultura: Como avaliar o peso da crian\u00e7a? Este tema \u00e9 fundamental n\u00e3o s\u00f3 na pediatria, mas no dia a dia do profissional que tende em...","breadcrumb":{"@id":"https:\/\/www.grupomedcof.com.br\/blog\/puericultura-como-avaliar-o-peso-da-crianca\/#breadcrumb"},"inLanguage":"pt-BR","potentialAction":[{"@type":"ReadAction","target":["https:\/\/www.grupomedcof.com.br\/blog\/puericultura-como-avaliar-o-peso-da-crianca\/"]}]},{"@type":"ImageObject","inLanguage":"pt-BR","@id":"https:\/\/www.grupomedcof.com.br\/blog\/puericultura-como-avaliar-o-peso-da-crianca\/#primaryimage","url":"https:\/\/www.grupomedcof.com.br\/blog\/wp-content\/uploads\/2023\/06\/Blog-MedCof-72.png","contentUrl":"https:\/\/www.grupomedcof.com.br\/blog\/wp-content\/uploads\/2023\/06\/Blog-MedCof-72.png","width":2560,"height":1440,"caption":"como avaliar o peso da crian\u00e7a, peso infantil, peso da crian\u00e7a, peso e altura infantil, crescimento infantil, crescimento da crian\u00e7a, curva de crescimento,"},{"@type":"BreadcrumbList","@id":"https:\/\/www.grupomedcof.com.br\/blog\/puericultura-como-avaliar-o-peso-da-crianca\/#breadcrumb","itemListElement":[{"@type":"ListItem","position":1,"name":"In\u00edcio","item":"https:\/\/www.grupomedcof.com.br\/blog\/"},{"@type":"ListItem","position":2,"name":"Puericultura: Como avaliar o peso da crian\u00e7a"}]},{"@type":"WebSite","@id":"https:\/\/www.grupomedcof.com.br\/blog\/#website","url":"https:\/\/www.grupomedcof.com.br\/blog\/","name":"Blog de Medcof: conte\u00fados, editais, revalida e mais!","description":"Acesso o blog de MedCof! Seu portal de conte\u00fados sobre resid\u00eancia m\u00e9dica, an\u00e1lise e editais e muito mais. Clique e confira!","publisher":{"@id":"https:\/\/www.grupomedcof.com.br\/blog\/#organization"},"alternateName":"Blog de Medcof: conte\u00fados, editais, revalida e mais!","potentialAction":[{"@type":"SearchAction","target":{"@type":"EntryPoint","urlTemplate":"https:\/\/www.grupomedcof.com.br\/blog\/?s={search_term_string}"},"query-input":{"@type":"PropertyValueSpecification","valueRequired":true,"valueName":"search_term_string"}}],"inLanguage":"pt-BR"},{"@type":"Organization","@id":"https:\/\/www.grupomedcof.com.br\/blog\/#organization","name":"Grupo MedCof","url":"https:\/\/www.grupomedcof.com.br\/blog\/","logo":{"@type":"ImageObject","inLanguage":"pt-BR","@id":"https:\/\/www.grupomedcof.com.br\/blog\/#\/schema\/logo\/image\/","url":"https:\/\/www.grupomedcof.com.br\/blog\/wp-content\/uploads\/2022\/01\/logo-medcof.png","contentUrl":"https:\/\/www.grupomedcof.com.br\/blog\/wp-content\/uploads\/2022\/01\/logo-medcof.png","width":768,"height":269,"caption":"Grupo MedCof"},"image":{"@id":"https:\/\/www.grupomedcof.com.br\/blog\/#\/schema\/logo\/image\/"},"sameAs":["https:\/\/www.facebook.com\/MedCofQbank\/","https:\/\/www.instagram.com\/grupomedcof\/","https:\/\/br.linkedin.com\/company\/medcof","https:\/\/www.youtube.com\/channel\/UCdHMuOHKICxcHwecxN8P-AA"]},{"@type":"Person","@id":"https:\/\/www.grupomedcof.com.br\/blog\/#\/schema\/person\/5e56a3921255c01181f3d8c20d53f9c0","name":"Grupo MedCof","image":{"@type":"ImageObject","inLanguage":"pt-BR","@id":"https:\/\/www.grupomedcof.com.br\/blog\/wp-content\/uploads\/2023\/04\/cropped-cropped-cropped-cropped-logo-96x96.png28585d174f19c23095510da5f63bc127","url":"https:\/\/www.grupomedcof.com.br\/blog\/wp-content\/uploads\/2023\/04\/cropped-cropped-cropped-cropped-logo-96x96.png","contentUrl":"https:\/\/www.grupomedcof.com.br\/blog\/wp-content\/uploads\/2023\/04\/cropped-cropped-cropped-cropped-logo-96x96.png","caption":"Grupo MedCof"},"description":"Tendo aulas baseadas em quest\u00f5es, + de 115 subespecialistas dispon\u00edveis e uma metodologia \u00fanica, voc\u00ea pode se juntar ao nosso time que conta com mais de 10 mil ...","url":"https:\/\/www.grupomedcof.com.br\/blog\/author\/grupo-medcof\/"}]}},"authors":[{"term_id":3613,"user_id":10,"is_guest":0,"slug":"grupo-medcof","display_name":"Grupo MedCof","avatar_url":"https:\/\/www.grupomedcof.com.br\/blog\/wp-content\/uploads\/2023\/04\/cropped-cropped-cropped-cropped-logo-96x96.png","0":null,"1":"","2":"","3":"","4":"","5":"","6":"","7":"","8":""}],"_links":{"self":[{"href":"https:\/\/www.grupomedcof.com.br\/blog\/wp-json\/wp\/v2\/posts\/8148","targetHints":{"allow":["GET"]}}],"collection":[{"href":"https:\/\/www.grupomedcof.com.br\/blog\/wp-json\/wp\/v2\/posts"}],"about":[{"href":"https:\/\/www.grupomedcof.com.br\/blog\/wp-json\/wp\/v2\/types\/post"}],"author":[{"embeddable":true,"href":"https:\/\/www.grupomedcof.com.br\/blog\/wp-json\/wp\/v2\/users\/10"}],"replies":[{"embeddable":true,"href":"https:\/\/www.grupomedcof.com.br\/blog\/wp-json\/wp\/v2\/comments?post=8148"}],"version-history":[{"count":0,"href":"https:\/\/www.grupomedcof.com.br\/blog\/wp-json\/wp\/v2\/posts\/8148\/revisions"}],"wp:featuredmedia":[{"embeddable":true,"href":"https:\/\/www.grupomedcof.com.br\/blog\/wp-json\/wp\/v2\/media\/8149"}],"wp:attachment":[{"href":"https:\/\/www.grupomedcof.com.br\/blog\/wp-json\/wp\/v2\/media?parent=8148"}],"wp:term":[{"taxonomy":"category","embeddable":true,"href":"https:\/\/www.grupomedcof.com.br\/blog\/wp-json\/wp\/v2\/categories?post=8148"},{"taxonomy":"post_tag","embeddable":true,"href":"https:\/\/www.grupomedcof.com.br\/blog\/wp-json\/wp\/v2\/tags?post=8148"},{"taxonomy":"author","embeddable":true,"href":"https:\/\/www.grupomedcof.com.br\/blog\/wp-json\/wp\/v2\/ppma_author?post=8148"}],"curies":[{"name":"wp","href":"https:\/\/api.w.org\/{rel}","templated":true}]}}