{"id":8310,"date":"2023-06-22T13:56:03","date_gmt":"2023-06-22T16:56:03","guid":{"rendered":"https:\/\/www.grupomedcof.com.br\/blog\/?p=8310"},"modified":"2023-06-22T13:56:03","modified_gmt":"2023-06-22T16:56:03","slug":"concurso-publico-prefeitura-de-itabirito","status":"publish","type":"post","link":"https:\/\/www.grupomedcof.com.br\/blog\/concurso-publico-prefeitura-de-itabirito\/","title":{"rendered":"Concurso P\u00fablico: Prefeitura de Itabirito"},"content":{"rendered":"<div id=\"ez-toc-container\" class=\"ez-toc-v2_0_74 counter-hierarchy ez-toc-counter ez-toc-transparent ez-toc-container-direction\">\n<div class=\"ez-toc-title-container\">\n<p class=\"ez-toc-title\" style=\"cursor:inherit\">Sum\u00e1rio<\/p>\n<span class=\"ez-toc-title-toggle\"><a href=\"#\" class=\"ez-toc-pull-right ez-toc-btn ez-toc-btn-xs ez-toc-btn-default ez-toc-toggle\" aria-label=\"Alternar tabela de conte\u00fado\"><span class=\"ez-toc-js-icon-con\"><span class=\"\"><span class=\"eztoc-hide\" style=\"display:none;\">Toggle<\/span><span class=\"ez-toc-icon-toggle-span\"><svg style=\"fill: #999;color:#999\" xmlns=\"http:\/\/www.w3.org\/2000\/svg\" class=\"list-377408\" width=\"20px\" height=\"20px\" viewBox=\"0 0 24 24\" fill=\"none\"><path d=\"M6 6H4v2h2V6zm14 0H8v2h12V6zM4 11h2v2H4v-2zm16 0H8v2h12v-2zM4 16h2v2H4v-2zm16 0H8v2h12v-2z\" fill=\"currentColor\"><\/path><\/svg><svg style=\"fill: #999;color:#999\" class=\"arrow-unsorted-368013\" xmlns=\"http:\/\/www.w3.org\/2000\/svg\" width=\"10px\" height=\"10px\" viewBox=\"0 0 24 24\" version=\"1.2\" baseProfile=\"tiny\"><path d=\"M18.2 9.3l-6.2-6.3-6.2 6.3c-.2.2-.3.4-.3.7s.1.5.3.7c.2.2.4.3.7.3h11c.3 0 .5-.1.7-.3.2-.2.3-.5.3-.7s-.1-.5-.3-.7zM5.8 14.7l6.2 6.3 6.2-6.3c.2-.2.3-.5.3-.7s-.1-.5-.3-.7c-.2-.2-.4-.3-.7-.3h-11c-.3 0-.5.1-.7.3-.2.2-.3.5-.3.7s.1.5.3.7z\"\/><\/svg><\/span><\/span><\/span><\/a><\/span><\/div>\n<nav><ul class='ez-toc-list ez-toc-list-level-1 ' ><li class='ez-toc-page-1 ez-toc-heading-level-2'><a class=\"ez-toc-link ez-toc-heading-1\" href=\"https:\/\/www.grupomedcof.com.br\/blog\/concurso-publico-prefeitura-de-itabirito\/#Saiba_mais\" >Saiba mais<\/a><\/li><li class='ez-toc-page-1 ez-toc-heading-level-2'><a class=\"ez-toc-link ez-toc-heading-2\" href=\"https:\/\/www.grupomedcof.com.br\/blog\/concurso-publico-prefeitura-de-itabirito\/#Concurso_Publico_Prefeitura_de_Itabirito\" >Concurso P\u00fablico: Prefeitura de Itabirito<\/a><\/li><li class='ez-toc-page-1 ez-toc-heading-level-2'><a class=\"ez-toc-link ez-toc-heading-3\" href=\"https:\/\/www.grupomedcof.com.br\/blog\/concurso-publico-prefeitura-de-itabirito\/#Concurso_Publico_da_Prefeitura_de_Itabirito_Processo_Seletivo\" >Concurso P\u00fablico da Prefeitura de Itabirito: Processo Seletivo<\/a><\/li><li class='ez-toc-page-1 ez-toc-heading-level-2'><a class=\"ez-toc-link ez-toc-heading-4\" href=\"https:\/\/www.grupomedcof.com.br\/blog\/concurso-publico-prefeitura-de-itabirito\/#Cronograma_Concurso_Publico_Prefeitura_de_Itabirito\" >Cronograma Concurso P\u00fablico: Prefeitura de Itabirito<\/a><\/li><li class='ez-toc-page-1 ez-toc-heading-level-2'><a class=\"ez-toc-link ez-toc-heading-5\" href=\"https:\/\/www.grupomedcof.com.br\/blog\/concurso-publico-prefeitura-de-itabirito\/#Conquiste_a_aprovacao\" >Conquiste a aprova\u00e7\u00e3o!<\/a><\/li><\/ul><\/nav><\/div>\n<p><img loading=\"lazy\" decoding=\"async\" width=\"800\" height=\"450\" src=\"https:\/\/www.grupomedcof.com.br\/blog\/wp-content\/uploads\/2023\/06\/Blog-MedCof-2023-06-22T133954.051-1024x576.png\" alt=\"concurso itabirito, concurso iatbirito 2023, concurso cargo m\u00e9dico itabirito, itabiriro concurso para m\u00e9dico, itabirito concurso para cargo m\u00e9dico, cargo m\u00e9dico itabirito, concurso p\u00fablico itabirito, concurso p\u00fablico itabirito 2023, vagas concurso p\u00fablico de itabirito, cronograma concurso itabirito 2023, processo seletivo concurso itabirito\" srcset=\"https:\/\/www.grupomedcof.com.br\/blog\/wp-content\/uploads\/2023\/06\/Blog-MedCof-2023-06-22T133954.051-1024x576.png 1024w, https:\/\/www.grupomedcof.com.br\/blog\/wp-content\/uploads\/2023\/06\/Blog-MedCof-2023-06-22T133954.051-300x169.png 300w, https:\/\/www.grupomedcof.com.br\/blog\/wp-content\/uploads\/2023\/06\/Blog-MedCof-2023-06-22T133954.051-768x432.png 768w, https:\/\/www.grupomedcof.com.br\/blog\/wp-content\/uploads\/2023\/06\/Blog-MedCof-2023-06-22T133954.051-1536x864.png 1536w, https:\/\/www.grupomedcof.com.br\/blog\/wp-content\/uploads\/2023\/06\/Blog-MedCof-2023-06-22T133954.051-2048x1152.png 2048w\" sizes=\"auto, (max-width: 800px) 100vw, 800px\" \/>\t\t\t\t\t\t\t\t\t\t\t\t\t\t\t<\/p>\n<p>A Prefeitura do Munic\u00edpio de Itabirito (MG) abriu o<strong> concurso p\u00fablico<\/strong> para a regi\u00e3o. Entre as vagas ofertadas, 24 s\u00e3o para cargos m\u00e9dicos.<\/p>\n<h2><span class=\"ez-toc-section\" id=\"Saiba_mais\"><\/span>\n\t\t\t\tSaiba mais \t\t\t<span class=\"ez-toc-section-end\"><\/span><\/h2>\n<h2><span class=\"ez-toc-section\" id=\"Concurso_Publico_Prefeitura_de_Itabirito\"><\/span><strong>Concurso P\u00fablico: Prefeitura de Itabirito<\/strong><span class=\"ez-toc-section-end\"><\/span><\/h2>\n<p>De acordo com<a href=\"https:\/\/ecrie.com.br\/sistema\/conteudos\/arquivo\/a_91_1_3_19052023115725.pdf\" target=\"_blank\" rel=\"nofollow noopener\"><strong> edital<\/strong><\/a>, ofertam-se<strong> 191 vagas<\/strong> para cargos em que se exigem n\u00edvel m\u00e9dio, t\u00e9cnico e superior. Desse modo, os candidatos interessados dever\u00e3o se <strong>inscrever entre os dias 19 de julho e 18 de agosto<\/strong> e efetuar o pagamento da taxa no valor de <strong>R$ 100,00.<\/strong><\/p>\n<p>\u00a0<\/p>\n<p>Al\u00e9m disso, aqueles que necessitarem da <strong>isen\u00e7\u00e3o da taxa,<\/strong> a solicita\u00e7\u00e3o estar\u00e1<strong> dispon\u00edvel entre os dias 19 e 21 de julho.<\/strong><\/p>\n<p>\u00a0<\/p>\n<p>Sendo assim, veja abaixo as vagas ofertadas no concurso p\u00fablico da Prefeitura de Itabirito (MG):<\/p>\n<table>\n<thead>\n<tr>\n<th data-align=\"center\">Cargo<\/th>\n<th data-align=\"center\">Requisitos<\/th>\n<th data-align=\"center\">Vagas<\/th>\n<th data-align=\"center\">Remunera\u00e7\u00e3o<\/th>\n<th data-align=\"center\">Carga hor\u00e1ria (horas semanais)<\/th>\n<\/tr>\n<\/thead>\n<tbody>\n<tr>\n<td data-align=\"center\">Ginecologista<\/td>\n<td data-align=\"center\">Gradua\u00e7\u00e3o em Medicina<br \/>com registro no<br \/>Conselho Regional de Medicina<br \/>+ Especializa\u00e7\u00e3o em Ginecologia<\/td>\n<td data-align=\"center\">5+1 vaga reservada para PCDs*<\/td>\n<td data-align=\"center\">R$11.182,16<\/td>\n<td data-align=\"center\">20<\/td>\n<\/tr>\n<tr>\n<td data-align=\"center\">Pediatra<\/td>\n<td data-align=\"center\">Gradua\u00e7\u00e3o em Medicina<br \/>com registro no<br \/>Conselho Regional de Medicina<br \/>+ Especializa\u00e7\u00e3o em Pediatria<\/td>\n<td data-align=\"center\">5+1 vaga reservada para PCDs*<\/td>\n<td data-align=\"center\">R$11.182,16<\/td>\n<td data-align=\"center\">20<\/td>\n<\/tr>\n<tr>\n<td data-align=\"center\">M\u00e9dico de Fam\u00edlia<\/td>\n<td data-align=\"center\">Gradua\u00e7\u00e3o em Medicina com registro no Conselho<br \/>Regional de Medicina<\/td>\n<td data-align=\"center\">11+1 vaga reservada para PCDs*<\/td>\n<td data-align=\"center\">R$22.362,46<\/td>\n<td data-align=\"center\">40<\/td>\n<\/tr>\n<\/tbody>\n<\/table>\n<p>\t\t\t\t\t\t\t\t\t\t\t\t\t\t\t\t<a href=\"https:\/\/www.grupomedcof.com.br\/inscricao-hiit-2023\/\" target=\"_blank\" rel=\"noopener\"><br \/>\n\t\t\t\t\t\t\t<img loading=\"lazy\" decoding=\"async\" width=\"800\" height=\"141\" src=\"https:\/\/www.grupomedcof.com.br\/blog\/wp-content\/uploads\/2023\/05\/Captura-de-tela-2023-05-30-121547-1024x181.png\" alt=\"Semana HIIT MedCof, aulas grupo medcof, medcof, aulas medcof, medcof qbank, gupo medcof\" srcset=\"https:\/\/www.grupomedcof.com.br\/blog\/wp-content\/uploads\/2023\/05\/Captura-de-tela-2023-05-30-121547-1024x181.png 1024w, https:\/\/www.grupomedcof.com.br\/blog\/wp-content\/uploads\/2023\/05\/Captura-de-tela-2023-05-30-121547-300x53.png 300w, https:\/\/www.grupomedcof.com.br\/blog\/wp-content\/uploads\/2023\/05\/Captura-de-tela-2023-05-30-121547-768x136.png 768w, https:\/\/www.grupomedcof.com.br\/blog\/wp-content\/uploads\/2023\/05\/Captura-de-tela-2023-05-30-121547-1536x271.png 1536w, https:\/\/www.grupomedcof.com.br\/blog\/wp-content\/uploads\/2023\/05\/Captura-de-tela-2023-05-30-121547.png 1687w\" sizes=\"auto, (max-width: 800px) 100vw, 800px\" \/>\t\t\t\t\t\t\t\t<\/a><\/p>\n<h2><span class=\"ez-toc-section\" id=\"Concurso_Publico_da_Prefeitura_de_Itabirito_Processo_Seletivo\"><\/span><strong>Concurso P\u00fablico da Prefeitura de Itabirito: Processo Seletivo<\/strong><span class=\"ez-toc-section-end\"><\/span><\/h2>\n<p>Ainda segundo com o edital, o processo seletivo para o concurso p\u00fablico da Prefeitura de Itabirito ser\u00e1 composto pela aplica\u00e7\u00e3o de uma<strong> prova objetiva e uma\u00a0<\/strong><b><a href=\"https:\/\/www.grupomedcof.com.br\/blog\/avaliacao-psicologica-para-medicos\/\" target=\"_blank\" rel=\"noopener\">avalia\u00e7\u00e3o psicol\u00f3gica<\/a>.<\/b><\/p>\n<p><strong>\u00a0<\/strong><\/p>\n<p>Desse modo, a prova objetiva ser\u00e1 composta por 40 quest\u00f5es de m\u00faltipla escolha na qual os candidatos dever\u00e3o obter o m\u00ednimo de 60% de acertos de um total de 100 pontos, ou seja 60 pontos. Sendo assim, confira a seguir as disciplinas que estar\u00e3o presentes na prova:<\/p>\n<table>\n<thead>\n<tr>\n<th>Disciplina<\/th>\n<th data-align=\"center\">N\u00ba de Quest\u00f5es<\/th>\n<th data-align=\"center\">Peso por Quest\u00e3o<\/th>\n<\/tr>\n<\/thead>\n<tbody>\n<tr>\n<td>Portugu\u00eas<\/td>\n<td data-align=\"center\">10<\/td>\n<td data-align=\"center\">2<\/td>\n<\/tr>\n<tr>\n<td>Inform\u00e1tica<\/td>\n<td data-align=\"center\">5<\/td>\n<td data-align=\"center\">2<\/td>\n<\/tr>\n<tr>\n<td>Sistema \u00danico de Sa\u00fade\/Sa\u00fade P\u00fablica<\/td>\n<td data-align=\"center\">15<\/td>\n<td data-align=\"center\">2<\/td>\n<\/tr>\n<tr>\n<td>Espec\u00edficos<\/td>\n<td data-align=\"center\">10<\/td>\n<td data-align=\"center\">4<\/td>\n<\/tr>\n<\/tbody>\n<\/table>\n<p>Portanto, os candidatos que obtiverem a nota m\u00ednima exigida, prosseguir\u00e3o para <strong>avalia\u00e7\u00e3o psicol\u00f3gica.<\/strong> Entretanto, apenas ser\u00e3o convocados os primeiros <strong>43 colocados na categoria de ampla concorr\u00eancia<\/strong> e os <strong>3 melhores colocados para as vagas destinadas aos candidatos com defici\u00eancia.<\/strong><\/p>\n<p>\u00a0<\/p>\n<p>Dessa forma, <strong>em caso de empate<\/strong>, ser\u00e3o considerados os seguintes crit\u00e9rios:<\/p>\n<p>\u00a0<\/p>\n<ul style=\"font-size: 16px; background-color: #ffffff;\">\n<li style=\"font-size: 16px;\">o candidato com idade igual ou superior a 60 (sessenta) anos, conforme o \u00a7 \u00fanico do artigo 27 do Estatuto do Idoso. (ser\u00e1 considerada como par\u00e2metro a data do encerramento das inscri\u00e7\u00f5es);<\/li>\n<li style=\"font-size: 16px;\">o candidato que tiver obtido o maior n\u00famero de pontos no conte\u00fado \u201cespec\u00edficos\u201d, n\u00e3o se aplicando este crit\u00e9rio para os cargos que n\u00e3o houver quest\u00f5es de conhecimentos espec\u00edficos;<\/li>\n<li style=\"font-size: 16px;\">o candidato que tiver obtido o maior n\u00famero de pontos no conte\u00fado \u201cportugu\u00eas\u201d;<\/li>\n<li style=\"font-size: 16px;\">o candidato de maior idade. (ser\u00e1 considerada como par\u00e2metro a data do encerramento das inscri\u00e7\u00f5es).<\/li>\n<\/ul>\n<p>\t\t\t\t\t\t\t\t\t\t\t\t\t\t\t\t<a href=\"https:\/\/open.spotify.com\/show\/3MyFcLlKhKequpHll6qpue?si=d0519b77e5c04e2d\" target=\"_blank\" rel=\"noopener\"><br \/>\n\t\t\t\t\t\t\t<img loading=\"lazy\" decoding=\"async\" width=\"800\" height=\"191\" src=\"https:\/\/www.grupomedcof.com.br\/blog\/wp-content\/uploads\/2023\/06\/Blog-MedCof-70-1024x245.png\" alt=\"papo de residente, grupo medcof, medcof, medcof podcasts\" srcset=\"https:\/\/www.grupomedcof.com.br\/blog\/wp-content\/uploads\/2023\/06\/Blog-MedCof-70-1024x245.png 1024w, https:\/\/www.grupomedcof.com.br\/blog\/wp-content\/uploads\/2023\/06\/Blog-MedCof-70-300x72.png 300w, https:\/\/www.grupomedcof.com.br\/blog\/wp-content\/uploads\/2023\/06\/Blog-MedCof-70-768x184.png 768w, https:\/\/www.grupomedcof.com.br\/blog\/wp-content\/uploads\/2023\/06\/Blog-MedCof-70-1536x367.png 1536w, https:\/\/www.grupomedcof.com.br\/blog\/wp-content\/uploads\/2023\/06\/Blog-MedCof-70-2048x490.png 2048w\" sizes=\"auto, (max-width: 800px) 100vw, 800px\" \/>\t\t\t\t\t\t\t\t<\/a><\/p>\n<h2 style=\"font-family: Poppins, sans-serif; color: #7a7a7a;\"><span class=\"ez-toc-section\" id=\"Cronograma_Concurso_Publico_Prefeitura_de_Itabirito\"><\/span>Cronograma Concurso P\u00fablico: Prefeitura de Itabirito<span class=\"ez-toc-section-end\"><\/span><\/h2>\n<p>Por fim, confira o cronograma com as principais datas do processo seletivo:<\/p>\n<p>\u00a0<\/p>\n<ul>\n<li><strong>Isen\u00e7\u00e3o<\/strong>: 19 a 21\/07\/2023<\/li>\n<li><strong>Inscri\u00e7\u00f5es:<\/strong> 19\/07\u00a0 a 18\/08\/2023<\/li>\n<li><strong>Prova Objetiva:<\/strong> Entre os dias 30\/09, 01, 07, e 08\/09\/2023 ( \u00e0 depender circunst\u00e2ncias de log\u00edstica de execu\u00e7\u00e3o, nos munic\u00edpios circunvizinhos)<\/li>\n<li><strong>Avalia\u00e7\u00e3o Psicol\u00f3gica:<\/strong> A ser definida por meio de Edital de Convoca\u00e7\u00e3o<\/li>\n<li><strong>Recursos:<\/strong> prazo de 03 (tr\u00eas) dias \u00fateis, iniciado no 1\u00ba dia \u00fatil subsequente ao dia da publica\u00e7\u00e3o do objeto do recurso<\/li>\n<\/ul>\n<h2><span class=\"ez-toc-section\" id=\"Conquiste_a_aprovacao\"><\/span><strong style=\"color: inherit; font-family: inherit; font-size: 2rem;\">Conquiste a aprova\u00e7\u00e3o!<\/strong><span class=\"ez-toc-section-end\"><\/span><\/h2>\n<p><a href=\"https:\/\/www.grupomedcof.com.br\/blog\/presenca-da-medcof-nas-aprovacoes-em-residencia-medica-no-brasil\/\" target=\"_blank\" rel=\"noopener\"><strong>Seja\u00a0mais um aprovado<\/strong><\/a>\u00a0nas melhores resid\u00eancias m\u00e9dicas do pa\u00eds com o<a href=\"https:\/\/www.grupomedcof.com.br\/\" target=\"_blank\" rel=\"noopener\">\u00a0<strong>Grupo\u00a0MedCof<\/strong><\/a><strong>!<\/strong>\u00a0Temos um cat\u00e1logo repleto de cursos que te guiar\u00e3o na jornada para as provas de Resid\u00eancia M\u00e9dica que ocorrer\u00e3o em 2023!<\/p>\n<section data-id=\"5f13890\" data-element_type=\"section\">\n<section data-id=\"5f13890\" data-element_type=\"section\">\u00a0Mas, se voc\u00ea \u00e9 novo por aqui, que tal se inscrever na<strong><a href=\"https:\/\/www.grupomedcof.com.br\/inscricao-hiit-2023\/\" target=\"_blank\" rel=\"noopener\">\u00a0Semana HIIT<\/a>?<\/strong>\u00a0Ser\u00e1 um evento\u00a0100% gratuito e online\u00a0que te permitir\u00e1 conhecer um pouco do nosso m\u00e9todo de ensino!<\/section>\n<\/section>\n<p>\t\t\t\t\t\t\t\t\t\t\t\t\t\t\t\t<a href=\"https:\/\/www.grupomedcof.com.br\/inscricao-hiit-2023\/\" target=\"_blank\" rel=\"noopener\"><br \/>\n\t\t\t\t\t\t\t<img loading=\"lazy\" decoding=\"async\" width=\"800\" height=\"442\" src=\"https:\/\/www.grupomedcof.com.br\/blog\/wp-content\/uploads\/2023\/05\/Inscricao-Semana-HIIT-1024x566.png\" alt=\"Semana HIIT MedCof, aulas grupo medcof, medcof, aulas medcof, medcof qbank, gupo medcof\" srcset=\"https:\/\/www.grupomedcof.com.br\/blog\/wp-content\/uploads\/2023\/05\/Inscricao-Semana-HIIT-1024x566.png 1024w, https:\/\/www.grupomedcof.com.br\/blog\/wp-content\/uploads\/2023\/05\/Inscricao-Semana-HIIT-300x166.png 300w, https:\/\/www.grupomedcof.com.br\/blog\/wp-content\/uploads\/2023\/05\/Inscricao-Semana-HIIT-768x425.png 768w, https:\/\/www.grupomedcof.com.br\/blog\/wp-content\/uploads\/2023\/05\/Inscricao-Semana-HIIT.png 1242w\" sizes=\"auto, (max-width: 800px) 100vw, 800px\" \/>\t\t\t\t\t\t\t\t<\/a><\/p>\n","protected":false},"excerpt":{"rendered":"<p>A Prefeitura do Munic\u00edpio de Itabirito (MG) abriu o concurso p\u00fablico para a regi\u00e3o. Entre as vagas ofertadas, 24 s\u00e3o para cargos m\u00e9dicos.<\/p>\n","protected":false},"author":6,"featured_media":8314,"comment_status":"open","ping_status":"open","sticky":false,"template":"","format":"standard","meta":{"footnotes":""},"categories":[55,213],"tags":[160,93],"ppma_author":[3609],"class_list":{"0":"post-8310","1":"post","2":"type-post","3":"status-publish","4":"format-standard","5":"has-post-thumbnail","7":"category-carreira-medica","8":"category-concurso-publico","9":"tag-especialidades-cirurgicas","10":"tag-especialidades-medicas"},"yoast_head":"<!-- This site is optimized with the Yoast SEO Premium plugin v24.3 (Yoast SEO v27.4) - https:\/\/yoast.com\/product\/yoast-seo-premium-wordpress\/ -->\n<title>Concurso P\u00fablico: Prefeitura de Itabirito - Blog de Medcof: conte\u00fados, editais, revalida e mais!<\/title>\n<meta name=\"description\" content=\"A Prefeitura do Munic\u00edpio de Itabirito abriu o concurso p\u00fablico para a regi\u00e3o. Entre as vagas ofertadas, 24 s\u00e3o para cargos m\u00e9dicos.\u00a0\" \/>\n<meta name=\"robots\" content=\"index, follow, max-snippet:-1, max-image-preview:large, max-video-preview:-1\" \/>\n<link rel=\"canonical\" href=\"https:\/\/www.grupomedcof.com.br\/blog\/concurso-publico-prefeitura-de-itabirito\/\" \/>\n<meta property=\"og:locale\" content=\"pt_BR\" \/>\n<meta property=\"og:type\" content=\"article\" \/>\n<meta property=\"og:title\" content=\"Concurso P\u00fablico: Prefeitura de Itabirito\" \/>\n<meta property=\"og:description\" content=\"A Prefeitura do Munic\u00edpio de Itabirito (MG) abriu o concurso p\u00fablico para a regi\u00e3o. Entre as vagas ofertadas, 24 s\u00e3o para cargos m\u00e9dicos.\" \/>\n<meta property=\"og:url\" content=\"https:\/\/www.grupomedcof.com.br\/blog\/concurso-publico-prefeitura-de-itabirito\/\" \/>\n<meta property=\"og:site_name\" content=\"Blog de Medcof: conte\u00fados, editais, revalida e mais!\" \/>\n<meta property=\"article:publisher\" content=\"https:\/\/www.facebook.com\/MedCofQbank\/\" \/>\n<meta property=\"article:published_time\" content=\"2023-06-22T16:56:03+00:00\" \/>\n<meta property=\"og:image\" content=\"https:\/\/www.grupomedcof.com.br\/blog\/wp-content\/uploads\/2023\/06\/Blog-MedCof-2023-06-22T133641.696-1024x576.png\" \/>\n\t<meta property=\"og:image:width\" content=\"1024\" \/>\n\t<meta property=\"og:image:height\" content=\"576\" \/>\n\t<meta property=\"og:image:type\" content=\"image\/png\" \/>\n<meta name=\"author\" content=\"J\u00falia Moreira\" \/>\n<meta name=\"twitter:card\" content=\"summary_large_image\" \/>\n<meta name=\"twitter:description\" content=\"A Prefeitura do Munic\u00edpio de Itabirito (MG) abriu o concurso p\u00fablico para a regi\u00e3o. Entre as vagas ofertadas, 24 s\u00e3o para cargos m\u00e9dicos.\" \/>\n<meta name=\"twitter:label1\" content=\"Escrito por\" \/>\n\t<meta name=\"twitter:data1\" content=\"J\u00falia Moreira\" \/>\n\t<meta name=\"twitter:label2\" content=\"Est. tempo de leitura\" \/>\n\t<meta name=\"twitter:data2\" content=\"7 minutos\" \/>\n<script type=\"application\/ld+json\" class=\"yoast-schema-graph\">{\"@context\":\"https:\\\/\\\/schema.org\",\"@graph\":[{\"@type\":\"Article\",\"@id\":\"https:\\\/\\\/www.grupomedcof.com.br\\\/blog\\\/concurso-publico-prefeitura-de-itabirito\\\/#article\",\"isPartOf\":{\"@id\":\"https:\\\/\\\/www.grupomedcof.com.br\\\/blog\\\/concurso-publico-prefeitura-de-itabirito\\\/\"},\"author\":{\"name\":\"J\u00falia Moreira\",\"@id\":\"https:\\\/\\\/www.grupomedcof.com.br\\\/blog\\\/#\\\/schema\\\/person\\\/1375e0ce724529d7a1d8156ea7f8ceaa\"},\"headline\":\"Concurso P\u00fablico: Prefeitura de Itabirito\",\"datePublished\":\"2023-06-22T16:56:03+00:00\",\"mainEntityOfPage\":{\"@id\":\"https:\\\/\\\/www.grupomedcof.com.br\\\/blog\\\/concurso-publico-prefeitura-de-itabirito\\\/\"},\"wordCount\":621,\"commentCount\":0,\"publisher\":{\"@id\":\"https:\\\/\\\/www.grupomedcof.com.br\\\/blog\\\/#organization\"},\"image\":{\"@id\":\"https:\\\/\\\/www.grupomedcof.com.br\\\/blog\\\/concurso-publico-prefeitura-de-itabirito\\\/#primaryimage\"},\"thumbnailUrl\":\"https:\\\/\\\/www.grupomedcof.com.br\\\/blog\\\/wp-content\\\/uploads\\\/2023\\\/06\\\/Blog-MedCof-2023-06-22T133641.696.png\",\"keywords\":[\"Especialidades cir\u00fargicas\",\"Especialidades m\u00e9dicas\"],\"articleSection\":[\"Carreira M\u00e9dica\",\"Concurso P\u00fablico\"],\"inLanguage\":\"pt-BR\"},{\"@type\":\"WebPage\",\"@id\":\"https:\\\/\\\/www.grupomedcof.com.br\\\/blog\\\/concurso-publico-prefeitura-de-itabirito\\\/\",\"url\":\"https:\\\/\\\/www.grupomedcof.com.br\\\/blog\\\/concurso-publico-prefeitura-de-itabirito\\\/\",\"name\":\"Concurso P\u00fablico: Prefeitura de Itabirito - Blog de Medcof: conte\u00fados, editais, revalida e mais!\",\"isPartOf\":{\"@id\":\"https:\\\/\\\/www.grupomedcof.com.br\\\/blog\\\/#website\"},\"primaryImageOfPage\":{\"@id\":\"https:\\\/\\\/www.grupomedcof.com.br\\\/blog\\\/concurso-publico-prefeitura-de-itabirito\\\/#primaryimage\"},\"image\":{\"@id\":\"https:\\\/\\\/www.grupomedcof.com.br\\\/blog\\\/concurso-publico-prefeitura-de-itabirito\\\/#primaryimage\"},\"thumbnailUrl\":\"https:\\\/\\\/www.grupomedcof.com.br\\\/blog\\\/wp-content\\\/uploads\\\/2023\\\/06\\\/Blog-MedCof-2023-06-22T133641.696.png\",\"datePublished\":\"2023-06-22T16:56:03+00:00\",\"description\":\"A Prefeitura do Munic\u00edpio de Itabirito abriu o concurso p\u00fablico para a regi\u00e3o. Entre as vagas ofertadas, 24 s\u00e3o para cargos m\u00e9dicos.\u00a0\",\"breadcrumb\":{\"@id\":\"https:\\\/\\\/www.grupomedcof.com.br\\\/blog\\\/concurso-publico-prefeitura-de-itabirito\\\/#breadcrumb\"},\"inLanguage\":\"pt-BR\",\"potentialAction\":[{\"@type\":\"ReadAction\",\"target\":[\"https:\\\/\\\/www.grupomedcof.com.br\\\/blog\\\/concurso-publico-prefeitura-de-itabirito\\\/\"]}]},{\"@type\":\"ImageObject\",\"inLanguage\":\"pt-BR\",\"@id\":\"https:\\\/\\\/www.grupomedcof.com.br\\\/blog\\\/concurso-publico-prefeitura-de-itabirito\\\/#primaryimage\",\"url\":\"https:\\\/\\\/www.grupomedcof.com.br\\\/blog\\\/wp-content\\\/uploads\\\/2023\\\/06\\\/Blog-MedCof-2023-06-22T133641.696.png\",\"contentUrl\":\"https:\\\/\\\/www.grupomedcof.com.br\\\/blog\\\/wp-content\\\/uploads\\\/2023\\\/06\\\/Blog-MedCof-2023-06-22T133641.696.png\",\"width\":2560,\"height\":1440,\"caption\":\"A Prefeitura do Munic\u00edpio de Itabirito abriu o concurso p\u00fablico para a regi\u00e3o. Entre as vagas ofertadas, 24 s\u00e3o para cargos m\u00e9dicos.\u00a0\"},{\"@type\":\"BreadcrumbList\",\"@id\":\"https:\\\/\\\/www.grupomedcof.com.br\\\/blog\\\/concurso-publico-prefeitura-de-itabirito\\\/#breadcrumb\",\"itemListElement\":[{\"@type\":\"ListItem\",\"position\":1,\"name\":\"In\u00edcio\",\"item\":\"https:\\\/\\\/www.grupomedcof.com.br\\\/blog\\\/\"},{\"@type\":\"ListItem\",\"position\":2,\"name\":\"Concurso P\u00fablico: Prefeitura de Itabirito\"}]},{\"@type\":\"WebSite\",\"@id\":\"https:\\\/\\\/www.grupomedcof.com.br\\\/blog\\\/#website\",\"url\":\"https:\\\/\\\/www.grupomedcof.com.br\\\/blog\\\/\",\"name\":\"Blog de Medcof: conte\u00fados, editais, revalida e mais!\",\"description\":\"Acesso o blog de MedCof! Seu portal de conte\u00fados sobre resid\u00eancia m\u00e9dica, an\u00e1lise e editais e muito mais. Clique e confira!\",\"publisher\":{\"@id\":\"https:\\\/\\\/www.grupomedcof.com.br\\\/blog\\\/#organization\"},\"alternateName\":\"Blog de Medcof: conte\u00fados, editais, revalida e mais!\",\"potentialAction\":[{\"@type\":\"SearchAction\",\"target\":{\"@type\":\"EntryPoint\",\"urlTemplate\":\"https:\\\/\\\/www.grupomedcof.com.br\\\/blog\\\/?s={search_term_string}\"},\"query-input\":{\"@type\":\"PropertyValueSpecification\",\"valueRequired\":true,\"valueName\":\"search_term_string\"}}],\"inLanguage\":\"pt-BR\"},{\"@type\":\"Organization\",\"@id\":\"https:\\\/\\\/www.grupomedcof.com.br\\\/blog\\\/#organization\",\"name\":\"Grupo MedCof\",\"url\":\"https:\\\/\\\/www.grupomedcof.com.br\\\/blog\\\/\",\"logo\":{\"@type\":\"ImageObject\",\"inLanguage\":\"pt-BR\",\"@id\":\"https:\\\/\\\/www.grupomedcof.com.br\\\/blog\\\/#\\\/schema\\\/logo\\\/image\\\/\",\"url\":\"https:\\\/\\\/www.grupomedcof.com.br\\\/blog\\\/wp-content\\\/uploads\\\/2022\\\/01\\\/logo-medcof.png\",\"contentUrl\":\"https:\\\/\\\/www.grupomedcof.com.br\\\/blog\\\/wp-content\\\/uploads\\\/2022\\\/01\\\/logo-medcof.png\",\"width\":768,\"height\":269,\"caption\":\"Grupo MedCof\"},\"image\":{\"@id\":\"https:\\\/\\\/www.grupomedcof.com.br\\\/blog\\\/#\\\/schema\\\/logo\\\/image\\\/\"},\"sameAs\":[\"https:\\\/\\\/www.facebook.com\\\/MedCofQbank\\\/\",\"https:\\\/\\\/www.instagram.com\\\/grupomedcof\\\/\",\"https:\\\/\\\/br.linkedin.com\\\/company\\\/medcof\",\"https:\\\/\\\/www.youtube.com\\\/channel\\\/UCdHMuOHKICxcHwecxN8P-AA\"]},{\"@type\":\"Person\",\"@id\":\"https:\\\/\\\/www.grupomedcof.com.br\\\/blog\\\/#\\\/schema\\\/person\\\/1375e0ce724529d7a1d8156ea7f8ceaa\",\"name\":\"J\u00falia Moreira\",\"image\":{\"@type\":\"ImageObject\",\"inLanguage\":\"pt-BR\",\"@id\":\"https:\\\/\\\/www.grupomedcof.com.br\\\/blog\\\/wp-content\\\/uploads\\\/2024\\\/12\\\/cropped-Captura-de-tela-2023-12-15-094946-96x96.png6a0083ac34a0445de97d55fae63a4a41\",\"url\":\"https:\\\/\\\/www.grupomedcof.com.br\\\/blog\\\/wp-content\\\/uploads\\\/2024\\\/12\\\/cropped-Captura-de-tela-2023-12-15-094946-96x96.png\",\"contentUrl\":\"https:\\\/\\\/www.grupomedcof.com.br\\\/blog\\\/wp-content\\\/uploads\\\/2024\\\/12\\\/cropped-Captura-de-tela-2023-12-15-094946-96x96.png\",\"caption\":\"J\u00falia Moreira\"},\"description\":\"Estudante do 8\u00ba semestre de Jornalismo na ECA-USP, f\u00e3 de filmes de terror e m\u00fasica popular sul-coreana.\",\"sameAs\":[\"https:\\\/\\\/www.grupomedcof.com.br\\\/\"],\"url\":\"https:\\\/\\\/www.grupomedcof.com.br\\\/blog\\\/author\\\/julia\\\/\"}]}<\/script>\n<!-- \/ Yoast SEO Premium plugin. -->","yoast_head_json":{"title":"Concurso P\u00fablico: Prefeitura de Itabirito - Blog de Medcof: conte\u00fados, editais, revalida e mais!","description":"A Prefeitura do Munic\u00edpio de Itabirito abriu o concurso p\u00fablico para a regi\u00e3o. Entre as vagas ofertadas, 24 s\u00e3o para cargos m\u00e9dicos.\u00a0","robots":{"index":"index","follow":"follow","max-snippet":"max-snippet:-1","max-image-preview":"max-image-preview:large","max-video-preview":"max-video-preview:-1"},"canonical":"https:\/\/www.grupomedcof.com.br\/blog\/concurso-publico-prefeitura-de-itabirito\/","og_locale":"pt_BR","og_type":"article","og_title":"Concurso P\u00fablico: Prefeitura de Itabirito","og_description":"A Prefeitura do Munic\u00edpio de Itabirito (MG) abriu o concurso p\u00fablico para a regi\u00e3o. Entre as vagas ofertadas, 24 s\u00e3o para cargos m\u00e9dicos.","og_url":"https:\/\/www.grupomedcof.com.br\/blog\/concurso-publico-prefeitura-de-itabirito\/","og_site_name":"Blog de Medcof: conte\u00fados, editais, revalida e mais!","article_publisher":"https:\/\/www.facebook.com\/MedCofQbank\/","article_published_time":"2023-06-22T16:56:03+00:00","og_image":[{"width":1024,"height":576,"url":"https:\/\/www.grupomedcof.com.br\/blog\/wp-content\/uploads\/2023\/06\/Blog-MedCof-2023-06-22T133641.696-1024x576.png","type":"image\/png"}],"author":"J\u00falia Moreira","twitter_card":"summary_large_image","twitter_description":"A Prefeitura do Munic\u00edpio de Itabirito (MG) abriu o concurso p\u00fablico para a regi\u00e3o. Entre as vagas ofertadas, 24 s\u00e3o para cargos m\u00e9dicos.","twitter_misc":{"Escrito por":"J\u00falia Moreira","Est. tempo de leitura":"7 minutos"},"schema":{"@context":"https:\/\/schema.org","@graph":[{"@type":"Article","@id":"https:\/\/www.grupomedcof.com.br\/blog\/concurso-publico-prefeitura-de-itabirito\/#article","isPartOf":{"@id":"https:\/\/www.grupomedcof.com.br\/blog\/concurso-publico-prefeitura-de-itabirito\/"},"author":{"name":"J\u00falia Moreira","@id":"https:\/\/www.grupomedcof.com.br\/blog\/#\/schema\/person\/1375e0ce724529d7a1d8156ea7f8ceaa"},"headline":"Concurso P\u00fablico: Prefeitura de Itabirito","datePublished":"2023-06-22T16:56:03+00:00","mainEntityOfPage":{"@id":"https:\/\/www.grupomedcof.com.br\/blog\/concurso-publico-prefeitura-de-itabirito\/"},"wordCount":621,"commentCount":0,"publisher":{"@id":"https:\/\/www.grupomedcof.com.br\/blog\/#organization"},"image":{"@id":"https:\/\/www.grupomedcof.com.br\/blog\/concurso-publico-prefeitura-de-itabirito\/#primaryimage"},"thumbnailUrl":"https:\/\/www.grupomedcof.com.br\/blog\/wp-content\/uploads\/2023\/06\/Blog-MedCof-2023-06-22T133641.696.png","keywords":["Especialidades cir\u00fargicas","Especialidades m\u00e9dicas"],"articleSection":["Carreira M\u00e9dica","Concurso P\u00fablico"],"inLanguage":"pt-BR"},{"@type":"WebPage","@id":"https:\/\/www.grupomedcof.com.br\/blog\/concurso-publico-prefeitura-de-itabirito\/","url":"https:\/\/www.grupomedcof.com.br\/blog\/concurso-publico-prefeitura-de-itabirito\/","name":"Concurso P\u00fablico: Prefeitura de Itabirito - Blog de Medcof: conte\u00fados, editais, revalida e mais!","isPartOf":{"@id":"https:\/\/www.grupomedcof.com.br\/blog\/#website"},"primaryImageOfPage":{"@id":"https:\/\/www.grupomedcof.com.br\/blog\/concurso-publico-prefeitura-de-itabirito\/#primaryimage"},"image":{"@id":"https:\/\/www.grupomedcof.com.br\/blog\/concurso-publico-prefeitura-de-itabirito\/#primaryimage"},"thumbnailUrl":"https:\/\/www.grupomedcof.com.br\/blog\/wp-content\/uploads\/2023\/06\/Blog-MedCof-2023-06-22T133641.696.png","datePublished":"2023-06-22T16:56:03+00:00","description":"A Prefeitura do Munic\u00edpio de Itabirito abriu o concurso p\u00fablico para a regi\u00e3o. Entre as vagas ofertadas, 24 s\u00e3o para cargos m\u00e9dicos.\u00a0","breadcrumb":{"@id":"https:\/\/www.grupomedcof.com.br\/blog\/concurso-publico-prefeitura-de-itabirito\/#breadcrumb"},"inLanguage":"pt-BR","potentialAction":[{"@type":"ReadAction","target":["https:\/\/www.grupomedcof.com.br\/blog\/concurso-publico-prefeitura-de-itabirito\/"]}]},{"@type":"ImageObject","inLanguage":"pt-BR","@id":"https:\/\/www.grupomedcof.com.br\/blog\/concurso-publico-prefeitura-de-itabirito\/#primaryimage","url":"https:\/\/www.grupomedcof.com.br\/blog\/wp-content\/uploads\/2023\/06\/Blog-MedCof-2023-06-22T133641.696.png","contentUrl":"https:\/\/www.grupomedcof.com.br\/blog\/wp-content\/uploads\/2023\/06\/Blog-MedCof-2023-06-22T133641.696.png","width":2560,"height":1440,"caption":"A Prefeitura do Munic\u00edpio de Itabirito abriu o concurso p\u00fablico para a regi\u00e3o. Entre as vagas ofertadas, 24 s\u00e3o para cargos m\u00e9dicos.\u00a0"},{"@type":"BreadcrumbList","@id":"https:\/\/www.grupomedcof.com.br\/blog\/concurso-publico-prefeitura-de-itabirito\/#breadcrumb","itemListElement":[{"@type":"ListItem","position":1,"name":"In\u00edcio","item":"https:\/\/www.grupomedcof.com.br\/blog\/"},{"@type":"ListItem","position":2,"name":"Concurso P\u00fablico: Prefeitura de Itabirito"}]},{"@type":"WebSite","@id":"https:\/\/www.grupomedcof.com.br\/blog\/#website","url":"https:\/\/www.grupomedcof.com.br\/blog\/","name":"Blog de Medcof: conte\u00fados, editais, revalida e mais!","description":"Acesso o blog de MedCof! Seu portal de conte\u00fados sobre resid\u00eancia m\u00e9dica, an\u00e1lise e editais e muito mais. Clique e confira!","publisher":{"@id":"https:\/\/www.grupomedcof.com.br\/blog\/#organization"},"alternateName":"Blog de Medcof: conte\u00fados, editais, revalida e mais!","potentialAction":[{"@type":"SearchAction","target":{"@type":"EntryPoint","urlTemplate":"https:\/\/www.grupomedcof.com.br\/blog\/?s={search_term_string}"},"query-input":{"@type":"PropertyValueSpecification","valueRequired":true,"valueName":"search_term_string"}}],"inLanguage":"pt-BR"},{"@type":"Organization","@id":"https:\/\/www.grupomedcof.com.br\/blog\/#organization","name":"Grupo MedCof","url":"https:\/\/www.grupomedcof.com.br\/blog\/","logo":{"@type":"ImageObject","inLanguage":"pt-BR","@id":"https:\/\/www.grupomedcof.com.br\/blog\/#\/schema\/logo\/image\/","url":"https:\/\/www.grupomedcof.com.br\/blog\/wp-content\/uploads\/2022\/01\/logo-medcof.png","contentUrl":"https:\/\/www.grupomedcof.com.br\/blog\/wp-content\/uploads\/2022\/01\/logo-medcof.png","width":768,"height":269,"caption":"Grupo MedCof"},"image":{"@id":"https:\/\/www.grupomedcof.com.br\/blog\/#\/schema\/logo\/image\/"},"sameAs":["https:\/\/www.facebook.com\/MedCofQbank\/","https:\/\/www.instagram.com\/grupomedcof\/","https:\/\/br.linkedin.com\/company\/medcof","https:\/\/www.youtube.com\/channel\/UCdHMuOHKICxcHwecxN8P-AA"]},{"@type":"Person","@id":"https:\/\/www.grupomedcof.com.br\/blog\/#\/schema\/person\/1375e0ce724529d7a1d8156ea7f8ceaa","name":"J\u00falia Moreira","image":{"@type":"ImageObject","inLanguage":"pt-BR","@id":"https:\/\/www.grupomedcof.com.br\/blog\/wp-content\/uploads\/2024\/12\/cropped-Captura-de-tela-2023-12-15-094946-96x96.png6a0083ac34a0445de97d55fae63a4a41","url":"https:\/\/www.grupomedcof.com.br\/blog\/wp-content\/uploads\/2024\/12\/cropped-Captura-de-tela-2023-12-15-094946-96x96.png","contentUrl":"https:\/\/www.grupomedcof.com.br\/blog\/wp-content\/uploads\/2024\/12\/cropped-Captura-de-tela-2023-12-15-094946-96x96.png","caption":"J\u00falia Moreira"},"description":"Estudante do 8\u00ba semestre de Jornalismo na ECA-USP, f\u00e3 de filmes de terror e m\u00fasica popular sul-coreana.","sameAs":["https:\/\/www.grupomedcof.com.br\/"],"url":"https:\/\/www.grupomedcof.com.br\/blog\/author\/julia\/"}]}},"authors":[{"term_id":3609,"user_id":6,"is_guest":0,"slug":"julia","display_name":"J\u00falia Moreira","avatar_url":"https:\/\/www.grupomedcof.com.br\/blog\/wp-content\/uploads\/2024\/12\/cropped-Captura-de-tela-2023-12-15-094946-96x96.png","0":null,"1":"","2":"","3":"","4":"","5":"","6":"","7":"","8":""}],"_links":{"self":[{"href":"https:\/\/www.grupomedcof.com.br\/blog\/wp-json\/wp\/v2\/posts\/8310","targetHints":{"allow":["GET"]}}],"collection":[{"href":"https:\/\/www.grupomedcof.com.br\/blog\/wp-json\/wp\/v2\/posts"}],"about":[{"href":"https:\/\/www.grupomedcof.com.br\/blog\/wp-json\/wp\/v2\/types\/post"}],"author":[{"embeddable":true,"href":"https:\/\/www.grupomedcof.com.br\/blog\/wp-json\/wp\/v2\/users\/6"}],"replies":[{"embeddable":true,"href":"https:\/\/www.grupomedcof.com.br\/blog\/wp-json\/wp\/v2\/comments?post=8310"}],"version-history":[{"count":0,"href":"https:\/\/www.grupomedcof.com.br\/blog\/wp-json\/wp\/v2\/posts\/8310\/revisions"}],"wp:featuredmedia":[{"embeddable":true,"href":"https:\/\/www.grupomedcof.com.br\/blog\/wp-json\/wp\/v2\/media\/8314"}],"wp:attachment":[{"href":"https:\/\/www.grupomedcof.com.br\/blog\/wp-json\/wp\/v2\/media?parent=8310"}],"wp:term":[{"taxonomy":"category","embeddable":true,"href":"https:\/\/www.grupomedcof.com.br\/blog\/wp-json\/wp\/v2\/categories?post=8310"},{"taxonomy":"post_tag","embeddable":true,"href":"https:\/\/www.grupomedcof.com.br\/blog\/wp-json\/wp\/v2\/tags?post=8310"},{"taxonomy":"author","embeddable":true,"href":"https:\/\/www.grupomedcof.com.br\/blog\/wp-json\/wp\/v2\/ppma_author?post=8310"}],"curies":[{"name":"wp","href":"https:\/\/api.w.org\/{rel}","templated":true}]}}