{"id":8337,"date":"2023-06-23T14:51:30","date_gmt":"2023-06-23T17:51:30","guid":{"rendered":"https:\/\/www.grupomedcof.com.br\/blog\/?p=8337"},"modified":"2025-12-22T12:39:51","modified_gmt":"2025-12-22T15:39:51","slug":"voce-sabe-reconhecer-as-fases-do-luto","status":"publish","type":"post","link":"https:\/\/www.grupomedcof.com.br\/blog\/voce-sabe-reconhecer-as-fases-do-luto\/","title":{"rendered":"Voc\u00ea sabe reconhecer as Fases do Luto?"},"content":{"rendered":"<div id=\"ez-toc-container\" class=\"ez-toc-v2_0_74 counter-hierarchy ez-toc-counter ez-toc-transparent ez-toc-container-direction\">\n<div class=\"ez-toc-title-container\">\n<p class=\"ez-toc-title\" style=\"cursor:inherit\">Sum\u00e1rio<\/p>\n<span class=\"ez-toc-title-toggle\"><a href=\"#\" class=\"ez-toc-pull-right ez-toc-btn ez-toc-btn-xs ez-toc-btn-default ez-toc-toggle\" aria-label=\"Alternar tabela de conte\u00fado\"><span class=\"ez-toc-js-icon-con\"><span class=\"\"><span class=\"eztoc-hide\" style=\"display:none;\">Toggle<\/span><span class=\"ez-toc-icon-toggle-span\"><svg style=\"fill: #999;color:#999\" xmlns=\"http:\/\/www.w3.org\/2000\/svg\" class=\"list-377408\" width=\"20px\" height=\"20px\" viewBox=\"0 0 24 24\" fill=\"none\"><path d=\"M6 6H4v2h2V6zm14 0H8v2h12V6zM4 11h2v2H4v-2zm16 0H8v2h12v-2zM4 16h2v2H4v-2zm16 0H8v2h12v-2z\" fill=\"currentColor\"><\/path><\/svg><svg style=\"fill: #999;color:#999\" class=\"arrow-unsorted-368013\" xmlns=\"http:\/\/www.w3.org\/2000\/svg\" width=\"10px\" height=\"10px\" viewBox=\"0 0 24 24\" version=\"1.2\" baseProfile=\"tiny\"><path d=\"M18.2 9.3l-6.2-6.3-6.2 6.3c-.2.2-.3.4-.3.7s.1.5.3.7c.2.2.4.3.7.3h11c.3 0 .5-.1.7-.3.2-.2.3-.5.3-.7s-.1-.5-.3-.7zM5.8 14.7l6.2 6.3 6.2-6.3c.2-.2.3-.5.3-.7s-.1-.5-.3-.7c-.2-.2-.4-.3-.7-.3h-11c-.3 0-.5.1-.7.3-.2.2-.3.5-.3.7s.1.5.3.7z\"\/><\/svg><\/span><\/span><\/span><\/a><\/span><\/div>\n<nav><ul class='ez-toc-list ez-toc-list-level-1 ' ><li class='ez-toc-page-1 ez-toc-heading-level-2'><a class=\"ez-toc-link ez-toc-heading-1\" href=\"https:\/\/www.grupomedcof.com.br\/blog\/voce-sabe-reconhecer-as-fases-do-luto\/#Voce_sabe_reconhecer_as_Fases_do_Luto\" >Voc\u00ea sabe reconhecer as Fases do Luto?<\/a><\/li><li class='ez-toc-page-1 ez-toc-heading-level-2'><a class=\"ez-toc-link ez-toc-heading-2\" href=\"https:\/\/www.grupomedcof.com.br\/blog\/voce-sabe-reconhecer-as-fases-do-luto\/#Luto\" >Luto<\/a><\/li><li class='ez-toc-page-1 ez-toc-heading-level-2'><a class=\"ez-toc-link ez-toc-heading-3\" href=\"https:\/\/www.grupomedcof.com.br\/blog\/voce-sabe-reconhecer-as-fases-do-luto\/#Modelos_teoricos\" >Modelos te\u00f3ricos<\/a><\/li><li class='ez-toc-page-1 ez-toc-heading-level-2'><a class=\"ez-toc-link ez-toc-heading-4\" href=\"https:\/\/www.grupomedcof.com.br\/blog\/voce-sabe-reconhecer-as-fases-do-luto\/#Modelo_de_Kubler-Ross\" >Modelo de K\u00fcbler-Ross<\/a><\/li><li class='ez-toc-page-1 ez-toc-heading-level-2'><a class=\"ez-toc-link ez-toc-heading-5\" href=\"https:\/\/www.grupomedcof.com.br\/blog\/voce-sabe-reconhecer-as-fases-do-luto\/#Fases_do_luto_Negacao\" >Fases do luto: Nega\u00e7\u00e3o<\/a><\/li><li class='ez-toc-page-1 ez-toc-heading-level-2'><a class=\"ez-toc-link ez-toc-heading-6\" href=\"https:\/\/www.grupomedcof.com.br\/blog\/voce-sabe-reconhecer-as-fases-do-luto\/#Fases_do_luto_Raiva\" >Fases do luto:&nbsp;Raiva<\/a><\/li><li class='ez-toc-page-1 ez-toc-heading-level-2'><a class=\"ez-toc-link ez-toc-heading-7\" href=\"https:\/\/www.grupomedcof.com.br\/blog\/voce-sabe-reconhecer-as-fases-do-luto\/#Fases_do_luto_Barganha\" >Fases do luto: Barganha<\/a><\/li><li class='ez-toc-page-1 ez-toc-heading-level-2'><a class=\"ez-toc-link ez-toc-heading-8\" href=\"https:\/\/www.grupomedcof.com.br\/blog\/voce-sabe-reconhecer-as-fases-do-luto\/#Fases_do_luto_Depressao\" >Fases do luto:\u00a0Depress\u00e3o<\/a><\/li><li class='ez-toc-page-1 ez-toc-heading-level-2'><a class=\"ez-toc-link ez-toc-heading-9\" href=\"https:\/\/www.grupomedcof.com.br\/blog\/voce-sabe-reconhecer-as-fases-do-luto\/#Fases_do_luto_Aceitacao\" >Fases do luto: Aceita\u00e7\u00e3o<\/a><\/li><li class='ez-toc-page-1 ez-toc-heading-level-2'><a class=\"ez-toc-link ez-toc-heading-10\" href=\"https:\/\/www.grupomedcof.com.br\/blog\/voce-sabe-reconhecer-as-fases-do-luto\/#Conquiste_a_aprovacao\" >Conquiste a aprova\u00e7\u00e3o!<\/a><\/li><\/ul><\/nav><\/div>\n\n<figure class=\"wp-block-image\"><img decoding=\"async\" src=\"https:\/\/www.grupomedcof.com.br\/blog\/wp-content\/uploads\/2023\/06\/Blog-MedCof-2023-06-22T160147.188-1024x576.png\" alt=\"fases do luto, quais s\u00e3o as fases do luto, as 5 fases do luto, as fases do luto, fases luto morte, etapas do luto, 5 fases do luto, 5 fases do luto psicologia,, luto fases,\"\/><\/figure>\n\n\n\n<p>Voc\u00ea sabe reconhecer as Fases do Luto? Nesse post vamos abordar sobre alguns modelos de reconhecimento do luto, em como as suas fases.<\/p>\n\n\n\n<h2 class=\"wp-block-heading\" id=\"h-voce-sabe-reconhecer-as-fases-do-luto\"><span class=\"ez-toc-section\" id=\"Voce_sabe_reconhecer_as_Fases_do_Luto\"><\/span><strong>Voc\u00ea sabe reconhecer as Fases do Luto?<\/strong><span class=\"ez-toc-section-end\"><\/span><\/h2>\n\n\n\n<p>Reconhecer as fases do luto \u00e9 um <strong>processo fundamental<\/strong> para a promo\u00e7\u00e3o de sa\u00fade de pacientes que tiveram alguma perda importante. Al\u00e9m disso, \u00e9 um assunto que frequentemente \u00e9 cobrado nas provas de resid\u00eancia m\u00e9dica.<\/p>\n\n\n\n<h2 class=\"wp-block-heading\" id=\"h-luto\"><span class=\"ez-toc-section\" id=\"Luto\"><\/span><strong>Luto<\/strong><span class=\"ez-toc-section-end\"><\/span><\/h2>\n\n\n\n<p>O luto \u00e9 uma resposta natural e inevit\u00e1vel diante da perda de uma pessoa querida. Sendo assim, \u00e9 um processo complexo que envolve uma s\u00e9rie de rea\u00e7\u00f5es emocionais, cognitivas e comportamentais.<\/p>\n\n\n\n<figure class=\"wp-block-image\"><img decoding=\"async\" src=\"https:\/\/www.grupomedcof.com.br\/blog\/wp-content\/uploads\/2023\/05\/Captura-de-tela-2023-05-30-121547-1024x181.png\" alt=\"Semana HIIT MedCof, aulas grupo medcof, medcof, aulas medcof, medcof qbank, gupo medcof\"\/><\/figure>\n\n\n\n<h2 class=\"wp-block-heading\" id=\"h-modelos-teoricos\"><span class=\"ez-toc-section\" id=\"Modelos_teoricos\"><\/span><strong>Modelos te\u00f3ricos<\/strong><span class=\"ez-toc-section-end\"><\/span><\/h2>\n\n\n\n<p>Dessa forma, para auxiliar na compreens\u00e3o desse processo, foram propostas diferentes teorias que descrevem as fases do luto.<\/p>\n\n\n\n<ul class=\"wp-block-list\">\n<li>Modelo K\u00fcbler-Ross:\u00a0Um dos modelos mais conhecidos, que descreve cinco fases do luto: nega\u00e7\u00e3o, raiva, barganha, depress\u00e3o e aceita\u00e7\u00e3o. Essas fases n\u00e3o s\u00e3o necessariamente sequenciais e podem ocorrer em diferentes momentos e intensidades para cada indiv\u00edduo.<\/li>\n\n\n\n<li>Modelo Worden:\u00a0Descreve quatro tarefas do luto: aceitar a realidade da perda, processar a dor emocional, ajustar-se a um ambiente no qual o ente querido est\u00e1 ausente e encontrar uma conex\u00e3o duradoura com o ente querido enquanto segue em frente com a vida. Oferece uma estrutura pr\u00e1tica para orientar profissionais de sa\u00fade e pessoas em luto na compreens\u00e3o das tarefas que precisam ser enfrentadas.<\/li>\n\n\n\n<li>Modelo de Neimeyer:\u00a0Enfatiza a import\u00e2ncia da reconstru\u00e7\u00e3o da vida ap\u00f3s a perda. Ele destaca a necessidade de encontrar significado e prop\u00f3sito, al\u00e9m de integrar a experi\u00eancia de perda na narrativa de vida do indiv\u00edduo.<\/li>\n<\/ul>\n\n\n\n<h2 class=\"wp-block-heading\" id=\"h-modelo-de-kubler-ross\"><span class=\"ez-toc-section\" id=\"Modelo_de_Kubler-Ross\"><\/span><strong>Modelo de K\u00fcbler-Ross<\/strong><span class=\"ez-toc-section-end\"><\/span><\/h2>\n\n\n\n<p>Ademais, al\u00e9m de ser o modelo mais conhecido, o modelo porposto por Elizabeth K\u00fcbler-Ross \u00e9 o <strong>mais cobrado nas provas de resid\u00eancia m\u00e9dica<\/strong>, portanto, vamos detalhar um pouco mais cada uma das fases.<\/p>\n\n\n\n<h2 class=\"wp-block-heading\" id=\"h-fases-do-luto-negacao\"><span class=\"ez-toc-section\" id=\"Fases_do_luto_Negacao\"><\/span><strong>Fases do luto: Nega\u00e7\u00e3o<\/strong><span class=\"ez-toc-section-end\"><\/span><\/h2>\n\n\n\n<p>\u00c9 uma resposta inicial ao impacto da perda. Nesse est\u00e1gio, \u00e9 comum que as pessoas se<strong> sintam chocadas e incapazes<\/strong> de acreditar que a perda tenha ocorrido. Desse modo, um estudo publicado no <em>Journal of Palliative Medicine<\/em> observou que a nega\u00e7\u00e3o \u00e9 uma forma de defesa psicol\u00f3gica, permitindo que as pessoas absorvam a not\u00edcia de forma gradual.<\/p>\n\n\n\n<h2 class=\"wp-block-heading\" id=\"h-fases-do-luto-nbsp-raiva\"><span class=\"ez-toc-section\" id=\"Fases_do_luto_Raiva\"><\/span><strong>Fases do luto:&nbsp;Raiva<\/strong><span class=\"ez-toc-section-end\"><\/span><\/h2>\n\n\n\n<p>A fase da raiva \u00e9 caracterizada por sentimentos de<strong> frustra\u00e7\u00e3o, ressentimento e raiva<\/strong> em rela\u00e7\u00e3o \u00e0 perda.<\/p>\n\n\n\n<p>Assim, as pessoas podem questionar &#8220;por que isso aconteceu comigo?&#8221; ou direcionar sua raiva para outras pessoas ou at\u00e9 mesmo para o falecido. A raiva pode ser uma maneira de lidar com a dor e de expressar emo\u00e7\u00f5es intensas.<\/p>\n\n\n\n<figure class=\"wp-block-image\"><img decoding=\"async\" src=\"https:\/\/www.grupomedcof.com.br\/blog\/wp-content\/uploads\/2023\/06\/Conheca-o-Qbank-MedCof-1024x205.png\" alt=\"medcof qbank, medcof aulas, grupo medcof, aulas medcof, qbank, banco de questoes medcof, medcof banco de questoes\"\/><\/figure>\n\n\n\n<h2 class=\"wp-block-heading\" id=\"h-fases-do-luto-barganha\"><span class=\"ez-toc-section\" id=\"Fases_do_luto_Barganha\"><\/span><strong>Fases do luto: Barganha<\/strong><span class=\"ez-toc-section-end\"><\/span><\/h2>\n\n\n\n<p>Durante a fase de barganha, as pessoas tentam&nbsp;fazer acordos ou promessas para reverter a perda. Dessa forma, o que marca esta fase s\u00e3o pensamentos do tipo &#8220;se ao menos eu tivesse feito algo diferente, talvez a perda n\u00e3o tivesse ocorrido&#8221;.<\/p>\n\n\n\n<p>Sendo assim, \u00e9 um esfor\u00e7o para encontrar algum sentido ou controle na situa\u00e7\u00e3o.<\/p>\n\n\n\n<h2 class=\"wp-block-heading\" id=\"h-fases-do-luto-depressao\"><span class=\"ez-toc-section\" id=\"Fases_do_luto_Depressao\"><\/span><strong>Fases do luto:\u00a0Depress\u00e3o<\/strong><span class=\"ez-toc-section-end\"><\/span><\/h2>\n\n\n\n<p>Na fase de depress\u00e3o, ocorre um sentimento de&nbsp;profunda tristeza e desesperan\u00e7a. Desse modo, as pessoas podem se sentir desamparadas, desinteressadas e podem experimentar sintomas f\u00edsicos, como fadiga e perda de apetite.<\/p>\n\n\n\n<p>\u00c9 importante&nbsp;distinguir a depress\u00e3o do luto normal, pois a depress\u00e3o cl\u00ednica pode exigir interven\u00e7\u00e3o terap\u00eautica.<\/p>\n\n\n\n<figure class=\"wp-block-image\"><img decoding=\"async\" src=\"https:\/\/www.grupomedcof.com.br\/blog\/wp-content\/uploads\/2023\/06\/Blog-MedCof-2023-06-22T163654.562-1024x342.png\" alt=\"fases do luto, quais s\u00e3o as fases do luto, as 5 fases do luto, as fases do luto, fases luto morte, etapas do luto, 5 fases do luto, 5 fases do luto psicologia,, luto fases,\"\/><\/figure>\n\n\n\n<h2 class=\"wp-block-heading\" id=\"h-fases-do-luto-aceitacao\"><span class=\"ez-toc-section\" id=\"Fases_do_luto_Aceitacao\"><\/span><strong style=\"font-size: 2rem;\">Fases do luto: Aceita\u00e7\u00e3o<\/strong><span class=\"ez-toc-section-end\"><\/span><\/h2>\n\n\n\n<p>Por fim, a fase da aceita\u00e7\u00e3o <b>n\u00e3o significa que a pessoa tenha superado completamente a perda,<\/b> mas indica que ela est\u00e1 come\u00e7ando a encontrar uma forma de conviver com ela. \u00c9 um momento em que a pessoa come\u00e7a a reconstruir sua vida e a encontrar um novo equil\u00edbrio emocional.<\/p>\n\n\n\n<p>E agora, voc\u00ea j\u00e1 sabe reconhecer as Fases do Luto? Ent\u00e3o continue acompanhando o blog e saiba mais sobre outros assuntos de medicina e resid\u00eancia m\u00e9dica.<\/p>\n\n\n\n<figure class=\"wp-block-image\"><img decoding=\"async\" src=\"https:\/\/www.grupomedcof.com.br\/blog\/wp-content\/uploads\/2023\/06\/Blog-MedCof-2023-06-22T140500.557-1024x576.png\" alt=\"fases do luto aceita\u00e7\u00e3o, fases do luto, elizabeth k\u00fcbler-Ross\"\/><\/figure>\n\n\n\n<h2 class=\"wp-block-heading\" id=\"h-conquiste-a-aprovacao\"><span class=\"ez-toc-section\" id=\"Conquiste_a_aprovacao\"><\/span><strong style=\"color: inherit; font-family: inherit; font-size: 2rem;\">Conquiste a aprova\u00e7\u00e3o!<\/strong><span class=\"ez-toc-section-end\"><\/span><\/h2>\n\n\n\n<p><a href=\"https:\/\/www.grupomedcof.com.br\/blog\/presenca-da-medcof-nas-aprovacoes-em-residencia-medica-no-brasil\/\" target=\"_blank\" rel=\"noopener\"><strong>Seja\u00a0mais um aprovado<\/strong><\/a>\u00a0nas melhores resid\u00eancias m\u00e9dicas do pa\u00eds com o<a href=\"https:\/\/www.grupomedcof.com.br\/\" target=\"_blank\" rel=\"noopener\">\u00a0<b>Grupo\u00a0MedCof<\/b><\/a><b>!<\/b>\u00a0Temos um cat\u00e1logo repleto de cursos que te guiar\u00e3o na jornada para as provas de Resid\u00eancia M\u00e9dica que ocorrer\u00e3o em 2026!<\/p>\n\n\n\n<p><a href=\"https:\/\/www.grupomedcof.com.br\/inscricao-hiit-2023\/\" target=\"_blank\" rel=\"noopener\"><br> <\/a><\/p>\n","protected":false},"excerpt":{"rendered":"<p>Reconhecer as fases do luto \u00e9 um processo fundamental para a promo\u00e7\u00e3o de sa\u00fade de pacientes que tiveram alguma perda importante. <\/p>\n","protected":false},"author":6,"featured_media":8339,"comment_status":"open","ping_status":"open","sticky":false,"template":"","format":"standard","meta":{"footnotes":""},"categories":[216],"tags":[117,218,68],"ppma_author":[3609],"class_list":{"0":"post-8337","1":"post","2":"type-post","3":"status-publish","4":"format-standard","5":"has-post-thumbnail","7":"category-psiquiatria","8":"tag-provas-de-residencia","9":"tag-psiquiatria","10":"tag-residencia-medica"},"yoast_head":"<!-- This site is optimized with the Yoast SEO Premium plugin v24.3 (Yoast SEO v27.4) - https:\/\/yoast.com\/product\/yoast-seo-premium-wordpress\/ -->\n<title>Voc\u00ea sabe reconhecer as Fases do Luto? - Blog de Medcof: conte\u00fados, editais, revalida e mais!<\/title>\n<meta name=\"description\" content=\"Voc\u00ea sabe reconhecer as Fases do Luto? Este \u00e9 um processo fundamental para a promo\u00e7\u00e3o de sa\u00fade de pacientes que tiveram alguma perda.\" \/>\n<meta name=\"robots\" content=\"index, follow, max-snippet:-1, max-image-preview:large, max-video-preview:-1\" \/>\n<link rel=\"canonical\" href=\"https:\/\/www.grupomedcof.com.br\/blog\/voce-sabe-reconhecer-as-fases-do-luto\/\" \/>\n<meta property=\"og:locale\" content=\"pt_BR\" \/>\n<meta property=\"og:type\" content=\"article\" \/>\n<meta property=\"og:title\" content=\"Voc\u00ea sabe reconhecer as Fases do Luto?\" \/>\n<meta property=\"og:description\" content=\"Voc\u00ea sabe reconhecer as Fases do Luto? Este \u00e9 um processo fundamental para a promo\u00e7\u00e3o de sa\u00fade de pacientes que tiveram alguma perda.\" \/>\n<meta property=\"og:url\" content=\"https:\/\/www.grupomedcof.com.br\/blog\/voce-sabe-reconhecer-as-fases-do-luto\/\" \/>\n<meta property=\"og:site_name\" content=\"Blog de Medcof: conte\u00fados, editais, revalida e mais!\" \/>\n<meta property=\"article:publisher\" content=\"https:\/\/www.facebook.com\/MedCofQbank\/\" \/>\n<meta property=\"article:published_time\" content=\"2023-06-23T17:51:30+00:00\" \/>\n<meta property=\"article:modified_time\" content=\"2025-12-22T15:39:51+00:00\" \/>\n<meta property=\"og:image\" content=\"https:\/\/www.grupomedcof.com.br\/blog\/wp-content\/uploads\/2023\/06\/Blog-MedCof-2023-06-22T141920.340-1024x576.png\" \/>\n\t<meta property=\"og:image:width\" content=\"1024\" \/>\n\t<meta property=\"og:image:height\" content=\"576\" \/>\n\t<meta property=\"og:image:type\" content=\"image\/png\" \/>\n<meta name=\"author\" content=\"J\u00falia Moreira\" \/>\n<meta name=\"twitter:card\" content=\"summary_large_image\" \/>\n<meta name=\"twitter:description\" content=\"Reconhecer as fases do luto \u00e9 um processo fundamental para a promo\u00e7\u00e3o de sa\u00fade de pacientes que tiveram alguma perda importante.\" \/>\n<meta name=\"twitter:label1\" content=\"Escrito por\" \/>\n\t<meta name=\"twitter:data1\" content=\"J\u00falia Moreira\" \/>\n\t<meta name=\"twitter:label2\" content=\"Est. tempo de leitura\" \/>\n\t<meta name=\"twitter:data2\" content=\"5 minutos\" \/>\n<script type=\"application\/ld+json\" class=\"yoast-schema-graph\">{\"@context\":\"https:\\\/\\\/schema.org\",\"@graph\":[{\"@type\":\"Article\",\"@id\":\"https:\\\/\\\/www.grupomedcof.com.br\\\/blog\\\/voce-sabe-reconhecer-as-fases-do-luto\\\/#article\",\"isPartOf\":{\"@id\":\"https:\\\/\\\/www.grupomedcof.com.br\\\/blog\\\/voce-sabe-reconhecer-as-fases-do-luto\\\/\"},\"author\":{\"name\":\"J\u00falia Moreira\",\"@id\":\"https:\\\/\\\/www.grupomedcof.com.br\\\/blog\\\/#\\\/schema\\\/person\\\/1375e0ce724529d7a1d8156ea7f8ceaa\"},\"headline\":\"Voc\u00ea sabe reconhecer as Fases do Luto?\",\"datePublished\":\"2023-06-23T17:51:30+00:00\",\"dateModified\":\"2025-12-22T15:39:51+00:00\",\"mainEntityOfPage\":{\"@id\":\"https:\\\/\\\/www.grupomedcof.com.br\\\/blog\\\/voce-sabe-reconhecer-as-fases-do-luto\\\/\"},\"wordCount\":704,\"commentCount\":1,\"publisher\":{\"@id\":\"https:\\\/\\\/www.grupomedcof.com.br\\\/blog\\\/#organization\"},\"image\":{\"@id\":\"https:\\\/\\\/www.grupomedcof.com.br\\\/blog\\\/voce-sabe-reconhecer-as-fases-do-luto\\\/#primaryimage\"},\"thumbnailUrl\":\"https:\\\/\\\/www.grupomedcof.com.br\\\/blog\\\/wp-content\\\/uploads\\\/2023\\\/06\\\/Blog-MedCof-2023-06-22T141920.340.png\",\"keywords\":[\"Provas de Resid\u00eancia\",\"Psiquiatria\",\"Resid\u00eancia M\u00e9dica\"],\"articleSection\":[\"Psiquiatria\"],\"inLanguage\":\"pt-BR\"},{\"@type\":\"WebPage\",\"@id\":\"https:\\\/\\\/www.grupomedcof.com.br\\\/blog\\\/voce-sabe-reconhecer-as-fases-do-luto\\\/\",\"url\":\"https:\\\/\\\/www.grupomedcof.com.br\\\/blog\\\/voce-sabe-reconhecer-as-fases-do-luto\\\/\",\"name\":\"Voc\u00ea sabe reconhecer as Fases do Luto? - Blog de Medcof: conte\u00fados, editais, revalida e mais!\",\"isPartOf\":{\"@id\":\"https:\\\/\\\/www.grupomedcof.com.br\\\/blog\\\/#website\"},\"primaryImageOfPage\":{\"@id\":\"https:\\\/\\\/www.grupomedcof.com.br\\\/blog\\\/voce-sabe-reconhecer-as-fases-do-luto\\\/#primaryimage\"},\"image\":{\"@id\":\"https:\\\/\\\/www.grupomedcof.com.br\\\/blog\\\/voce-sabe-reconhecer-as-fases-do-luto\\\/#primaryimage\"},\"thumbnailUrl\":\"https:\\\/\\\/www.grupomedcof.com.br\\\/blog\\\/wp-content\\\/uploads\\\/2023\\\/06\\\/Blog-MedCof-2023-06-22T141920.340.png\",\"datePublished\":\"2023-06-23T17:51:30+00:00\",\"dateModified\":\"2025-12-22T15:39:51+00:00\",\"description\":\"Voc\u00ea sabe reconhecer as Fases do Luto? Este \u00e9 um processo fundamental para a promo\u00e7\u00e3o de sa\u00fade de pacientes que tiveram alguma perda.\",\"breadcrumb\":{\"@id\":\"https:\\\/\\\/www.grupomedcof.com.br\\\/blog\\\/voce-sabe-reconhecer-as-fases-do-luto\\\/#breadcrumb\"},\"inLanguage\":\"pt-BR\",\"potentialAction\":[{\"@type\":\"ReadAction\",\"target\":[\"https:\\\/\\\/www.grupomedcof.com.br\\\/blog\\\/voce-sabe-reconhecer-as-fases-do-luto\\\/\"]}]},{\"@type\":\"ImageObject\",\"inLanguage\":\"pt-BR\",\"@id\":\"https:\\\/\\\/www.grupomedcof.com.br\\\/blog\\\/voce-sabe-reconhecer-as-fases-do-luto\\\/#primaryimage\",\"url\":\"https:\\\/\\\/www.grupomedcof.com.br\\\/blog\\\/wp-content\\\/uploads\\\/2023\\\/06\\\/Blog-MedCof-2023-06-22T141920.340.png\",\"contentUrl\":\"https:\\\/\\\/www.grupomedcof.com.br\\\/blog\\\/wp-content\\\/uploads\\\/2023\\\/06\\\/Blog-MedCof-2023-06-22T141920.340.png\",\"width\":2560,\"height\":1440,\"caption\":\"Voc\u00ea sabe reconhecer as Fases do Luto? Este \u00e9 um processo fundamental para a promo\u00e7\u00e3o de sa\u00fade de pacientes que tiveram alguma perda...\"},{\"@type\":\"BreadcrumbList\",\"@id\":\"https:\\\/\\\/www.grupomedcof.com.br\\\/blog\\\/voce-sabe-reconhecer-as-fases-do-luto\\\/#breadcrumb\",\"itemListElement\":[{\"@type\":\"ListItem\",\"position\":1,\"name\":\"In\u00edcio\",\"item\":\"https:\\\/\\\/www.grupomedcof.com.br\\\/blog\\\/\"},{\"@type\":\"ListItem\",\"position\":2,\"name\":\"Voc\u00ea sabe reconhecer as Fases do Luto?\"}]},{\"@type\":\"WebSite\",\"@id\":\"https:\\\/\\\/www.grupomedcof.com.br\\\/blog\\\/#website\",\"url\":\"https:\\\/\\\/www.grupomedcof.com.br\\\/blog\\\/\",\"name\":\"Blog de Medcof: conte\u00fados, editais, revalida e mais!\",\"description\":\"Acesso o blog de MedCof! Seu portal de conte\u00fados sobre resid\u00eancia m\u00e9dica, an\u00e1lise e editais e muito mais. Clique e confira!\",\"publisher\":{\"@id\":\"https:\\\/\\\/www.grupomedcof.com.br\\\/blog\\\/#organization\"},\"alternateName\":\"Blog de Medcof: conte\u00fados, editais, revalida e mais!\",\"potentialAction\":[{\"@type\":\"SearchAction\",\"target\":{\"@type\":\"EntryPoint\",\"urlTemplate\":\"https:\\\/\\\/www.grupomedcof.com.br\\\/blog\\\/?s={search_term_string}\"},\"query-input\":{\"@type\":\"PropertyValueSpecification\",\"valueRequired\":true,\"valueName\":\"search_term_string\"}}],\"inLanguage\":\"pt-BR\"},{\"@type\":\"Organization\",\"@id\":\"https:\\\/\\\/www.grupomedcof.com.br\\\/blog\\\/#organization\",\"name\":\"Grupo MedCof\",\"url\":\"https:\\\/\\\/www.grupomedcof.com.br\\\/blog\\\/\",\"logo\":{\"@type\":\"ImageObject\",\"inLanguage\":\"pt-BR\",\"@id\":\"https:\\\/\\\/www.grupomedcof.com.br\\\/blog\\\/#\\\/schema\\\/logo\\\/image\\\/\",\"url\":\"https:\\\/\\\/www.grupomedcof.com.br\\\/blog\\\/wp-content\\\/uploads\\\/2022\\\/01\\\/logo-medcof.png\",\"contentUrl\":\"https:\\\/\\\/www.grupomedcof.com.br\\\/blog\\\/wp-content\\\/uploads\\\/2022\\\/01\\\/logo-medcof.png\",\"width\":768,\"height\":269,\"caption\":\"Grupo MedCof\"},\"image\":{\"@id\":\"https:\\\/\\\/www.grupomedcof.com.br\\\/blog\\\/#\\\/schema\\\/logo\\\/image\\\/\"},\"sameAs\":[\"https:\\\/\\\/www.facebook.com\\\/MedCofQbank\\\/\",\"https:\\\/\\\/www.instagram.com\\\/grupomedcof\\\/\",\"https:\\\/\\\/br.linkedin.com\\\/company\\\/medcof\",\"https:\\\/\\\/www.youtube.com\\\/channel\\\/UCdHMuOHKICxcHwecxN8P-AA\"]},{\"@type\":\"Person\",\"@id\":\"https:\\\/\\\/www.grupomedcof.com.br\\\/blog\\\/#\\\/schema\\\/person\\\/1375e0ce724529d7a1d8156ea7f8ceaa\",\"name\":\"J\u00falia Moreira\",\"image\":{\"@type\":\"ImageObject\",\"inLanguage\":\"pt-BR\",\"@id\":\"https:\\\/\\\/www.grupomedcof.com.br\\\/blog\\\/wp-content\\\/uploads\\\/2024\\\/12\\\/cropped-Captura-de-tela-2023-12-15-094946-96x96.png6a0083ac34a0445de97d55fae63a4a41\",\"url\":\"https:\\\/\\\/www.grupomedcof.com.br\\\/blog\\\/wp-content\\\/uploads\\\/2024\\\/12\\\/cropped-Captura-de-tela-2023-12-15-094946-96x96.png\",\"contentUrl\":\"https:\\\/\\\/www.grupomedcof.com.br\\\/blog\\\/wp-content\\\/uploads\\\/2024\\\/12\\\/cropped-Captura-de-tela-2023-12-15-094946-96x96.png\",\"caption\":\"J\u00falia Moreira\"},\"description\":\"Estudante do 8\u00ba semestre de Jornalismo na ECA-USP, f\u00e3 de filmes de terror e m\u00fasica popular sul-coreana.\",\"sameAs\":[\"https:\\\/\\\/www.grupomedcof.com.br\\\/\"],\"url\":\"https:\\\/\\\/www.grupomedcof.com.br\\\/blog\\\/author\\\/julia\\\/\"}]}<\/script>\n<!-- \/ Yoast SEO Premium plugin. -->","yoast_head_json":{"title":"Voc\u00ea sabe reconhecer as Fases do Luto? - Blog de Medcof: conte\u00fados, editais, revalida e mais!","description":"Voc\u00ea sabe reconhecer as Fases do Luto? Este \u00e9 um processo fundamental para a promo\u00e7\u00e3o de sa\u00fade de pacientes que tiveram alguma perda.","robots":{"index":"index","follow":"follow","max-snippet":"max-snippet:-1","max-image-preview":"max-image-preview:large","max-video-preview":"max-video-preview:-1"},"canonical":"https:\/\/www.grupomedcof.com.br\/blog\/voce-sabe-reconhecer-as-fases-do-luto\/","og_locale":"pt_BR","og_type":"article","og_title":"Voc\u00ea sabe reconhecer as Fases do Luto?","og_description":"Voc\u00ea sabe reconhecer as Fases do Luto? Este \u00e9 um processo fundamental para a promo\u00e7\u00e3o de sa\u00fade de pacientes que tiveram alguma perda.","og_url":"https:\/\/www.grupomedcof.com.br\/blog\/voce-sabe-reconhecer-as-fases-do-luto\/","og_site_name":"Blog de Medcof: conte\u00fados, editais, revalida e mais!","article_publisher":"https:\/\/www.facebook.com\/MedCofQbank\/","article_published_time":"2023-06-23T17:51:30+00:00","article_modified_time":"2025-12-22T15:39:51+00:00","og_image":[{"width":1024,"height":576,"url":"https:\/\/www.grupomedcof.com.br\/blog\/wp-content\/uploads\/2023\/06\/Blog-MedCof-2023-06-22T141920.340-1024x576.png","type":"image\/png"}],"author":"J\u00falia Moreira","twitter_card":"summary_large_image","twitter_description":"Reconhecer as fases do luto \u00e9 um processo fundamental para a promo\u00e7\u00e3o de sa\u00fade de pacientes que tiveram alguma perda importante.","twitter_misc":{"Escrito por":"J\u00falia Moreira","Est. tempo de leitura":"5 minutos"},"schema":{"@context":"https:\/\/schema.org","@graph":[{"@type":"Article","@id":"https:\/\/www.grupomedcof.com.br\/blog\/voce-sabe-reconhecer-as-fases-do-luto\/#article","isPartOf":{"@id":"https:\/\/www.grupomedcof.com.br\/blog\/voce-sabe-reconhecer-as-fases-do-luto\/"},"author":{"name":"J\u00falia Moreira","@id":"https:\/\/www.grupomedcof.com.br\/blog\/#\/schema\/person\/1375e0ce724529d7a1d8156ea7f8ceaa"},"headline":"Voc\u00ea sabe reconhecer as Fases do Luto?","datePublished":"2023-06-23T17:51:30+00:00","dateModified":"2025-12-22T15:39:51+00:00","mainEntityOfPage":{"@id":"https:\/\/www.grupomedcof.com.br\/blog\/voce-sabe-reconhecer-as-fases-do-luto\/"},"wordCount":704,"commentCount":1,"publisher":{"@id":"https:\/\/www.grupomedcof.com.br\/blog\/#organization"},"image":{"@id":"https:\/\/www.grupomedcof.com.br\/blog\/voce-sabe-reconhecer-as-fases-do-luto\/#primaryimage"},"thumbnailUrl":"https:\/\/www.grupomedcof.com.br\/blog\/wp-content\/uploads\/2023\/06\/Blog-MedCof-2023-06-22T141920.340.png","keywords":["Provas de Resid\u00eancia","Psiquiatria","Resid\u00eancia M\u00e9dica"],"articleSection":["Psiquiatria"],"inLanguage":"pt-BR"},{"@type":"WebPage","@id":"https:\/\/www.grupomedcof.com.br\/blog\/voce-sabe-reconhecer-as-fases-do-luto\/","url":"https:\/\/www.grupomedcof.com.br\/blog\/voce-sabe-reconhecer-as-fases-do-luto\/","name":"Voc\u00ea sabe reconhecer as Fases do Luto? - Blog de Medcof: conte\u00fados, editais, revalida e mais!","isPartOf":{"@id":"https:\/\/www.grupomedcof.com.br\/blog\/#website"},"primaryImageOfPage":{"@id":"https:\/\/www.grupomedcof.com.br\/blog\/voce-sabe-reconhecer-as-fases-do-luto\/#primaryimage"},"image":{"@id":"https:\/\/www.grupomedcof.com.br\/blog\/voce-sabe-reconhecer-as-fases-do-luto\/#primaryimage"},"thumbnailUrl":"https:\/\/www.grupomedcof.com.br\/blog\/wp-content\/uploads\/2023\/06\/Blog-MedCof-2023-06-22T141920.340.png","datePublished":"2023-06-23T17:51:30+00:00","dateModified":"2025-12-22T15:39:51+00:00","description":"Voc\u00ea sabe reconhecer as Fases do Luto? Este \u00e9 um processo fundamental para a promo\u00e7\u00e3o de sa\u00fade de pacientes que tiveram alguma perda.","breadcrumb":{"@id":"https:\/\/www.grupomedcof.com.br\/blog\/voce-sabe-reconhecer-as-fases-do-luto\/#breadcrumb"},"inLanguage":"pt-BR","potentialAction":[{"@type":"ReadAction","target":["https:\/\/www.grupomedcof.com.br\/blog\/voce-sabe-reconhecer-as-fases-do-luto\/"]}]},{"@type":"ImageObject","inLanguage":"pt-BR","@id":"https:\/\/www.grupomedcof.com.br\/blog\/voce-sabe-reconhecer-as-fases-do-luto\/#primaryimage","url":"https:\/\/www.grupomedcof.com.br\/blog\/wp-content\/uploads\/2023\/06\/Blog-MedCof-2023-06-22T141920.340.png","contentUrl":"https:\/\/www.grupomedcof.com.br\/blog\/wp-content\/uploads\/2023\/06\/Blog-MedCof-2023-06-22T141920.340.png","width":2560,"height":1440,"caption":"Voc\u00ea sabe reconhecer as Fases do Luto? Este \u00e9 um processo fundamental para a promo\u00e7\u00e3o de sa\u00fade de pacientes que tiveram alguma perda..."},{"@type":"BreadcrumbList","@id":"https:\/\/www.grupomedcof.com.br\/blog\/voce-sabe-reconhecer-as-fases-do-luto\/#breadcrumb","itemListElement":[{"@type":"ListItem","position":1,"name":"In\u00edcio","item":"https:\/\/www.grupomedcof.com.br\/blog\/"},{"@type":"ListItem","position":2,"name":"Voc\u00ea sabe reconhecer as Fases do Luto?"}]},{"@type":"WebSite","@id":"https:\/\/www.grupomedcof.com.br\/blog\/#website","url":"https:\/\/www.grupomedcof.com.br\/blog\/","name":"Blog de Medcof: conte\u00fados, editais, revalida e mais!","description":"Acesso o blog de MedCof! Seu portal de conte\u00fados sobre resid\u00eancia m\u00e9dica, an\u00e1lise e editais e muito mais. Clique e confira!","publisher":{"@id":"https:\/\/www.grupomedcof.com.br\/blog\/#organization"},"alternateName":"Blog de Medcof: conte\u00fados, editais, revalida e mais!","potentialAction":[{"@type":"SearchAction","target":{"@type":"EntryPoint","urlTemplate":"https:\/\/www.grupomedcof.com.br\/blog\/?s={search_term_string}"},"query-input":{"@type":"PropertyValueSpecification","valueRequired":true,"valueName":"search_term_string"}}],"inLanguage":"pt-BR"},{"@type":"Organization","@id":"https:\/\/www.grupomedcof.com.br\/blog\/#organization","name":"Grupo MedCof","url":"https:\/\/www.grupomedcof.com.br\/blog\/","logo":{"@type":"ImageObject","inLanguage":"pt-BR","@id":"https:\/\/www.grupomedcof.com.br\/blog\/#\/schema\/logo\/image\/","url":"https:\/\/www.grupomedcof.com.br\/blog\/wp-content\/uploads\/2022\/01\/logo-medcof.png","contentUrl":"https:\/\/www.grupomedcof.com.br\/blog\/wp-content\/uploads\/2022\/01\/logo-medcof.png","width":768,"height":269,"caption":"Grupo MedCof"},"image":{"@id":"https:\/\/www.grupomedcof.com.br\/blog\/#\/schema\/logo\/image\/"},"sameAs":["https:\/\/www.facebook.com\/MedCofQbank\/","https:\/\/www.instagram.com\/grupomedcof\/","https:\/\/br.linkedin.com\/company\/medcof","https:\/\/www.youtube.com\/channel\/UCdHMuOHKICxcHwecxN8P-AA"]},{"@type":"Person","@id":"https:\/\/www.grupomedcof.com.br\/blog\/#\/schema\/person\/1375e0ce724529d7a1d8156ea7f8ceaa","name":"J\u00falia Moreira","image":{"@type":"ImageObject","inLanguage":"pt-BR","@id":"https:\/\/www.grupomedcof.com.br\/blog\/wp-content\/uploads\/2024\/12\/cropped-Captura-de-tela-2023-12-15-094946-96x96.png6a0083ac34a0445de97d55fae63a4a41","url":"https:\/\/www.grupomedcof.com.br\/blog\/wp-content\/uploads\/2024\/12\/cropped-Captura-de-tela-2023-12-15-094946-96x96.png","contentUrl":"https:\/\/www.grupomedcof.com.br\/blog\/wp-content\/uploads\/2024\/12\/cropped-Captura-de-tela-2023-12-15-094946-96x96.png","caption":"J\u00falia Moreira"},"description":"Estudante do 8\u00ba semestre de Jornalismo na ECA-USP, f\u00e3 de filmes de terror e m\u00fasica popular sul-coreana.","sameAs":["https:\/\/www.grupomedcof.com.br\/"],"url":"https:\/\/www.grupomedcof.com.br\/blog\/author\/julia\/"}]}},"authors":[{"term_id":3609,"user_id":6,"is_guest":0,"slug":"julia","display_name":"J\u00falia Moreira","avatar_url":"https:\/\/www.grupomedcof.com.br\/blog\/wp-content\/uploads\/2024\/12\/cropped-Captura-de-tela-2023-12-15-094946-96x96.png","0":null,"1":"","2":"","3":"","4":"","5":"","6":"","7":"","8":""}],"_links":{"self":[{"href":"https:\/\/www.grupomedcof.com.br\/blog\/wp-json\/wp\/v2\/posts\/8337","targetHints":{"allow":["GET"]}}],"collection":[{"href":"https:\/\/www.grupomedcof.com.br\/blog\/wp-json\/wp\/v2\/posts"}],"about":[{"href":"https:\/\/www.grupomedcof.com.br\/blog\/wp-json\/wp\/v2\/types\/post"}],"author":[{"embeddable":true,"href":"https:\/\/www.grupomedcof.com.br\/blog\/wp-json\/wp\/v2\/users\/6"}],"replies":[{"embeddable":true,"href":"https:\/\/www.grupomedcof.com.br\/blog\/wp-json\/wp\/v2\/comments?post=8337"}],"version-history":[{"count":1,"href":"https:\/\/www.grupomedcof.com.br\/blog\/wp-json\/wp\/v2\/posts\/8337\/revisions"}],"predecessor-version":[{"id":40391,"href":"https:\/\/www.grupomedcof.com.br\/blog\/wp-json\/wp\/v2\/posts\/8337\/revisions\/40391"}],"wp:featuredmedia":[{"embeddable":true,"href":"https:\/\/www.grupomedcof.com.br\/blog\/wp-json\/wp\/v2\/media\/8339"}],"wp:attachment":[{"href":"https:\/\/www.grupomedcof.com.br\/blog\/wp-json\/wp\/v2\/media?parent=8337"}],"wp:term":[{"taxonomy":"category","embeddable":true,"href":"https:\/\/www.grupomedcof.com.br\/blog\/wp-json\/wp\/v2\/categories?post=8337"},{"taxonomy":"post_tag","embeddable":true,"href":"https:\/\/www.grupomedcof.com.br\/blog\/wp-json\/wp\/v2\/tags?post=8337"},{"taxonomy":"author","embeddable":true,"href":"https:\/\/www.grupomedcof.com.br\/blog\/wp-json\/wp\/v2\/ppma_author?post=8337"}],"curies":[{"name":"wp","href":"https:\/\/api.w.org\/{rel}","templated":true}]}}