{"id":8450,"date":"2023-06-27T13:16:04","date_gmt":"2023-06-27T16:16:04","guid":{"rendered":"https:\/\/www.grupomedcof.com.br\/blog\/?p=8450"},"modified":"2024-06-26T10:29:01","modified_gmt":"2024-06-26T13:29:01","slug":"notas-de-corte-residencias-da-regiao-norte","status":"publish","type":"post","link":"https:\/\/www.grupomedcof.com.br\/blog\/notas-de-corte-residencias-da-regiao-norte\/","title":{"rendered":"Notas de Corte 2022\/2023: Resid\u00eancias da regi\u00e3o Norte"},"content":{"rendered":"<div id=\"ez-toc-container\" class=\"ez-toc-v2_0_74 counter-hierarchy ez-toc-counter ez-toc-transparent ez-toc-container-direction\">\n<div class=\"ez-toc-title-container\">\n<p class=\"ez-toc-title\" style=\"cursor:inherit\">Sum\u00e1rio<\/p>\n<span class=\"ez-toc-title-toggle\"><a href=\"#\" class=\"ez-toc-pull-right ez-toc-btn ez-toc-btn-xs ez-toc-btn-default ez-toc-toggle\" aria-label=\"Alternar tabela de conte\u00fado\"><span class=\"ez-toc-js-icon-con\"><span class=\"\"><span class=\"eztoc-hide\" style=\"display:none;\">Toggle<\/span><span class=\"ez-toc-icon-toggle-span\"><svg style=\"fill: #999;color:#999\" xmlns=\"http:\/\/www.w3.org\/2000\/svg\" class=\"list-377408\" width=\"20px\" height=\"20px\" viewBox=\"0 0 24 24\" fill=\"none\"><path d=\"M6 6H4v2h2V6zm14 0H8v2h12V6zM4 11h2v2H4v-2zm16 0H8v2h12v-2zM4 16h2v2H4v-2zm16 0H8v2h12v-2z\" fill=\"currentColor\"><\/path><\/svg><svg style=\"fill: #999;color:#999\" class=\"arrow-unsorted-368013\" xmlns=\"http:\/\/www.w3.org\/2000\/svg\" width=\"10px\" height=\"10px\" viewBox=\"0 0 24 24\" version=\"1.2\" baseProfile=\"tiny\"><path d=\"M18.2 9.3l-6.2-6.3-6.2 6.3c-.2.2-.3.4-.3.7s.1.5.3.7c.2.2.4.3.7.3h11c.3 0 .5-.1.7-.3.2-.2.3-.5.3-.7s-.1-.5-.3-.7zM5.8 14.7l6.2 6.3 6.2-6.3c.2-.2.3-.5.3-.7s-.1-.5-.3-.7c-.2-.2-.4-.3-.7-.3h-11c-.3 0-.5.1-.7.3-.2.2-.3.5-.3.7s.1.5.3.7z\"\/><\/svg><\/span><\/span><\/span><\/a><\/span><\/div>\n<nav><ul class='ez-toc-list ez-toc-list-level-1 ' ><li class='ez-toc-page-1 ez-toc-heading-level-2'><a class=\"ez-toc-link ez-toc-heading-1\" href=\"https:\/\/www.grupomedcof.com.br\/blog\/notas-de-corte-residencias-da-regiao-norte\/#Notas_de_Corte_Residencias_da_regiao_Norte\" >Notas de Corte: Resid\u00eancias da regi\u00e3o Norte<\/a><\/li><li class='ez-toc-page-1 ez-toc-heading-level-2'><a class=\"ez-toc-link ez-toc-heading-2\" href=\"https:\/\/www.grupomedcof.com.br\/blog\/notas-de-corte-residencias-da-regiao-norte\/#Notas_de_Corte_CERMAM\" >Notas de Corte CERMAM:\u00a0<\/a><\/li><li class='ez-toc-page-1 ez-toc-heading-level-2'><a class=\"ez-toc-link ez-toc-heading-3\" href=\"https:\/\/www.grupomedcof.com.br\/blog\/notas-de-corte-residencias-da-regiao-norte\/#Residencias_da_regiao_Norte\" >Resid\u00eancias da regi\u00e3o Norte<\/a><ul class='ez-toc-list-level-3' ><li class='ez-toc-heading-level-3'><a class=\"ez-toc-link ez-toc-heading-4\" href=\"https:\/\/www.grupomedcof.com.br\/blog\/notas-de-corte-residencias-da-regiao-norte\/#Acesso_Direto\" >Acesso Direto<\/a><\/li><li class='ez-toc-page-1 ez-toc-heading-level-3'><a class=\"ez-toc-link ez-toc-heading-5\" href=\"https:\/\/www.grupomedcof.com.br\/blog\/notas-de-corte-residencias-da-regiao-norte\/#Pre-Requisito\" >Pr\u00e9-Requisito<\/a><\/li><\/ul><\/li><li class='ez-toc-page-1 ez-toc-heading-level-2'><a class=\"ez-toc-link ez-toc-heading-6\" href=\"https:\/\/www.grupomedcof.com.br\/blog\/notas-de-corte-residencias-da-regiao-norte\/#Notas_de_Corte_ENARE\" >Notas de Corte ENARE:<\/a><\/li><li class='ez-toc-page-1 ez-toc-heading-level-2'><a class=\"ez-toc-link ez-toc-heading-7\" href=\"https:\/\/www.grupomedcof.com.br\/blog\/notas-de-corte-residencias-da-regiao-norte\/#Residencias_da_regiao_Norte-2\" >Resid\u00eancias da regi\u00e3o Norte<\/a><ul class='ez-toc-list-level-3' ><li class='ez-toc-heading-level-3'><a class=\"ez-toc-link ez-toc-heading-8\" href=\"https:\/\/www.grupomedcof.com.br\/blog\/notas-de-corte-residencias-da-regiao-norte\/#Araguaina_%E2%80%93_Tocantins_TO\" >Aragua\u00edna &#8211; Tocantins (TO)<\/a><\/li><li class='ez-toc-page-1 ez-toc-heading-level-3'><a class=\"ez-toc-link ez-toc-heading-9\" href=\"https:\/\/www.grupomedcof.com.br\/blog\/notas-de-corte-residencias-da-regiao-norte\/#Palmas_%E2%80%93_Tocantins_TO\" >Palmas &#8211; Tocantins (TO)<\/a><\/li><li class='ez-toc-page-1 ez-toc-heading-level-3'><a class=\"ez-toc-link ez-toc-heading-10\" href=\"https:\/\/www.grupomedcof.com.br\/blog\/notas-de-corte-residencias-da-regiao-norte\/#Fundacao_Universidade_Federal_do_Tocantins_%E2%80%93\" >Funda\u00e7\u00e3o Universidade Federal do Tocantins \u2013<\/a><\/li><li class='ez-toc-page-1 ez-toc-heading-level-3'><a class=\"ez-toc-link ez-toc-heading-11\" href=\"https:\/\/www.grupomedcof.com.br\/blog\/notas-de-corte-residencias-da-regiao-norte\/#Secretaria_Municipal_de_Saude\" >Secretaria Municipal de Sa\u00fade<\/a><\/li><\/ul><\/li><li class='ez-toc-page-1 ez-toc-heading-level-2'><a class=\"ez-toc-link ez-toc-heading-12\" href=\"https:\/\/www.grupomedcof.com.br\/blog\/notas-de-corte-residencias-da-regiao-norte\/#Notas_de_Corte_ENARE-2\" >Notas de Corte ENARE:\u00a0<\/a><\/li><li class='ez-toc-page-1 ez-toc-heading-level-2'><a class=\"ez-toc-link ez-toc-heading-13\" href=\"https:\/\/www.grupomedcof.com.br\/blog\/notas-de-corte-residencias-da-regiao-norte\/#Residencias_da_regiao_Norte-3\" >Resid\u00eancias da regi\u00e3o Norte<\/a><ul class='ez-toc-list-level-3' ><li class='ez-toc-heading-level-3'><a class=\"ez-toc-link ez-toc-heading-14\" href=\"https:\/\/www.grupomedcof.com.br\/blog\/notas-de-corte-residencias-da-regiao-norte\/#Boa_Vista_%E2%80%93_Roraima_RR\" >Boa Vista &#8211; Roraima (RR)<\/a><\/li><li class='ez-toc-page-1 ez-toc-heading-level-3'><a class=\"ez-toc-link ez-toc-heading-15\" href=\"https:\/\/www.grupomedcof.com.br\/blog\/notas-de-corte-residencias-da-regiao-norte\/#Universidade_Federal_de_Roraima\" >Universidade\u00a0Federal de Roraima<\/a><\/li><\/ul><\/li><li class='ez-toc-page-1 ez-toc-heading-level-2'><a class=\"ez-toc-link ez-toc-heading-16\" href=\"https:\/\/www.grupomedcof.com.br\/blog\/notas-de-corte-residencias-da-regiao-norte\/#Notas_de_Corte_AMRIGS_Residencias_da_regiao_Norte\" >Notas de Corte AMRIGS: Resid\u00eancias da regi\u00e3o Norte<\/a><\/li><li class='ez-toc-page-1 ez-toc-heading-level-2'><a class=\"ez-toc-link ez-toc-heading-17\" href=\"https:\/\/www.grupomedcof.com.br\/blog\/notas-de-corte-residencias-da-regiao-norte\/#Conquiste_a_aprovacao\" >Conquiste a aprova\u00e7\u00e3o!<\/a><\/li><\/ul><\/nav><\/div>\n<p><img loading=\"lazy\" decoding=\"async\" src=\"https:\/\/www.grupomedcof.com.br\/blog\/wp-content\/uploads\/2023\/06\/Blog-MedCof-2023-06-27T123202.465-1024x576.png\" sizes=\"auto, (max-width: 800px) 100vw, 800px\" srcset=\"https:\/\/www.grupomedcof.com.br\/blog\/wp-content\/uploads\/2023\/06\/Blog-MedCof-2023-06-27T123202.465-1024x576.png 1024w, https:\/\/www.grupomedcof.com.br\/blog\/wp-content\/uploads\/2023\/06\/Blog-MedCof-2023-06-27T123202.465-300x169.png 300w, https:\/\/www.grupomedcof.com.br\/blog\/wp-content\/uploads\/2023\/06\/Blog-MedCof-2023-06-27T123202.465-768x432.png 768w, https:\/\/www.grupomedcof.com.br\/blog\/wp-content\/uploads\/2023\/06\/Blog-MedCof-2023-06-27T123202.465-1536x864.png 1536w, https:\/\/www.grupomedcof.com.br\/blog\/wp-content\/uploads\/2023\/06\/Blog-MedCof-2023-06-27T123202.465-2048x1152.png 2048w\" alt=\"notas de corte resid\u00eancias m\u00e9dicas do norte, nota de corte cermam 2023, nota de corte enare 2023, nota de corte amrigs 2023, resid\u00eancia m\u00e9dica regi\u00e3o norte, resid\u00eancias m\u00e9dicas do norte, residencias medicas do norte, nota de corte residencia medica na regiao do norte\" width=\"800\" height=\"450\" \/><\/p>\n<p>Vai prestar alguma prova para resid\u00eancia m\u00e9dica na regi\u00e3o Norte do pa\u00eds,\u00a0ent\u00e3o saiba quais as notas de corte das principais institui\u00e7\u00f5es.<\/p>\n<h2 style=\"font-family: Poppins, sans-serif; color: #7a7a7a;\"><span class=\"ez-toc-section\" id=\"Notas_de_Corte_Residencias_da_regiao_Norte\"><\/span>Notas de Corte: Resid\u00eancias da regi\u00e3o Norte<span class=\"ez-toc-section-end\"><\/span><\/h2>\n<p>Embora a regi\u00e3o norte seja a maior territorialmente, ela \u00e9 a que possui a <strong>menor rela\u00e7\u00e3o de m\u00e9dicos por habitantes<\/strong>. Desse modo, as principais institui\u00e7\u00f5es localizadas na regi\u00e3o Norte, optam por realizar o<strong> processo seletivo para resid\u00eancia m\u00e9dica de forma unificada.<\/strong><\/p>\n<p>Sendo assim, voc\u00ea ver\u00e1 a seguir as principais notas de corte das Resid\u00eancia M\u00e9dicas do Norte do Brasil. A defini\u00e7\u00e3o teve como base a <strong>disponibilidade das publica\u00e7\u00f5es<\/strong> de cada institui\u00e7\u00e3o, considerando a nota do \u00faltimo colocado da convoca\u00e7\u00e3o realizada!<\/p>\n<p>Mas fique atento!!<strong> As notas de corte mudam conforme o ano e a dificuldade das avalia\u00e7\u00f5es<\/strong>. Portanto,\u00a0n\u00e3o se restrinja \u00e0s notas abaixo\u00a0e sempre busque ficar entre os primeiros colocados! Aproveite para conhecer os cursos do<strong>\u00a0<\/strong><a href=\"https:\/\/www.grupomedcof.com.br\/\" target=\"_blank\" rel=\"noopener\"><strong>Grupo MedCof<\/strong>\u00a0<\/a>e saber como isso \u00e9 poss\u00edvel!<\/p>\n<p><a href=\"https:\/\/www.grupomedcof.com.br\/inscricao-hiit-2023\/\" target=\"_blank\" rel=\"noopener\"><br \/>\n<img loading=\"lazy\" decoding=\"async\" src=\"https:\/\/www.grupomedcof.com.br\/blog\/wp-content\/uploads\/2023\/05\/Captura-de-tela-2023-05-30-121547-1024x181.png\" sizes=\"auto, (max-width: 800px) 100vw, 800px\" srcset=\"https:\/\/www.grupomedcof.com.br\/blog\/wp-content\/uploads\/2023\/05\/Captura-de-tela-2023-05-30-121547-1024x181.png 1024w, https:\/\/www.grupomedcof.com.br\/blog\/wp-content\/uploads\/2023\/05\/Captura-de-tela-2023-05-30-121547-300x53.png 300w, https:\/\/www.grupomedcof.com.br\/blog\/wp-content\/uploads\/2023\/05\/Captura-de-tela-2023-05-30-121547-768x136.png 768w, https:\/\/www.grupomedcof.com.br\/blog\/wp-content\/uploads\/2023\/05\/Captura-de-tela-2023-05-30-121547-1536x271.png 1536w, https:\/\/www.grupomedcof.com.br\/blog\/wp-content\/uploads\/2023\/05\/Captura-de-tela-2023-05-30-121547.png 1687w\" alt=\"Semana HIIT MedCof, aulas grupo medcof, medcof, aulas medcof, medcof qbank, gupo medcof\" width=\"800\" height=\"141\" \/> <\/a><\/p>\n<h2><span class=\"ez-toc-section\" id=\"Notas_de_Corte_CERMAM\"><\/span><strong>Notas de Corte CERMAM:\u00a0<\/strong><span class=\"ez-toc-section-end\"><\/span><\/h2>\n<h2><span class=\"ez-toc-section\" id=\"Residencias_da_regiao_Norte\"><\/span><strong>Resid\u00eancias da regi\u00e3o Norte<\/strong><span class=\"ez-toc-section-end\"><\/span><\/h2>\n<p>Come\u00e7amos pelas notas de corte do<strong>\u00a0<a href=\"https:\/\/www.cermam.com.br\/\" target=\"_blank\" rel=\"nofollow noopener\">processo seletivo de 2023<\/a>\u00a0<\/strong>da <strong>Comiss\u00e3o Estadual de Resid\u00eancia M\u00e9dica do Amazonas<\/strong> (CERMAM). Assim, foram consideradas as notas do \u00faltimo candidato classificado na 1\u00aa etapa na modalidade de <strong>Ampla concorr\u00eancia<\/strong>. Ao todo, foram realizadas<strong> 11 convoca\u00e7\u00f5es para matr\u00edcula.<\/strong><\/p>\n<h3 style=\"font-family: Poppins, sans-serif; color: #7a7a7a;\"><span class=\"ez-toc-section\" id=\"Acesso_Direto\"><\/span>Acesso Direto<span class=\"ez-toc-section-end\"><\/span><\/h3>\n<table style=\"background-color: #ffffff; width: 800px;\">\n<thead>\n<tr>\n<th style=\"border-color: rgba(128, 128, 128, 0.5);\" data-align=\"left\">Especialidades<\/th>\n<th style=\"border-color: rgba(128, 128, 128, 0.5);\" data-align=\"center\">Nota de Corte<\/th>\n<\/tr>\n<\/thead>\n<tbody>\n<tr>\n<td style=\"border-color: rgba(128, 128, 128, 0.5); background-color: rgba(128, 128, 128, 0.07);\" data-align=\"left\">Anestesiologia<\/td>\n<td style=\"border-color: rgba(128, 128, 128, 0.5); background-color: rgba(128, 128, 128, 0.07);\" data-align=\"center\">3,5<\/td>\n<\/tr>\n<tr>\n<td style=\"border-color: rgba(128, 128, 128, 0.5);\" data-align=\"left\">Cirurgia Cardiovascular<\/td>\n<td style=\"border-color: rgba(128, 128, 128, 0.5);\" data-align=\"center\">4.0<\/td>\n<\/tr>\n<tr>\n<td style=\"border-color: rgba(128, 128, 128, 0.5); background-color: rgba(128, 128, 128, 0.07);\" data-align=\"left\">Cirurgia Geral<\/td>\n<td style=\"border-color: rgba(128, 128, 128, 0.5); background-color: rgba(128, 128, 128, 0.07);\" data-align=\"center\">3,6<\/td>\n<\/tr>\n<tr>\n<td style=\"border-color: rgba(128, 128, 128, 0.5);\" data-align=\"left\">Cl\u00ednica M\u00e9dica<\/td>\n<td style=\"border-color: rgba(128, 128, 128, 0.5);\" data-align=\"center\">3,2<\/td>\n<\/tr>\n<tr>\n<td style=\"border-color: rgba(128, 128, 128, 0.5); background-color: rgba(128, 128, 128, 0.07);\" data-align=\"left\">Dermatologia<\/td>\n<td style=\"border-color: rgba(128, 128, 128, 0.5); background-color: rgba(128, 128, 128, 0.07);\" data-align=\"center\">4,8<\/td>\n<\/tr>\n<tr>\n<td style=\"border-color: rgba(128, 128, 128, 0.5);\" data-align=\"left\">Ginecologia e Obstetr\u00edcia<\/td>\n<td style=\"border-color: rgba(128, 128, 128, 0.5);\" data-align=\"center\">3,2<\/td>\n<\/tr>\n<tr>\n<td style=\"border-color: rgba(128, 128, 128, 0.5); background-color: rgba(128, 128, 128, 0.07);\" data-align=\"left\">Infectologia<\/td>\n<td style=\"border-color: rgba(128, 128, 128, 0.5); background-color: rgba(128, 128, 128, 0.07);\" data-align=\"center\">4,1<\/td>\n<\/tr>\n<tr>\n<td style=\"border-color: rgba(128, 128, 128, 0.5);\" data-align=\"left\">Medicina de Fam\u00edlia e Comunidade<\/td>\n<td style=\"border-color: rgba(128, 128, 128, 0.5);\" data-align=\"center\">3,4<\/td>\n<\/tr>\n<tr>\n<td style=\"border-color: rgba(128, 128, 128, 0.5); background-color: rgba(128, 128, 128, 0.07);\" data-align=\"left\">Medicina Intensiva<\/td>\n<td style=\"border-color: rgba(128, 128, 128, 0.5); background-color: rgba(128, 128, 128, 0.07);\" data-align=\"center\">4,6<\/td>\n<\/tr>\n<tr>\n<td style=\"border-color: rgba(128, 128, 128, 0.5);\" data-align=\"left\">Neurocirurgia<\/td>\n<td style=\"border-color: rgba(128, 128, 128, 0.5);\" data-align=\"center\">4,7<\/td>\n<\/tr>\n<tr>\n<td style=\"border-color: rgba(128, 128, 128, 0.5); background-color: rgba(128, 128, 128, 0.07);\" data-align=\"left\">Neurologia<\/td>\n<td style=\"border-color: rgba(128, 128, 128, 0.5); background-color: rgba(128, 128, 128, 0.07);\" data-align=\"center\">4,3<\/td>\n<\/tr>\n<tr>\n<td style=\"border-color: rgba(128, 128, 128, 0.5);\" data-align=\"left\">Oftalmologia<\/td>\n<td style=\"border-color: rgba(128, 128, 128, 0.5);\" data-align=\"center\">3,6<\/td>\n<\/tr>\n<tr>\n<td style=\"border-color: rgba(128, 128, 128, 0.5); background-color: rgba(128, 128, 128, 0.07);\" data-align=\"left\">Ortopedia e Traumatologia<\/td>\n<td style=\"border-color: rgba(128, 128, 128, 0.5); background-color: rgba(128, 128, 128, 0.07);\" data-align=\"center\">4,8<\/td>\n<\/tr>\n<tr>\n<td style=\"border-color: rgba(128, 128, 128, 0.5);\" data-align=\"left\">Otorrinolaringologia<\/td>\n<td style=\"border-color: rgba(128, 128, 128, 0.5);\" data-align=\"center\">4,6<\/td>\n<\/tr>\n<tr>\n<td style=\"border-color: rgba(128, 128, 128, 0.5); background-color: rgba(128, 128, 128, 0.07);\" data-align=\"left\">Patologia<\/td>\n<td style=\"border-color: rgba(128, 128, 128, 0.5); background-color: rgba(128, 128, 128, 0.07);\" data-align=\"center\">5,4<\/td>\n<\/tr>\n<tr>\n<td style=\"border-color: rgba(128, 128, 128, 0.5);\" data-align=\"left\">Pediatria<\/td>\n<td style=\"border-color: rgba(128, 128, 128, 0.5);\" data-align=\"center\">3,8<\/td>\n<\/tr>\n<tr>\n<td style=\"border-color: rgba(128, 128, 128, 0.5); background-color: rgba(128, 128, 128, 0.07);\" data-align=\"left\">Psiquiatria<\/td>\n<td style=\"border-color: rgba(128, 128, 128, 0.5); background-color: rgba(128, 128, 128, 0.07);\" data-align=\"center\">3,9<\/td>\n<\/tr>\n<tr>\n<td style=\"border-color: rgba(128, 128, 128, 0.5);\" data-align=\"left\">Radiologia e Diagn\u00f3stico por Imagem<\/td>\n<td style=\"border-color: rgba(128, 128, 128, 0.5);\" data-align=\"center\">3,7<\/td>\n<\/tr>\n<\/tbody>\n<\/table>\n<h3 style=\"font-family: Poppins, sans-serif; color: #7a7a7a;\"><span class=\"ez-toc-section\" id=\"Pre-Requisito\"><\/span>Pr\u00e9-Requisito<span class=\"ez-toc-section-end\"><\/span><\/h3>\n<table style=\"background-color: #ffffff; width: 800px;\">\n<thead>\n<tr>\n<th style=\"border-color: rgba(128, 128, 128, 0.5);\" data-align=\"left\">Especialidade<\/th>\n<th style=\"border-color: rgba(128, 128, 128, 0.5);\" data-align=\"center\">Nota de Corte<\/th>\n<\/tr>\n<\/thead>\n<tbody>\n<tr>\n<td style=\"border-color: rgba(128, 128, 128, 0.5); background-color: rgba(128, 128, 128, 0.07);\" data-align=\"left\">Angiorradiologia e Cirurgia Endovascular<\/td>\n<td style=\"border-color: rgba(128, 128, 128, 0.5); background-color: rgba(128, 128, 128, 0.07);\" data-align=\"center\">7,6<\/td>\n<\/tr>\n<tr>\n<td style=\"border-color: rgba(128, 128, 128, 0.5);\" data-align=\"left\">Cardiologia<\/td>\n<td style=\"border-color: rgba(128, 128, 128, 0.5);\" data-align=\"center\">4,4<\/td>\n<\/tr>\n<tr>\n<td style=\"border-color: rgba(128, 128, 128, 0.5); background-color: rgba(128, 128, 128, 0.07);\" data-align=\"left\">Cirurgia do Aparelho Digestivo<\/td>\n<td style=\"border-color: rgba(128, 128, 128, 0.5); background-color: rgba(128, 128, 128, 0.07);\" data-align=\"center\">5,2<\/td>\n<\/tr>\n<tr>\n<td style=\"border-color: rgba(128, 128, 128, 0.5);\" data-align=\"left\">Cirurgia Oncol\u00f3gica<\/td>\n<td style=\"border-color: rgba(128, 128, 128, 0.5);\" data-align=\"center\">5,6<\/td>\n<\/tr>\n<tr>\n<td style=\"border-color: rgba(128, 128, 128, 0.5); background-color: rgba(128, 128, 128, 0.07);\" data-align=\"left\">Cirurgia Tor\u00e1cica<\/td>\n<td style=\"border-color: rgba(128, 128, 128, 0.5); background-color: rgba(128, 128, 128, 0.07);\" data-align=\"center\">5,2<\/td>\n<\/tr>\n<tr>\n<td style=\"border-color: rgba(128, 128, 128, 0.5);\" data-align=\"left\">Cirurgia Vascular<\/td>\n<td style=\"border-color: rgba(128, 128, 128, 0.5);\" data-align=\"center\">4,8<\/td>\n<\/tr>\n<tr>\n<td style=\"border-color: rgba(128, 128, 128, 0.5); background-color: rgba(128, 128, 128, 0.07);\" data-align=\"left\">Ecocardiografia<\/td>\n<td style=\"border-color: rgba(128, 128, 128, 0.5); background-color: rgba(128, 128, 128, 0.07);\" data-align=\"center\">7,2<\/td>\n<\/tr>\n<tr>\n<td style=\"border-color: rgba(128, 128, 128, 0.5);\" data-align=\"left\">Gastroenterologia<\/td>\n<td style=\"border-color: rgba(128, 128, 128, 0.5);\" data-align=\"center\">4,4<\/td>\n<\/tr>\n<tr>\n<td style=\"border-color: rgba(128, 128, 128, 0.5); background-color: rgba(128, 128, 128, 0.07);\" data-align=\"left\">Nefrologia<\/td>\n<td style=\"border-color: rgba(128, 128, 128, 0.5); background-color: rgba(128, 128, 128, 0.07);\" data-align=\"center\">3,6<\/td>\n<\/tr>\n<tr>\n<td style=\"border-color: rgba(128, 128, 128, 0.5);\" data-align=\"left\">Neurologia Pedi\u00e1trica<\/td>\n<td style=\"border-color: rgba(128, 128, 128, 0.5);\" data-align=\"center\">5,6<\/td>\n<\/tr>\n<tr>\n<td style=\"border-color: rgba(128, 128, 128, 0.5); background-color: rgba(128, 128, 128, 0.07);\" data-align=\"left\">Oncologia Cl\u00ednica<\/td>\n<td style=\"border-color: rgba(128, 128, 128, 0.5); background-color: rgba(128, 128, 128, 0.07);\" data-align=\"center\">2,4<\/td>\n<\/tr>\n<tr>\n<td style=\"border-color: rgba(128, 128, 128, 0.5);\" data-align=\"left\">Reumatologia<\/td>\n<td style=\"border-color: rgba(128, 128, 128, 0.5);\" data-align=\"center\">3,2<\/td>\n<\/tr>\n<tr>\n<td style=\"border-color: rgba(128, 128, 128, 0.5); background-color: rgba(128, 128, 128, 0.07);\" data-align=\"left\">Urologia<\/td>\n<td style=\"border-color: rgba(128, 128, 128, 0.5); background-color: rgba(128, 128, 128, 0.07);\" data-align=\"center\">4,4<\/td>\n<\/tr>\n<\/tbody>\n<\/table>\n<p><a href=\"https:\/\/www.grupomedcof.com.br\/blog\/qbank-medcof\/\" target=\"_blank\" rel=\"noopener\"><br \/>\n<img loading=\"lazy\" decoding=\"async\" src=\"https:\/\/www.grupomedcof.com.br\/blog\/wp-content\/uploads\/2023\/06\/Conheca-o-Qbank-MedCof-1024x205.png\" sizes=\"auto, (max-width: 800px) 100vw, 800px\" srcset=\"https:\/\/www.grupomedcof.com.br\/blog\/wp-content\/uploads\/2023\/06\/Conheca-o-Qbank-MedCof-1024x205.png 1024w, https:\/\/www.grupomedcof.com.br\/blog\/wp-content\/uploads\/2023\/06\/Conheca-o-Qbank-MedCof-300x60.png 300w, https:\/\/www.grupomedcof.com.br\/blog\/wp-content\/uploads\/2023\/06\/Conheca-o-Qbank-MedCof-768x154.png 768w, https:\/\/www.grupomedcof.com.br\/blog\/wp-content\/uploads\/2023\/06\/Conheca-o-Qbank-MedCof-1536x307.png 1536w, https:\/\/www.grupomedcof.com.br\/blog\/wp-content\/uploads\/2023\/06\/Conheca-o-Qbank-MedCof-2048x410.png 2048w\" alt=\"medcof qbank, medcof aulas, grupo medcof, aulas medcof, qbank, banco de questoes medcof, medcof banco de questoes\" width=\"800\" height=\"160\" \/> <\/a><\/p>\n<h2><span class=\"ez-toc-section\" id=\"Notas_de_Corte_ENARE\"><\/span><strong>Notas de Corte ENARE:<\/strong><span class=\"ez-toc-section-end\"><\/span><\/h2>\n<h2><span class=\"ez-toc-section\" id=\"Residencias_da_regiao_Norte-2\"><\/span><strong>Resid\u00eancias da regi\u00e3o Norte<\/strong><span class=\"ez-toc-section-end\"><\/span><\/h2>\n<p>Em seguida, temos as notas de corte do processo seletivo de 2023 do <strong>Exame Nacional de Resid\u00eancia<\/strong> (ENARE). Assim, foram consideradas as notas do \u00faltimo candidato classificado na 1\u00aa etapa na modalidade de Ampla concorr\u00eancia no programa de<strong> Acesso Direto<\/strong>. Dessa forma, se quiser conferir mais informa\u00e7\u00f5es sobre \u00faltima edi\u00e7\u00e3o, elas estar\u00e3o dispon\u00edveis no site de cada institui\u00e7\u00e3o.<\/p>\n<h3><span class=\"ez-toc-section\" id=\"Araguaina_%E2%80%93_Tocantins_TO\"><\/span><strong>Aragua\u00edna &#8211; Tocantins (TO)<\/strong><span class=\"ez-toc-section-end\"><\/span><\/h3>\n<h4 id=\"h-araguaina-to-hospital-de-doencas-tropicais-da-universidade-federal-do-tocantins\"><strong>Hospital de Doen\u00e7as Tropicais da <\/strong><strong>Universidade <\/strong><\/h4>\n<h4><strong>Federal do Tocantins<\/strong><\/h4>\n<table>\n<thead>\n<tr>\n<th data-align=\"left\">Especialidades<\/th>\n<th data-align=\"center\">Nota de Corte<\/th>\n<\/tr>\n<\/thead>\n<tbody>\n<tr>\n<td data-align=\"left\">Cl\u00ednica M\u00e9dica<\/td>\n<td data-align=\"center\">701.00<\/td>\n<\/tr>\n<tr>\n<td data-align=\"left\">Infectologia<\/td>\n<td data-align=\"center\">555.00<\/td>\n<\/tr>\n<tr>\n<td data-align=\"left\">Medicina de Fam\u00edlia e Comunidade<\/td>\n<td data-align=\"center\">558.00<\/td>\n<\/tr>\n<tr>\n<td data-align=\"left\">Medicina Intensiva<\/td>\n<td data-align=\"center\">592.00<\/td>\n<\/tr>\n<tr>\n<td data-align=\"left\">Oftalmologia<\/td>\n<td data-align=\"center\">779.00<\/td>\n<\/tr>\n<tr>\n<td data-align=\"left\">Pediatria<\/td>\n<td data-align=\"center\">615.00<\/td>\n<\/tr>\n<\/tbody>\n<\/table>\n<h3><span class=\"ez-toc-section\" id=\"Palmas_%E2%80%93_Tocantins_TO\"><\/span><strong>Palmas &#8211; Tocantins (TO)<\/strong><span class=\"ez-toc-section-end\"><\/span><\/h3>\n<h4 id=\"h-palmas-to-fundacao-universidade-federal-do-tocantins-hospital-e-maternidade-dona-regina\"><strong>Funda\u00e7\u00e3o Universidade Federal do Tocantins \u2013 <\/strong><\/h4>\n<h4><strong>Hospital e Maternidade Dona Regina<\/strong><\/h4>\n<table>\n<thead>\n<tr>\n<th data-align=\"left\">Especialidades<\/th>\n<th data-align=\"center\">Nota de Corte<\/th>\n<\/tr>\n<\/thead>\n<tbody>\n<tr>\n<td data-align=\"left\">Ginecologia e Obstetr\u00edcia<\/td>\n<td data-align=\"center\">720.00<\/td>\n<\/tr>\n<\/tbody>\n<\/table>\n<h4 id=\"h-palmas-to-fundacao-universidade-federal-do-tocantins-hospital-geral-de-palmas\"><strong>Funda\u00e7\u00e3o Universidade Federal do Tocantins \u2013<\/strong><\/h4>\n<h4><strong> Hospital Geral de Palmas<\/strong><\/h4>\n<table>\n<thead>\n<tr>\n<th data-align=\"left\">Especialidades<\/th>\n<th data-align=\"center\">Nota de Corte<\/th>\n<\/tr>\n<\/thead>\n<tbody>\n<tr>\n<td data-align=\"left\">Anestesiologia<\/td>\n<td data-align=\"center\">770.00<\/td>\n<\/tr>\n<tr>\n<td data-align=\"left\">Cirurgia Geral<\/td>\n<td data-align=\"center\">749.00<\/td>\n<\/tr>\n<tr>\n<td data-align=\"left\">Cl\u00ednica M\u00e9dica<\/td>\n<td data-align=\"center\">720.00<\/td>\n<\/tr>\n<tr>\n<td data-align=\"left\">Infectologia<\/td>\n<td data-align=\"center\">621.00<\/td>\n<\/tr>\n<tr>\n<td data-align=\"left\">Medicina Intensiva<\/td>\n<td data-align=\"center\">618.00<\/td>\n<\/tr>\n<tr>\n<td data-align=\"left\">Ortopedia e Traumatologia<\/td>\n<td data-align=\"center\">684.00<\/td>\n<\/tr>\n<tr>\n<td data-align=\"left\">Pediatria<\/td>\n<td data-align=\"center\">671.00<\/td>\n<\/tr>\n<tr>\n<td data-align=\"left\">Psiquiatria<\/td>\n<td data-align=\"center\">773.00<\/td>\n<\/tr>\n<\/tbody>\n<\/table>\n<h3 id=\"h-palmas-to-fundacao-universidade-federal-do-tocantins-secretaria-municipal-de-saude\"><span class=\"ez-toc-section\" id=\"Fundacao_Universidade_Federal_do_Tocantins_%E2%80%93\"><\/span><strong>Funda\u00e7\u00e3o Universidade Federal do Tocantins \u2013<\/strong><span class=\"ez-toc-section-end\"><\/span><\/h3>\n<h3><span class=\"ez-toc-section\" id=\"Secretaria_Municipal_de_Saude\"><\/span><strong> Secretaria Municipal de Sa\u00fade<\/strong><span class=\"ez-toc-section-end\"><\/span><\/h3>\n<table>\n<thead>\n<tr>\n<th data-align=\"left\">Especialidades<\/th>\n<th data-align=\"center\">Nota de Corte<\/th>\n<\/tr>\n<\/thead>\n<tbody>\n<tr>\n<td data-align=\"left\">Medicina de Fam\u00edlia e Comunidade<\/td>\n<td data-align=\"center\">513.00<\/td>\n<\/tr>\n<\/tbody>\n<\/table>\n<p><a href=\"https:\/\/open.spotify.com\/show\/3MyFcLlKhKequpHll6qpue?si=d0519b77e5c04e2d\" target=\"_blank\" rel=\"noopener\"><br \/>\n<img loading=\"lazy\" decoding=\"async\" src=\"https:\/\/www.grupomedcof.com.br\/blog\/wp-content\/uploads\/2023\/06\/Blog-MedCof-70-1024x245.png\" sizes=\"auto, (max-width: 800px) 100vw, 800px\" srcset=\"https:\/\/www.grupomedcof.com.br\/blog\/wp-content\/uploads\/2023\/06\/Blog-MedCof-70-1024x245.png 1024w, https:\/\/www.grupomedcof.com.br\/blog\/wp-content\/uploads\/2023\/06\/Blog-MedCof-70-300x72.png 300w, https:\/\/www.grupomedcof.com.br\/blog\/wp-content\/uploads\/2023\/06\/Blog-MedCof-70-768x184.png 768w, https:\/\/www.grupomedcof.com.br\/blog\/wp-content\/uploads\/2023\/06\/Blog-MedCof-70-1536x367.png 1536w, https:\/\/www.grupomedcof.com.br\/blog\/wp-content\/uploads\/2023\/06\/Blog-MedCof-70-2048x490.png 2048w\" alt=\"papo de residente, grupo medcof, medcof, medcof podcasts\" width=\"800\" height=\"191\" \/> <\/a><\/p>\n<h2><span class=\"ez-toc-section\" id=\"Notas_de_Corte_ENARE-2\"><\/span><strong>Notas de Corte ENARE:\u00a0<\/strong><span class=\"ez-toc-section-end\"><\/span><\/h2>\n<h2><span class=\"ez-toc-section\" id=\"Residencias_da_regiao_Norte-3\"><\/span><strong>Resid\u00eancias da regi\u00e3o Norte<\/strong><span class=\"ez-toc-section-end\"><\/span><\/h2>\n<h3><span class=\"ez-toc-section\" id=\"Boa_Vista_%E2%80%93_Roraima_RR\"><\/span><strong>Boa Vista &#8211; Roraima (RR)<\/strong><span class=\"ez-toc-section-end\"><\/span><\/h3>\n<h3><span class=\"ez-toc-section\" id=\"Universidade_Federal_de_Roraima\"><\/span><strong>Universidade\u00a0<\/strong><strong style=\"color: inherit; font-family: inherit; font-size: 1.75rem;\">Federal de Roraima<\/strong><span class=\"ez-toc-section-end\"><\/span><\/h3>\n<h4 style=\"font-family: Poppins, sans-serif; color: #7a7a7a;\"><strong>Hospital da Crian\u00e7a Santo Ant\u00f4nio<\/strong><\/h4>\n<table>\n<thead>\n<tr>\n<th data-align=\"left\">Especialidades<\/th>\n<th data-align=\"center\">Nota de Corte<\/th>\n<\/tr>\n<\/thead>\n<tbody>\n<tr>\n<td data-align=\"left\">Medicina de Fam\u00edlia e Comunidade<\/td>\n<td data-align=\"center\">486.00<\/td>\n<\/tr>\n<tr>\n<td data-align=\"left\">Pediatria<\/td>\n<td data-align=\"center\">626.00<\/td>\n<\/tr>\n<\/tbody>\n<\/table>\n<h4 id=\"h-boa-vista-rr-universidade-federal-de-roraima-hospital-geral-de-roraima\"><strong>Hospital Geral de Roraima<\/strong><\/h4>\n<table>\n<thead>\n<tr>\n<th data-align=\"left\">Especialidades<\/th>\n<th data-align=\"center\">Nota de Corte<\/th>\n<\/tr>\n<\/thead>\n<tbody>\n<tr>\n<td data-align=\"left\">Cl\u00ednica M\u00e9dica<\/td>\n<td data-align=\"center\">672.00<\/td>\n<\/tr>\n<tr>\n<td data-align=\"left\">Infectologia<\/td>\n<td data-align=\"center\">474.00<\/td>\n<\/tr>\n<tr>\n<td data-align=\"left\">Medicina Intensiva<\/td>\n<td data-align=\"center\">576.00<\/td>\n<\/tr>\n<tr>\n<td data-align=\"left\">Ortopedia e Traumatologia<\/td>\n<td data-align=\"center\">611.00<\/td>\n<\/tr>\n<\/tbody>\n<\/table>\n<h4 id=\"h-boa-vista-rr-universidade-federal-de-roraima-hospital-materno-infantil-nossa-senhora-de-nazare\"><strong>Hospital Materno Infantil Nossa Senhora de Nazar\u00e9<\/strong><\/h4>\n<table>\n<thead>\n<tr>\n<th data-align=\"left\">Especialidades<\/th>\n<th data-align=\"center\">Nota de Corte<\/th>\n<\/tr>\n<\/thead>\n<tbody>\n<tr>\n<td data-align=\"left\">Ginecologia e Obstetr\u00edcia<\/td>\n<td data-align=\"center\">680.00<\/td>\n<\/tr>\n<\/tbody>\n<\/table>\n<h2><span class=\"ez-toc-section\" id=\"Notas_de_Corte_AMRIGS_Residencias_da_regiao_Norte\"><\/span><strong>Notas de Corte AMRIGS: Resid\u00eancias da regi\u00e3o Norte<\/strong><span class=\"ez-toc-section-end\"><\/span><\/h2>\n<p>Por fim, temos as notas de corte do processo seletivo de 2023 da Associa\u00e7\u00e3o M\u00e9dica do Rio Grande do Sul (AMRIGS). Assim, foram consideradas as notas do \u00faltimo candidato classificado na 1\u00aa etapa na modalidade de Ampla concorr\u00eancia. Dessa forma, se quiser conferir mais informa\u00e7\u00f5es sobre \u00faltima edi\u00e7\u00e3o, elas estar\u00e3o dispon\u00edveis no site de cada institui\u00e7\u00e3o.<\/p>\n<h4><strong>Hospital de Amor Amaz\u00f4nia<\/strong><\/h4>\n<table>\n<thead>\n<tr>\n<th data-align=\"left\">Especialidades<\/th>\n<th data-align=\"center\">Nota de Corte<\/th>\n<\/tr>\n<\/thead>\n<tbody>\n<tr>\n<td data-align=\"left\">Medicina Intensiva<\/td>\n<td data-align=\"center\">33<\/td>\n<\/tr>\n<tr>\n<td data-align=\"left\">Patologia<\/td>\n<td data-align=\"center\">40<\/td>\n<\/tr>\n<\/tbody>\n<\/table>\n<h4><strong>Maternidade Municipal M\u00e3e Esperan\u00e7a de Porto Velho<\/strong><\/h4>\n<table>\n<thead>\n<tr>\n<th data-align=\"left\">Especialidades<\/th>\n<th data-align=\"center\">Nota de Corte<\/th>\n<\/tr>\n<\/thead>\n<tbody>\n<tr>\n<td data-align=\"left\">Ginecologia e Obstetr\u00edcia<\/td>\n<td data-align=\"center\">50<\/td>\n<\/tr>\n<\/tbody>\n<\/table>\n<h4><strong>Hospital de Base Dr. Ary Pinheiro<\/strong><\/h4>\n<table>\n<thead>\n<tr>\n<th data-align=\"left\">Especialidades<\/th>\n<th data-align=\"center\">Nota de Corte<\/th>\n<\/tr>\n<\/thead>\n<tbody>\n<tr>\n<td data-align=\"left\">Cirurgia Geral<\/td>\n<td data-align=\"center\">50<\/td>\n<\/tr>\n<tr>\n<td data-align=\"left\">Cl\u00ednica M\u00e9dica<\/td>\n<td data-align=\"center\">50<\/td>\n<\/tr>\n<tr>\n<td data-align=\"left\">Infectologia<\/td>\n<td data-align=\"center\">55<\/td>\n<\/tr>\n<tr>\n<td data-align=\"left\">Medicina Intensiva<\/td>\n<td data-align=\"center\">50<\/td>\n<\/tr>\n<tr>\n<td data-align=\"left\">Ginecologia e Obstetr\u00edcia<\/td>\n<td data-align=\"center\">51<\/td>\n<\/tr>\n<tr>\n<td data-align=\"left\">Ortopedia e Traumatologia<\/td>\n<td data-align=\"center\">52<\/td>\n<\/tr>\n<tr>\n<td data-align=\"left\">Pediatria<\/td>\n<td data-align=\"center\">50<\/td>\n<\/tr>\n<tr>\n<td data-align=\"left\">Psiquiatria<\/td>\n<td data-align=\"center\">50<\/td>\n<\/tr>\n<\/tbody>\n<\/table>\n<h4><strong>Hospital Regional de Cacoal<\/strong><\/h4>\n<table>\n<thead>\n<tr>\n<th data-align=\"left\">Especialidades<\/th>\n<th data-align=\"center\">Nota de Corte<\/th>\n<\/tr>\n<\/thead>\n<tbody>\n<tr>\n<td data-align=\"left\">Cirurgia Geral<\/td>\n<td data-align=\"center\">50<\/td>\n<\/tr>\n<tr>\n<td data-align=\"left\">Cl\u00ednica M\u00e9dica<\/td>\n<td data-align=\"center\">52<\/td>\n<\/tr>\n<tr>\n<td data-align=\"left\">Pediatria<\/td>\n<td data-align=\"center\">51<\/td>\n<\/tr>\n<\/tbody>\n<\/table>\n<h2><span class=\"ez-toc-section\" id=\"Conquiste_a_aprovacao\"><\/span><strong>Conquiste a aprova\u00e7\u00e3o!<\/strong><span class=\"ez-toc-section-end\"><\/span><\/h2>\n<p><a href=\"https:\/\/www.grupomedcof.com.br\/blog\/presenca-da-medcof-nas-aprovacoes-em-residencia-medica-no-brasil\/\" target=\"_blank\" rel=\"noopener\"><strong>Seja\u00a0mais um aprovado<\/strong><\/a>\u00a0nas melhores resid\u00eancias m\u00e9dicas do pa\u00eds com o<a href=\"https:\/\/www.grupomedcof.com.br\/\" target=\"_blank\" rel=\"noopener\">\u00a0<strong>Grupo\u00a0MedCof<\/strong><\/a><strong>!<\/strong>\u00a0Temos um cat\u00e1logo repleto de cursos que te guiar\u00e3o na jornada para as provas de Resid\u00eancia M\u00e9dica que ocorrer\u00e3o em 2023!<\/p>\n<section data-id=\"5f13890\" data-element_type=\"section\">\n<section data-id=\"5f13890\" data-element_type=\"section\">\u00a0Mas, se voc\u00ea \u00e9 novo por aqui, que tal se inscrever na<a href=\"https:\/\/www.grupomedcof.com.br\/inscricao-hiit-2023\/\" target=\"_blank\" rel=\"noopener\">\u00a0<strong>Semana HIIT<\/strong><\/a><strong>?<\/strong>\u00a0Ser\u00e1 um evento\u00a0100% gratuito e online\u00a0que te permitir\u00e1 conhecer um pouco do nosso m\u00e9todo de ensino!<\/section>\n<\/section>\n<p><a href=\"https:\/\/www.grupomedcof.com.br\/inscricao-hiit-2023\/\" target=\"_blank\" rel=\"noopener\"><br \/>\n<img loading=\"lazy\" decoding=\"async\" src=\"https:\/\/www.grupomedcof.com.br\/blog\/wp-content\/uploads\/2023\/05\/Inscricao-Semana-HIIT-1024x566.png\" sizes=\"auto, (max-width: 800px) 100vw, 800px\" srcset=\"https:\/\/www.grupomedcof.com.br\/blog\/wp-content\/uploads\/2023\/05\/Inscricao-Semana-HIIT-1024x566.png 1024w, https:\/\/www.grupomedcof.com.br\/blog\/wp-content\/uploads\/2023\/05\/Inscricao-Semana-HIIT-300x166.png 300w, https:\/\/www.grupomedcof.com.br\/blog\/wp-content\/uploads\/2023\/05\/Inscricao-Semana-HIIT-768x425.png 768w, https:\/\/www.grupomedcof.com.br\/blog\/wp-content\/uploads\/2023\/05\/Inscricao-Semana-HIIT.png 1242w\" alt=\"Semana HIIT MedCof, aulas grupo medcof, medcof, aulas medcof, medcof qbank, gupo medcof\" width=\"800\" height=\"442\" \/> <\/a><\/p>\n","protected":false},"excerpt":{"rendered":"<p>Vai prestar alguma prova para resid\u00eancia m\u00e9dica na regi\u00e3o Norte do pa\u00eds, ent\u00e3o saiba quais as notas de corte das principais institui\u00e7\u00f5es.<\/p>\n","protected":false},"author":6,"featured_media":8453,"comment_status":"open","ping_status":"open","sticky":false,"template":"","format":"standard","meta":{"footnotes":""},"categories":[174],"tags":[160,93,117,68],"ppma_author":[3609],"class_list":{"0":"post-8450","1":"post","2":"type-post","3":"status-publish","4":"format-standard","5":"has-post-thumbnail","7":"category-residencia-medica","8":"tag-especialidades-cirurgicas","9":"tag-especialidades-medicas","10":"tag-provas-de-residencia","11":"tag-residencia-medica"},"yoast_head":"<!-- This site is optimized with the Yoast SEO Premium plugin v24.3 (Yoast SEO v27.4) - https:\/\/yoast.com\/product\/yoast-seo-premium-wordpress\/ -->\n<title>Notas de Corte 2022\/2023: Resid\u00eancias da regi\u00e3o Norte - Blog de Medcof: conte\u00fados, editais, revalida e mais!<\/title>\n<meta name=\"description\" content=\"Vai prestar alguma prova para resid\u00eancia m\u00e9dica na regi\u00e3o Norte do pa\u00eds, ent\u00e3o saiba quais as notas de corte das principais institui\u00e7\u00f5es.\" \/>\n<meta name=\"robots\" content=\"index, follow, max-snippet:-1, max-image-preview:large, max-video-preview:-1\" \/>\n<link rel=\"canonical\" href=\"https:\/\/www.grupomedcof.com.br\/blog\/notas-de-corte-residencias-da-regiao-norte\/\" \/>\n<meta property=\"og:locale\" content=\"pt_BR\" \/>\n<meta property=\"og:type\" content=\"article\" \/>\n<meta property=\"og:title\" content=\"Notas de Corte 2022\/2023: Resid\u00eancias da regi\u00e3o Norte\" \/>\n<meta property=\"og:description\" content=\"Vai prestar alguma prova para resid\u00eancia m\u00e9dica na regi\u00e3o Norte do pa\u00eds, ent\u00e3o saiba quais as notas de corte das principais institui\u00e7\u00f5es.\" \/>\n<meta property=\"og:url\" content=\"https:\/\/www.grupomedcof.com.br\/blog\/notas-de-corte-residencias-da-regiao-norte\/\" \/>\n<meta property=\"og:site_name\" content=\"Blog de Medcof: conte\u00fados, editais, revalida e mais!\" \/>\n<meta property=\"article:publisher\" content=\"https:\/\/www.facebook.com\/MedCofQbank\/\" \/>\n<meta property=\"article:published_time\" content=\"2023-06-27T16:16:04+00:00\" \/>\n<meta property=\"article:modified_time\" content=\"2024-06-26T13:29:01+00:00\" \/>\n<meta property=\"og:image\" content=\"https:\/\/www.grupomedcof.com.br\/blog\/wp-content\/uploads\/2023\/06\/Blog-MedCof-2023-06-27T123025.473-1024x576.png\" \/>\n\t<meta property=\"og:image:width\" content=\"1024\" \/>\n\t<meta property=\"og:image:height\" content=\"576\" \/>\n\t<meta property=\"og:image:type\" content=\"image\/png\" \/>\n<meta name=\"author\" content=\"J\u00falia Moreira\" \/>\n<meta name=\"twitter:card\" content=\"summary_large_image\" \/>\n<meta name=\"twitter:label1\" content=\"Escrito por\" \/>\n\t<meta name=\"twitter:data1\" content=\"J\u00falia Moreira\" \/>\n\t<meta name=\"twitter:label2\" content=\"Est. tempo de leitura\" \/>\n\t<meta name=\"twitter:data2\" content=\"6 minutos\" \/>\n<script type=\"application\/ld+json\" class=\"yoast-schema-graph\">{\"@context\":\"https:\\\/\\\/schema.org\",\"@graph\":[{\"@type\":\"Article\",\"@id\":\"https:\\\/\\\/www.grupomedcof.com.br\\\/blog\\\/notas-de-corte-residencias-da-regiao-norte\\\/#article\",\"isPartOf\":{\"@id\":\"https:\\\/\\\/www.grupomedcof.com.br\\\/blog\\\/notas-de-corte-residencias-da-regiao-norte\\\/\"},\"author\":{\"name\":\"J\u00falia Moreira\",\"@id\":\"https:\\\/\\\/www.grupomedcof.com.br\\\/blog\\\/#\\\/schema\\\/person\\\/1375e0ce724529d7a1d8156ea7f8ceaa\"},\"headline\":\"Notas de Corte 2022\\\/2023: Resid\u00eancias da regi\u00e3o Norte\",\"datePublished\":\"2023-06-27T16:16:04+00:00\",\"dateModified\":\"2024-06-26T13:29:01+00:00\",\"mainEntityOfPage\":{\"@id\":\"https:\\\/\\\/www.grupomedcof.com.br\\\/blog\\\/notas-de-corte-residencias-da-regiao-norte\\\/\"},\"wordCount\":793,\"commentCount\":0,\"publisher\":{\"@id\":\"https:\\\/\\\/www.grupomedcof.com.br\\\/blog\\\/#organization\"},\"image\":{\"@id\":\"https:\\\/\\\/www.grupomedcof.com.br\\\/blog\\\/notas-de-corte-residencias-da-regiao-norte\\\/#primaryimage\"},\"thumbnailUrl\":\"https:\\\/\\\/www.grupomedcof.com.br\\\/blog\\\/wp-content\\\/uploads\\\/2023\\\/06\\\/Blog-MedCof-2023-06-27T123025.473.png\",\"keywords\":[\"Especialidades cir\u00fargicas\",\"Especialidades m\u00e9dicas\",\"Provas de Resid\u00eancia\",\"Resid\u00eancia M\u00e9dica\"],\"articleSection\":[\"Resid\u00eancia m\u00e9dica: editais, resultados, temas quentes e mais\"],\"inLanguage\":\"pt-BR\"},{\"@type\":\"WebPage\",\"@id\":\"https:\\\/\\\/www.grupomedcof.com.br\\\/blog\\\/notas-de-corte-residencias-da-regiao-norte\\\/\",\"url\":\"https:\\\/\\\/www.grupomedcof.com.br\\\/blog\\\/notas-de-corte-residencias-da-regiao-norte\\\/\",\"name\":\"Notas de Corte 2022\\\/2023: Resid\u00eancias da regi\u00e3o Norte - Blog de Medcof: conte\u00fados, editais, revalida e mais!\",\"isPartOf\":{\"@id\":\"https:\\\/\\\/www.grupomedcof.com.br\\\/blog\\\/#website\"},\"primaryImageOfPage\":{\"@id\":\"https:\\\/\\\/www.grupomedcof.com.br\\\/blog\\\/notas-de-corte-residencias-da-regiao-norte\\\/#primaryimage\"},\"image\":{\"@id\":\"https:\\\/\\\/www.grupomedcof.com.br\\\/blog\\\/notas-de-corte-residencias-da-regiao-norte\\\/#primaryimage\"},\"thumbnailUrl\":\"https:\\\/\\\/www.grupomedcof.com.br\\\/blog\\\/wp-content\\\/uploads\\\/2023\\\/06\\\/Blog-MedCof-2023-06-27T123025.473.png\",\"datePublished\":\"2023-06-27T16:16:04+00:00\",\"dateModified\":\"2024-06-26T13:29:01+00:00\",\"description\":\"Vai prestar alguma prova para resid\u00eancia m\u00e9dica na regi\u00e3o Norte do pa\u00eds, ent\u00e3o saiba quais as notas de corte das principais institui\u00e7\u00f5es.\",\"breadcrumb\":{\"@id\":\"https:\\\/\\\/www.grupomedcof.com.br\\\/blog\\\/notas-de-corte-residencias-da-regiao-norte\\\/#breadcrumb\"},\"inLanguage\":\"pt-BR\",\"potentialAction\":[{\"@type\":\"ReadAction\",\"target\":[\"https:\\\/\\\/www.grupomedcof.com.br\\\/blog\\\/notas-de-corte-residencias-da-regiao-norte\\\/\"]}]},{\"@type\":\"ImageObject\",\"inLanguage\":\"pt-BR\",\"@id\":\"https:\\\/\\\/www.grupomedcof.com.br\\\/blog\\\/notas-de-corte-residencias-da-regiao-norte\\\/#primaryimage\",\"url\":\"https:\\\/\\\/www.grupomedcof.com.br\\\/blog\\\/wp-content\\\/uploads\\\/2023\\\/06\\\/Blog-MedCof-2023-06-27T123025.473.png\",\"contentUrl\":\"https:\\\/\\\/www.grupomedcof.com.br\\\/blog\\\/wp-content\\\/uploads\\\/2023\\\/06\\\/Blog-MedCof-2023-06-27T123025.473.png\",\"width\":2560,\"height\":1440,\"caption\":\"Vai prestar alguma prova para resid\u00eancia m\u00e9dica na regi\u00e3o Norte do pa\u00eds, ent\u00e3o saiba quais as notas de corte das principais institui\u00e7\u00f5es.\"},{\"@type\":\"BreadcrumbList\",\"@id\":\"https:\\\/\\\/www.grupomedcof.com.br\\\/blog\\\/notas-de-corte-residencias-da-regiao-norte\\\/#breadcrumb\",\"itemListElement\":[{\"@type\":\"ListItem\",\"position\":1,\"name\":\"In\u00edcio\",\"item\":\"https:\\\/\\\/www.grupomedcof.com.br\\\/blog\\\/\"},{\"@type\":\"ListItem\",\"position\":2,\"name\":\"Notas de Corte 2022\\\/2023: Resid\u00eancias da regi\u00e3o Norte\"}]},{\"@type\":\"WebSite\",\"@id\":\"https:\\\/\\\/www.grupomedcof.com.br\\\/blog\\\/#website\",\"url\":\"https:\\\/\\\/www.grupomedcof.com.br\\\/blog\\\/\",\"name\":\"Blog de Medcof: conte\u00fados, editais, revalida e mais!\",\"description\":\"Acesso o blog de MedCof! Seu portal de conte\u00fados sobre resid\u00eancia m\u00e9dica, an\u00e1lise e editais e muito mais. Clique e confira!\",\"publisher\":{\"@id\":\"https:\\\/\\\/www.grupomedcof.com.br\\\/blog\\\/#organization\"},\"alternateName\":\"Blog de Medcof: conte\u00fados, editais, revalida e mais!\",\"potentialAction\":[{\"@type\":\"SearchAction\",\"target\":{\"@type\":\"EntryPoint\",\"urlTemplate\":\"https:\\\/\\\/www.grupomedcof.com.br\\\/blog\\\/?s={search_term_string}\"},\"query-input\":{\"@type\":\"PropertyValueSpecification\",\"valueRequired\":true,\"valueName\":\"search_term_string\"}}],\"inLanguage\":\"pt-BR\"},{\"@type\":\"Organization\",\"@id\":\"https:\\\/\\\/www.grupomedcof.com.br\\\/blog\\\/#organization\",\"name\":\"Grupo MedCof\",\"url\":\"https:\\\/\\\/www.grupomedcof.com.br\\\/blog\\\/\",\"logo\":{\"@type\":\"ImageObject\",\"inLanguage\":\"pt-BR\",\"@id\":\"https:\\\/\\\/www.grupomedcof.com.br\\\/blog\\\/#\\\/schema\\\/logo\\\/image\\\/\",\"url\":\"https:\\\/\\\/www.grupomedcof.com.br\\\/blog\\\/wp-content\\\/uploads\\\/2022\\\/01\\\/logo-medcof.png\",\"contentUrl\":\"https:\\\/\\\/www.grupomedcof.com.br\\\/blog\\\/wp-content\\\/uploads\\\/2022\\\/01\\\/logo-medcof.png\",\"width\":768,\"height\":269,\"caption\":\"Grupo MedCof\"},\"image\":{\"@id\":\"https:\\\/\\\/www.grupomedcof.com.br\\\/blog\\\/#\\\/schema\\\/logo\\\/image\\\/\"},\"sameAs\":[\"https:\\\/\\\/www.facebook.com\\\/MedCofQbank\\\/\",\"https:\\\/\\\/www.instagram.com\\\/grupomedcof\\\/\",\"https:\\\/\\\/br.linkedin.com\\\/company\\\/medcof\",\"https:\\\/\\\/www.youtube.com\\\/channel\\\/UCdHMuOHKICxcHwecxN8P-AA\"]},{\"@type\":\"Person\",\"@id\":\"https:\\\/\\\/www.grupomedcof.com.br\\\/blog\\\/#\\\/schema\\\/person\\\/1375e0ce724529d7a1d8156ea7f8ceaa\",\"name\":\"J\u00falia Moreira\",\"image\":{\"@type\":\"ImageObject\",\"inLanguage\":\"pt-BR\",\"@id\":\"https:\\\/\\\/www.grupomedcof.com.br\\\/blog\\\/wp-content\\\/uploads\\\/2024\\\/12\\\/cropped-Captura-de-tela-2023-12-15-094946-96x96.png6a0083ac34a0445de97d55fae63a4a41\",\"url\":\"https:\\\/\\\/www.grupomedcof.com.br\\\/blog\\\/wp-content\\\/uploads\\\/2024\\\/12\\\/cropped-Captura-de-tela-2023-12-15-094946-96x96.png\",\"contentUrl\":\"https:\\\/\\\/www.grupomedcof.com.br\\\/blog\\\/wp-content\\\/uploads\\\/2024\\\/12\\\/cropped-Captura-de-tela-2023-12-15-094946-96x96.png\",\"caption\":\"J\u00falia Moreira\"},\"description\":\"Estudante do 8\u00ba semestre de Jornalismo na ECA-USP, f\u00e3 de filmes de terror e m\u00fasica popular sul-coreana.\",\"sameAs\":[\"https:\\\/\\\/www.grupomedcof.com.br\\\/\"],\"url\":\"https:\\\/\\\/www.grupomedcof.com.br\\\/blog\\\/author\\\/julia\\\/\"}]}<\/script>\n<!-- \/ Yoast SEO Premium plugin. -->","yoast_head_json":{"title":"Notas de Corte 2022\/2023: Resid\u00eancias da regi\u00e3o Norte - Blog de Medcof: conte\u00fados, editais, revalida e mais!","description":"Vai prestar alguma prova para resid\u00eancia m\u00e9dica na regi\u00e3o Norte do pa\u00eds, ent\u00e3o saiba quais as notas de corte das principais institui\u00e7\u00f5es.","robots":{"index":"index","follow":"follow","max-snippet":"max-snippet:-1","max-image-preview":"max-image-preview:large","max-video-preview":"max-video-preview:-1"},"canonical":"https:\/\/www.grupomedcof.com.br\/blog\/notas-de-corte-residencias-da-regiao-norte\/","og_locale":"pt_BR","og_type":"article","og_title":"Notas de Corte 2022\/2023: Resid\u00eancias da regi\u00e3o Norte","og_description":"Vai prestar alguma prova para resid\u00eancia m\u00e9dica na regi\u00e3o Norte do pa\u00eds, ent\u00e3o saiba quais as notas de corte das principais institui\u00e7\u00f5es.","og_url":"https:\/\/www.grupomedcof.com.br\/blog\/notas-de-corte-residencias-da-regiao-norte\/","og_site_name":"Blog de Medcof: conte\u00fados, editais, revalida e mais!","article_publisher":"https:\/\/www.facebook.com\/MedCofQbank\/","article_published_time":"2023-06-27T16:16:04+00:00","article_modified_time":"2024-06-26T13:29:01+00:00","og_image":[{"width":1024,"height":576,"url":"https:\/\/www.grupomedcof.com.br\/blog\/wp-content\/uploads\/2023\/06\/Blog-MedCof-2023-06-27T123025.473-1024x576.png","type":"image\/png"}],"author":"J\u00falia Moreira","twitter_card":"summary_large_image","twitter_misc":{"Escrito por":"J\u00falia Moreira","Est. tempo de leitura":"6 minutos"},"schema":{"@context":"https:\/\/schema.org","@graph":[{"@type":"Article","@id":"https:\/\/www.grupomedcof.com.br\/blog\/notas-de-corte-residencias-da-regiao-norte\/#article","isPartOf":{"@id":"https:\/\/www.grupomedcof.com.br\/blog\/notas-de-corte-residencias-da-regiao-norte\/"},"author":{"name":"J\u00falia Moreira","@id":"https:\/\/www.grupomedcof.com.br\/blog\/#\/schema\/person\/1375e0ce724529d7a1d8156ea7f8ceaa"},"headline":"Notas de Corte 2022\/2023: Resid\u00eancias da regi\u00e3o Norte","datePublished":"2023-06-27T16:16:04+00:00","dateModified":"2024-06-26T13:29:01+00:00","mainEntityOfPage":{"@id":"https:\/\/www.grupomedcof.com.br\/blog\/notas-de-corte-residencias-da-regiao-norte\/"},"wordCount":793,"commentCount":0,"publisher":{"@id":"https:\/\/www.grupomedcof.com.br\/blog\/#organization"},"image":{"@id":"https:\/\/www.grupomedcof.com.br\/blog\/notas-de-corte-residencias-da-regiao-norte\/#primaryimage"},"thumbnailUrl":"https:\/\/www.grupomedcof.com.br\/blog\/wp-content\/uploads\/2023\/06\/Blog-MedCof-2023-06-27T123025.473.png","keywords":["Especialidades cir\u00fargicas","Especialidades m\u00e9dicas","Provas de Resid\u00eancia","Resid\u00eancia M\u00e9dica"],"articleSection":["Resid\u00eancia m\u00e9dica: editais, resultados, temas quentes e mais"],"inLanguage":"pt-BR"},{"@type":"WebPage","@id":"https:\/\/www.grupomedcof.com.br\/blog\/notas-de-corte-residencias-da-regiao-norte\/","url":"https:\/\/www.grupomedcof.com.br\/blog\/notas-de-corte-residencias-da-regiao-norte\/","name":"Notas de Corte 2022\/2023: Resid\u00eancias da regi\u00e3o Norte - Blog de Medcof: conte\u00fados, editais, revalida e mais!","isPartOf":{"@id":"https:\/\/www.grupomedcof.com.br\/blog\/#website"},"primaryImageOfPage":{"@id":"https:\/\/www.grupomedcof.com.br\/blog\/notas-de-corte-residencias-da-regiao-norte\/#primaryimage"},"image":{"@id":"https:\/\/www.grupomedcof.com.br\/blog\/notas-de-corte-residencias-da-regiao-norte\/#primaryimage"},"thumbnailUrl":"https:\/\/www.grupomedcof.com.br\/blog\/wp-content\/uploads\/2023\/06\/Blog-MedCof-2023-06-27T123025.473.png","datePublished":"2023-06-27T16:16:04+00:00","dateModified":"2024-06-26T13:29:01+00:00","description":"Vai prestar alguma prova para resid\u00eancia m\u00e9dica na regi\u00e3o Norte do pa\u00eds, ent\u00e3o saiba quais as notas de corte das principais institui\u00e7\u00f5es.","breadcrumb":{"@id":"https:\/\/www.grupomedcof.com.br\/blog\/notas-de-corte-residencias-da-regiao-norte\/#breadcrumb"},"inLanguage":"pt-BR","potentialAction":[{"@type":"ReadAction","target":["https:\/\/www.grupomedcof.com.br\/blog\/notas-de-corte-residencias-da-regiao-norte\/"]}]},{"@type":"ImageObject","inLanguage":"pt-BR","@id":"https:\/\/www.grupomedcof.com.br\/blog\/notas-de-corte-residencias-da-regiao-norte\/#primaryimage","url":"https:\/\/www.grupomedcof.com.br\/blog\/wp-content\/uploads\/2023\/06\/Blog-MedCof-2023-06-27T123025.473.png","contentUrl":"https:\/\/www.grupomedcof.com.br\/blog\/wp-content\/uploads\/2023\/06\/Blog-MedCof-2023-06-27T123025.473.png","width":2560,"height":1440,"caption":"Vai prestar alguma prova para resid\u00eancia m\u00e9dica na regi\u00e3o Norte do pa\u00eds, ent\u00e3o saiba quais as notas de corte das principais institui\u00e7\u00f5es."},{"@type":"BreadcrumbList","@id":"https:\/\/www.grupomedcof.com.br\/blog\/notas-de-corte-residencias-da-regiao-norte\/#breadcrumb","itemListElement":[{"@type":"ListItem","position":1,"name":"In\u00edcio","item":"https:\/\/www.grupomedcof.com.br\/blog\/"},{"@type":"ListItem","position":2,"name":"Notas de Corte 2022\/2023: Resid\u00eancias da regi\u00e3o Norte"}]},{"@type":"WebSite","@id":"https:\/\/www.grupomedcof.com.br\/blog\/#website","url":"https:\/\/www.grupomedcof.com.br\/blog\/","name":"Blog de Medcof: conte\u00fados, editais, revalida e mais!","description":"Acesso o blog de MedCof! Seu portal de conte\u00fados sobre resid\u00eancia m\u00e9dica, an\u00e1lise e editais e muito mais. Clique e confira!","publisher":{"@id":"https:\/\/www.grupomedcof.com.br\/blog\/#organization"},"alternateName":"Blog de Medcof: conte\u00fados, editais, revalida e mais!","potentialAction":[{"@type":"SearchAction","target":{"@type":"EntryPoint","urlTemplate":"https:\/\/www.grupomedcof.com.br\/blog\/?s={search_term_string}"},"query-input":{"@type":"PropertyValueSpecification","valueRequired":true,"valueName":"search_term_string"}}],"inLanguage":"pt-BR"},{"@type":"Organization","@id":"https:\/\/www.grupomedcof.com.br\/blog\/#organization","name":"Grupo MedCof","url":"https:\/\/www.grupomedcof.com.br\/blog\/","logo":{"@type":"ImageObject","inLanguage":"pt-BR","@id":"https:\/\/www.grupomedcof.com.br\/blog\/#\/schema\/logo\/image\/","url":"https:\/\/www.grupomedcof.com.br\/blog\/wp-content\/uploads\/2022\/01\/logo-medcof.png","contentUrl":"https:\/\/www.grupomedcof.com.br\/blog\/wp-content\/uploads\/2022\/01\/logo-medcof.png","width":768,"height":269,"caption":"Grupo MedCof"},"image":{"@id":"https:\/\/www.grupomedcof.com.br\/blog\/#\/schema\/logo\/image\/"},"sameAs":["https:\/\/www.facebook.com\/MedCofQbank\/","https:\/\/www.instagram.com\/grupomedcof\/","https:\/\/br.linkedin.com\/company\/medcof","https:\/\/www.youtube.com\/channel\/UCdHMuOHKICxcHwecxN8P-AA"]},{"@type":"Person","@id":"https:\/\/www.grupomedcof.com.br\/blog\/#\/schema\/person\/1375e0ce724529d7a1d8156ea7f8ceaa","name":"J\u00falia Moreira","image":{"@type":"ImageObject","inLanguage":"pt-BR","@id":"https:\/\/www.grupomedcof.com.br\/blog\/wp-content\/uploads\/2024\/12\/cropped-Captura-de-tela-2023-12-15-094946-96x96.png6a0083ac34a0445de97d55fae63a4a41","url":"https:\/\/www.grupomedcof.com.br\/blog\/wp-content\/uploads\/2024\/12\/cropped-Captura-de-tela-2023-12-15-094946-96x96.png","contentUrl":"https:\/\/www.grupomedcof.com.br\/blog\/wp-content\/uploads\/2024\/12\/cropped-Captura-de-tela-2023-12-15-094946-96x96.png","caption":"J\u00falia Moreira"},"description":"Estudante do 8\u00ba semestre de Jornalismo na ECA-USP, f\u00e3 de filmes de terror e m\u00fasica popular sul-coreana.","sameAs":["https:\/\/www.grupomedcof.com.br\/"],"url":"https:\/\/www.grupomedcof.com.br\/blog\/author\/julia\/"}]}},"authors":[{"term_id":3609,"user_id":6,"is_guest":0,"slug":"julia","display_name":"J\u00falia Moreira","avatar_url":"https:\/\/www.grupomedcof.com.br\/blog\/wp-content\/uploads\/2024\/12\/cropped-Captura-de-tela-2023-12-15-094946-96x96.png","0":null,"1":"","2":"","3":"","4":"","5":"","6":"","7":"","8":""}],"_links":{"self":[{"href":"https:\/\/www.grupomedcof.com.br\/blog\/wp-json\/wp\/v2\/posts\/8450","targetHints":{"allow":["GET"]}}],"collection":[{"href":"https:\/\/www.grupomedcof.com.br\/blog\/wp-json\/wp\/v2\/posts"}],"about":[{"href":"https:\/\/www.grupomedcof.com.br\/blog\/wp-json\/wp\/v2\/types\/post"}],"author":[{"embeddable":true,"href":"https:\/\/www.grupomedcof.com.br\/blog\/wp-json\/wp\/v2\/users\/6"}],"replies":[{"embeddable":true,"href":"https:\/\/www.grupomedcof.com.br\/blog\/wp-json\/wp\/v2\/comments?post=8450"}],"version-history":[{"count":0,"href":"https:\/\/www.grupomedcof.com.br\/blog\/wp-json\/wp\/v2\/posts\/8450\/revisions"}],"wp:featuredmedia":[{"embeddable":true,"href":"https:\/\/www.grupomedcof.com.br\/blog\/wp-json\/wp\/v2\/media\/8453"}],"wp:attachment":[{"href":"https:\/\/www.grupomedcof.com.br\/blog\/wp-json\/wp\/v2\/media?parent=8450"}],"wp:term":[{"taxonomy":"category","embeddable":true,"href":"https:\/\/www.grupomedcof.com.br\/blog\/wp-json\/wp\/v2\/categories?post=8450"},{"taxonomy":"post_tag","embeddable":true,"href":"https:\/\/www.grupomedcof.com.br\/blog\/wp-json\/wp\/v2\/tags?post=8450"},{"taxonomy":"author","embeddable":true,"href":"https:\/\/www.grupomedcof.com.br\/blog\/wp-json\/wp\/v2\/ppma_author?post=8450"}],"curies":[{"name":"wp","href":"https:\/\/api.w.org\/{rel}","templated":true}]}}