{"id":8495,"date":"2023-06-28T16:56:39","date_gmt":"2023-06-28T19:56:39","guid":{"rendered":"https:\/\/www.grupomedcof.com.br\/blog\/?p=8495"},"modified":"2023-06-28T16:56:39","modified_gmt":"2023-06-28T19:56:39","slug":"residencia-medica-unesp-2024-mudancas-no-processo-seletivo","status":"publish","type":"post","link":"https:\/\/www.grupomedcof.com.br\/blog\/residencia-medica-unesp-2024-mudancas-no-processo-seletivo\/","title":{"rendered":"Resid\u00eancia M\u00e9dica UNESP 2024: Mudan\u00e7as no processo seletivo"},"content":{"rendered":"<div id=\"ez-toc-container\" class=\"ez-toc-v2_0_74 counter-hierarchy ez-toc-counter ez-toc-transparent ez-toc-container-direction\">\n<div class=\"ez-toc-title-container\">\n<p class=\"ez-toc-title\" style=\"cursor:inherit\">Sum\u00e1rio<\/p>\n<span class=\"ez-toc-title-toggle\"><a href=\"#\" class=\"ez-toc-pull-right ez-toc-btn ez-toc-btn-xs ez-toc-btn-default ez-toc-toggle\" aria-label=\"Alternar tabela de conte\u00fado\"><span class=\"ez-toc-js-icon-con\"><span class=\"\"><span class=\"eztoc-hide\" style=\"display:none;\">Toggle<\/span><span class=\"ez-toc-icon-toggle-span\"><svg style=\"fill: #999;color:#999\" xmlns=\"http:\/\/www.w3.org\/2000\/svg\" class=\"list-377408\" width=\"20px\" height=\"20px\" viewBox=\"0 0 24 24\" fill=\"none\"><path d=\"M6 6H4v2h2V6zm14 0H8v2h12V6zM4 11h2v2H4v-2zm16 0H8v2h12v-2zM4 16h2v2H4v-2zm16 0H8v2h12v-2z\" fill=\"currentColor\"><\/path><\/svg><svg style=\"fill: #999;color:#999\" class=\"arrow-unsorted-368013\" xmlns=\"http:\/\/www.w3.org\/2000\/svg\" width=\"10px\" height=\"10px\" viewBox=\"0 0 24 24\" version=\"1.2\" baseProfile=\"tiny\"><path d=\"M18.2 9.3l-6.2-6.3-6.2 6.3c-.2.2-.3.4-.3.7s.1.5.3.7c.2.2.4.3.7.3h11c.3 0 .5-.1.7-.3.2-.2.3-.5.3-.7s-.1-.5-.3-.7zM5.8 14.7l6.2 6.3 6.2-6.3c.2-.2.3-.5.3-.7s-.1-.5-.3-.7c-.2-.2-.4-.3-.7-.3h-11c-.3 0-.5.1-.7.3-.2.2-.3.5-.3.7s.1.5.3.7z\"\/><\/svg><\/span><\/span><\/span><\/a><\/span><\/div>\n<nav><ul class='ez-toc-list ez-toc-list-level-1 ' ><li class='ez-toc-page-1 ez-toc-heading-level-2'><a class=\"ez-toc-link ez-toc-heading-1\" href=\"https:\/\/www.grupomedcof.com.br\/blog\/residencia-medica-unesp-2024-mudancas-no-processo-seletivo\/#Saiba_mais\" >Saiba mais<\/a><\/li><li class='ez-toc-page-1 ez-toc-heading-level-2'><a class=\"ez-toc-link ez-toc-heading-2\" href=\"https:\/\/www.grupomedcof.com.br\/blog\/residencia-medica-unesp-2024-mudancas-no-processo-seletivo\/#Residencia_Medica_UNESP_2024\" >Resid\u00eancia M\u00e9dica UNESP 2024<\/a><\/li><li class='ez-toc-page-1 ez-toc-heading-level-2'><a class=\"ez-toc-link ez-toc-heading-3\" href=\"https:\/\/www.grupomedcof.com.br\/blog\/residencia-medica-unesp-2024-mudancas-no-processo-seletivo\/#Principal_mudanca\" >Principal mudan\u00e7a<\/a><\/li><li class='ez-toc-page-1 ez-toc-heading-level-2'><a class=\"ez-toc-link ez-toc-heading-4\" href=\"https:\/\/www.grupomedcof.com.br\/blog\/residencia-medica-unesp-2024-mudancas-no-processo-seletivo\/#Residencia_Medica_UNESP_2023\" >Resid\u00eancia M\u00e9dica: UNESP 2023<\/a><ul class='ez-toc-list-level-3' ><li class='ez-toc-heading-level-3'><a class=\"ez-toc-link ez-toc-heading-5\" href=\"https:\/\/www.grupomedcof.com.br\/blog\/residencia-medica-unesp-2024-mudancas-no-processo-seletivo\/#Acesso_Direto\" >Acesso Direto<\/a><\/li><li class='ez-toc-page-1 ez-toc-heading-level-3'><a class=\"ez-toc-link ez-toc-heading-6\" href=\"https:\/\/www.grupomedcof.com.br\/blog\/residencia-medica-unesp-2024-mudancas-no-processo-seletivo\/#Pre-Requisito\" >Pr\u00e9-Requisito<\/a><\/li><\/ul><\/li><li class='ez-toc-page-1 ez-toc-heading-level-2'><a class=\"ez-toc-link ez-toc-heading-7\" href=\"https:\/\/www.grupomedcof.com.br\/blog\/residencia-medica-unesp-2024-mudancas-no-processo-seletivo\/#Residencia_Medica_UNESP_2023_Processo_Seletivo\" >Resid\u00eancia M\u00e9dica UNESP 2023: Processo Seletivo<\/a><ul class='ez-toc-list-level-3' ><li class='ez-toc-heading-level-3'><a class=\"ez-toc-link ez-toc-heading-8\" href=\"https:\/\/www.grupomedcof.com.br\/blog\/residencia-medica-unesp-2024-mudancas-no-processo-seletivo\/#Prova_Objetiva\" >Prova Objetiva<\/a><\/li><li class='ez-toc-page-1 ez-toc-heading-level-3'><a class=\"ez-toc-link ez-toc-heading-9\" href=\"https:\/\/www.grupomedcof.com.br\/blog\/residencia-medica-unesp-2024-mudancas-no-processo-seletivo\/#Prova_Pratica\" >Prova Pr\u00e1tica<\/a><\/li><li class='ez-toc-page-1 ez-toc-heading-level-3'><a class=\"ez-toc-link ez-toc-heading-10\" href=\"https:\/\/www.grupomedcof.com.br\/blog\/residencia-medica-unesp-2024-mudancas-no-processo-seletivo\/#Analise_Curricular\" >An\u00e1lise Curricular<\/a><\/li><\/ul><\/li><li class='ez-toc-page-1 ez-toc-heading-level-2'><a class=\"ez-toc-link ez-toc-heading-11\" href=\"https:\/\/www.grupomedcof.com.br\/blog\/residencia-medica-unesp-2024-mudancas-no-processo-seletivo\/#Residencia_Medica_UNESP_2023_Resultado_Final\" >Resid\u00eancia M\u00e9dica UNESP 2023: Resultado Final<\/a><\/li><li class='ez-toc-page-1 ez-toc-heading-level-2'><a class=\"ez-toc-link ez-toc-heading-12\" href=\"https:\/\/www.grupomedcof.com.br\/blog\/residencia-medica-unesp-2024-mudancas-no-processo-seletivo\/#Conquiste_a_aprovacao\" >Conquiste a aprova\u00e7\u00e3o!<\/a><\/li><\/ul><\/nav><\/div>\n<p><img loading=\"lazy\" decoding=\"async\" width=\"800\" height=\"450\" src=\"https:\/\/www.grupomedcof.com.br\/blog\/wp-content\/uploads\/2023\/06\/Blog-MedCof-2023-06-28T161738.445-1024x576.png\" alt=\"unesp 2024, resid\u00eancia m\u00e9dica unesp, carta aberta unesp, residencia medica unesp 2024, unesp residencia medica 2024, mudan\u00e7as para residencia medica na unesp, unesp residencia medica mudan\u00e7as, prova pr\u00e1tica unesp 2024, residencia medica 2024 unesp\" srcset=\"https:\/\/www.grupomedcof.com.br\/blog\/wp-content\/uploads\/2023\/06\/Blog-MedCof-2023-06-28T161738.445-1024x576.png 1024w, https:\/\/www.grupomedcof.com.br\/blog\/wp-content\/uploads\/2023\/06\/Blog-MedCof-2023-06-28T161738.445-300x169.png 300w, https:\/\/www.grupomedcof.com.br\/blog\/wp-content\/uploads\/2023\/06\/Blog-MedCof-2023-06-28T161738.445-768x432.png 768w, https:\/\/www.grupomedcof.com.br\/blog\/wp-content\/uploads\/2023\/06\/Blog-MedCof-2023-06-28T161738.445-1536x864.png 1536w, https:\/\/www.grupomedcof.com.br\/blog\/wp-content\/uploads\/2023\/06\/Blog-MedCof-2023-06-28T161738.445-2048x1152.png 2048w\" sizes=\"auto, (max-width: 800px) 100vw, 800px\" \/>\t\t\t\t\t\t\t\t\t\t\t\t\t\t\t<\/p>\n<p>Em carta aberta divulgada em seu portal, a Faculdade de Medicina de Botucatu (FMB) da Universidade Estadual Paulista (UNESP), informa que haver\u00e1 <strong>mudan\u00e7as no processo seletivo para resid\u00eancia m\u00e9dica de 2024<\/strong>. Veja a seguir quais foram as altera\u00e7\u00f5es.<\/p>\n<h2><span class=\"ez-toc-section\" id=\"Saiba_mais\"><\/span>\n\t\t\t\tSaiba mais\t\t\t<span class=\"ez-toc-section-end\"><\/span><\/h2>\n<h2 style=\"font-family: Poppins, sans-serif; color: #7a7a7a;\"><span class=\"ez-toc-section\" id=\"Residencia_Medica_UNESP_2024\"><\/span>Resid\u00eancia M\u00e9dica UNESP 2024<span class=\"ez-toc-section-end\"><\/span><\/h2>\n<p>De acordo com o\u00a0<strong><a href=\"https:\/\/inscricoes.fmb.unesp.br\/docs\/2023621173816.pdf\" target=\"_blank\" rel=\"nofollow noopener\">documento divulgado pela institui\u00e7\u00e3o<\/a><\/strong>, as mudan\u00e7as ocorreram devido \u00e0<strong> queda na rela\u00e7\u00e3o entre candidato\/vaga, <\/strong>a busca pela garantia da <strong>democratiza\u00e7\u00e3o do acesso <\/strong>e da<strong> amplia\u00e7\u00e3o da participa\u00e7\u00e3o dos profissionais m\u00e9dicos.<\/strong> Sendo assim, as medidas tomadas para o processo seletivo para resid\u00eancia m\u00e9dica na UNESP em 2024 s\u00e3o:<\/p>\n<p>1- Calend\u00e1rio de provas sem coincid\u00eancia de datas com outras provas;<\/p>\n<p>2- inclus\u00e3o do curr\u00edculo e de seus documentos no formato online;<\/p>\n<p>3- decis\u00e3o departamental e individualizada por PRM de argui\u00e7\u00e3o de curr\u00edculo no modo presencial ou por videoconfer\u00eancia, que constar\u00e1 do Edital;<\/p>\n<p>4- realiza\u00e7\u00e3o de prova objetiva nos formatos habituais de nossa avalia\u00e7\u00e3o (casos cl\u00ednicos na maioria das quest\u00f5es).<\/p>\n<p>Desse modo, segundo a institui\u00e7\u00e3o, espera-se que, com a ado\u00e7\u00e3o de tais medidas, seja poss\u00edvel <strong>retomar \u00e0 rela\u00e7\u00e3o de candidato\/vaga ao patamares que eram antes da pandemia do COVID-19.<\/strong> Al\u00e9m disso. visa-se tamb\u00e9m a manuten\u00e7\u00e3o da relev\u00e2ncia e fortalecimento dos programas oferecidos pela UNESP, j\u00e1 reconhecida como refer\u00eancia nacional.<\/p>\n<p>\t\t\t\t\t\t\t\t\t\t\t\t\t\t\t\t<a href=\"https:\/\/www.grupomedcof.com.br\/inscricao-hiit-2023\/\" target=\"_blank\" rel=\"noopener\"><br \/>\n\t\t\t\t\t\t\t<img loading=\"lazy\" decoding=\"async\" width=\"800\" height=\"141\" src=\"https:\/\/www.grupomedcof.com.br\/blog\/wp-content\/uploads\/2023\/05\/Captura-de-tela-2023-05-30-121547-1024x181.png\" alt=\"Semana HIIT MedCof, aulas grupo medcof, medcof, aulas medcof, medcof qbank, gupo medcof\" srcset=\"https:\/\/www.grupomedcof.com.br\/blog\/wp-content\/uploads\/2023\/05\/Captura-de-tela-2023-05-30-121547-1024x181.png 1024w, https:\/\/www.grupomedcof.com.br\/blog\/wp-content\/uploads\/2023\/05\/Captura-de-tela-2023-05-30-121547-300x53.png 300w, https:\/\/www.grupomedcof.com.br\/blog\/wp-content\/uploads\/2023\/05\/Captura-de-tela-2023-05-30-121547-768x136.png 768w, https:\/\/www.grupomedcof.com.br\/blog\/wp-content\/uploads\/2023\/05\/Captura-de-tela-2023-05-30-121547-1536x271.png 1536w, https:\/\/www.grupomedcof.com.br\/blog\/wp-content\/uploads\/2023\/05\/Captura-de-tela-2023-05-30-121547.png 1687w\" sizes=\"auto, (max-width: 800px) 100vw, 800px\" \/>\t\t\t\t\t\t\t\t<\/a><\/p>\n<h2 style=\"font-family: Poppins, sans-serif; color: #7a7a7a;\"><span class=\"ez-toc-section\" id=\"Principal_mudanca\"><\/span>Principal mudan\u00e7a<span class=\"ez-toc-section-end\"><\/span><\/h2>\n<p>Embora haja opini\u00f5es adversas sobre o tema, de acordo com a publica\u00e7\u00e3o realizada pena UNESP, o processo seletivo para resid\u00eancia m\u00e9dica de 2024 <strong>deixar\u00e1 de contar com uma prova pr\u00e1tica.<\/strong> Desse modo, far\u00e3o parte das etapas avaliativas apenas a aplica\u00e7\u00e3o da prova objetiva e an\u00e1lise e argui\u00e7\u00e3o curricular.<br \/>\n&nbsp;<br \/>\nQuer saber ou relembrar como era o processo seletivo anteriormente? Ent\u00e3o veja resumidamente como foi a\u00a0<strong><a href=\"https:\/\/www.grupomedcof.com.br\/blog\/residencia-medica-unesp-2023-confira-o-edital\/\" target=\"_blank\" rel=\"noopener\">\u00faltima edi\u00e7\u00e3o<\/a>.<\/strong>\t\t<\/p>\n<h2 style=\"font-family: Poppins, sans-serif; color: #7a7a7a;\"><span class=\"ez-toc-section\" id=\"Residencia_Medica_UNESP_2023\"><\/span>Resid\u00eancia M\u00e9dica: UNESP 2023<span class=\"ez-toc-section-end\"><\/span><\/h2>\n<p>At\u00e9 a \u00faltima divulga\u00e7\u00e3o, o processo seletivo para resid\u00eancia m\u00e9dica na UNESP contava com 3 etapas: prova objetiva, prova pr\u00e1tica e an\u00e1lise e argui\u00e7\u00e3o curricular.<\/p>\n<p>\u00a0<\/p>\n<p>Dessa forma, os candidatos interessados na edi\u00e7\u00e3o de 2023 se inscreveram no<a href=\"https:\/\/www.vunesp.com.br\/\" target=\"_blank\" rel=\"nofollow noopener\">\u00a0<strong>site da Funda\u00e7\u00e3o Vunesp<\/strong><\/a>\u00a0entre os dias 03 e 14 de outubro de 2022, mediante o pagamento da taxa no valor de <strong>R$ 690,00.<\/strong> Al\u00e9m disso, eles precisaram preencher o formul\u00e1rio de inscri\u00e7\u00e3o e escolher entre as cidades de S\u00e3o Paulo e Botucatu para realiza\u00e7\u00e3o da prova.<\/p>\n<p>\u00a0<\/p>\n<p>De acordo com os editais para os programas de<a href=\"https:\/\/documento.vunesp.com.br\/documento\/stream\/MzEwMDM0Ng%3d%3d\" target=\"_blank\" rel=\"nofollow noopener\">\u00a0<strong>Acesso Direto<\/strong><\/a><strong>\u00a0e\u00a0<a href=\"https:\/\/documento.vunesp.com.br\/documento\/stream\/MzEwMDM0Nw%3d%3d\" target=\"_blank\" rel=\"nofollow noopener\">Pr\u00e9-Requisito<\/a>,<\/strong> ofertaram-se <strong>179 vagas<\/strong> divididas entre os programas de Acesso Direto e Pr\u00e9-Requisito.<\/p>\n<p>Resid\u00eancia M\u00e9dica UNESP &#8211; Vagas ofertadas<\/p>\n<h3><span class=\"ez-toc-section\" id=\"Acesso_Direto\"><\/span><strong>Acesso Direto<\/strong><span class=\"ez-toc-section-end\"><\/span><\/h3>\n<table>\n<thead>\n<tr>\n<th>Especialidades<\/th>\n<th data-align=\"center\">Vagas ofertadas<\/th>\n<\/tr>\n<\/thead>\n<tbody>\n<tr>\n<td>Anestesiologia<\/td>\n<td data-align=\"center\">8<\/td>\n<\/tr>\n<tr>\n<td>Cirurgia Cardiovascular<\/td>\n<td data-align=\"center\">1<\/td>\n<\/tr>\n<tr>\n<td>Cirurgia Geral<\/td>\n<td data-align=\"center\">7 + 1 vaga reservada*<\/td>\n<\/tr>\n<tr>\n<td>Cl\u00ednica M\u00e9dica<\/td>\n<td data-align=\"center\">26 + 4 vaga reservada*<\/td>\n<\/tr>\n<tr>\n<td>Dermatologia<\/td>\n<td data-align=\"center\">6<\/td>\n<\/tr>\n<tr>\n<td>Ginecologia e Obstetr\u00edcia<\/td>\n<td data-align=\"center\">8<\/td>\n<\/tr>\n<tr>\n<td>Infectologia<\/td>\n<td data-align=\"center\">3<\/td>\n<\/tr>\n<tr>\n<td>Medicina de Emerg\u00eancia<\/td>\n<td data-align=\"center\">2<\/td>\n<\/tr>\n<tr>\n<td>Medicina de Fam\u00edlia e Comunidade<\/td>\n<td data-align=\"center\">1<\/td>\n<\/tr>\n<tr>\n<td>Medicina Intensiva<\/td>\n<td data-align=\"center\">2<\/td>\n<\/tr>\n<tr>\n<td>Neurocirurgia<\/td>\n<td data-align=\"center\">2<\/td>\n<\/tr>\n<tr>\n<td>Neurologia<\/td>\n<td data-align=\"center\">8<\/td>\n<\/tr>\n<tr>\n<td>Oftalmologia<\/td>\n<td data-align=\"center\">7<\/td>\n<\/tr>\n<tr>\n<td>Ortopedia e Traumatologia<\/td>\n<td data-align=\"center\">5 + 1 vaga reservada*<\/td>\n<\/tr>\n<tr>\n<td>Otorrinolaringologia<\/td>\n<td data-align=\"center\">4<\/td>\n<\/tr>\n<tr>\n<td>Patologia<\/td>\n<td data-align=\"center\">3<\/td>\n<\/tr>\n<tr>\n<td>Pediatria<\/td>\n<td data-align=\"center\">17<\/td>\n<\/tr>\n<tr>\n<td>Psiquiatria<\/td>\n<td data-align=\"center\">6<\/td>\n<\/tr>\n<tr>\n<td>Radiologia e Diagn\u00f3stico por Imagem<\/td>\n<td data-align=\"center\">7<\/td>\n<\/tr>\n<\/tbody>\n<\/table>\n<h3><span class=\"ez-toc-section\" id=\"Pre-Requisito\"><\/span><strong>Pr\u00e9-Requisito<\/strong><span class=\"ez-toc-section-end\"><\/span><\/h3>\n<table>\n<thead>\n<tr>\n<th>Especialidades<\/th>\n<th data-align=\"center\">Vagas previstas<\/th>\n<\/tr>\n<\/thead>\n<tbody>\n<tr>\n<td>Cardiologia<\/td>\n<td data-align=\"center\">5<\/td>\n<\/tr>\n<tr>\n<td>Cirurgia de M\u00e3o<\/td>\n<td data-align=\"center\">1<\/td>\n<\/tr>\n<tr>\n<td>Cirurgia do Aparelho Digestivo<\/td>\n<td data-align=\"center\">4<\/td>\n<\/tr>\n<tr>\n<td>Cirurgia Pedi\u00e1trica<\/td>\n<td data-align=\"center\">1<\/td>\n<\/tr>\n<tr>\n<td>Cirurgia Pl\u00e1stica<\/td>\n<td data-align=\"center\">2<\/td>\n<\/tr>\n<tr>\n<td>Cirurgia Tor\u00e1cica<\/td>\n<td data-align=\"center\">1<\/td>\n<\/tr>\n<tr>\n<td>Cirurgia Vascular<\/td>\n<td data-align=\"center\">3<\/td>\n<\/tr>\n<tr>\n<td>Endocrinologia e Matabologia<\/td>\n<td data-align=\"center\">3<\/td>\n<\/tr>\n<tr>\n<td>Endoscopia<\/td>\n<td data-align=\"center\">2<\/td>\n<\/tr>\n<tr>\n<td>Gastroenterologia<\/td>\n<td data-align=\"center\">4<\/td>\n<\/tr>\n<tr>\n<td>Geriatria<\/td>\n<td data-align=\"center\">4<\/td>\n<\/tr>\n<tr>\n<td>Hematologia e Hemoterapia<\/td>\n<td data-align=\"center\">3<\/td>\n<\/tr>\n<tr>\n<td>Mastologia<\/td>\n<td data-align=\"center\">1<\/td>\n<\/tr>\n<tr>\n<td>Nefrologia<\/td>\n<td data-align=\"center\">8<\/td>\n<\/tr>\n<tr>\n<td>Oncologia Cl\u00ednica<\/td>\n<td data-align=\"center\">1<\/td>\n<\/tr>\n<tr>\n<td>Pneumologia<\/td>\n<td data-align=\"center\">3<\/td>\n<\/tr>\n<tr>\n<td>Reumatologia<\/td>\n<td data-align=\"center\">2<\/td>\n<\/tr>\n<tr>\n<td>Urologia<\/td>\n<td data-align=\"center\">2<\/td>\n<\/tr>\n<\/tbody>\n<\/table>\n<p>\t\t\t\t\t\t\t\t\t\t\t\t\t\t\t\t<a href=\"https:\/\/www.grupomedcof.com.br\/blog\/qbank-medcof\/\" target=\"_blank\" rel=\"noopener\"><br \/>\n\t\t\t\t\t\t\t<img loading=\"lazy\" decoding=\"async\" width=\"800\" height=\"128\" src=\"https:\/\/www.grupomedcof.com.br\/blog\/wp-content\/uploads\/2023\/07\/Blog-MedCof-2023-07-06T091657.858-1024x164.png\" alt=\"medcof qbank, medcof aulas, grupo medcof, aulas medcof, qbank, banco de questoes medcof, medcof banco de questoes\" srcset=\"https:\/\/www.grupomedcof.com.br\/blog\/wp-content\/uploads\/2023\/07\/Blog-MedCof-2023-07-06T091657.858-1024x164.png 1024w, https:\/\/www.grupomedcof.com.br\/blog\/wp-content\/uploads\/2023\/07\/Blog-MedCof-2023-07-06T091657.858-300x48.png 300w, https:\/\/www.grupomedcof.com.br\/blog\/wp-content\/uploads\/2023\/07\/Blog-MedCof-2023-07-06T091657.858-768x123.png 768w, https:\/\/www.grupomedcof.com.br\/blog\/wp-content\/uploads\/2023\/07\/Blog-MedCof-2023-07-06T091657.858-1536x246.png 1536w, https:\/\/www.grupomedcof.com.br\/blog\/wp-content\/uploads\/2023\/07\/Blog-MedCof-2023-07-06T091657.858-2048x327.png 2048w\" sizes=\"auto, (max-width: 800px) 100vw, 800px\" \/>\t\t\t\t\t\t\t\t<\/a><\/p>\n<h2><span class=\"ez-toc-section\" id=\"Residencia_Medica_UNESP_2023_Processo_Seletivo\"><\/span><strong>Resid\u00eancia M\u00e9dica UNESP 2023: Processo Seletivo<\/strong><span class=\"ez-toc-section-end\"><\/span><\/h2>\n<h3><span class=\"ez-toc-section\" id=\"Prova_Objetiva\"><\/span><strong>Prova Objetiva<\/strong><span class=\"ez-toc-section-end\"><\/span><\/h3>\n<p>Ademais, a prova objetiva \u00e9 de car\u00e1ter eliminat\u00f3rio e classificat\u00f3rio e comp\u00f4s 50% da nota final dos participantes. Assim, para os programas de Acesso foram 100 quest\u00f5es de m\u00faltipla escolha com 4 horas de dura\u00e7\u00e3o. Para maior parte das especialidades de Pr\u00e9-Requisito foram 60 quest\u00f5es de m\u00faltipla escolha em at\u00e9 3 horas para resolu\u00e7\u00e3o.<\/p>\n<p>Entretanto, para as especialidades com pr\u00e9-requisito em Ginecologia e Obstetr\u00edcia, \u00c1rea Cir\u00fargica B\u00e1sica&nbsp; ou Cirurgia Geral, foram 25 quest\u00f5es de m\u00faltipla escolha e 1 dissertativa, com 3h para resolu\u00e7\u00e3o.<\/p>\n<h3 style=\"font-family: Poppins, sans-serif; color: #7a7a7a;\"><span class=\"ez-toc-section\" id=\"Prova_Pratica\"><\/span>Prova Pr\u00e1tica<span class=\"ez-toc-section-end\"><\/span><\/h3>\n<p>A segunda etapa do processo seletivo para resid\u00eancia m\u00e9dica na UNESP tamb\u00e9m era de car\u00e1ter eliminat\u00f3rio e classificat\u00f3rio e compunha 40% da nota final. Desse modo, a realiza\u00e7\u00e3o se dava pela sucess\u00e3o de ambientes que abordavam a 5 grandes \u00e1reas m\u00e9dicas:<\/p>\n<p>\u00a0<\/p>\n<ul style=\"font-size: 16px; background-color: #ffffff;\">\n<li style=\"font-size: 16px;\">Cl\u00ednica M\u00e9dica;<\/li>\n<li style=\"font-size: 16px;\">Cl\u00ednica Cir\u00fargica;<\/li>\n<li style=\"font-size: 16px;\">Ginecologia e Obstetr\u00edcia;<\/li>\n<li style=\"font-size: 16px;\">Pediatria e;<\/li>\n<li style=\"font-size: 16px;\">Medicina Preventiva e Social.<\/li>\n<\/ul>\n<p>\u00a0<\/p>\n<p>Pensando nisso, a aplica\u00e7\u00e3o se deu em 2 per\u00edodos.<\/p>\n<p>\t\t\t\t\t\t\t\t\t\t\t\t\t\t\t\t<a href=\"https:\/\/open.spotify.com\/show\/3MyFcLlKhKequpHll6qpue?si=d0519b77e5c04e2d\" target=\"_blank\" rel=\"noopener\"><br \/>\n\t\t\t\t\t\t\t<img loading=\"lazy\" decoding=\"async\" width=\"800\" height=\"135\" src=\"https:\/\/www.grupomedcof.com.br\/blog\/wp-content\/uploads\/2023\/08\/Blog-MedCof-2023-08-10T144038.525-1024x173.png\" alt=\"medcof, medcof academy, hiit medcof, medcof derma, medcof hiit, medcof extensivo, medcof revalida\" srcset=\"https:\/\/www.grupomedcof.com.br\/blog\/wp-content\/uploads\/2023\/08\/Blog-MedCof-2023-08-10T144038.525-1024x173.png 1024w, https:\/\/www.grupomedcof.com.br\/blog\/wp-content\/uploads\/2023\/08\/Blog-MedCof-2023-08-10T144038.525-300x51.png 300w, https:\/\/www.grupomedcof.com.br\/blog\/wp-content\/uploads\/2023\/08\/Blog-MedCof-2023-08-10T144038.525-768x130.png 768w, https:\/\/www.grupomedcof.com.br\/blog\/wp-content\/uploads\/2023\/08\/Blog-MedCof-2023-08-10T144038.525-1536x259.png 1536w, https:\/\/www.grupomedcof.com.br\/blog\/wp-content\/uploads\/2023\/08\/Blog-MedCof-2023-08-10T144038.525-2048x345.png 2048w\" sizes=\"auto, (max-width: 800px) 100vw, 800px\" \/>\t\t\t\t\t\t\t\t<\/a><\/p>\n<h3><span class=\"ez-toc-section\" id=\"Analise_Curricular\"><\/span><strong style=\"color: inherit; font-family: inherit; font-size: 1.75rem;\">An\u00e1lise Curricular<\/strong><span class=\"ez-toc-section-end\"><\/span><\/h3>\n<p>Por fim, a an\u00e1lise curricular comp\u00f4s a \u00faltima etapa do processo seletivo e somava os 10% da nota final, sendo apenas de car\u00e1ter classificat\u00f3rio. Sendo assim, os candidatos precisaram fazer o upload dos documentos atrav\u00e9s da <a href=\"http:\/\/www.avaliacao.fmb.unesp.br\/login.php?accesscheck=%2Findex.php\" target=\"_blank\" rel=\"nofollow noopener\">p\u00e1gina designada pela UNESP<\/a> e foram avaliados de acordo com os seguintes crit\u00e9rios:<\/p>\n<p>\u00a0<\/p>\n<ul>\n<li>Dura\u00e7\u00e3o do internato;<\/li>\n<li>Aproveitamento durante o curso de gradua\u00e7\u00e3o;<\/li>\n<li>Participa\u00e7\u00e3o em atividades extra-curriculares relacionadas ao ensino, assist\u00eancia m\u00e9dica e est\u00e1gios supervisionados;<\/li>\n<li>Pesquisa cient\u00edfica e envolvimento institucional;<\/li>\n<li>Participa\u00e7\u00e3o de atividades de \u00e2mbito n\u00e3o relacionadas diretamente \u00e0 profiss\u00e3o;<\/li>\n<li>L\u00ednguas estrangeiras;<\/li>\n<li>Monitorias;<\/li>\n<li>Trabalhos publicados;<\/li>\n<li>Trabalhos apresentados em congressos;<\/li>\n<li>Bolsa oficial de inicia\u00e7\u00e3o cient\u00edfica (especificar fonte: PIBIC ou outras); e<\/li>\n<li>Outras atividades e caracter\u00edsticas apresentadas.<\/li>\n<\/ul>\n<p>\u00a0<\/p>\n<p>Al\u00e9m disso, para a etapa de argui\u00e7\u00e3o considerou-se:<\/p>\n<ul>\n<li>Postura<\/li>\n<li>Objetividade<\/li>\n<li>Capacidade de auto avalia\u00e7\u00e3o (pessoal e profissional),<\/li>\n<li>Expectativas profissionais para os pr\u00f3ximos anos,<\/li>\n<li>Flu\u00eancia verbal e<\/li>\n<li>Desenvoltura do candidato.<\/li>\n<\/ul>\n<section data-id=\"5f13890\" data-element_type=\"section\">\n<section data-id=\"5f13890\" data-element_type=\"section\">\u00a0<\/section>\n<\/section>\n<h2 style=\"font-family: Poppins, sans-serif; color: #7a7a7a;\"><span class=\"ez-toc-section\" id=\"Residencia_Medica_UNESP_2023_Resultado_Final\"><\/span>Resid\u00eancia M\u00e9dica UNESP 2023: Resultado Final<span class=\"ez-toc-section-end\"><\/span><\/h2>\n<p>Portanto, ap\u00f3s todas as etapas do processo seletivo, ocorreu a divulga\u00e7\u00e3o do resultado final no dia<strong> 20 de janeiro de 2023.<\/strong><\/p>\n<h2 style=\"font-family: Poppins, sans-serif; color: rgb(122, 122, 122);\"><span class=\"ez-toc-section\" id=\"Conquiste_a_aprovacao\"><\/span>Conquiste a aprova\u00e7\u00e3o!<span class=\"ez-toc-section-end\"><\/span><\/h2>\n<p>As provas de resid\u00eancia est\u00e3o cada vez mais perto! Se voc\u00ea quer<a href=\"https:\/\/www.grupomedcof.com.br\/blog\/presenca-da-medcof-nas-aprovacoes-em-residencia-medica-no-brasil\/\" target=\"_blank\" rel=\"noopener\">&nbsp;ser mais um aprovado&nbsp;<\/a>nas melhores resid\u00eancias m\u00e9dicas do pa\u00eds, ent\u00e3o conhe\u00e7a o<a href=\"https:\/\/www.grupomedcof.com.br\/\" target=\"_blank\" rel=\"noopener\">&nbsp;Grupo&nbsp;MedCof<\/a>!&nbsp;Temos um cat\u00e1logo repleto de cursos que te guiar\u00e3o na jornada para as provas de Resid\u00eancia M\u00e9dica que ocorrer\u00e3o em 2023!<\/p>\n<section data-id=\"5f13890\" data-element_type=\"section\">\n<section data-id=\"5f13890\" data-element_type=\"section\">&nbsp;Mas, se voc\u00ea \u00e9 novo por aqui, que tal se inscrever na<a href=\"https:\/\/www.grupomedcof.com.br\/inscricao-hiit-2023\/\" target=\"_blank\" rel=\"noopener\">&nbsp;Semana HIIT<\/a>?&nbsp;Ser\u00e1 um evento&nbsp;100% gratuito e online&nbsp;que te permitir\u00e1 conhecer um pouco do nosso m\u00e9todo de ensino!<\/section>\n<\/section>\n<p>\t\t\t\t\t\t\t\t\t\t\t\t\t\t\t\t<a href=\"https:\/\/www.grupomedcof.com.br\/inscricao-hiit-2023\/\" target=\"_blank\" rel=\"noopener\"><br \/>\n\t\t\t\t\t\t\t<img loading=\"lazy\" decoding=\"async\" width=\"800\" height=\"442\" src=\"https:\/\/www.grupomedcof.com.br\/blog\/wp-content\/uploads\/2023\/05\/Inscricao-Semana-HIIT-1024x566.png\" alt=\"Semana HIIT MedCof, aulas grupo medcof, medcof, aulas medcof, medcof qbank, gupo medcof\" srcset=\"https:\/\/www.grupomedcof.com.br\/blog\/wp-content\/uploads\/2023\/05\/Inscricao-Semana-HIIT-1024x566.png 1024w, https:\/\/www.grupomedcof.com.br\/blog\/wp-content\/uploads\/2023\/05\/Inscricao-Semana-HIIT-300x166.png 300w, https:\/\/www.grupomedcof.com.br\/blog\/wp-content\/uploads\/2023\/05\/Inscricao-Semana-HIIT-768x425.png 768w, https:\/\/www.grupomedcof.com.br\/blog\/wp-content\/uploads\/2023\/05\/Inscricao-Semana-HIIT.png 1242w\" sizes=\"auto, (max-width: 800px) 100vw, 800px\" \/>\t\t\t\t\t\t\t\t<\/a><\/p>\n","protected":false},"excerpt":{"rendered":"<p>Em carta aberta divulgada em seu portal, a Faculdade de Medicina de Botucatu (FMB) da Universidade Estadual Paulista (UNESP), informa que haver\u00e3o mudan\u00e7as no processo seletivo para resid\u00eancia m\u00e9dica de 2024. <\/p>\n","protected":false},"author":6,"featured_media":8497,"comment_status":"open","ping_status":"open","sticky":false,"template":"","format":"standard","meta":{"footnotes":""},"categories":[173,174],"tags":[117,68,233],"ppma_author":[3609],"class_list":{"0":"post-8495","1":"post","2":"type-post","3":"status-publish","4":"format-standard","5":"has-post-thumbnail","7":"category-novidades","8":"category-residencia-medica","9":"tag-provas-de-residencia","10":"tag-residencia-medica","11":"tag-unesp"},"yoast_head":"<!-- This site is optimized with the Yoast SEO Premium plugin v24.3 (Yoast SEO v27.4) - https:\/\/yoast.com\/product\/yoast-seo-premium-wordpress\/ -->\n<title>Resid\u00eancia M\u00e9dica UNESP 2024: Mudan\u00e7as no processo seletivo - Blog de Medcof: conte\u00fados, editais, revalida e mais!<\/title>\n<meta name=\"description\" content=\"Em carta aberta divulgada pela UNESP, haver\u00e3o mudan\u00e7as no processo seletivo para resid\u00eancia m\u00e9dica de 2024.\" \/>\n<meta name=\"robots\" content=\"index, follow, max-snippet:-1, max-image-preview:large, max-video-preview:-1\" \/>\n<link rel=\"canonical\" href=\"https:\/\/www.grupomedcof.com.br\/blog\/residencia-medica-unesp-2024-mudancas-no-processo-seletivo\/\" \/>\n<meta property=\"og:locale\" content=\"pt_BR\" \/>\n<meta property=\"og:type\" content=\"article\" \/>\n<meta property=\"og:title\" content=\"Resid\u00eancia M\u00e9dica UNESP 2024: Mudan\u00e7as no processo seletivo\" \/>\n<meta property=\"og:description\" content=\"Em carta aberta divulgada pela UNESP, haver\u00e3o mudan\u00e7as no processo seletivo para resid\u00eancia m\u00e9dica de 2024.\" \/>\n<meta property=\"og:url\" content=\"https:\/\/www.grupomedcof.com.br\/blog\/residencia-medica-unesp-2024-mudancas-no-processo-seletivo\/\" \/>\n<meta property=\"og:site_name\" content=\"Blog de Medcof: conte\u00fados, editais, revalida e mais!\" \/>\n<meta property=\"article:publisher\" content=\"https:\/\/www.facebook.com\/MedCofQbank\/\" \/>\n<meta property=\"article:published_time\" content=\"2023-06-28T19:56:39+00:00\" \/>\n<meta property=\"og:image\" content=\"https:\/\/www.grupomedcof.com.br\/blog\/wp-content\/uploads\/2023\/06\/Blog-MedCof-2023-06-28T161638.321-1024x576.png\" \/>\n\t<meta property=\"og:image:width\" content=\"1024\" \/>\n\t<meta property=\"og:image:height\" content=\"576\" \/>\n\t<meta property=\"og:image:type\" content=\"image\/png\" \/>\n<meta name=\"author\" content=\"J\u00falia Moreira\" \/>\n<meta name=\"twitter:card\" content=\"summary_large_image\" \/>\n<meta name=\"twitter:label1\" content=\"Escrito por\" \/>\n\t<meta name=\"twitter:data1\" content=\"J\u00falia Moreira\" \/>\n\t<meta name=\"twitter:label2\" content=\"Est. tempo de leitura\" \/>\n\t<meta name=\"twitter:data2\" content=\"9 minutos\" \/>\n<script type=\"application\/ld+json\" class=\"yoast-schema-graph\">{\"@context\":\"https:\\\/\\\/schema.org\",\"@graph\":[{\"@type\":\"Article\",\"@id\":\"https:\\\/\\\/www.grupomedcof.com.br\\\/blog\\\/residencia-medica-unesp-2024-mudancas-no-processo-seletivo\\\/#article\",\"isPartOf\":{\"@id\":\"https:\\\/\\\/www.grupomedcof.com.br\\\/blog\\\/residencia-medica-unesp-2024-mudancas-no-processo-seletivo\\\/\"},\"author\":{\"name\":\"J\u00falia Moreira\",\"@id\":\"https:\\\/\\\/www.grupomedcof.com.br\\\/blog\\\/#\\\/schema\\\/person\\\/1375e0ce724529d7a1d8156ea7f8ceaa\"},\"headline\":\"Resid\u00eancia M\u00e9dica UNESP 2024: Mudan\u00e7as no processo seletivo\",\"datePublished\":\"2023-06-28T19:56:39+00:00\",\"mainEntityOfPage\":{\"@id\":\"https:\\\/\\\/www.grupomedcof.com.br\\\/blog\\\/residencia-medica-unesp-2024-mudancas-no-processo-seletivo\\\/\"},\"wordCount\":1034,\"commentCount\":1,\"publisher\":{\"@id\":\"https:\\\/\\\/www.grupomedcof.com.br\\\/blog\\\/#organization\"},\"image\":{\"@id\":\"https:\\\/\\\/www.grupomedcof.com.br\\\/blog\\\/residencia-medica-unesp-2024-mudancas-no-processo-seletivo\\\/#primaryimage\"},\"thumbnailUrl\":\"https:\\\/\\\/www.grupomedcof.com.br\\\/blog\\\/wp-content\\\/uploads\\\/2023\\\/06\\\/Blog-MedCof-2023-06-28T161638.321.png\",\"keywords\":[\"Provas de Resid\u00eancia\",\"Resid\u00eancia M\u00e9dica\",\"UNESP\"],\"articleSection\":[\"Novidades\",\"Resid\u00eancia m\u00e9dica: editais, resultados, temas quentes e mais\"],\"inLanguage\":\"pt-BR\"},{\"@type\":\"WebPage\",\"@id\":\"https:\\\/\\\/www.grupomedcof.com.br\\\/blog\\\/residencia-medica-unesp-2024-mudancas-no-processo-seletivo\\\/\",\"url\":\"https:\\\/\\\/www.grupomedcof.com.br\\\/blog\\\/residencia-medica-unesp-2024-mudancas-no-processo-seletivo\\\/\",\"name\":\"Resid\u00eancia M\u00e9dica UNESP 2024: Mudan\u00e7as no processo seletivo - Blog de Medcof: conte\u00fados, editais, revalida e mais!\",\"isPartOf\":{\"@id\":\"https:\\\/\\\/www.grupomedcof.com.br\\\/blog\\\/#website\"},\"primaryImageOfPage\":{\"@id\":\"https:\\\/\\\/www.grupomedcof.com.br\\\/blog\\\/residencia-medica-unesp-2024-mudancas-no-processo-seletivo\\\/#primaryimage\"},\"image\":{\"@id\":\"https:\\\/\\\/www.grupomedcof.com.br\\\/blog\\\/residencia-medica-unesp-2024-mudancas-no-processo-seletivo\\\/#primaryimage\"},\"thumbnailUrl\":\"https:\\\/\\\/www.grupomedcof.com.br\\\/blog\\\/wp-content\\\/uploads\\\/2023\\\/06\\\/Blog-MedCof-2023-06-28T161638.321.png\",\"datePublished\":\"2023-06-28T19:56:39+00:00\",\"description\":\"Em carta aberta divulgada pela UNESP, haver\u00e3o mudan\u00e7as no processo seletivo para resid\u00eancia m\u00e9dica de 2024.\",\"breadcrumb\":{\"@id\":\"https:\\\/\\\/www.grupomedcof.com.br\\\/blog\\\/residencia-medica-unesp-2024-mudancas-no-processo-seletivo\\\/#breadcrumb\"},\"inLanguage\":\"pt-BR\",\"potentialAction\":[{\"@type\":\"ReadAction\",\"target\":[\"https:\\\/\\\/www.grupomedcof.com.br\\\/blog\\\/residencia-medica-unesp-2024-mudancas-no-processo-seletivo\\\/\"]}]},{\"@type\":\"ImageObject\",\"inLanguage\":\"pt-BR\",\"@id\":\"https:\\\/\\\/www.grupomedcof.com.br\\\/blog\\\/residencia-medica-unesp-2024-mudancas-no-processo-seletivo\\\/#primaryimage\",\"url\":\"https:\\\/\\\/www.grupomedcof.com.br\\\/blog\\\/wp-content\\\/uploads\\\/2023\\\/06\\\/Blog-MedCof-2023-06-28T161638.321.png\",\"contentUrl\":\"https:\\\/\\\/www.grupomedcof.com.br\\\/blog\\\/wp-content\\\/uploads\\\/2023\\\/06\\\/Blog-MedCof-2023-06-28T161638.321.png\",\"width\":2560,\"height\":1440,\"caption\":\"unesp 2024, resid\u00eancia m\u00e9dica unesp, carta aberta unesp, residencia medica unesp 2024, unesp residencia medica 2024, mudan\u00e7as para residencia medica na unesp, unesp residencia medica mudan\u00e7as, prova pr\u00e1tica unesp 2024, residencia medica 2024 unesp\"},{\"@type\":\"BreadcrumbList\",\"@id\":\"https:\\\/\\\/www.grupomedcof.com.br\\\/blog\\\/residencia-medica-unesp-2024-mudancas-no-processo-seletivo\\\/#breadcrumb\",\"itemListElement\":[{\"@type\":\"ListItem\",\"position\":1,\"name\":\"In\u00edcio\",\"item\":\"https:\\\/\\\/www.grupomedcof.com.br\\\/blog\\\/\"},{\"@type\":\"ListItem\",\"position\":2,\"name\":\"Resid\u00eancia M\u00e9dica UNESP 2024: Mudan\u00e7as no processo seletivo\"}]},{\"@type\":\"WebSite\",\"@id\":\"https:\\\/\\\/www.grupomedcof.com.br\\\/blog\\\/#website\",\"url\":\"https:\\\/\\\/www.grupomedcof.com.br\\\/blog\\\/\",\"name\":\"Blog de Medcof: conte\u00fados, editais, revalida e mais!\",\"description\":\"Acesso o blog de MedCof! Seu portal de conte\u00fados sobre resid\u00eancia m\u00e9dica, an\u00e1lise e editais e muito mais. Clique e confira!\",\"publisher\":{\"@id\":\"https:\\\/\\\/www.grupomedcof.com.br\\\/blog\\\/#organization\"},\"alternateName\":\"Blog de Medcof: conte\u00fados, editais, revalida e mais!\",\"potentialAction\":[{\"@type\":\"SearchAction\",\"target\":{\"@type\":\"EntryPoint\",\"urlTemplate\":\"https:\\\/\\\/www.grupomedcof.com.br\\\/blog\\\/?s={search_term_string}\"},\"query-input\":{\"@type\":\"PropertyValueSpecification\",\"valueRequired\":true,\"valueName\":\"search_term_string\"}}],\"inLanguage\":\"pt-BR\"},{\"@type\":\"Organization\",\"@id\":\"https:\\\/\\\/www.grupomedcof.com.br\\\/blog\\\/#organization\",\"name\":\"Grupo MedCof\",\"url\":\"https:\\\/\\\/www.grupomedcof.com.br\\\/blog\\\/\",\"logo\":{\"@type\":\"ImageObject\",\"inLanguage\":\"pt-BR\",\"@id\":\"https:\\\/\\\/www.grupomedcof.com.br\\\/blog\\\/#\\\/schema\\\/logo\\\/image\\\/\",\"url\":\"https:\\\/\\\/www.grupomedcof.com.br\\\/blog\\\/wp-content\\\/uploads\\\/2022\\\/01\\\/logo-medcof.png\",\"contentUrl\":\"https:\\\/\\\/www.grupomedcof.com.br\\\/blog\\\/wp-content\\\/uploads\\\/2022\\\/01\\\/logo-medcof.png\",\"width\":768,\"height\":269,\"caption\":\"Grupo MedCof\"},\"image\":{\"@id\":\"https:\\\/\\\/www.grupomedcof.com.br\\\/blog\\\/#\\\/schema\\\/logo\\\/image\\\/\"},\"sameAs\":[\"https:\\\/\\\/www.facebook.com\\\/MedCofQbank\\\/\",\"https:\\\/\\\/www.instagram.com\\\/grupomedcof\\\/\",\"https:\\\/\\\/br.linkedin.com\\\/company\\\/medcof\",\"https:\\\/\\\/www.youtube.com\\\/channel\\\/UCdHMuOHKICxcHwecxN8P-AA\"]},{\"@type\":\"Person\",\"@id\":\"https:\\\/\\\/www.grupomedcof.com.br\\\/blog\\\/#\\\/schema\\\/person\\\/1375e0ce724529d7a1d8156ea7f8ceaa\",\"name\":\"J\u00falia Moreira\",\"image\":{\"@type\":\"ImageObject\",\"inLanguage\":\"pt-BR\",\"@id\":\"https:\\\/\\\/www.grupomedcof.com.br\\\/blog\\\/wp-content\\\/uploads\\\/2024\\\/12\\\/cropped-Captura-de-tela-2023-12-15-094946-96x96.png6a0083ac34a0445de97d55fae63a4a41\",\"url\":\"https:\\\/\\\/www.grupomedcof.com.br\\\/blog\\\/wp-content\\\/uploads\\\/2024\\\/12\\\/cropped-Captura-de-tela-2023-12-15-094946-96x96.png\",\"contentUrl\":\"https:\\\/\\\/www.grupomedcof.com.br\\\/blog\\\/wp-content\\\/uploads\\\/2024\\\/12\\\/cropped-Captura-de-tela-2023-12-15-094946-96x96.png\",\"caption\":\"J\u00falia Moreira\"},\"description\":\"Estudante do 8\u00ba semestre de Jornalismo na ECA-USP, f\u00e3 de filmes de terror e m\u00fasica popular sul-coreana.\",\"sameAs\":[\"https:\\\/\\\/www.grupomedcof.com.br\\\/\"],\"url\":\"https:\\\/\\\/www.grupomedcof.com.br\\\/blog\\\/author\\\/julia\\\/\"}]}<\/script>\n<!-- \/ Yoast SEO Premium plugin. -->","yoast_head_json":{"title":"Resid\u00eancia M\u00e9dica UNESP 2024: Mudan\u00e7as no processo seletivo - Blog de Medcof: conte\u00fados, editais, revalida e mais!","description":"Em carta aberta divulgada pela UNESP, haver\u00e3o mudan\u00e7as no processo seletivo para resid\u00eancia m\u00e9dica de 2024.","robots":{"index":"index","follow":"follow","max-snippet":"max-snippet:-1","max-image-preview":"max-image-preview:large","max-video-preview":"max-video-preview:-1"},"canonical":"https:\/\/www.grupomedcof.com.br\/blog\/residencia-medica-unesp-2024-mudancas-no-processo-seletivo\/","og_locale":"pt_BR","og_type":"article","og_title":"Resid\u00eancia M\u00e9dica UNESP 2024: Mudan\u00e7as no processo seletivo","og_description":"Em carta aberta divulgada pela UNESP, haver\u00e3o mudan\u00e7as no processo seletivo para resid\u00eancia m\u00e9dica de 2024.","og_url":"https:\/\/www.grupomedcof.com.br\/blog\/residencia-medica-unesp-2024-mudancas-no-processo-seletivo\/","og_site_name":"Blog de Medcof: conte\u00fados, editais, revalida e mais!","article_publisher":"https:\/\/www.facebook.com\/MedCofQbank\/","article_published_time":"2023-06-28T19:56:39+00:00","og_image":[{"width":1024,"height":576,"url":"https:\/\/www.grupomedcof.com.br\/blog\/wp-content\/uploads\/2023\/06\/Blog-MedCof-2023-06-28T161638.321-1024x576.png","type":"image\/png"}],"author":"J\u00falia Moreira","twitter_card":"summary_large_image","twitter_misc":{"Escrito por":"J\u00falia Moreira","Est. tempo de leitura":"9 minutos"},"schema":{"@context":"https:\/\/schema.org","@graph":[{"@type":"Article","@id":"https:\/\/www.grupomedcof.com.br\/blog\/residencia-medica-unesp-2024-mudancas-no-processo-seletivo\/#article","isPartOf":{"@id":"https:\/\/www.grupomedcof.com.br\/blog\/residencia-medica-unesp-2024-mudancas-no-processo-seletivo\/"},"author":{"name":"J\u00falia Moreira","@id":"https:\/\/www.grupomedcof.com.br\/blog\/#\/schema\/person\/1375e0ce724529d7a1d8156ea7f8ceaa"},"headline":"Resid\u00eancia M\u00e9dica UNESP 2024: Mudan\u00e7as no processo seletivo","datePublished":"2023-06-28T19:56:39+00:00","mainEntityOfPage":{"@id":"https:\/\/www.grupomedcof.com.br\/blog\/residencia-medica-unesp-2024-mudancas-no-processo-seletivo\/"},"wordCount":1034,"commentCount":1,"publisher":{"@id":"https:\/\/www.grupomedcof.com.br\/blog\/#organization"},"image":{"@id":"https:\/\/www.grupomedcof.com.br\/blog\/residencia-medica-unesp-2024-mudancas-no-processo-seletivo\/#primaryimage"},"thumbnailUrl":"https:\/\/www.grupomedcof.com.br\/blog\/wp-content\/uploads\/2023\/06\/Blog-MedCof-2023-06-28T161638.321.png","keywords":["Provas de Resid\u00eancia","Resid\u00eancia M\u00e9dica","UNESP"],"articleSection":["Novidades","Resid\u00eancia m\u00e9dica: editais, resultados, temas quentes e mais"],"inLanguage":"pt-BR"},{"@type":"WebPage","@id":"https:\/\/www.grupomedcof.com.br\/blog\/residencia-medica-unesp-2024-mudancas-no-processo-seletivo\/","url":"https:\/\/www.grupomedcof.com.br\/blog\/residencia-medica-unesp-2024-mudancas-no-processo-seletivo\/","name":"Resid\u00eancia M\u00e9dica UNESP 2024: Mudan\u00e7as no processo seletivo - Blog de Medcof: conte\u00fados, editais, revalida e mais!","isPartOf":{"@id":"https:\/\/www.grupomedcof.com.br\/blog\/#website"},"primaryImageOfPage":{"@id":"https:\/\/www.grupomedcof.com.br\/blog\/residencia-medica-unesp-2024-mudancas-no-processo-seletivo\/#primaryimage"},"image":{"@id":"https:\/\/www.grupomedcof.com.br\/blog\/residencia-medica-unesp-2024-mudancas-no-processo-seletivo\/#primaryimage"},"thumbnailUrl":"https:\/\/www.grupomedcof.com.br\/blog\/wp-content\/uploads\/2023\/06\/Blog-MedCof-2023-06-28T161638.321.png","datePublished":"2023-06-28T19:56:39+00:00","description":"Em carta aberta divulgada pela UNESP, haver\u00e3o mudan\u00e7as no processo seletivo para resid\u00eancia m\u00e9dica de 2024.","breadcrumb":{"@id":"https:\/\/www.grupomedcof.com.br\/blog\/residencia-medica-unesp-2024-mudancas-no-processo-seletivo\/#breadcrumb"},"inLanguage":"pt-BR","potentialAction":[{"@type":"ReadAction","target":["https:\/\/www.grupomedcof.com.br\/blog\/residencia-medica-unesp-2024-mudancas-no-processo-seletivo\/"]}]},{"@type":"ImageObject","inLanguage":"pt-BR","@id":"https:\/\/www.grupomedcof.com.br\/blog\/residencia-medica-unesp-2024-mudancas-no-processo-seletivo\/#primaryimage","url":"https:\/\/www.grupomedcof.com.br\/blog\/wp-content\/uploads\/2023\/06\/Blog-MedCof-2023-06-28T161638.321.png","contentUrl":"https:\/\/www.grupomedcof.com.br\/blog\/wp-content\/uploads\/2023\/06\/Blog-MedCof-2023-06-28T161638.321.png","width":2560,"height":1440,"caption":"unesp 2024, resid\u00eancia m\u00e9dica unesp, carta aberta unesp, residencia medica unesp 2024, unesp residencia medica 2024, mudan\u00e7as para residencia medica na unesp, unesp residencia medica mudan\u00e7as, prova pr\u00e1tica unesp 2024, residencia medica 2024 unesp"},{"@type":"BreadcrumbList","@id":"https:\/\/www.grupomedcof.com.br\/blog\/residencia-medica-unesp-2024-mudancas-no-processo-seletivo\/#breadcrumb","itemListElement":[{"@type":"ListItem","position":1,"name":"In\u00edcio","item":"https:\/\/www.grupomedcof.com.br\/blog\/"},{"@type":"ListItem","position":2,"name":"Resid\u00eancia M\u00e9dica UNESP 2024: Mudan\u00e7as no processo seletivo"}]},{"@type":"WebSite","@id":"https:\/\/www.grupomedcof.com.br\/blog\/#website","url":"https:\/\/www.grupomedcof.com.br\/blog\/","name":"Blog de Medcof: conte\u00fados, editais, revalida e mais!","description":"Acesso o blog de MedCof! Seu portal de conte\u00fados sobre resid\u00eancia m\u00e9dica, an\u00e1lise e editais e muito mais. Clique e confira!","publisher":{"@id":"https:\/\/www.grupomedcof.com.br\/blog\/#organization"},"alternateName":"Blog de Medcof: conte\u00fados, editais, revalida e mais!","potentialAction":[{"@type":"SearchAction","target":{"@type":"EntryPoint","urlTemplate":"https:\/\/www.grupomedcof.com.br\/blog\/?s={search_term_string}"},"query-input":{"@type":"PropertyValueSpecification","valueRequired":true,"valueName":"search_term_string"}}],"inLanguage":"pt-BR"},{"@type":"Organization","@id":"https:\/\/www.grupomedcof.com.br\/blog\/#organization","name":"Grupo MedCof","url":"https:\/\/www.grupomedcof.com.br\/blog\/","logo":{"@type":"ImageObject","inLanguage":"pt-BR","@id":"https:\/\/www.grupomedcof.com.br\/blog\/#\/schema\/logo\/image\/","url":"https:\/\/www.grupomedcof.com.br\/blog\/wp-content\/uploads\/2022\/01\/logo-medcof.png","contentUrl":"https:\/\/www.grupomedcof.com.br\/blog\/wp-content\/uploads\/2022\/01\/logo-medcof.png","width":768,"height":269,"caption":"Grupo MedCof"},"image":{"@id":"https:\/\/www.grupomedcof.com.br\/blog\/#\/schema\/logo\/image\/"},"sameAs":["https:\/\/www.facebook.com\/MedCofQbank\/","https:\/\/www.instagram.com\/grupomedcof\/","https:\/\/br.linkedin.com\/company\/medcof","https:\/\/www.youtube.com\/channel\/UCdHMuOHKICxcHwecxN8P-AA"]},{"@type":"Person","@id":"https:\/\/www.grupomedcof.com.br\/blog\/#\/schema\/person\/1375e0ce724529d7a1d8156ea7f8ceaa","name":"J\u00falia Moreira","image":{"@type":"ImageObject","inLanguage":"pt-BR","@id":"https:\/\/www.grupomedcof.com.br\/blog\/wp-content\/uploads\/2024\/12\/cropped-Captura-de-tela-2023-12-15-094946-96x96.png6a0083ac34a0445de97d55fae63a4a41","url":"https:\/\/www.grupomedcof.com.br\/blog\/wp-content\/uploads\/2024\/12\/cropped-Captura-de-tela-2023-12-15-094946-96x96.png","contentUrl":"https:\/\/www.grupomedcof.com.br\/blog\/wp-content\/uploads\/2024\/12\/cropped-Captura-de-tela-2023-12-15-094946-96x96.png","caption":"J\u00falia Moreira"},"description":"Estudante do 8\u00ba semestre de Jornalismo na ECA-USP, f\u00e3 de filmes de terror e m\u00fasica popular sul-coreana.","sameAs":["https:\/\/www.grupomedcof.com.br\/"],"url":"https:\/\/www.grupomedcof.com.br\/blog\/author\/julia\/"}]}},"authors":[{"term_id":3609,"user_id":6,"is_guest":0,"slug":"julia","display_name":"J\u00falia Moreira","avatar_url":"https:\/\/www.grupomedcof.com.br\/blog\/wp-content\/uploads\/2024\/12\/cropped-Captura-de-tela-2023-12-15-094946-96x96.png","0":null,"1":"","2":"","3":"","4":"","5":"","6":"","7":"","8":""}],"_links":{"self":[{"href":"https:\/\/www.grupomedcof.com.br\/blog\/wp-json\/wp\/v2\/posts\/8495","targetHints":{"allow":["GET"]}}],"collection":[{"href":"https:\/\/www.grupomedcof.com.br\/blog\/wp-json\/wp\/v2\/posts"}],"about":[{"href":"https:\/\/www.grupomedcof.com.br\/blog\/wp-json\/wp\/v2\/types\/post"}],"author":[{"embeddable":true,"href":"https:\/\/www.grupomedcof.com.br\/blog\/wp-json\/wp\/v2\/users\/6"}],"replies":[{"embeddable":true,"href":"https:\/\/www.grupomedcof.com.br\/blog\/wp-json\/wp\/v2\/comments?post=8495"}],"version-history":[{"count":0,"href":"https:\/\/www.grupomedcof.com.br\/blog\/wp-json\/wp\/v2\/posts\/8495\/revisions"}],"wp:featuredmedia":[{"embeddable":true,"href":"https:\/\/www.grupomedcof.com.br\/blog\/wp-json\/wp\/v2\/media\/8497"}],"wp:attachment":[{"href":"https:\/\/www.grupomedcof.com.br\/blog\/wp-json\/wp\/v2\/media?parent=8495"}],"wp:term":[{"taxonomy":"category","embeddable":true,"href":"https:\/\/www.grupomedcof.com.br\/blog\/wp-json\/wp\/v2\/categories?post=8495"},{"taxonomy":"post_tag","embeddable":true,"href":"https:\/\/www.grupomedcof.com.br\/blog\/wp-json\/wp\/v2\/tags?post=8495"},{"taxonomy":"author","embeddable":true,"href":"https:\/\/www.grupomedcof.com.br\/blog\/wp-json\/wp\/v2\/ppma_author?post=8495"}],"curies":[{"name":"wp","href":"https:\/\/api.w.org\/{rel}","templated":true}]}}