{"id":8513,"date":"2023-06-29T10:12:34","date_gmt":"2023-06-29T13:12:34","guid":{"rendered":"https:\/\/www.grupomedcof.com.br\/blog\/?p=8513"},"modified":"2026-04-24T17:07:40","modified_gmt":"2026-04-24T20:07:40","slug":"esquizofrenia-quadro-clinico-para-voce-nunca-mais-esquecer","status":"publish","type":"post","link":"https:\/\/www.grupomedcof.com.br\/blog\/esquizofrenia-quadro-clinico-para-voce-nunca-mais-esquecer\/","title":{"rendered":"Esquizofrenia: quadro cl\u00ednico para voc\u00ea nunca mais esquecer"},"content":{"rendered":"<div id=\"ez-toc-container\" class=\"ez-toc-v2_0_74 counter-hierarchy ez-toc-counter ez-toc-transparent ez-toc-container-direction\">\n<div class=\"ez-toc-title-container\">\n<p class=\"ez-toc-title\" style=\"cursor:inherit\">Sum\u00e1rio<\/p>\n<span class=\"ez-toc-title-toggle\"><a href=\"#\" class=\"ez-toc-pull-right ez-toc-btn ez-toc-btn-xs ez-toc-btn-default ez-toc-toggle\" aria-label=\"Alternar tabela de conte\u00fado\"><span class=\"ez-toc-js-icon-con\"><span class=\"\"><span class=\"eztoc-hide\" style=\"display:none;\">Toggle<\/span><span class=\"ez-toc-icon-toggle-span\"><svg style=\"fill: #999;color:#999\" xmlns=\"http:\/\/www.w3.org\/2000\/svg\" class=\"list-377408\" width=\"20px\" height=\"20px\" viewBox=\"0 0 24 24\" fill=\"none\"><path d=\"M6 6H4v2h2V6zm14 0H8v2h12V6zM4 11h2v2H4v-2zm16 0H8v2h12v-2zM4 16h2v2H4v-2zm16 0H8v2h12v-2z\" fill=\"currentColor\"><\/path><\/svg><svg style=\"fill: #999;color:#999\" class=\"arrow-unsorted-368013\" xmlns=\"http:\/\/www.w3.org\/2000\/svg\" width=\"10px\" height=\"10px\" viewBox=\"0 0 24 24\" version=\"1.2\" baseProfile=\"tiny\"><path d=\"M18.2 9.3l-6.2-6.3-6.2 6.3c-.2.2-.3.4-.3.7s.1.5.3.7c.2.2.4.3.7.3h11c.3 0 .5-.1.7-.3.2-.2.3-.5.3-.7s-.1-.5-.3-.7zM5.8 14.7l6.2 6.3 6.2-6.3c.2-.2.3-.5.3-.7s-.1-.5-.3-.7c-.2-.2-.4-.3-.7-.3h-11c-.3 0-.5.1-.7.3-.2.2-.3.5-.3.7s.1.5.3.7z\"\/><\/svg><\/span><\/span><\/span><\/a><\/span><\/div>\n<nav><ul class='ez-toc-list ez-toc-list-level-1 ' ><li class='ez-toc-page-1 ez-toc-heading-level-2'><a class=\"ez-toc-link ez-toc-heading-1\" href=\"https:\/\/www.grupomedcof.com.br\/blog\/esquizofrenia-quadro-clinico-para-voce-nunca-mais-esquecer\/#Leia_abaixo\" >Leia abaixo<\/a><\/li><li class='ez-toc-page-1 ez-toc-heading-level-2'><a class=\"ez-toc-link ez-toc-heading-2\" href=\"https:\/\/www.grupomedcof.com.br\/blog\/esquizofrenia-quadro-clinico-para-voce-nunca-mais-esquecer\/#O_que_e_esquizofrenia\" >O que \u00e9 esquizofrenia?<\/a><\/li><li class='ez-toc-page-1 ez-toc-heading-level-2'><a class=\"ez-toc-link ez-toc-heading-3\" href=\"https:\/\/www.grupomedcof.com.br\/blog\/esquizofrenia-quadro-clinico-para-voce-nunca-mais-esquecer\/#Esquizofrenia_Quadro_Clinico\" >Esquizofrenia: Quadro Cl\u00ednico<\/a><\/li><li class='ez-toc-page-1 ez-toc-heading-level-2'><a class=\"ez-toc-link ez-toc-heading-4\" href=\"https:\/\/www.grupomedcof.com.br\/blog\/esquizofrenia-quadro-clinico-para-voce-nunca-mais-esquecer\/#Esquizofrenia_Sinais_e_Sintomas_Pre-morbidos\" >Esquizofrenia: Sinais e Sintomas Pr\u00e9-m\u00f3rbidos<\/a><\/li><li class='ez-toc-page-1 ez-toc-heading-level-2'><a class=\"ez-toc-link ez-toc-heading-5\" href=\"https:\/\/www.grupomedcof.com.br\/blog\/esquizofrenia-quadro-clinico-para-voce-nunca-mais-esquecer\/#Achados_gerais\" >Achados gerais<\/a><\/li><li class='ez-toc-page-1 ez-toc-heading-level-2'><a class=\"ez-toc-link ez-toc-heading-6\" href=\"https:\/\/www.grupomedcof.com.br\/blog\/esquizofrenia-quadro-clinico-para-voce-nunca-mais-esquecer\/#Sintomas_Positivos\" >Sintomas Positivos<\/a><\/li><li class='ez-toc-page-1 ez-toc-heading-level-2'><a class=\"ez-toc-link ez-toc-heading-7\" href=\"https:\/\/www.grupomedcof.com.br\/blog\/esquizofrenia-quadro-clinico-para-voce-nunca-mais-esquecer\/#Sintomas_Negativos\" >Sintomas Negativos<\/a><\/li><li class='ez-toc-page-1 ez-toc-heading-level-2'><a class=\"ez-toc-link ez-toc-heading-8\" href=\"https:\/\/www.grupomedcof.com.br\/blog\/esquizofrenia-quadro-clinico-para-voce-nunca-mais-esquecer\/#Esquizofrenia_Catatonia\" >Esquizofrenia: Catatonia<\/a><\/li><li class='ez-toc-page-1 ez-toc-heading-level-2'><a class=\"ez-toc-link ez-toc-heading-9\" href=\"https:\/\/www.grupomedcof.com.br\/blog\/esquizofrenia-quadro-clinico-para-voce-nunca-mais-esquecer\/#Conquiste_a_aprovacao\" >Conquiste a aprova\u00e7\u00e3o!<\/a><\/li><\/ul><\/nav><\/div>\n<p><img loading=\"lazy\" decoding=\"async\" width=\"800\" height=\"450\" src=\"https:\/\/www.grupomedcof.com.br\/blog\/wp-content\/uploads\/2023\/06\/Blog-MedCof-2023-06-29T091040.980-1024x576.png\" alt=\"esquizofrenia, esquizofrenia sintomas, sintomas de esquizofrenia, tratamentos para esquizofrenia, tratamento para esquizofrenia, esquizofrenia sintomas iniciais\" srcset=\"https:\/\/www.grupomedcof.com.br\/blog\/wp-content\/uploads\/2023\/06\/Blog-MedCof-2023-06-29T091040.980-1024x576.png 1024w, https:\/\/www.grupomedcof.com.br\/blog\/wp-content\/uploads\/2023\/06\/Blog-MedCof-2023-06-29T091040.980-300x169.png 300w, https:\/\/www.grupomedcof.com.br\/blog\/wp-content\/uploads\/2023\/06\/Blog-MedCof-2023-06-29T091040.980-768x432.png 768w, https:\/\/www.grupomedcof.com.br\/blog\/wp-content\/uploads\/2023\/06\/Blog-MedCof-2023-06-29T091040.980-1536x864.png 1536w, https:\/\/www.grupomedcof.com.br\/blog\/wp-content\/uploads\/2023\/06\/Blog-MedCof-2023-06-29T091040.980-2048x1152.png 2048w\" sizes=\"auto, (max-width: 800px) 100vw, 800px\" \/>\t\t\t\t\t\t\t\t\t\t\t\t\t\t\t<\/p>\n<p>Se voc\u00ea quer saber mais sobre a esquizofrenia e seu quadro cl\u00ednico para nunca mais esquecer, neste post vamos tratar sobre a principais manifesta\u00e7\u00f5es cl\u00ednicas deste transtorno.<\/p>\n<h2><span class=\"ez-toc-section\" id=\"Leia_abaixo\"><\/span>\n\t\t\t\tLeia abaixo\t\t\t<span class=\"ez-toc-section-end\"><\/span><\/h2>\n<h2><span class=\"ez-toc-section\" id=\"O_que_e_esquizofrenia\"><\/span><strong>O que \u00e9 esquizofrenia?<\/strong><span class=\"ez-toc-section-end\"><\/span><\/h2>\n<p>A esquizofrenia \u00e9 um transtorno grave heterog\u00eaneo e de causa desconhecida que cursa com sintomas psic\u00f3ticos que prejudicam o funcionamento social.&nbsp;<\/p>\n<p>\t\t\t\t\t\t\t\t\t\t\t\t\t\t\t\t<a href=\"https:\/\/www.grupomedcof.com.br\/inscricao-hiit-2023\/\" target=\"_blank\" rel=\"noopener\"><br \/>\n\t\t\t\t\t\t\t<img loading=\"lazy\" decoding=\"async\" width=\"800\" height=\"141\" src=\"https:\/\/www.grupomedcof.com.br\/blog\/wp-content\/uploads\/2023\/05\/Captura-de-tela-2023-05-30-121547-1024x181.png\" alt=\"Semana HIIT MedCof, aulas grupo medcof, medcof, aulas medcof, medcof qbank, gupo medcof\" srcset=\"https:\/\/www.grupomedcof.com.br\/blog\/wp-content\/uploads\/2023\/05\/Captura-de-tela-2023-05-30-121547-1024x181.png 1024w, https:\/\/www.grupomedcof.com.br\/blog\/wp-content\/uploads\/2023\/05\/Captura-de-tela-2023-05-30-121547-300x53.png 300w, https:\/\/www.grupomedcof.com.br\/blog\/wp-content\/uploads\/2023\/05\/Captura-de-tela-2023-05-30-121547-768x136.png 768w, https:\/\/www.grupomedcof.com.br\/blog\/wp-content\/uploads\/2023\/05\/Captura-de-tela-2023-05-30-121547-1536x271.png 1536w, https:\/\/www.grupomedcof.com.br\/blog\/wp-content\/uploads\/2023\/05\/Captura-de-tela-2023-05-30-121547.png 1687w\" sizes=\"auto, (max-width: 800px) 100vw, 800px\" \/>\t\t\t\t\t\t\t\t<\/a><\/p>\n<h2 style=\"font-family: Poppins, sans-serif; color: #7a7a7a;\"><span class=\"ez-toc-section\" id=\"Esquizofrenia_Quadro_Clinico\"><\/span><strong>Esquizofrenia: Quadro Cl\u00ednico<\/strong><span class=\"ez-toc-section-end\"><\/span><\/h2>\n<p>A esquizofrenia faz parte da entidade dos transtornos psic\u00f3ticos, definidos como uma<strong> perda do ju\u00edzo da realidade na aus\u00eancia da altera\u00e7\u00e3o no n\u00edvel de consci\u00eancia.<\/strong> Dessa forma, ela pode se manifestar de variadas formas, mas geralmente fazemos uma divis\u00e3o did\u00e1tica em sinais e sintomas pr\u00e9-m\u00f3rbidos, sintomas positivos e sintomas negativos.<\/p>\n<p>\t\t\t\t\t\t\t\t\t\t\t\t\t\t\t<img loading=\"lazy\" decoding=\"async\" width=\"800\" height=\"266\" src=\"https:\/\/www.grupomedcof.com.br\/blog\/wp-content\/uploads\/2023\/06\/Blog-MedCof-2023-06-29T095814.690-1024x341.png\" alt=\"esquizofrenia, esquizofrenia sintomas, sintomas de esquizofrenia, tratamentos para esquizofrenia, tratamento para esquizofrenia, esquizofrenia sintomas iniciais\" srcset=\"https:\/\/www.grupomedcof.com.br\/blog\/wp-content\/uploads\/2023\/06\/Blog-MedCof-2023-06-29T095814.690-1024x341.png 1024w, https:\/\/www.grupomedcof.com.br\/blog\/wp-content\/uploads\/2023\/06\/Blog-MedCof-2023-06-29T095814.690-300x100.png 300w, https:\/\/www.grupomedcof.com.br\/blog\/wp-content\/uploads\/2023\/06\/Blog-MedCof-2023-06-29T095814.690-768x256.png 768w, https:\/\/www.grupomedcof.com.br\/blog\/wp-content\/uploads\/2023\/06\/Blog-MedCof-2023-06-29T095814.690-1536x512.png 1536w, https:\/\/www.grupomedcof.com.br\/blog\/wp-content\/uploads\/2023\/06\/Blog-MedCof-2023-06-29T095814.690-2048x682.png 2048w\" sizes=\"auto, (max-width: 800px) 100vw, 800px\" \/>\t\t\t\t\t\t\t\t\t\t\t\t\t\t\t<\/p>\n<h2 style=\"font-family: Poppins, sans-serif; color: #7a7a7a;\"><span class=\"ez-toc-section\" id=\"Esquizofrenia_Sinais_e_Sintomas_Pre-morbidos\"><\/span><strong>Esquizofrenia: Sinais e Sintomas Pr\u00e9-m\u00f3rbidos<\/strong><span class=\"ez-toc-section-end\"><\/span><\/h2>\n<p>Retrospectivamente (em geral), \u00e9 poss\u00edvel identificar alguns indicativos de sinais e sintomas, na apresenta\u00e7\u00e3o de caracter\u00edstica na personalidade.<\/p>\n<p>\u00a0<\/p>\n<ul style=\"font-size: 16px; background-color: #ffffff;\">\n<li style=\"font-size: 16px;\">Tra\u00e7os caracter\u00edsticos:\n<ul style=\"font-size: 16px;\">\n<li style=\"font-size: 16px;\">Passividade, introvers\u00e3o, sem interesse rom\u00e2ntico e social;<\/li>\n<li style=\"font-size: 16px;\">Tend\u00eancia ao isolamento e comportamento desconfiado;<\/li>\n<li style=\"font-size: 16px;\">Dif\u00edcil adapta\u00e7\u00e3o na escola ou trabalho;<\/li>\n<\/ul>\n<\/li>\n<\/ul>\n<p>\u00a0<\/p>\n<p>Al\u00e9m disso. ainda podemos identificar clinicamente com dois tipos de personalidades pr\u00e9-m\u00f3rbidas:<\/p>\n<p>\u00a0<\/p>\n<ul style=\"font-size: 16px; background-color: #ffffff;\">\n<li style=\"font-size: 16px;\">Esquizoide: frieza emocional, prefer\u00eancia por atividades isoladas, introspec\u00e7\u00e3o;<\/li>\n<li style=\"font-size: 16px;\">Esquizot\u00edpica:\u00a0comportamento estranho com cren\u00e7as exc\u00eantricas;<\/li>\n<\/ul>\n<h2 style=\"font-family: Poppins, sans-serif; color: #7a7a7a;\"><span class=\"ez-toc-section\" id=\"Achados_gerais\"><\/span><strong>Achados gerais<\/strong><span class=\"ez-toc-section-end\"><\/span><\/h2>\n<p>O paciente geralmente apresenta-se com uma apar\u00eancia desleixada (autocuidado prejudicado) podendo apresentar tanto um comportamento agitado\/violento como posturas bizarras, negativismo e mutismo. Desse modo, geralmente possuem o afeto embotado, mas tamb\u00e9m podem se apresentar com inapropria\u00e7\u00e3o.<\/p>\n<p>\u00a0<\/p>\n<p>Ademais, a maioria dos pacientes apresentam <strong>dist\u00farbio do sono<\/strong>, e pode ser um marcador de reca\u00edda intermitente<\/p>\n<p>\u00a0<\/p>\n<p>Por fim, a caracter\u00edstica psicopatol\u00f3gica mais alterada nesta condi\u00e7\u00e3o \u00e9 a <strong>sensopercep\u00e7\u00e3o e pensamento<\/strong>, que ser\u00e3o abordados nos pr\u00f3ximos t\u00f3picos.<\/p>\n<p>\t\t\t\t\t\t\t\t\t\t\t\t\t\t\t\t<a href=\"https:\/\/www.grupomedcof.com.br\/blog\/qbank-medcof\/\" target=\"_blank\" rel=\"noopener\"><br \/>\n\t\t\t\t\t\t\t<img loading=\"lazy\" decoding=\"async\" width=\"800\" height=\"160\" src=\"https:\/\/www.grupomedcof.com.br\/blog\/wp-content\/uploads\/2023\/06\/Conheca-o-Qbank-MedCof-1024x205.png\" alt=\"medcof qbank, medcof aulas, grupo medcof, aulas medcof, qbank, banco de questoes medcof, medcof banco de questoes\" srcset=\"https:\/\/www.grupomedcof.com.br\/blog\/wp-content\/uploads\/2023\/06\/Conheca-o-Qbank-MedCof-1024x205.png 1024w, https:\/\/www.grupomedcof.com.br\/blog\/wp-content\/uploads\/2023\/06\/Conheca-o-Qbank-MedCof-300x60.png 300w, https:\/\/www.grupomedcof.com.br\/blog\/wp-content\/uploads\/2023\/06\/Conheca-o-Qbank-MedCof-768x154.png 768w, https:\/\/www.grupomedcof.com.br\/blog\/wp-content\/uploads\/2023\/06\/Conheca-o-Qbank-MedCof-1536x307.png 1536w, https:\/\/www.grupomedcof.com.br\/blog\/wp-content\/uploads\/2023\/06\/Conheca-o-Qbank-MedCof-2048x410.png 2048w\" sizes=\"auto, (max-width: 800px) 100vw, 800px\" \/>\t\t\t\t\t\t\t\t<\/a><\/p>\n<h2 style=\"font-family: Poppins, sans-serif; color: #7a7a7a;\"><span class=\"ez-toc-section\" id=\"Sintomas_Positivos\"><\/span><strong>Sintomas Positivos<\/strong><span class=\"ez-toc-section-end\"><\/span><\/h2>\n<p>Os sintomas positivos referem-se \u00e0 presen\u00e7a de experi\u00eancias ou comportamentos anormais que normalmente se referem a distor\u00e7\u00e3o da realidade de alucina\u00e7\u00f5es e del\u00edrios, bem como pensamentos e comportamentos desorganizados.<\/p>\n<p>\u00a0<\/p>\n<ol style=\"font-size: 16px; background-color: #ffffff;\">\n<li style=\"font-size: 16px;\">Alucina\u00e7\u00f5es: percep\u00e7\u00e3o de um processo sensorial na aus\u00eancia de uma fonte externa.\u00a0Eles podem ser:\n<ol style=\"font-size: 16px;\">\n<li style=\"font-size: 16px;\">Auditivos- mais comum, presente em cerca de 80% dos casos<\/li>\n<li style=\"font-size: 16px;\">Visuais &#8211; geralmente referidas como vultos, mas podem ser figuras totalmente formadas e n\u00edtidas;<\/li>\n<li style=\"font-size: 16px;\">Som\u00e1ticos<\/li>\n<li style=\"font-size: 16px;\">Olfativos ou gustativos;<\/li>\n<\/ol>\n<\/li>\n<li style=\"font-size: 16px;\">Del\u00edrios: cren\u00e7as fixas e falsas, n\u00e3o pass\u00edveis de mudan\u00e7a \u00e0 luz de evid\u00eancias conflitantes. Presente em aproximadamente 80% dos pacientes\n<ol style=\"font-size: 16px;\">\n<li style=\"font-size: 16px;\">Podem apresentar explica\u00e7\u00f5es delirantes para explicar alucina\u00e7\u00f5es;<\/li>\n<li style=\"font-size: 16px;\">Existem subtipos como bizarros e n\u00e3o bizarros, bem como em temas (persecut\u00f3rio, de grandeza, de refer\u00eancia, religioso\u2026)<\/li>\n<\/ol>\n<\/li>\n<li style=\"font-size: 16px;\">Desorganiza\u00e7\u00e3o:\u00a0os pacientes geralmente uma desorganiza\u00e7\u00e3o do pensamento e\/ou comportamento apresentando:\n<ol style=\"font-size: 16px;\">\n<li style=\"font-size: 16px;\">Descarrilhamento ou afrouxamento das associa\u00e7\u00f5es \u2192 mudar os t\u00f3picos de forma repentina sem qualquer l\u00f3gica no seguimento;<\/li>\n<li style=\"font-size: 16px;\">Tangencialidade: respostas obl\u00edquas \u00e0s perguntas;<\/li>\n<li style=\"font-size: 16px;\">Incoer\u00eancias ou salada de palavras \u2192 discurso sem qualquer nexo;<\/li>\n<li style=\"font-size: 16px;\">Neologismos: cria\u00e7\u00e3o de novas palavras idiossincr\u00e1ticas.<\/li>\n<\/ol>\n<\/li>\n<\/ol>\n<p>\t\t\t\t\t\t\t\t\t\t\t\t\t\t\t\t<a href=\"https:\/\/open.spotify.com\/show\/3MyFcLlKhKequpHll6qpue?si=d0519b77e5c04e2d\" target=\"_blank\" rel=\"noopener\"><br \/>\n\t\t\t\t\t\t\t<img loading=\"lazy\" decoding=\"async\" width=\"800\" height=\"160\" src=\"https:\/\/www.grupomedcof.com.br\/blog\/wp-content\/uploads\/2023\/06\/Blog-MedCof-2023-06-29T100553.974-1024x205.png\" alt=\"medcof, medcof academy, hiit medcof, medcof derma, medcof hiit, medcof extensivo, medcof revalida\" srcset=\"https:\/\/www.grupomedcof.com.br\/blog\/wp-content\/uploads\/2023\/06\/Blog-MedCof-2023-06-29T100553.974-1024x205.png 1024w, https:\/\/www.grupomedcof.com.br\/blog\/wp-content\/uploads\/2023\/06\/Blog-MedCof-2023-06-29T100553.974-300x60.png 300w, https:\/\/www.grupomedcof.com.br\/blog\/wp-content\/uploads\/2023\/06\/Blog-MedCof-2023-06-29T100553.974-768x154.png 768w, https:\/\/www.grupomedcof.com.br\/blog\/wp-content\/uploads\/2023\/06\/Blog-MedCof-2023-06-29T100553.974-1536x308.png 1536w, https:\/\/www.grupomedcof.com.br\/blog\/wp-content\/uploads\/2023\/06\/Blog-MedCof-2023-06-29T100553.974-2048x411.png 2048w\" sizes=\"auto, (max-width: 800px) 100vw, 800px\" \/>\t\t\t\t\t\t\t\t<\/a><\/p>\n<h2><span class=\"ez-toc-section\" id=\"Sintomas_Negativos\"><\/span><strong>Sintomas Negativos<\/strong><span class=\"ez-toc-section-end\"><\/span><\/h2>\n<p>J\u00e1 os sintomas negativos podem ser descrito como uma perda (ou redu\u00e7\u00e3o) de fun\u00e7\u00f5es ps\u00edquicas e empobrecimento global da vida ps\u00edquica e social, como:<\/p>\n<ul style=\"font-size: 16px; background-color: #ffffff;\">\n<li style=\"font-size: 16px;\">Express\u00e3o emocional diminu\u00edda:\u00a0redu\u00e7\u00e3o na express\u00e3o das emo\u00e7\u00f5es pelo rosto, contato visual, entona\u00e7\u00e3o da fala (pros\u00f3dia), cabe\u00e7a e face (sem dar \u00eanfase ao discurso);<\/li>\n<li style=\"font-size: 16px;\">Autoneglig\u00eancia;<\/li>\n<li style=\"font-size: 16px;\">Lentifica\u00e7\u00e3o psicomotora;<\/li>\n<li style=\"font-size: 16px;\">Avolia e apragmatismo:\u00a0redu\u00e7\u00e3o em atividades motivadas, autoiniciadas ou com finalidade;<\/li>\n<li style=\"font-size: 16px;\">Empobrecimento da linguagem e pensamento;<\/li>\n<li style=\"font-size: 16px;\">Diminui\u00e7\u00e3o da flu\u00eancia verbal;<\/li>\n<li style=\"font-size: 16px;\">Anedonia:\u00a0redu\u00e7\u00e3o capacidade de ter prazer ou degrada\u00e7\u00e3o na lembran\u00e7a do prazer anteriormente vivido;<\/li>\n<li style=\"font-size: 16px;\">Falta de sociabilidade (retra\u00e7\u00e3o social):\u00a0aus\u00eancia de interesse em intera\u00e7\u00f5es sociais;<\/li>\n<li style=\"font-size: 16px;\">Apatia marcante, embotamento afetivo ou incongru\u00eancia\u00a0de respostas emocionais;<\/li>\n<\/ul>\n<h2 style=\"font-family: Poppins, sans-serif; color: #7a7a7a;\"><span class=\"ez-toc-section\" id=\"Esquizofrenia_Catatonia\"><\/span><strong>Esquizofrenia: Catatonia<\/strong><span class=\"ez-toc-section-end\"><\/span><\/h2>\n<p>Al\u00e9m dos sintomas citados acima, a catatonia pode estar presente nos indiv\u00edduos com esquizofrenia e pode se apresentar como:<\/p>\n<p>\u00a0<\/p>\n<ul style=\"font-size: 16px; background-color: #ffffff;\">\n<li style=\"font-size: 16px;\">Negativismo;<\/li>\n<li style=\"font-size: 16px;\">Mutismo;<\/li>\n<li style=\"font-size: 16px;\">Esturpor;<\/li>\n<li style=\"font-size: 16px;\">Excita\u00e7\u00e3o catat\u00f4nica;<\/li>\n<li style=\"font-size: 16px;\">Movimentos estereotipados repetidos;<\/li>\n<li style=\"font-size: 16px;\">Olhar fixo, caretas, eco da fala;<\/li>\n<\/ul>\n<h2><span class=\"ez-toc-section\" id=\"Conquiste_a_aprovacao\"><\/span><strong>Conquiste a aprova\u00e7\u00e3o!<\/strong><span class=\"ez-toc-section-end\"><\/span><\/h2>\n<p>As provas de resid\u00eancia est\u00e3o cada vez mais perto! Se voc\u00ea quer<a href=\"https:\/\/www.grupomedcof.com.br\/blog\/presenca-da-medcof-nas-aprovacoes-em-residencia-medica-no-brasil\/\" target=\"_blank\" rel=\"noopener\">\u00a0<strong>ser mais um aprovado<\/strong>\u00a0<\/a>nas melhores resid\u00eancias m\u00e9dicas do pa\u00eds, ent\u00e3o conhe\u00e7a o<a href=\"https:\/\/www.grupomedcof.com.br\/\" target=\"_blank\" rel=\"noopener\">\u00a0<strong>Grupo\u00a0MedCof<\/strong><\/a><strong>!<\/strong>\u00a0Temos um cat\u00e1logo repleto de cursos que te guiar\u00e3o na jornada para as provas de Resid\u00eancia M\u00e9dica que ocorrer\u00e3o em 2023!<\/p>\n<section data-id=\"5f13890\" data-element_type=\"section\">\n<section data-id=\"5f13890\" data-element_type=\"section\">\u00a0Mas, se voc\u00ea \u00e9 novo por aqui, que tal se inscrever na<strong><a href=\"https:\/\/www.grupomedcof.com.br\/inscricao-hiit-2023\/\" target=\"_blank\" rel=\"noopener\">\u00a0Semana HIIT<\/a>?<\/strong>\u00a0Ser\u00e1 um evento\u00a0100% gratuito e online\u00a0que te permitir\u00e1 conhecer um pouco do nosso m\u00e9todo de ensino!<\/section>\n<\/section>\n<p>\t\t\t\t\t\t\t\t\t\t\t\t\t\t\t\t<a href=\"https:\/\/www.grupomedcof.com.br\/inscricao-hiit-2023\/\" target=\"_blank\" rel=\"noopener\"><br \/>\n\t\t\t\t\t\t\t<img loading=\"lazy\" decoding=\"async\" width=\"800\" height=\"442\" src=\"https:\/\/www.grupomedcof.com.br\/blog\/wp-content\/uploads\/2023\/05\/Inscricao-Semana-HIIT-1024x566.png\" alt=\"Semana HIIT MedCof, aulas grupo medcof, medcof, aulas medcof, medcof qbank, gupo medcof\" srcset=\"https:\/\/www.grupomedcof.com.br\/blog\/wp-content\/uploads\/2023\/05\/Inscricao-Semana-HIIT-1024x566.png 1024w, https:\/\/www.grupomedcof.com.br\/blog\/wp-content\/uploads\/2023\/05\/Inscricao-Semana-HIIT-300x166.png 300w, https:\/\/www.grupomedcof.com.br\/blog\/wp-content\/uploads\/2023\/05\/Inscricao-Semana-HIIT-768x425.png 768w, https:\/\/www.grupomedcof.com.br\/blog\/wp-content\/uploads\/2023\/05\/Inscricao-Semana-HIIT.png 1242w\" sizes=\"auto, (max-width: 800px) 100vw, 800px\" \/>\t\t\t\t\t\t\t\t<\/a><\/p>\n","protected":false},"excerpt":{"rendered":"<p>Se voc\u00ea quer saber mais sobre a esquizofrenia e seu quadro cl\u00ednico para nunca mais esquecer, neste post vamos tratar sobre a principais manifesta\u00e7\u00f5es cl\u00ednicas deste transtorno. Leia abaixo O que \u00e9 esquizofrenia? A esquizofrenia \u00e9 um transtorno grave heterog\u00eaneo e de causa desconhecida que cursa com sintomas psic\u00f3ticos que prejudicam o funcionamento social.&nbsp; Esquizofrenia: [&hellip;]<\/p>\n","protected":false},"author":6,"featured_media":8516,"comment_status":"open","ping_status":"open","sticky":false,"template":"","format":"standard","meta":{"footnotes":""},"categories":[216],"tags":[93,218,68],"ppma_author":[3609],"class_list":{"0":"post-8513","1":"post","2":"type-post","3":"status-publish","4":"format-standard","5":"has-post-thumbnail","7":"category-psiquiatria","8":"tag-especialidades-medicas","9":"tag-psiquiatria","10":"tag-residencia-medica"},"yoast_head":"<!-- This site is optimized with the Yoast SEO Premium plugin v24.3 (Yoast SEO v27.4) - https:\/\/yoast.com\/product\/yoast-seo-premium-wordpress\/ -->\n<title>Esquizofrenia: Quadro Cl\u00ednico e Pontos-Chave | Medcof<\/title>\n<meta name=\"description\" content=\"A esquizofrenia \u00e9 um transtorno grave heterog\u00eaneo e de causa desconhecida que cursa com sintomas psic\u00f3ticos que prejudicam o funcionamento...\" \/>\n<meta name=\"robots\" content=\"index, follow, max-snippet:-1, max-image-preview:large, max-video-preview:-1\" \/>\n<link rel=\"canonical\" href=\"https:\/\/www.grupomedcof.com.br\/blog\/esquizofrenia-quadro-clinico-para-voce-nunca-mais-esquecer\/\" \/>\n<meta property=\"og:locale\" content=\"pt_BR\" \/>\n<meta property=\"og:type\" content=\"article\" \/>\n<meta property=\"og:title\" content=\"Esquizofrenia: quadro cl\u00ednico para voc\u00ea nunca mais esquecer\" \/>\n<meta property=\"og:description\" content=\"A esquizofrenia \u00e9 um transtorno grave heterog\u00eaneo e de causa desconhecida que cursa com sintomas psic\u00f3ticos que prejudicam o funcionamento...\" \/>\n<meta property=\"og:url\" content=\"https:\/\/www.grupomedcof.com.br\/blog\/esquizofrenia-quadro-clinico-para-voce-nunca-mais-esquecer\/\" \/>\n<meta property=\"og:site_name\" content=\"Blog de Medcof: conte\u00fados, editais, revalida e mais!\" \/>\n<meta property=\"article:publisher\" content=\"https:\/\/www.facebook.com\/MedCofQbank\/\" \/>\n<meta property=\"article:published_time\" content=\"2023-06-29T13:12:34+00:00\" \/>\n<meta property=\"article:modified_time\" content=\"2026-04-24T20:07:40+00:00\" \/>\n<meta property=\"og:image\" content=\"https:\/\/www.grupomedcof.com.br\/blog\/wp-content\/uploads\/2023\/06\/Blog-MedCof-2023-06-29T091103.608-1024x576.png\" \/>\n\t<meta property=\"og:image:width\" content=\"1024\" \/>\n\t<meta property=\"og:image:height\" content=\"576\" \/>\n\t<meta property=\"og:image:type\" content=\"image\/png\" \/>\n<meta name=\"author\" content=\"J\u00falia Moreira\" \/>\n<meta name=\"twitter:card\" content=\"summary_large_image\" \/>\n<meta name=\"twitter:label1\" content=\"Escrito por\" \/>\n\t<meta name=\"twitter:data1\" content=\"J\u00falia Moreira\" \/>\n\t<meta name=\"twitter:label2\" content=\"Est. tempo de leitura\" \/>\n\t<meta name=\"twitter:data2\" content=\"5 minutos\" \/>\n<script type=\"application\/ld+json\" class=\"yoast-schema-graph\">{\"@context\":\"https:\\\/\\\/schema.org\",\"@graph\":[{\"@type\":\"Article\",\"@id\":\"https:\\\/\\\/www.grupomedcof.com.br\\\/blog\\\/esquizofrenia-quadro-clinico-para-voce-nunca-mais-esquecer\\\/#article\",\"isPartOf\":{\"@id\":\"https:\\\/\\\/www.grupomedcof.com.br\\\/blog\\\/esquizofrenia-quadro-clinico-para-voce-nunca-mais-esquecer\\\/\"},\"author\":{\"name\":\"J\u00falia Moreira\",\"@id\":\"https:\\\/\\\/www.grupomedcof.com.br\\\/blog\\\/#\\\/schema\\\/person\\\/1375e0ce724529d7a1d8156ea7f8ceaa\"},\"headline\":\"Esquizofrenia: quadro cl\u00ednico para voc\u00ea nunca mais esquecer\",\"datePublished\":\"2023-06-29T13:12:34+00:00\",\"dateModified\":\"2026-04-24T20:07:40+00:00\",\"mainEntityOfPage\":{\"@id\":\"https:\\\/\\\/www.grupomedcof.com.br\\\/blog\\\/esquizofrenia-quadro-clinico-para-voce-nunca-mais-esquecer\\\/\"},\"wordCount\":763,\"commentCount\":0,\"publisher\":{\"@id\":\"https:\\\/\\\/www.grupomedcof.com.br\\\/blog\\\/#organization\"},\"image\":{\"@id\":\"https:\\\/\\\/www.grupomedcof.com.br\\\/blog\\\/esquizofrenia-quadro-clinico-para-voce-nunca-mais-esquecer\\\/#primaryimage\"},\"thumbnailUrl\":\"https:\\\/\\\/www.grupomedcof.com.br\\\/blog\\\/wp-content\\\/uploads\\\/2023\\\/06\\\/Blog-MedCof-2023-06-29T091103.608.png\",\"keywords\":[\"Especialidades m\u00e9dicas\",\"Psiquiatria\",\"Resid\u00eancia M\u00e9dica\"],\"articleSection\":[\"Psiquiatria\"],\"inLanguage\":\"pt-BR\"},{\"@type\":\"WebPage\",\"@id\":\"https:\\\/\\\/www.grupomedcof.com.br\\\/blog\\\/esquizofrenia-quadro-clinico-para-voce-nunca-mais-esquecer\\\/\",\"url\":\"https:\\\/\\\/www.grupomedcof.com.br\\\/blog\\\/esquizofrenia-quadro-clinico-para-voce-nunca-mais-esquecer\\\/\",\"name\":\"Esquizofrenia: Quadro Cl\u00ednico e Pontos-Chave | Medcof\",\"isPartOf\":{\"@id\":\"https:\\\/\\\/www.grupomedcof.com.br\\\/blog\\\/#website\"},\"primaryImageOfPage\":{\"@id\":\"https:\\\/\\\/www.grupomedcof.com.br\\\/blog\\\/esquizofrenia-quadro-clinico-para-voce-nunca-mais-esquecer\\\/#primaryimage\"},\"image\":{\"@id\":\"https:\\\/\\\/www.grupomedcof.com.br\\\/blog\\\/esquizofrenia-quadro-clinico-para-voce-nunca-mais-esquecer\\\/#primaryimage\"},\"thumbnailUrl\":\"https:\\\/\\\/www.grupomedcof.com.br\\\/blog\\\/wp-content\\\/uploads\\\/2023\\\/06\\\/Blog-MedCof-2023-06-29T091103.608.png\",\"datePublished\":\"2023-06-29T13:12:34+00:00\",\"dateModified\":\"2026-04-24T20:07:40+00:00\",\"description\":\"A esquizofrenia \u00e9 um transtorno grave heterog\u00eaneo e de causa desconhecida que cursa com sintomas psic\u00f3ticos que prejudicam o funcionamento...\",\"breadcrumb\":{\"@id\":\"https:\\\/\\\/www.grupomedcof.com.br\\\/blog\\\/esquizofrenia-quadro-clinico-para-voce-nunca-mais-esquecer\\\/#breadcrumb\"},\"inLanguage\":\"pt-BR\",\"potentialAction\":[{\"@type\":\"ReadAction\",\"target\":[\"https:\\\/\\\/www.grupomedcof.com.br\\\/blog\\\/esquizofrenia-quadro-clinico-para-voce-nunca-mais-esquecer\\\/\"]}]},{\"@type\":\"ImageObject\",\"inLanguage\":\"pt-BR\",\"@id\":\"https:\\\/\\\/www.grupomedcof.com.br\\\/blog\\\/esquizofrenia-quadro-clinico-para-voce-nunca-mais-esquecer\\\/#primaryimage\",\"url\":\"https:\\\/\\\/www.grupomedcof.com.br\\\/blog\\\/wp-content\\\/uploads\\\/2023\\\/06\\\/Blog-MedCof-2023-06-29T091103.608.png\",\"contentUrl\":\"https:\\\/\\\/www.grupomedcof.com.br\\\/blog\\\/wp-content\\\/uploads\\\/2023\\\/06\\\/Blog-MedCof-2023-06-29T091103.608.png\",\"width\":2560,\"height\":1440,\"caption\":\"A esquizofrenia \u00e9 um transtorno grave heterog\u00eaneo e de causa desconhecida que cursa com sintomas psic\u00f3ticos que prejudicam o funcionamento...\"},{\"@type\":\"BreadcrumbList\",\"@id\":\"https:\\\/\\\/www.grupomedcof.com.br\\\/blog\\\/esquizofrenia-quadro-clinico-para-voce-nunca-mais-esquecer\\\/#breadcrumb\",\"itemListElement\":[{\"@type\":\"ListItem\",\"position\":1,\"name\":\"In\u00edcio\",\"item\":\"https:\\\/\\\/www.grupomedcof.com.br\\\/blog\\\/\"},{\"@type\":\"ListItem\",\"position\":2,\"name\":\"Esquizofrenia: quadro cl\u00ednico para voc\u00ea nunca mais esquecer\"}]},{\"@type\":\"WebSite\",\"@id\":\"https:\\\/\\\/www.grupomedcof.com.br\\\/blog\\\/#website\",\"url\":\"https:\\\/\\\/www.grupomedcof.com.br\\\/blog\\\/\",\"name\":\"Blog de Medcof: conte\u00fados, editais, revalida e mais!\",\"description\":\"Acesso o blog de MedCof! Seu portal de conte\u00fados sobre resid\u00eancia m\u00e9dica, an\u00e1lise e editais e muito mais. Clique e confira!\",\"publisher\":{\"@id\":\"https:\\\/\\\/www.grupomedcof.com.br\\\/blog\\\/#organization\"},\"alternateName\":\"Blog de Medcof: conte\u00fados, editais, revalida e mais!\",\"potentialAction\":[{\"@type\":\"SearchAction\",\"target\":{\"@type\":\"EntryPoint\",\"urlTemplate\":\"https:\\\/\\\/www.grupomedcof.com.br\\\/blog\\\/?s={search_term_string}\"},\"query-input\":{\"@type\":\"PropertyValueSpecification\",\"valueRequired\":true,\"valueName\":\"search_term_string\"}}],\"inLanguage\":\"pt-BR\"},{\"@type\":\"Organization\",\"@id\":\"https:\\\/\\\/www.grupomedcof.com.br\\\/blog\\\/#organization\",\"name\":\"Grupo MedCof\",\"url\":\"https:\\\/\\\/www.grupomedcof.com.br\\\/blog\\\/\",\"logo\":{\"@type\":\"ImageObject\",\"inLanguage\":\"pt-BR\",\"@id\":\"https:\\\/\\\/www.grupomedcof.com.br\\\/blog\\\/#\\\/schema\\\/logo\\\/image\\\/\",\"url\":\"https:\\\/\\\/www.grupomedcof.com.br\\\/blog\\\/wp-content\\\/uploads\\\/2022\\\/01\\\/logo-medcof.png\",\"contentUrl\":\"https:\\\/\\\/www.grupomedcof.com.br\\\/blog\\\/wp-content\\\/uploads\\\/2022\\\/01\\\/logo-medcof.png\",\"width\":768,\"height\":269,\"caption\":\"Grupo MedCof\"},\"image\":{\"@id\":\"https:\\\/\\\/www.grupomedcof.com.br\\\/blog\\\/#\\\/schema\\\/logo\\\/image\\\/\"},\"sameAs\":[\"https:\\\/\\\/www.facebook.com\\\/MedCofQbank\\\/\",\"https:\\\/\\\/www.instagram.com\\\/grupomedcof\\\/\",\"https:\\\/\\\/br.linkedin.com\\\/company\\\/medcof\",\"https:\\\/\\\/www.youtube.com\\\/channel\\\/UCdHMuOHKICxcHwecxN8P-AA\"]},{\"@type\":\"Person\",\"@id\":\"https:\\\/\\\/www.grupomedcof.com.br\\\/blog\\\/#\\\/schema\\\/person\\\/1375e0ce724529d7a1d8156ea7f8ceaa\",\"name\":\"J\u00falia Moreira\",\"image\":{\"@type\":\"ImageObject\",\"inLanguage\":\"pt-BR\",\"@id\":\"https:\\\/\\\/www.grupomedcof.com.br\\\/blog\\\/wp-content\\\/uploads\\\/2024\\\/12\\\/cropped-Captura-de-tela-2023-12-15-094946-96x96.png6a0083ac34a0445de97d55fae63a4a41\",\"url\":\"https:\\\/\\\/www.grupomedcof.com.br\\\/blog\\\/wp-content\\\/uploads\\\/2024\\\/12\\\/cropped-Captura-de-tela-2023-12-15-094946-96x96.png\",\"contentUrl\":\"https:\\\/\\\/www.grupomedcof.com.br\\\/blog\\\/wp-content\\\/uploads\\\/2024\\\/12\\\/cropped-Captura-de-tela-2023-12-15-094946-96x96.png\",\"caption\":\"J\u00falia Moreira\"},\"description\":\"Estudante do 8\u00ba semestre de Jornalismo na ECA-USP, f\u00e3 de filmes de terror e m\u00fasica popular sul-coreana.\",\"sameAs\":[\"https:\\\/\\\/www.grupomedcof.com.br\\\/\"],\"url\":\"https:\\\/\\\/www.grupomedcof.com.br\\\/blog\\\/author\\\/julia\\\/\"}]}<\/script>\n<!-- \/ Yoast SEO Premium plugin. -->","yoast_head_json":{"title":"Esquizofrenia: Quadro Cl\u00ednico e Pontos-Chave | Medcof","description":"A esquizofrenia \u00e9 um transtorno grave heterog\u00eaneo e de causa desconhecida que cursa com sintomas psic\u00f3ticos que prejudicam o funcionamento...","robots":{"index":"index","follow":"follow","max-snippet":"max-snippet:-1","max-image-preview":"max-image-preview:large","max-video-preview":"max-video-preview:-1"},"canonical":"https:\/\/www.grupomedcof.com.br\/blog\/esquizofrenia-quadro-clinico-para-voce-nunca-mais-esquecer\/","og_locale":"pt_BR","og_type":"article","og_title":"Esquizofrenia: quadro cl\u00ednico para voc\u00ea nunca mais esquecer","og_description":"A esquizofrenia \u00e9 um transtorno grave heterog\u00eaneo e de causa desconhecida que cursa com sintomas psic\u00f3ticos que prejudicam o funcionamento...","og_url":"https:\/\/www.grupomedcof.com.br\/blog\/esquizofrenia-quadro-clinico-para-voce-nunca-mais-esquecer\/","og_site_name":"Blog de Medcof: conte\u00fados, editais, revalida e mais!","article_publisher":"https:\/\/www.facebook.com\/MedCofQbank\/","article_published_time":"2023-06-29T13:12:34+00:00","article_modified_time":"2026-04-24T20:07:40+00:00","og_image":[{"width":1024,"height":576,"url":"https:\/\/www.grupomedcof.com.br\/blog\/wp-content\/uploads\/2023\/06\/Blog-MedCof-2023-06-29T091103.608-1024x576.png","type":"image\/png"}],"author":"J\u00falia Moreira","twitter_card":"summary_large_image","twitter_misc":{"Escrito por":"J\u00falia Moreira","Est. tempo de leitura":"5 minutos"},"schema":{"@context":"https:\/\/schema.org","@graph":[{"@type":"Article","@id":"https:\/\/www.grupomedcof.com.br\/blog\/esquizofrenia-quadro-clinico-para-voce-nunca-mais-esquecer\/#article","isPartOf":{"@id":"https:\/\/www.grupomedcof.com.br\/blog\/esquizofrenia-quadro-clinico-para-voce-nunca-mais-esquecer\/"},"author":{"name":"J\u00falia Moreira","@id":"https:\/\/www.grupomedcof.com.br\/blog\/#\/schema\/person\/1375e0ce724529d7a1d8156ea7f8ceaa"},"headline":"Esquizofrenia: quadro cl\u00ednico para voc\u00ea nunca mais esquecer","datePublished":"2023-06-29T13:12:34+00:00","dateModified":"2026-04-24T20:07:40+00:00","mainEntityOfPage":{"@id":"https:\/\/www.grupomedcof.com.br\/blog\/esquizofrenia-quadro-clinico-para-voce-nunca-mais-esquecer\/"},"wordCount":763,"commentCount":0,"publisher":{"@id":"https:\/\/www.grupomedcof.com.br\/blog\/#organization"},"image":{"@id":"https:\/\/www.grupomedcof.com.br\/blog\/esquizofrenia-quadro-clinico-para-voce-nunca-mais-esquecer\/#primaryimage"},"thumbnailUrl":"https:\/\/www.grupomedcof.com.br\/blog\/wp-content\/uploads\/2023\/06\/Blog-MedCof-2023-06-29T091103.608.png","keywords":["Especialidades m\u00e9dicas","Psiquiatria","Resid\u00eancia M\u00e9dica"],"articleSection":["Psiquiatria"],"inLanguage":"pt-BR"},{"@type":"WebPage","@id":"https:\/\/www.grupomedcof.com.br\/blog\/esquizofrenia-quadro-clinico-para-voce-nunca-mais-esquecer\/","url":"https:\/\/www.grupomedcof.com.br\/blog\/esquizofrenia-quadro-clinico-para-voce-nunca-mais-esquecer\/","name":"Esquizofrenia: Quadro Cl\u00ednico e Pontos-Chave | Medcof","isPartOf":{"@id":"https:\/\/www.grupomedcof.com.br\/blog\/#website"},"primaryImageOfPage":{"@id":"https:\/\/www.grupomedcof.com.br\/blog\/esquizofrenia-quadro-clinico-para-voce-nunca-mais-esquecer\/#primaryimage"},"image":{"@id":"https:\/\/www.grupomedcof.com.br\/blog\/esquizofrenia-quadro-clinico-para-voce-nunca-mais-esquecer\/#primaryimage"},"thumbnailUrl":"https:\/\/www.grupomedcof.com.br\/blog\/wp-content\/uploads\/2023\/06\/Blog-MedCof-2023-06-29T091103.608.png","datePublished":"2023-06-29T13:12:34+00:00","dateModified":"2026-04-24T20:07:40+00:00","description":"A esquizofrenia \u00e9 um transtorno grave heterog\u00eaneo e de causa desconhecida que cursa com sintomas psic\u00f3ticos que prejudicam o funcionamento...","breadcrumb":{"@id":"https:\/\/www.grupomedcof.com.br\/blog\/esquizofrenia-quadro-clinico-para-voce-nunca-mais-esquecer\/#breadcrumb"},"inLanguage":"pt-BR","potentialAction":[{"@type":"ReadAction","target":["https:\/\/www.grupomedcof.com.br\/blog\/esquizofrenia-quadro-clinico-para-voce-nunca-mais-esquecer\/"]}]},{"@type":"ImageObject","inLanguage":"pt-BR","@id":"https:\/\/www.grupomedcof.com.br\/blog\/esquizofrenia-quadro-clinico-para-voce-nunca-mais-esquecer\/#primaryimage","url":"https:\/\/www.grupomedcof.com.br\/blog\/wp-content\/uploads\/2023\/06\/Blog-MedCof-2023-06-29T091103.608.png","contentUrl":"https:\/\/www.grupomedcof.com.br\/blog\/wp-content\/uploads\/2023\/06\/Blog-MedCof-2023-06-29T091103.608.png","width":2560,"height":1440,"caption":"A esquizofrenia \u00e9 um transtorno grave heterog\u00eaneo e de causa desconhecida que cursa com sintomas psic\u00f3ticos que prejudicam o funcionamento..."},{"@type":"BreadcrumbList","@id":"https:\/\/www.grupomedcof.com.br\/blog\/esquizofrenia-quadro-clinico-para-voce-nunca-mais-esquecer\/#breadcrumb","itemListElement":[{"@type":"ListItem","position":1,"name":"In\u00edcio","item":"https:\/\/www.grupomedcof.com.br\/blog\/"},{"@type":"ListItem","position":2,"name":"Esquizofrenia: quadro cl\u00ednico para voc\u00ea nunca mais esquecer"}]},{"@type":"WebSite","@id":"https:\/\/www.grupomedcof.com.br\/blog\/#website","url":"https:\/\/www.grupomedcof.com.br\/blog\/","name":"Blog de Medcof: conte\u00fados, editais, revalida e mais!","description":"Acesso o blog de MedCof! Seu portal de conte\u00fados sobre resid\u00eancia m\u00e9dica, an\u00e1lise e editais e muito mais. Clique e confira!","publisher":{"@id":"https:\/\/www.grupomedcof.com.br\/blog\/#organization"},"alternateName":"Blog de Medcof: conte\u00fados, editais, revalida e mais!","potentialAction":[{"@type":"SearchAction","target":{"@type":"EntryPoint","urlTemplate":"https:\/\/www.grupomedcof.com.br\/blog\/?s={search_term_string}"},"query-input":{"@type":"PropertyValueSpecification","valueRequired":true,"valueName":"search_term_string"}}],"inLanguage":"pt-BR"},{"@type":"Organization","@id":"https:\/\/www.grupomedcof.com.br\/blog\/#organization","name":"Grupo MedCof","url":"https:\/\/www.grupomedcof.com.br\/blog\/","logo":{"@type":"ImageObject","inLanguage":"pt-BR","@id":"https:\/\/www.grupomedcof.com.br\/blog\/#\/schema\/logo\/image\/","url":"https:\/\/www.grupomedcof.com.br\/blog\/wp-content\/uploads\/2022\/01\/logo-medcof.png","contentUrl":"https:\/\/www.grupomedcof.com.br\/blog\/wp-content\/uploads\/2022\/01\/logo-medcof.png","width":768,"height":269,"caption":"Grupo MedCof"},"image":{"@id":"https:\/\/www.grupomedcof.com.br\/blog\/#\/schema\/logo\/image\/"},"sameAs":["https:\/\/www.facebook.com\/MedCofQbank\/","https:\/\/www.instagram.com\/grupomedcof\/","https:\/\/br.linkedin.com\/company\/medcof","https:\/\/www.youtube.com\/channel\/UCdHMuOHKICxcHwecxN8P-AA"]},{"@type":"Person","@id":"https:\/\/www.grupomedcof.com.br\/blog\/#\/schema\/person\/1375e0ce724529d7a1d8156ea7f8ceaa","name":"J\u00falia Moreira","image":{"@type":"ImageObject","inLanguage":"pt-BR","@id":"https:\/\/www.grupomedcof.com.br\/blog\/wp-content\/uploads\/2024\/12\/cropped-Captura-de-tela-2023-12-15-094946-96x96.png6a0083ac34a0445de97d55fae63a4a41","url":"https:\/\/www.grupomedcof.com.br\/blog\/wp-content\/uploads\/2024\/12\/cropped-Captura-de-tela-2023-12-15-094946-96x96.png","contentUrl":"https:\/\/www.grupomedcof.com.br\/blog\/wp-content\/uploads\/2024\/12\/cropped-Captura-de-tela-2023-12-15-094946-96x96.png","caption":"J\u00falia Moreira"},"description":"Estudante do 8\u00ba semestre de Jornalismo na ECA-USP, f\u00e3 de filmes de terror e m\u00fasica popular sul-coreana.","sameAs":["https:\/\/www.grupomedcof.com.br\/"],"url":"https:\/\/www.grupomedcof.com.br\/blog\/author\/julia\/"}]}},"authors":[{"term_id":3609,"user_id":6,"is_guest":0,"slug":"julia","display_name":"J\u00falia Moreira","avatar_url":"https:\/\/www.grupomedcof.com.br\/blog\/wp-content\/uploads\/2024\/12\/cropped-Captura-de-tela-2023-12-15-094946-96x96.png","0":null,"1":"","2":"","3":"","4":"","5":"","6":"","7":"","8":""}],"_links":{"self":[{"href":"https:\/\/www.grupomedcof.com.br\/blog\/wp-json\/wp\/v2\/posts\/8513","targetHints":{"allow":["GET"]}}],"collection":[{"href":"https:\/\/www.grupomedcof.com.br\/blog\/wp-json\/wp\/v2\/posts"}],"about":[{"href":"https:\/\/www.grupomedcof.com.br\/blog\/wp-json\/wp\/v2\/types\/post"}],"author":[{"embeddable":true,"href":"https:\/\/www.grupomedcof.com.br\/blog\/wp-json\/wp\/v2\/users\/6"}],"replies":[{"embeddable":true,"href":"https:\/\/www.grupomedcof.com.br\/blog\/wp-json\/wp\/v2\/comments?post=8513"}],"version-history":[{"count":1,"href":"https:\/\/www.grupomedcof.com.br\/blog\/wp-json\/wp\/v2\/posts\/8513\/revisions"}],"predecessor-version":[{"id":43489,"href":"https:\/\/www.grupomedcof.com.br\/blog\/wp-json\/wp\/v2\/posts\/8513\/revisions\/43489"}],"wp:featuredmedia":[{"embeddable":true,"href":"https:\/\/www.grupomedcof.com.br\/blog\/wp-json\/wp\/v2\/media\/8516"}],"wp:attachment":[{"href":"https:\/\/www.grupomedcof.com.br\/blog\/wp-json\/wp\/v2\/media?parent=8513"}],"wp:term":[{"taxonomy":"category","embeddable":true,"href":"https:\/\/www.grupomedcof.com.br\/blog\/wp-json\/wp\/v2\/categories?post=8513"},{"taxonomy":"post_tag","embeddable":true,"href":"https:\/\/www.grupomedcof.com.br\/blog\/wp-json\/wp\/v2\/tags?post=8513"},{"taxonomy":"author","embeddable":true,"href":"https:\/\/www.grupomedcof.com.br\/blog\/wp-json\/wp\/v2\/ppma_author?post=8513"}],"curies":[{"name":"wp","href":"https:\/\/api.w.org\/{rel}","templated":true}]}}