{"id":8531,"date":"2023-06-30T13:37:58","date_gmt":"2023-06-30T16:37:58","guid":{"rendered":"https:\/\/www.grupomedcof.com.br\/blog\/?p=8531"},"modified":"2023-06-30T13:37:58","modified_gmt":"2023-06-30T16:37:58","slug":"semana-hiit-como-se-preparar-para-a-residencia-medica","status":"publish","type":"post","link":"https:\/\/www.grupomedcof.com.br\/blog\/semana-hiit-como-se-preparar-para-a-residencia-medica\/","title":{"rendered":"Semana HIIT &#8211; Como se preparar para a resid\u00eancia m\u00e9dica?"},"content":{"rendered":"<div id=\"ez-toc-container\" class=\"ez-toc-v2_0_74 counter-hierarchy ez-toc-counter ez-toc-transparent ez-toc-container-direction\">\n<div class=\"ez-toc-title-container\">\n<p class=\"ez-toc-title\" style=\"cursor:inherit\">Sum\u00e1rio<\/p>\n<span class=\"ez-toc-title-toggle\"><a href=\"#\" class=\"ez-toc-pull-right ez-toc-btn ez-toc-btn-xs ez-toc-btn-default ez-toc-toggle\" aria-label=\"Alternar tabela de conte\u00fado\"><span class=\"ez-toc-js-icon-con\"><span class=\"\"><span class=\"eztoc-hide\" style=\"display:none;\">Toggle<\/span><span class=\"ez-toc-icon-toggle-span\"><svg style=\"fill: #999;color:#999\" xmlns=\"http:\/\/www.w3.org\/2000\/svg\" class=\"list-377408\" width=\"20px\" height=\"20px\" viewBox=\"0 0 24 24\" fill=\"none\"><path d=\"M6 6H4v2h2V6zm14 0H8v2h12V6zM4 11h2v2H4v-2zm16 0H8v2h12v-2zM4 16h2v2H4v-2zm16 0H8v2h12v-2z\" fill=\"currentColor\"><\/path><\/svg><svg style=\"fill: #999;color:#999\" class=\"arrow-unsorted-368013\" xmlns=\"http:\/\/www.w3.org\/2000\/svg\" width=\"10px\" height=\"10px\" viewBox=\"0 0 24 24\" version=\"1.2\" baseProfile=\"tiny\"><path d=\"M18.2 9.3l-6.2-6.3-6.2 6.3c-.2.2-.3.4-.3.7s.1.5.3.7c.2.2.4.3.7.3h11c.3 0 .5-.1.7-.3.2-.2.3-.5.3-.7s-.1-.5-.3-.7zM5.8 14.7l6.2 6.3 6.2-6.3c.2-.2.3-.5.3-.7s-.1-.5-.3-.7c-.2-.2-.4-.3-.7-.3h-11c-.3 0-.5.1-.7.3-.2.2-.3.5-.3.7s.1.5.3.7z\"\/><\/svg><\/span><\/span><\/span><\/a><\/span><\/div>\n<nav><ul class='ez-toc-list ez-toc-list-level-1 ' ><li class='ez-toc-page-1 ez-toc-heading-level-2'><a class=\"ez-toc-link ez-toc-heading-1\" href=\"https:\/\/www.grupomedcof.com.br\/blog\/semana-hiit-como-se-preparar-para-a-residencia-medica\/#Confira_a_seguir\" >Confira a seguir<\/a><\/li><li class='ez-toc-page-1 ez-toc-heading-level-2'><a class=\"ez-toc-link ez-toc-heading-2\" href=\"https:\/\/www.grupomedcof.com.br\/blog\/semana-hiit-como-se-preparar-para-a-residencia-medica\/#Como_se_preparar_para_a_residencia_medica\" >Como se preparar para a resid\u00eancia m\u00e9dica?<\/a><\/li><li class='ez-toc-page-1 ez-toc-heading-level-2'><a class=\"ez-toc-link ez-toc-heading-3\" href=\"https:\/\/www.grupomedcof.com.br\/blog\/semana-hiit-como-se-preparar-para-a-residencia-medica\/#Semana_HIIT\" >Semana HIIT<\/a><ul class='ez-toc-list-level-3' ><li class='ez-toc-heading-level-3'><a class=\"ez-toc-link ez-toc-heading-4\" href=\"https:\/\/www.grupomedcof.com.br\/blog\/semana-hiit-como-se-preparar-para-a-residencia-medica\/#Acesso_Direto\" >Acesso Direto<\/a><\/li><li class='ez-toc-page-1 ez-toc-heading-level-3'><a class=\"ez-toc-link ez-toc-heading-5\" href=\"https:\/\/www.grupomedcof.com.br\/blog\/semana-hiit-como-se-preparar-para-a-residencia-medica\/#Cirurgia_R\" >Cirurgia (R+)<\/a><\/li><li class='ez-toc-page-1 ez-toc-heading-level-3'><a class=\"ez-toc-link ez-toc-heading-6\" href=\"https:\/\/www.grupomedcof.com.br\/blog\/semana-hiit-como-se-preparar-para-a-residencia-medica\/#Clinica_R\" >Cl\u00ednica (R+)<\/a><\/li><li class='ez-toc-page-1 ez-toc-heading-level-3'><a class=\"ez-toc-link ez-toc-heading-7\" href=\"https:\/\/www.grupomedcof.com.br\/blog\/semana-hiit-como-se-preparar-para-a-residencia-medica\/#Pediatria_R\" >Pediatria (R+)<\/a><\/li><li class='ez-toc-page-1 ez-toc-heading-level-3'><a class=\"ez-toc-link ez-toc-heading-8\" href=\"https:\/\/www.grupomedcof.com.br\/blog\/semana-hiit-como-se-preparar-para-a-residencia-medica\/#Endoscopia\" >Endoscopia<\/a><\/li><li class='ez-toc-page-1 ez-toc-heading-level-3'><a class=\"ez-toc-link ez-toc-heading-9\" href=\"https:\/\/www.grupomedcof.com.br\/blog\/semana-hiit-como-se-preparar-para-a-residencia-medica\/#Nao_perca_esta_oportunidade\" >N\u00e3o perca esta oportunidade!<\/a><\/li><li class='ez-toc-page-1 ez-toc-heading-level-3'><a class=\"ez-toc-link ez-toc-heading-10\" href=\"https:\/\/www.grupomedcof.com.br\/blog\/semana-hiit-como-se-preparar-para-a-residencia-medica\/#Sobre_o_HIIT\" >Sobre o HIIT<\/a><\/li><\/ul><\/li><\/ul><\/nav><\/div>\n<p><img loading=\"lazy\" decoding=\"async\" width=\"800\" height=\"450\" src=\"https:\/\/www.grupomedcof.com.br\/blog\/wp-content\/uploads\/2023\/06\/Blog-MedCof-2023-06-29T160621.852-1024x576.png\" alt=\"hiit medcof, resid\u00eancia m\u00e9dica, resid\u00eancia m\u00e9dica 2023, medcof hiit, curso intensivo para residencia medica\" srcset=\"https:\/\/www.grupomedcof.com.br\/blog\/wp-content\/uploads\/2023\/06\/Blog-MedCof-2023-06-29T160621.852-1024x576.png 1024w, https:\/\/www.grupomedcof.com.br\/blog\/wp-content\/uploads\/2023\/06\/Blog-MedCof-2023-06-29T160621.852-300x169.png 300w, https:\/\/www.grupomedcof.com.br\/blog\/wp-content\/uploads\/2023\/06\/Blog-MedCof-2023-06-29T160621.852-768x432.png 768w, https:\/\/www.grupomedcof.com.br\/blog\/wp-content\/uploads\/2023\/06\/Blog-MedCof-2023-06-29T160621.852-1536x864.png 1536w, https:\/\/www.grupomedcof.com.br\/blog\/wp-content\/uploads\/2023\/06\/Blog-MedCof-2023-06-29T160621.852-2048x1152.png 2048w\" sizes=\"auto, (max-width: 800px) 100vw, 800px\" \/><br \/>\n\t\t\u00a0Semana HIIT \u2013 Como se preparar para a resid\u00eancia m\u00e9dica?\u00a0As provas de resid\u00eancia m\u00e9dica de 2024 est\u00e3o cada vez mais perto e se voc\u00ea quer garantir a sua aprova\u00e7\u00e3o nas melhores institui\u00e7\u00f5es do Brasil,<strong><a href=\"https:\/\/www.grupomedcof.com.br\/inscricao-hiit-2023\/\"target=\"_blank\"> ainda d\u00e1 tempo de se preparar!<\/a><\/strong>\t\t<\/p>\n<h2><span class=\"ez-toc-section\" id=\"Confira_a_seguir\"><\/span>\n\t\t\t\tConfira a seguir\t\t\t<span class=\"ez-toc-section-end\"><\/span><\/h2>\n<p>A Semana HIIT come\u00e7ar\u00e1 nesta segunda-feira, <b>03 de julho,<\/b>\u00a0e durante esses 7 dias voc\u00ea saber\u00e1 como \u00e9 poss\u00edvel se preparar para as provas de resid\u00eancia m\u00e9dica\u00a0<strong style=\"color: var( --e-global-color-text ); font-family: var( --e-global-typography-text-font-family ), Sans-serif;\">em apenas 12 semanas<\/strong>. Quer saber mais? Ent\u00e3o acompanhe esta publica\u00e7\u00e3o e veja o que aguarda na Semana HIIT.<\/p>\n<p>\t\t\t\t\t\t\t\t\t\t\t\t\t\t\t\t<a href=\"https:\/\/www.grupomedcof.com.br\/inscricao-hiit-2023\/\" target=\"_blank\" rel=\"noopener\"><br \/>\n\t\t\t\t\t\t\t<img loading=\"lazy\" decoding=\"async\" width=\"800\" height=\"141\" src=\"https:\/\/www.grupomedcof.com.br\/blog\/wp-content\/uploads\/2023\/05\/Captura-de-tela-2023-05-30-121547-1024x181.png\" alt=\"Semana HIIT MedCof, aulas grupo medcof, medcof, aulas medcof, medcof qbank, gupo medcof\" srcset=\"https:\/\/www.grupomedcof.com.br\/blog\/wp-content\/uploads\/2023\/05\/Captura-de-tela-2023-05-30-121547-1024x181.png 1024w, https:\/\/www.grupomedcof.com.br\/blog\/wp-content\/uploads\/2023\/05\/Captura-de-tela-2023-05-30-121547-300x53.png 300w, https:\/\/www.grupomedcof.com.br\/blog\/wp-content\/uploads\/2023\/05\/Captura-de-tela-2023-05-30-121547-768x136.png 768w, https:\/\/www.grupomedcof.com.br\/blog\/wp-content\/uploads\/2023\/05\/Captura-de-tela-2023-05-30-121547-1536x271.png 1536w, https:\/\/www.grupomedcof.com.br\/blog\/wp-content\/uploads\/2023\/05\/Captura-de-tela-2023-05-30-121547.png 1687w\" sizes=\"auto, (max-width: 800px) 100vw, 800px\" \/>\t\t\t\t\t\t\t\t<\/a><\/p>\n<h2 style=\"font-family: Poppins, sans-serif; color: #7a7a7a;\"><span class=\"ez-toc-section\" id=\"Como_se_preparar_para_a_residencia_medica\"><\/span>Como se preparar para a resid\u00eancia m\u00e9dica?<span class=\"ez-toc-section-end\"><\/span><\/h2>\n<p>Sabemos que a prepara\u00e7\u00e3o para as provas de resid\u00eancia <strong>n\u00e3o \u00e9 uma tarefa f\u00e1cil<\/strong>, afinal \u00e9 preciso conciliar a gradua\u00e7\u00e3o, os est\u00e1gios, os plant\u00f5es, vida pessoal e os estudos tudo de uma vez. Desse modo, \u00e9 comum que tenhamos dificuldade e n\u00e3o consiga priorizar devidamente os estudos. Assim, o conte\u00fado atrasa, acumula e a sensa\u00e7\u00e3o de que n\u00e3o daremos conta se apossa da nossa mente&#8230;<\/p>\n<p>\u00a0<\/p>\n<p>Mas calma,<strong> o Grupo MedCof pensou em uma forma de te ajudar,<\/strong> mesmo faltando t\u00e3o pouco para as provas de resid\u00eancia. Para isso, reunimos <strong>os conte\u00fados que mais s\u00e3o cobrados pelas institui\u00e7\u00f5es e os nossos melhores especialistas.<\/strong> Esta combina\u00e7\u00e3o resultou na an\u00e1lise e no coment\u00e1rios das principais quest\u00f5es das provas de resid\u00eancia m\u00e9dica. Esses dois fatores permitir\u00e3o que voc\u00ea revise todo o conte\u00fado e entenda o que o examinador espera dos seus conhecimentos. Desse modo, voc\u00ea tem mais chances de atingir a maior porcentagem de acertos e at\u00e9 mesmo estar no p\u00f3dio da classifica\u00e7\u00e3o.<\/p>\n<p>\u00a0<\/p>\n<p>Portanto chega de enrola\u00e7\u00e3o e vamos <strong>o que te aguarda na Semana HIIT!<\/strong><\/p>\n<h2 style=\"font-family: Poppins, sans-serif; color: #7a7a7a;\"><span class=\"ez-toc-section\" id=\"Semana_HIIT\"><\/span>Semana HIIT<span class=\"ez-toc-section-end\"><\/span><\/h2>\n<p>A Semana HIIT ser\u00e1 um evento<a href=\"https:\/\/www.grupomedcof.com.br\/inscricao-hiit-2023\/\"target=\"-blank\"> <strong>100% online e gratuito<\/strong><\/a>, contendo os nossos melhores especialistas. Assim voc\u00ea ter\u00e1 uma pr\u00e9via da nossa metodologia que<strong> aprovou mais 3 mil residentes<\/strong> em diversas institui\u00e7\u00f5es pelo pa\u00eds.<br \/>\n\t\t\t\t\t\t\t\t\t\t\t\t\t\t\t<img loading=\"lazy\" decoding=\"async\" width=\"800\" height=\"450\" src=\"https:\/\/www.grupomedcof.com.br\/blog\/wp-content\/uploads\/2023\/06\/AULA-1_-Copia-1024x576.png\" alt=\"\" srcset=\"https:\/\/www.grupomedcof.com.br\/blog\/wp-content\/uploads\/2023\/06\/AULA-1_-Copia-1024x576.png 1024w, https:\/\/www.grupomedcof.com.br\/blog\/wp-content\/uploads\/2023\/06\/AULA-1_-Copia-300x169.png 300w, https:\/\/www.grupomedcof.com.br\/blog\/wp-content\/uploads\/2023\/06\/AULA-1_-Copia-768x432.png 768w, https:\/\/www.grupomedcof.com.br\/blog\/wp-content\/uploads\/2023\/06\/AULA-1_-Copia-1536x864.png 1536w, https:\/\/www.grupomedcof.com.br\/blog\/wp-content\/uploads\/2023\/06\/AULA-1_-Copia.png 1920w\" sizes=\"auto, (max-width: 800px) 100vw, 800px\" \/>\t\t\t\t\t\t\t\t\t\t\t\t\t\t\t<\/p>\n<p>Para inaugurar a Semana HIIT de 2023, o Dr. Mateus Cavarzan estar\u00e1 ao vivo no nosso canal do Youtube. No dia <b>03 de julho<\/b>, ele falar\u00e1 sobre a principal proposta do HIIT, te mostrar como \u00e9 poss\u00edvel <b>lidar com a mat\u00e9ria atrasada e ainda ser aprovado<\/b> nas\u00a0 melhores institui\u00e7\u00f5es do pa\u00eds.<\/p>\n<p>Al\u00e9m disso, n\u00f3s preparamos <b>as aulas da Semana HIIT de acordo com o programa de resid\u00eancia m\u00e9dica que voc\u00ea almeja.<\/b> Assim voc\u00ea ter\u00e1 uma vis\u00e3o mais segmentada e alinhada com os seus objetivos. Portanto,<strong><a href=\"https:\/\/www.grupomedcof.com.br\/hiit-2023-v2-inscricao\/\"> inscreva-se<\/a> n<\/strong>a Semana HIIT, preencha os o cronograma para cada categoria. Sendo assim, veja a seguir ao que voc\u00ea poder\u00e1 ter acesso entre os dias<strong> 03 a 09 de julho:<\/strong><\/p>\n<h3><span class=\"ez-toc-section\" id=\"Acesso_Direto\"><\/span><strong>Acesso Direto<\/strong><span class=\"ez-toc-section-end\"><\/span><\/h3>\n<ul style=\"font-size: 16px; background-color: rgb(255, 255, 255);\">\n<li style=\"align-items: var(--icon-vertical-align,center);\">Aula 2:&nbsp;Cirurgia &#8211; Anatomia da parede abdominal e H\u00e9rnia Inguinal<\/li>\n<li style=\"align-items: var(--icon-vertical-align,center);\">Aula 3:&nbsp;Antibi\u00f3tico<\/li>\n<li style=\"align-items: var(--icon-vertical-align,center);\">Aula 4:&nbsp;Puericultura: Aleitamento materno e alimenta\u00e7\u00e3o<\/li>\n<li style=\"align-items: var(--icon-vertical-align,center);\">Aula 5:&nbsp;Preventiva &#8211; medidas de sa\u00fade<\/li>\n<li style=\"align-items: var(--icon-vertical-align,center);\">Aula 6:&nbsp;Sangramentos da primeira metade da gesta\u00e7\u00e3o<\/li>\n<\/ul>\n<h3 style=\"font-family: Poppins, sans-serif; color: #7a7a7a;\"><span class=\"ez-toc-section\" id=\"Cirurgia_R\"><\/span>Cirurgia (R+)<span class=\"ez-toc-section-end\"><\/span><\/h3>\n<ul style=\"font-size: 16px; background-color: #ffffff;\">\n<li style=\"align-items: var(--icon-vertical-align,center);\">Aula 2:\u00a0Anatomia da parede abdominal e H\u00e9rnia Inguinal<\/li>\n<li style=\"align-items: var(--icon-vertical-align,center);\">Aula 3:\u00a0Highlitghs Gastro<\/li>\n<li style=\"align-items: var(--icon-vertical-align,center);\">Aula 4:\u00a0Diagn\u00f3sticos diferenciais das massas cervicais<\/li>\n<li style=\"align-items: var(--icon-vertical-align,center);\">Aula 5:\u00a0Urologia: Lit\u00edase e Metabolismo \/ Lit\u00edase no PS<\/li>\n<li style=\"align-items: var(--icon-vertical-align,center);\"><strong>Aula 6:<\/strong> Cirurgia Infantil: Neonatos<\/li>\n<\/ul>\n<h3 style=\"font-family: Poppins, sans-serif; color: #7a7a7a;\"><span class=\"ez-toc-section\" id=\"Clinica_R\"><\/span><strong>Cl\u00ednica (R+)<\/strong><span class=\"ez-toc-section-end\"><\/span><\/h3>\n<ul style=\"font-size: 16px; background-color: #ffffff;\">\n<li style=\"align-items: var(--icon-vertical-align,center);\">Aula 2:\u00a0Discuss\u00e3o avan\u00e7ada em imunologia<\/li>\n<li style=\"align-items: var(--icon-vertical-align,center);\">Aula 3:\u00a0Neurologia &#8211; AVCi e AIT<\/li>\n<li style=\"align-items: var(--icon-vertical-align,center);\">Aula 4:\u00a0Pr\u00e9-operat\u00f3rio<\/li>\n<li style=\"align-items: var(--icon-vertical-align,center);\">Aula 5:\u00a0Endocrinologia &#8211; Tratamento dos diabetes<\/li>\n<li style=\"align-items: var(--icon-vertical-align,center);\">Aula 6:\u00a0Oncologia &#8211; princ\u00edpios de tratamento\u00a0quimioter\u00e1pico\u00a0<\/li>\n<\/ul>\n<p>\t\t\t\t\t\t\t\t\t\t\t\t\t\t\t\t<a href=\"https:\/\/www.grupomedcof.com.br\/blog\/qbank-medcof\/\" target=\"_blank\" rel=\"noopener\"><br \/>\n\t\t\t\t\t\t\t<img loading=\"lazy\" decoding=\"async\" width=\"800\" height=\"160\" src=\"https:\/\/www.grupomedcof.com.br\/blog\/wp-content\/uploads\/2023\/06\/Conheca-o-Qbank-MedCof-1024x205.png\" alt=\"medcof qbank, medcof aulas, grupo medcof, aulas medcof, qbank, banco de questoes medcof, medcof banco de questoes\" srcset=\"https:\/\/www.grupomedcof.com.br\/blog\/wp-content\/uploads\/2023\/06\/Conheca-o-Qbank-MedCof-1024x205.png 1024w, https:\/\/www.grupomedcof.com.br\/blog\/wp-content\/uploads\/2023\/06\/Conheca-o-Qbank-MedCof-300x60.png 300w, https:\/\/www.grupomedcof.com.br\/blog\/wp-content\/uploads\/2023\/06\/Conheca-o-Qbank-MedCof-768x154.png 768w, https:\/\/www.grupomedcof.com.br\/blog\/wp-content\/uploads\/2023\/06\/Conheca-o-Qbank-MedCof-1536x307.png 1536w, https:\/\/www.grupomedcof.com.br\/blog\/wp-content\/uploads\/2023\/06\/Conheca-o-Qbank-MedCof-2048x410.png 2048w\" sizes=\"auto, (max-width: 800px) 100vw, 800px\" \/>\t\t\t\t\t\t\t\t<\/a><\/p>\n<h3 style=\"font-family: Poppins, sans-serif; color: #7a7a7a;\"><span class=\"ez-toc-section\" id=\"Pediatria_R\"><\/span><strong>Pediatria (R+)<\/strong><span class=\"ez-toc-section-end\"><\/span><\/h3>\n<ul style=\"font-size: 16px; background-color: #ffffff;\">\n<li style=\"align-items: var(--icon-vertical-align,center);\">Aula 2:\u00a0Aleitamento materno e alimenta\u00e7\u00e3o<\/li>\n<li style=\"align-items: var(--icon-vertical-align,center);\">Aula 3:\u00a0Puericultura: Crescimento, baixa estatura e puberdade<\/li>\n<li style=\"align-items: var(--icon-vertical-align,center);\">Aula 4:\u00a0Emerg\u00eancias: Febre sem sinais localizat\u00f3rios<\/li>\n<li style=\"align-items: var(--icon-vertical-align,center);\">Aula 5:\u00a0Emerg\u00eancia: Convuls\u00f5es, TCE leve<\/li>\n<li style=\"align-items: var(--icon-vertical-align,center);\">Aula 6:\u00a0Emerg\u00eancias: PALS (Suporte avan\u00e7ado de vida em Pediatria)<\/li>\n<\/ul>\n<h3 style=\"font-family: Poppins, sans-serif; color: #7a7a7a;\"><span class=\"ez-toc-section\" id=\"Endoscopia\"><\/span><strong>Endoscopia<\/strong><span class=\"ez-toc-section-end\"><\/span><\/h3>\n<ul style=\"font-size: 16px; background-color: #ffffff;\">\n<li style=\"align-items: var(--icon-vertical-align,center);\">Aula 2:\u00a0Anatomia da parede abdominal e H\u00e9rnia Inguinal<\/li>\n<li style=\"align-items: var(--icon-vertical-align,center);\">Aula 3:Neurologia &#8211; AVCi e AIT<\/li>\n<li style=\"align-items: var(--icon-vertical-align,center);\">Aula 4:Diagn\u00f3sticos diferenciais das massas cervicais<\/li>\n<li style=\"align-items: var(--icon-vertical-align,center);\">Aula 5:\u00a0Isquemia de membros inferiores &#8211; OAA<\/li>\n<li style=\"align-items: var(--icon-vertical-align,center);\">Aula 6:\u00a0Highlitghs Gastro<\/li>\n<\/ul>\n<p>\t\t\t\t\t\t\t\t\t\t\t\t\t\t\t<img loading=\"lazy\" decoding=\"async\" width=\"800\" height=\"450\" src=\"https:\/\/www.grupomedcof.com.br\/blog\/wp-content\/uploads\/2023\/06\/Aula-7-5-estrategias-para-otimizar-seus-estudos-na-reta-final-Copia-1-1024x576.png\" alt=\"\" srcset=\"https:\/\/www.grupomedcof.com.br\/blog\/wp-content\/uploads\/2023\/06\/Aula-7-5-estrategias-para-otimizar-seus-estudos-na-reta-final-Copia-1-1024x576.png 1024w, https:\/\/www.grupomedcof.com.br\/blog\/wp-content\/uploads\/2023\/06\/Aula-7-5-estrategias-para-otimizar-seus-estudos-na-reta-final-Copia-1-300x169.png 300w, https:\/\/www.grupomedcof.com.br\/blog\/wp-content\/uploads\/2023\/06\/Aula-7-5-estrategias-para-otimizar-seus-estudos-na-reta-final-Copia-1-768x432.png 768w, https:\/\/www.grupomedcof.com.br\/blog\/wp-content\/uploads\/2023\/06\/Aula-7-5-estrategias-para-otimizar-seus-estudos-na-reta-final-Copia-1-1536x864.png 1536w, https:\/\/www.grupomedcof.com.br\/blog\/wp-content\/uploads\/2023\/06\/Aula-7-5-estrategias-para-otimizar-seus-estudos-na-reta-final-Copia-1.png 1824w\" sizes=\"auto, (max-width: 800px) 100vw, 800px\" \/>\t\t\t\t\t\t\t\t\t\t\t\t\t\t\t<\/p>\n<p>Por fim, no \u00faltimo dia da <strong>Semana HIIT,<\/strong> o Dr. Felipe Fernandes, Dr. Matheus Meireles\u00a0 e o Dr. Augusto Coelho, te auxiliar\u00e3o com dicas estrat\u00e9gicas para se dar bem nas provas e ser aquele diferencial da conquista da aprova\u00e7\u00e3o!<\/p>\n<h3 style=\"font-family: Poppins, sans-serif; color: #7a7a7a;\"><span class=\"ez-toc-section\" id=\"Nao_perca_esta_oportunidade\"><\/span>N\u00e3o perca esta oportunidade!<span class=\"ez-toc-section-end\"><\/span><\/h3>\n<p>A\u00a0Semana HIIT\u00a0\u00e9 a sua chance para conhecer a nossa metodologia e conquistar a aprova\u00e7\u00e3o na resid\u00eancia m\u00e9dica dos sonhos. Veja o que um dos nossos aprovados dizem sobre a experi\u00eancia que tiveram com o HIIT.<\/p>\n<p>\t\t\t\t\t\t\t\t\t\t\t\t\t\t\t<img loading=\"lazy\" decoding=\"async\" width=\"800\" height=\"839\" src=\"https:\/\/www.grupomedcof.com.br\/blog\/wp-content\/uploads\/2023\/06\/Blog-MedCof-2023-06-29T170145.442-976x1024.png\" alt=\"\" srcset=\"https:\/\/www.grupomedcof.com.br\/blog\/wp-content\/uploads\/2023\/06\/Blog-MedCof-2023-06-29T170145.442-976x1024.png 976w, https:\/\/www.grupomedcof.com.br\/blog\/wp-content\/uploads\/2023\/06\/Blog-MedCof-2023-06-29T170145.442-286x300.png 286w, https:\/\/www.grupomedcof.com.br\/blog\/wp-content\/uploads\/2023\/06\/Blog-MedCof-2023-06-29T170145.442-768x806.png 768w, https:\/\/www.grupomedcof.com.br\/blog\/wp-content\/uploads\/2023\/06\/Blog-MedCof-2023-06-29T170145.442-1464x1536.png 1464w, https:\/\/www.grupomedcof.com.br\/blog\/wp-content\/uploads\/2023\/06\/Blog-MedCof-2023-06-29T170145.442-1952x2048.png 1952w\" sizes=\"auto, (max-width: 800px) 100vw, 800px\" \/><br \/>\n\t\t\t\t\t\t\t\t\t\t\t\t\t\t\t<img loading=\"lazy\" decoding=\"async\" width=\"660\" height=\"368\" src=\"https:\/\/www.grupomedcof.com.br\/blog\/wp-content\/uploads\/2023\/06\/Captura-de-tela-2023-06-29-164933.png\" alt=\"\" srcset=\"https:\/\/www.grupomedcof.com.br\/blog\/wp-content\/uploads\/2023\/06\/Captura-de-tela-2023-06-29-164933.png 660w, https:\/\/www.grupomedcof.com.br\/blog\/wp-content\/uploads\/2023\/06\/Captura-de-tela-2023-06-29-164933-300x167.png 300w\" sizes=\"auto, (max-width: 660px) 100vw, 660px\" \/>\t\t\t\t\t\t\t\t\t\t\t\t\t\t\t<\/p>\n<h3 style=\"font-family: Poppins, sans-serif; color: #7a7a7a;\"><span class=\"ez-toc-section\" id=\"Sobre_o_HIIT\"><\/span><strong>Sobre o HIIT<\/strong><span class=\"ez-toc-section-end\"><\/span><\/h3>\n<p>O Grupo MedCof<a href=\"https:\/\/www.grupomedcof.com.br\/\" target=\"_blank\" rel=\"noopener\">\u00a0oferece diversos cursos<\/a>\u00a0para voc\u00ea\u00a0que est\u00e1 na jornada para a aprova\u00e7\u00e3o na t\u00e3o sonhada resid\u00eancia m\u00e9dica. Pensando nisso, criamos o HIIT, se trata do curso intensivo para resid\u00eancia m\u00e9dica que possibilita voc\u00ea revisar todo o conte\u00fado program\u00e1tico das provas em\u00a0apenas 12 semanas. Ent\u00e3o n\u00e3o perca esta chance e inscreva-se na <b>S<\/b>emana HIIT.<br \/>\n\t\t\t\t\t\t\t\t\t\t\t\t\t\t\t<img loading=\"lazy\" decoding=\"async\" width=\"800\" height=\"442\" src=\"https:\/\/www.grupomedcof.com.br\/blog\/wp-content\/uploads\/2023\/05\/Inscricao-Semana-HIIT-1024x566.png\" alt=\"Semana HIIT MedCof, aulas grupo medcof, medcof, aulas medcof, medcof qbank, gupo medcof\" srcset=\"https:\/\/www.grupomedcof.com.br\/blog\/wp-content\/uploads\/2023\/05\/Inscricao-Semana-HIIT-1024x566.png 1024w, https:\/\/www.grupomedcof.com.br\/blog\/wp-content\/uploads\/2023\/05\/Inscricao-Semana-HIIT-300x166.png 300w, https:\/\/www.grupomedcof.com.br\/blog\/wp-content\/uploads\/2023\/05\/Inscricao-Semana-HIIT-768x425.png 768w, https:\/\/www.grupomedcof.com.br\/blog\/wp-content\/uploads\/2023\/05\/Inscricao-Semana-HIIT.png 1242w\" sizes=\"auto, (max-width: 800px) 100vw, 800px\" \/><\/p>\n","protected":false},"excerpt":{"rendered":"<p>\u00a0Semana HIIT \u2013 Como se preparar para a resid\u00eancia m\u00e9dica?\u00a0As provas de resid\u00eancia m\u00e9dica de 2024 est\u00e3o cada vez mais perto e se voc\u00ea quer garantir a sua aprova\u00e7\u00e3o nas melhores institui\u00e7\u00f5es do Brasil, ainda d\u00e1 tempo de se preparar! Confira a seguir A Semana HIIT come\u00e7ar\u00e1 nesta segunda-feira, 03 de julho,\u00a0e durante esses 7 [&hellip;]<\/p>\n","protected":false},"author":6,"featured_media":8534,"comment_status":"open","ping_status":"open","sticky":false,"template":"","format":"standard","meta":{"footnotes":""},"categories":[173],"tags":[117,68,234],"ppma_author":[3609],"class_list":{"0":"post-8531","1":"post","2":"type-post","3":"status-publish","4":"format-standard","5":"has-post-thumbnail","7":"category-novidades","8":"tag-provas-de-residencia","9":"tag-residencia-medica","10":"tag-semana-hiit"},"yoast_head":"<!-- This site is optimized with the Yoast SEO Premium plugin v24.3 (Yoast SEO v27.4) - https:\/\/yoast.com\/product\/yoast-seo-premium-wordpress\/ -->\n<title>Semana HIIT - Como se preparar para a resid\u00eancia m\u00e9dica? - Blog de Medcof: conte\u00fados, editais, revalida e mais!<\/title>\n<meta name=\"description\" content=\"A Semana HIIT, de 03 a 09 de julho, te mostrar\u00e1 como \u00e9 poss\u00edvel se preparar para as provas de resid\u00eancia m\u00e9dica em apenas 12 semanas.\" \/>\n<meta name=\"robots\" content=\"index, follow, max-snippet:-1, max-image-preview:large, max-video-preview:-1\" \/>\n<link rel=\"canonical\" href=\"https:\/\/www.grupomedcof.com.br\/blog\/semana-hiit-como-se-preparar-para-a-residencia-medica\/\" \/>\n<meta property=\"og:locale\" content=\"pt_BR\" \/>\n<meta property=\"og:type\" content=\"article\" \/>\n<meta property=\"og:title\" content=\"Semana HIIT - Como se preparar para a resid\u00eancia m\u00e9dica?\" \/>\n<meta property=\"og:description\" content=\"A Semana HIIT, de 03 a 09 de julho, te mostrar\u00e1 como \u00e9 poss\u00edvel se preparar para as provas de resid\u00eancia m\u00e9dica em apenas 12 semanas.\" \/>\n<meta property=\"og:url\" content=\"https:\/\/www.grupomedcof.com.br\/blog\/semana-hiit-como-se-preparar-para-a-residencia-medica\/\" \/>\n<meta property=\"og:site_name\" content=\"Blog de Medcof: conte\u00fados, editais, revalida e mais!\" \/>\n<meta property=\"article:publisher\" content=\"https:\/\/www.facebook.com\/MedCofQbank\/\" \/>\n<meta property=\"article:published_time\" content=\"2023-06-30T16:37:58+00:00\" \/>\n<meta property=\"og:image\" content=\"https:\/\/www.grupomedcof.com.br\/blog\/wp-content\/uploads\/2023\/06\/Blog-MedCof-2023-06-29T160621.852-1024x576.png\" \/>\n\t<meta property=\"og:image:width\" content=\"1024\" \/>\n\t<meta property=\"og:image:height\" content=\"576\" \/>\n\t<meta property=\"og:image:type\" content=\"image\/png\" \/>\n<meta name=\"author\" content=\"J\u00falia Moreira\" \/>\n<meta name=\"twitter:card\" content=\"summary_large_image\" \/>\n<meta name=\"twitter:label1\" content=\"Escrito por\" \/>\n\t<meta name=\"twitter:data1\" content=\"J\u00falia Moreira\" \/>\n\t<meta name=\"twitter:label2\" content=\"Est. tempo de leitura\" \/>\n\t<meta name=\"twitter:data2\" content=\"9 minutos\" \/>\n<script type=\"application\/ld+json\" class=\"yoast-schema-graph\">{\"@context\":\"https:\\\/\\\/schema.org\",\"@graph\":[{\"@type\":\"Article\",\"@id\":\"https:\\\/\\\/www.grupomedcof.com.br\\\/blog\\\/semana-hiit-como-se-preparar-para-a-residencia-medica\\\/#article\",\"isPartOf\":{\"@id\":\"https:\\\/\\\/www.grupomedcof.com.br\\\/blog\\\/semana-hiit-como-se-preparar-para-a-residencia-medica\\\/\"},\"author\":{\"name\":\"J\u00falia Moreira\",\"@id\":\"https:\\\/\\\/www.grupomedcof.com.br\\\/blog\\\/#\\\/schema\\\/person\\\/1375e0ce724529d7a1d8156ea7f8ceaa\"},\"headline\":\"Semana HIIT &#8211; Como se preparar para a resid\u00eancia m\u00e9dica?\",\"datePublished\":\"2023-06-30T16:37:58+00:00\",\"mainEntityOfPage\":{\"@id\":\"https:\\\/\\\/www.grupomedcof.com.br\\\/blog\\\/semana-hiit-como-se-preparar-para-a-residencia-medica\\\/\"},\"wordCount\":813,\"commentCount\":4,\"publisher\":{\"@id\":\"https:\\\/\\\/www.grupomedcof.com.br\\\/blog\\\/#organization\"},\"image\":{\"@id\":\"https:\\\/\\\/www.grupomedcof.com.br\\\/blog\\\/semana-hiit-como-se-preparar-para-a-residencia-medica\\\/#primaryimage\"},\"thumbnailUrl\":\"https:\\\/\\\/www.grupomedcof.com.br\\\/blog\\\/wp-content\\\/uploads\\\/2023\\\/06\\\/Blog-MedCof-2023-06-29T160621.852.png\",\"keywords\":[\"Provas de Resid\u00eancia\",\"Resid\u00eancia M\u00e9dica\",\"Semana HIIT\"],\"articleSection\":[\"Novidades\"],\"inLanguage\":\"pt-BR\"},{\"@type\":\"WebPage\",\"@id\":\"https:\\\/\\\/www.grupomedcof.com.br\\\/blog\\\/semana-hiit-como-se-preparar-para-a-residencia-medica\\\/\",\"url\":\"https:\\\/\\\/www.grupomedcof.com.br\\\/blog\\\/semana-hiit-como-se-preparar-para-a-residencia-medica\\\/\",\"name\":\"Semana HIIT - Como se preparar para a resid\u00eancia m\u00e9dica? - Blog de Medcof: conte\u00fados, editais, revalida e mais!\",\"isPartOf\":{\"@id\":\"https:\\\/\\\/www.grupomedcof.com.br\\\/blog\\\/#website\"},\"primaryImageOfPage\":{\"@id\":\"https:\\\/\\\/www.grupomedcof.com.br\\\/blog\\\/semana-hiit-como-se-preparar-para-a-residencia-medica\\\/#primaryimage\"},\"image\":{\"@id\":\"https:\\\/\\\/www.grupomedcof.com.br\\\/blog\\\/semana-hiit-como-se-preparar-para-a-residencia-medica\\\/#primaryimage\"},\"thumbnailUrl\":\"https:\\\/\\\/www.grupomedcof.com.br\\\/blog\\\/wp-content\\\/uploads\\\/2023\\\/06\\\/Blog-MedCof-2023-06-29T160621.852.png\",\"datePublished\":\"2023-06-30T16:37:58+00:00\",\"description\":\"A Semana HIIT, de 03 a 09 de julho, te mostrar\u00e1 como \u00e9 poss\u00edvel se preparar para as provas de resid\u00eancia m\u00e9dica em apenas 12 semanas.\",\"breadcrumb\":{\"@id\":\"https:\\\/\\\/www.grupomedcof.com.br\\\/blog\\\/semana-hiit-como-se-preparar-para-a-residencia-medica\\\/#breadcrumb\"},\"inLanguage\":\"pt-BR\",\"potentialAction\":[{\"@type\":\"ReadAction\",\"target\":[\"https:\\\/\\\/www.grupomedcof.com.br\\\/blog\\\/semana-hiit-como-se-preparar-para-a-residencia-medica\\\/\"]}]},{\"@type\":\"ImageObject\",\"inLanguage\":\"pt-BR\",\"@id\":\"https:\\\/\\\/www.grupomedcof.com.br\\\/blog\\\/semana-hiit-como-se-preparar-para-a-residencia-medica\\\/#primaryimage\",\"url\":\"https:\\\/\\\/www.grupomedcof.com.br\\\/blog\\\/wp-content\\\/uploads\\\/2023\\\/06\\\/Blog-MedCof-2023-06-29T160621.852.png\",\"contentUrl\":\"https:\\\/\\\/www.grupomedcof.com.br\\\/blog\\\/wp-content\\\/uploads\\\/2023\\\/06\\\/Blog-MedCof-2023-06-29T160621.852.png\",\"width\":2560,\"height\":1440,\"caption\":\"A Semana HIIT, de 03 a 09 de julho, te mostrar\u00e1 como \u00e9 poss\u00edvel se preparar para as provas de resid\u00eancia m\u00e9dica em apenas 12 semanas.\"},{\"@type\":\"BreadcrumbList\",\"@id\":\"https:\\\/\\\/www.grupomedcof.com.br\\\/blog\\\/semana-hiit-como-se-preparar-para-a-residencia-medica\\\/#breadcrumb\",\"itemListElement\":[{\"@type\":\"ListItem\",\"position\":1,\"name\":\"In\u00edcio\",\"item\":\"https:\\\/\\\/www.grupomedcof.com.br\\\/blog\\\/\"},{\"@type\":\"ListItem\",\"position\":2,\"name\":\"Semana HIIT &#8211; Como se preparar para a resid\u00eancia m\u00e9dica?\"}]},{\"@type\":\"WebSite\",\"@id\":\"https:\\\/\\\/www.grupomedcof.com.br\\\/blog\\\/#website\",\"url\":\"https:\\\/\\\/www.grupomedcof.com.br\\\/blog\\\/\",\"name\":\"Blog de Medcof: conte\u00fados, editais, revalida e mais!\",\"description\":\"Acesso o blog de MedCof! Seu portal de conte\u00fados sobre resid\u00eancia m\u00e9dica, an\u00e1lise e editais e muito mais. Clique e confira!\",\"publisher\":{\"@id\":\"https:\\\/\\\/www.grupomedcof.com.br\\\/blog\\\/#organization\"},\"alternateName\":\"Blog de Medcof: conte\u00fados, editais, revalida e mais!\",\"potentialAction\":[{\"@type\":\"SearchAction\",\"target\":{\"@type\":\"EntryPoint\",\"urlTemplate\":\"https:\\\/\\\/www.grupomedcof.com.br\\\/blog\\\/?s={search_term_string}\"},\"query-input\":{\"@type\":\"PropertyValueSpecification\",\"valueRequired\":true,\"valueName\":\"search_term_string\"}}],\"inLanguage\":\"pt-BR\"},{\"@type\":\"Organization\",\"@id\":\"https:\\\/\\\/www.grupomedcof.com.br\\\/blog\\\/#organization\",\"name\":\"Grupo MedCof\",\"url\":\"https:\\\/\\\/www.grupomedcof.com.br\\\/blog\\\/\",\"logo\":{\"@type\":\"ImageObject\",\"inLanguage\":\"pt-BR\",\"@id\":\"https:\\\/\\\/www.grupomedcof.com.br\\\/blog\\\/#\\\/schema\\\/logo\\\/image\\\/\",\"url\":\"https:\\\/\\\/www.grupomedcof.com.br\\\/blog\\\/wp-content\\\/uploads\\\/2022\\\/01\\\/logo-medcof.png\",\"contentUrl\":\"https:\\\/\\\/www.grupomedcof.com.br\\\/blog\\\/wp-content\\\/uploads\\\/2022\\\/01\\\/logo-medcof.png\",\"width\":768,\"height\":269,\"caption\":\"Grupo MedCof\"},\"image\":{\"@id\":\"https:\\\/\\\/www.grupomedcof.com.br\\\/blog\\\/#\\\/schema\\\/logo\\\/image\\\/\"},\"sameAs\":[\"https:\\\/\\\/www.facebook.com\\\/MedCofQbank\\\/\",\"https:\\\/\\\/www.instagram.com\\\/grupomedcof\\\/\",\"https:\\\/\\\/br.linkedin.com\\\/company\\\/medcof\",\"https:\\\/\\\/www.youtube.com\\\/channel\\\/UCdHMuOHKICxcHwecxN8P-AA\"]},{\"@type\":\"Person\",\"@id\":\"https:\\\/\\\/www.grupomedcof.com.br\\\/blog\\\/#\\\/schema\\\/person\\\/1375e0ce724529d7a1d8156ea7f8ceaa\",\"name\":\"J\u00falia Moreira\",\"image\":{\"@type\":\"ImageObject\",\"inLanguage\":\"pt-BR\",\"@id\":\"https:\\\/\\\/www.grupomedcof.com.br\\\/blog\\\/wp-content\\\/uploads\\\/2024\\\/12\\\/cropped-Captura-de-tela-2023-12-15-094946-96x96.png6a0083ac34a0445de97d55fae63a4a41\",\"url\":\"https:\\\/\\\/www.grupomedcof.com.br\\\/blog\\\/wp-content\\\/uploads\\\/2024\\\/12\\\/cropped-Captura-de-tela-2023-12-15-094946-96x96.png\",\"contentUrl\":\"https:\\\/\\\/www.grupomedcof.com.br\\\/blog\\\/wp-content\\\/uploads\\\/2024\\\/12\\\/cropped-Captura-de-tela-2023-12-15-094946-96x96.png\",\"caption\":\"J\u00falia Moreira\"},\"description\":\"Estudante do 8\u00ba semestre de Jornalismo na ECA-USP, f\u00e3 de filmes de terror e m\u00fasica popular sul-coreana.\",\"sameAs\":[\"https:\\\/\\\/www.grupomedcof.com.br\\\/\"],\"url\":\"https:\\\/\\\/www.grupomedcof.com.br\\\/blog\\\/author\\\/julia\\\/\"}]}<\/script>\n<!-- \/ Yoast SEO Premium plugin. -->","yoast_head_json":{"title":"Semana HIIT - Como se preparar para a resid\u00eancia m\u00e9dica? - Blog de Medcof: conte\u00fados, editais, revalida e mais!","description":"A Semana HIIT, de 03 a 09 de julho, te mostrar\u00e1 como \u00e9 poss\u00edvel se preparar para as provas de resid\u00eancia m\u00e9dica em apenas 12 semanas.","robots":{"index":"index","follow":"follow","max-snippet":"max-snippet:-1","max-image-preview":"max-image-preview:large","max-video-preview":"max-video-preview:-1"},"canonical":"https:\/\/www.grupomedcof.com.br\/blog\/semana-hiit-como-se-preparar-para-a-residencia-medica\/","og_locale":"pt_BR","og_type":"article","og_title":"Semana HIIT - Como se preparar para a resid\u00eancia m\u00e9dica?","og_description":"A Semana HIIT, de 03 a 09 de julho, te mostrar\u00e1 como \u00e9 poss\u00edvel se preparar para as provas de resid\u00eancia m\u00e9dica em apenas 12 semanas.","og_url":"https:\/\/www.grupomedcof.com.br\/blog\/semana-hiit-como-se-preparar-para-a-residencia-medica\/","og_site_name":"Blog de Medcof: conte\u00fados, editais, revalida e mais!","article_publisher":"https:\/\/www.facebook.com\/MedCofQbank\/","article_published_time":"2023-06-30T16:37:58+00:00","og_image":[{"width":1024,"height":576,"url":"https:\/\/www.grupomedcof.com.br\/blog\/wp-content\/uploads\/2023\/06\/Blog-MedCof-2023-06-29T160621.852-1024x576.png","type":"image\/png"}],"author":"J\u00falia Moreira","twitter_card":"summary_large_image","twitter_misc":{"Escrito por":"J\u00falia Moreira","Est. tempo de leitura":"9 minutos"},"schema":{"@context":"https:\/\/schema.org","@graph":[{"@type":"Article","@id":"https:\/\/www.grupomedcof.com.br\/blog\/semana-hiit-como-se-preparar-para-a-residencia-medica\/#article","isPartOf":{"@id":"https:\/\/www.grupomedcof.com.br\/blog\/semana-hiit-como-se-preparar-para-a-residencia-medica\/"},"author":{"name":"J\u00falia Moreira","@id":"https:\/\/www.grupomedcof.com.br\/blog\/#\/schema\/person\/1375e0ce724529d7a1d8156ea7f8ceaa"},"headline":"Semana HIIT &#8211; Como se preparar para a resid\u00eancia m\u00e9dica?","datePublished":"2023-06-30T16:37:58+00:00","mainEntityOfPage":{"@id":"https:\/\/www.grupomedcof.com.br\/blog\/semana-hiit-como-se-preparar-para-a-residencia-medica\/"},"wordCount":813,"commentCount":4,"publisher":{"@id":"https:\/\/www.grupomedcof.com.br\/blog\/#organization"},"image":{"@id":"https:\/\/www.grupomedcof.com.br\/blog\/semana-hiit-como-se-preparar-para-a-residencia-medica\/#primaryimage"},"thumbnailUrl":"https:\/\/www.grupomedcof.com.br\/blog\/wp-content\/uploads\/2023\/06\/Blog-MedCof-2023-06-29T160621.852.png","keywords":["Provas de Resid\u00eancia","Resid\u00eancia M\u00e9dica","Semana HIIT"],"articleSection":["Novidades"],"inLanguage":"pt-BR"},{"@type":"WebPage","@id":"https:\/\/www.grupomedcof.com.br\/blog\/semana-hiit-como-se-preparar-para-a-residencia-medica\/","url":"https:\/\/www.grupomedcof.com.br\/blog\/semana-hiit-como-se-preparar-para-a-residencia-medica\/","name":"Semana HIIT - Como se preparar para a resid\u00eancia m\u00e9dica? - Blog de Medcof: conte\u00fados, editais, revalida e mais!","isPartOf":{"@id":"https:\/\/www.grupomedcof.com.br\/blog\/#website"},"primaryImageOfPage":{"@id":"https:\/\/www.grupomedcof.com.br\/blog\/semana-hiit-como-se-preparar-para-a-residencia-medica\/#primaryimage"},"image":{"@id":"https:\/\/www.grupomedcof.com.br\/blog\/semana-hiit-como-se-preparar-para-a-residencia-medica\/#primaryimage"},"thumbnailUrl":"https:\/\/www.grupomedcof.com.br\/blog\/wp-content\/uploads\/2023\/06\/Blog-MedCof-2023-06-29T160621.852.png","datePublished":"2023-06-30T16:37:58+00:00","description":"A Semana HIIT, de 03 a 09 de julho, te mostrar\u00e1 como \u00e9 poss\u00edvel se preparar para as provas de resid\u00eancia m\u00e9dica em apenas 12 semanas.","breadcrumb":{"@id":"https:\/\/www.grupomedcof.com.br\/blog\/semana-hiit-como-se-preparar-para-a-residencia-medica\/#breadcrumb"},"inLanguage":"pt-BR","potentialAction":[{"@type":"ReadAction","target":["https:\/\/www.grupomedcof.com.br\/blog\/semana-hiit-como-se-preparar-para-a-residencia-medica\/"]}]},{"@type":"ImageObject","inLanguage":"pt-BR","@id":"https:\/\/www.grupomedcof.com.br\/blog\/semana-hiit-como-se-preparar-para-a-residencia-medica\/#primaryimage","url":"https:\/\/www.grupomedcof.com.br\/blog\/wp-content\/uploads\/2023\/06\/Blog-MedCof-2023-06-29T160621.852.png","contentUrl":"https:\/\/www.grupomedcof.com.br\/blog\/wp-content\/uploads\/2023\/06\/Blog-MedCof-2023-06-29T160621.852.png","width":2560,"height":1440,"caption":"A Semana HIIT, de 03 a 09 de julho, te mostrar\u00e1 como \u00e9 poss\u00edvel se preparar para as provas de resid\u00eancia m\u00e9dica em apenas 12 semanas."},{"@type":"BreadcrumbList","@id":"https:\/\/www.grupomedcof.com.br\/blog\/semana-hiit-como-se-preparar-para-a-residencia-medica\/#breadcrumb","itemListElement":[{"@type":"ListItem","position":1,"name":"In\u00edcio","item":"https:\/\/www.grupomedcof.com.br\/blog\/"},{"@type":"ListItem","position":2,"name":"Semana HIIT &#8211; Como se preparar para a resid\u00eancia m\u00e9dica?"}]},{"@type":"WebSite","@id":"https:\/\/www.grupomedcof.com.br\/blog\/#website","url":"https:\/\/www.grupomedcof.com.br\/blog\/","name":"Blog de Medcof: conte\u00fados, editais, revalida e mais!","description":"Acesso o blog de MedCof! Seu portal de conte\u00fados sobre resid\u00eancia m\u00e9dica, an\u00e1lise e editais e muito mais. Clique e confira!","publisher":{"@id":"https:\/\/www.grupomedcof.com.br\/blog\/#organization"},"alternateName":"Blog de Medcof: conte\u00fados, editais, revalida e mais!","potentialAction":[{"@type":"SearchAction","target":{"@type":"EntryPoint","urlTemplate":"https:\/\/www.grupomedcof.com.br\/blog\/?s={search_term_string}"},"query-input":{"@type":"PropertyValueSpecification","valueRequired":true,"valueName":"search_term_string"}}],"inLanguage":"pt-BR"},{"@type":"Organization","@id":"https:\/\/www.grupomedcof.com.br\/blog\/#organization","name":"Grupo MedCof","url":"https:\/\/www.grupomedcof.com.br\/blog\/","logo":{"@type":"ImageObject","inLanguage":"pt-BR","@id":"https:\/\/www.grupomedcof.com.br\/blog\/#\/schema\/logo\/image\/","url":"https:\/\/www.grupomedcof.com.br\/blog\/wp-content\/uploads\/2022\/01\/logo-medcof.png","contentUrl":"https:\/\/www.grupomedcof.com.br\/blog\/wp-content\/uploads\/2022\/01\/logo-medcof.png","width":768,"height":269,"caption":"Grupo MedCof"},"image":{"@id":"https:\/\/www.grupomedcof.com.br\/blog\/#\/schema\/logo\/image\/"},"sameAs":["https:\/\/www.facebook.com\/MedCofQbank\/","https:\/\/www.instagram.com\/grupomedcof\/","https:\/\/br.linkedin.com\/company\/medcof","https:\/\/www.youtube.com\/channel\/UCdHMuOHKICxcHwecxN8P-AA"]},{"@type":"Person","@id":"https:\/\/www.grupomedcof.com.br\/blog\/#\/schema\/person\/1375e0ce724529d7a1d8156ea7f8ceaa","name":"J\u00falia Moreira","image":{"@type":"ImageObject","inLanguage":"pt-BR","@id":"https:\/\/www.grupomedcof.com.br\/blog\/wp-content\/uploads\/2024\/12\/cropped-Captura-de-tela-2023-12-15-094946-96x96.png6a0083ac34a0445de97d55fae63a4a41","url":"https:\/\/www.grupomedcof.com.br\/blog\/wp-content\/uploads\/2024\/12\/cropped-Captura-de-tela-2023-12-15-094946-96x96.png","contentUrl":"https:\/\/www.grupomedcof.com.br\/blog\/wp-content\/uploads\/2024\/12\/cropped-Captura-de-tela-2023-12-15-094946-96x96.png","caption":"J\u00falia Moreira"},"description":"Estudante do 8\u00ba semestre de Jornalismo na ECA-USP, f\u00e3 de filmes de terror e m\u00fasica popular sul-coreana.","sameAs":["https:\/\/www.grupomedcof.com.br\/"],"url":"https:\/\/www.grupomedcof.com.br\/blog\/author\/julia\/"}]}},"authors":[{"term_id":3609,"user_id":6,"is_guest":0,"slug":"julia","display_name":"J\u00falia Moreira","avatar_url":"https:\/\/www.grupomedcof.com.br\/blog\/wp-content\/uploads\/2024\/12\/cropped-Captura-de-tela-2023-12-15-094946-96x96.png","0":null,"1":"","2":"","3":"","4":"","5":"","6":"","7":"","8":""}],"_links":{"self":[{"href":"https:\/\/www.grupomedcof.com.br\/blog\/wp-json\/wp\/v2\/posts\/8531","targetHints":{"allow":["GET"]}}],"collection":[{"href":"https:\/\/www.grupomedcof.com.br\/blog\/wp-json\/wp\/v2\/posts"}],"about":[{"href":"https:\/\/www.grupomedcof.com.br\/blog\/wp-json\/wp\/v2\/types\/post"}],"author":[{"embeddable":true,"href":"https:\/\/www.grupomedcof.com.br\/blog\/wp-json\/wp\/v2\/users\/6"}],"replies":[{"embeddable":true,"href":"https:\/\/www.grupomedcof.com.br\/blog\/wp-json\/wp\/v2\/comments?post=8531"}],"version-history":[{"count":0,"href":"https:\/\/www.grupomedcof.com.br\/blog\/wp-json\/wp\/v2\/posts\/8531\/revisions"}],"wp:featuredmedia":[{"embeddable":true,"href":"https:\/\/www.grupomedcof.com.br\/blog\/wp-json\/wp\/v2\/media\/8534"}],"wp:attachment":[{"href":"https:\/\/www.grupomedcof.com.br\/blog\/wp-json\/wp\/v2\/media?parent=8531"}],"wp:term":[{"taxonomy":"category","embeddable":true,"href":"https:\/\/www.grupomedcof.com.br\/blog\/wp-json\/wp\/v2\/categories?post=8531"},{"taxonomy":"post_tag","embeddable":true,"href":"https:\/\/www.grupomedcof.com.br\/blog\/wp-json\/wp\/v2\/tags?post=8531"},{"taxonomy":"author","embeddable":true,"href":"https:\/\/www.grupomedcof.com.br\/blog\/wp-json\/wp\/v2\/ppma_author?post=8531"}],"curies":[{"name":"wp","href":"https:\/\/api.w.org\/{rel}","templated":true}]}}