{"id":9155,"date":"2023-07-14T12:40:09","date_gmt":"2023-07-14T15:40:09","guid":{"rendered":"https:\/\/www.grupomedcof.com.br\/blog\/?p=9155"},"modified":"2024-12-03T17:21:40","modified_gmt":"2024-12-03T20:21:40","slug":"secrecao-mamilar-quando-se-preocupar","status":"publish","type":"post","link":"https:\/\/www.grupomedcof.com.br\/blog\/secrecao-mamilar-quando-se-preocupar\/","title":{"rendered":"Secre\u00e7\u00e3o mamilar: quando se preocupar?"},"content":{"rendered":"<div id=\"ez-toc-container\" class=\"ez-toc-v2_0_74 counter-hierarchy ez-toc-counter ez-toc-transparent ez-toc-container-direction\">\n<div class=\"ez-toc-title-container\">\n<p class=\"ez-toc-title\" style=\"cursor:inherit\">Sum\u00e1rio<\/p>\n<span class=\"ez-toc-title-toggle\"><a href=\"#\" class=\"ez-toc-pull-right ez-toc-btn ez-toc-btn-xs ez-toc-btn-default ez-toc-toggle\" aria-label=\"Alternar tabela de conte\u00fado\"><span class=\"ez-toc-js-icon-con\"><span class=\"\"><span class=\"eztoc-hide\" style=\"display:none;\">Toggle<\/span><span class=\"ez-toc-icon-toggle-span\"><svg style=\"fill: #999;color:#999\" xmlns=\"http:\/\/www.w3.org\/2000\/svg\" class=\"list-377408\" width=\"20px\" height=\"20px\" viewBox=\"0 0 24 24\" fill=\"none\"><path d=\"M6 6H4v2h2V6zm14 0H8v2h12V6zM4 11h2v2H4v-2zm16 0H8v2h12v-2zM4 16h2v2H4v-2zm16 0H8v2h12v-2z\" fill=\"currentColor\"><\/path><\/svg><svg style=\"fill: #999;color:#999\" class=\"arrow-unsorted-368013\" xmlns=\"http:\/\/www.w3.org\/2000\/svg\" width=\"10px\" height=\"10px\" viewBox=\"0 0 24 24\" version=\"1.2\" baseProfile=\"tiny\"><path d=\"M18.2 9.3l-6.2-6.3-6.2 6.3c-.2.2-.3.4-.3.7s.1.5.3.7c.2.2.4.3.7.3h11c.3 0 .5-.1.7-.3.2-.2.3-.5.3-.7s-.1-.5-.3-.7zM5.8 14.7l6.2 6.3 6.2-6.3c.2-.2.3-.5.3-.7s-.1-.5-.3-.7c-.2-.2-.4-.3-.7-.3h-11c-.3 0-.5.1-.7.3-.2.2-.3.5-.3.7s.1.5.3.7z\"\/><\/svg><\/span><\/span><\/span><\/a><\/span><\/div>\n<nav><ul class='ez-toc-list ez-toc-list-level-1 ' ><li class='ez-toc-page-1 ez-toc-heading-level-2'><a class=\"ez-toc-link ez-toc-heading-1\" href=\"https:\/\/www.grupomedcof.com.br\/blog\/secrecao-mamilar-quando-se-preocupar\/#Veja_abaixo\" >Veja abaixo<\/a><\/li><li class='ez-toc-page-1 ez-toc-heading-level-2'><a class=\"ez-toc-link ez-toc-heading-2\" href=\"https:\/\/www.grupomedcof.com.br\/blog\/secrecao-mamilar-quando-se-preocupar\/#Secrecao_mamilar_quando_se_preocupar\" >Secre\u00e7\u00e3o mamilar: quando se preocupar?<\/a><\/li><li class='ez-toc-page-1 ez-toc-heading-level-2'><a class=\"ez-toc-link ez-toc-heading-3\" href=\"https:\/\/www.grupomedcof.com.br\/blog\/secrecao-mamilar-quando-se-preocupar\/#Secrecao_mamilar_Classificacao\" >Secre\u00e7\u00e3o mamilar: Classifica\u00e7\u00e3o<\/a><\/li><li class='ez-toc-page-1 ez-toc-heading-level-2'><a class=\"ez-toc-link ez-toc-heading-4\" href=\"https:\/\/www.grupomedcof.com.br\/blog\/secrecao-mamilar-quando-se-preocupar\/#Galactorreia\" >Galactorreia<\/a><\/li><li class='ez-toc-page-1 ez-toc-heading-level-2'><a class=\"ez-toc-link ez-toc-heading-5\" href=\"https:\/\/www.grupomedcof.com.br\/blog\/secrecao-mamilar-quando-se-preocupar\/#Fluxo_fisiologico_x_Fluxo_patologico\" >Fluxo fisiol\u00f3gico x Fluxo patol\u00f3gico<\/a><\/li><li class='ez-toc-page-1 ez-toc-heading-level-2'><a class=\"ez-toc-link ez-toc-heading-6\" href=\"https:\/\/www.grupomedcof.com.br\/blog\/secrecao-mamilar-quando-se-preocupar\/#Secrecao_mamilar_Como_investigar\" >Secre\u00e7\u00e3o mamilar: Como investigar?<\/a><\/li><li class='ez-toc-page-1 ez-toc-heading-level-2'><a class=\"ez-toc-link ez-toc-heading-7\" href=\"https:\/\/www.grupomedcof.com.br\/blog\/secrecao-mamilar-quando-se-preocupar\/#Conquiste_a_aprovacao\" >Conquiste a aprova\u00e7\u00e3o<\/a><\/li><li class='ez-toc-page-1 ez-toc-heading-level-2'><a class=\"ez-toc-link ez-toc-heading-8\" href=\"https:\/\/www.grupomedcof.com.br\/blog\/secrecao-mamilar-quando-se-preocupar\/#HIIT_MedCof\" >HIIT MedCof<\/a><\/li><\/ul><\/nav><\/div>\n<p><img loading=\"lazy\" decoding=\"async\" width=\"800\" height=\"450\" src=\"https:\/\/www.grupomedcof.com.br\/blog\/wp-content\/uploads\/2023\/07\/Blog-MedCof-2023-07-13T141902.409-1024x576.png\" alt=\"secre\u00e7\u00e3o mamilar, tipos de secre\u00e7\u00e3o mam\u00e1ria, secre\u00e7\u00e3o mam\u00e1ria, secre\u00e7\u00e3o da mama, secre\u00e7\u00e3o na mama\" srcset=\"https:\/\/www.grupomedcof.com.br\/blog\/wp-content\/uploads\/2023\/07\/Blog-MedCof-2023-07-13T141902.409-1024x576.png 1024w, https:\/\/www.grupomedcof.com.br\/blog\/wp-content\/uploads\/2023\/07\/Blog-MedCof-2023-07-13T141902.409-300x169.png 300w, https:\/\/www.grupomedcof.com.br\/blog\/wp-content\/uploads\/2023\/07\/Blog-MedCof-2023-07-13T141902.409-768x432.png 768w, https:\/\/www.grupomedcof.com.br\/blog\/wp-content\/uploads\/2023\/07\/Blog-MedCof-2023-07-13T141902.409-1536x864.png 1536w, https:\/\/www.grupomedcof.com.br\/blog\/wp-content\/uploads\/2023\/07\/Blog-MedCof-2023-07-13T141902.409-2048x1152.png 2048w\" sizes=\"auto, (max-width: 800px) 100vw, 800px\" \/>\t\t\t\t\t\t\t\t\t\t\t\t\t\t\t<\/p>\n<p>Secre\u00e7\u00e3o mamilar: quando se preocupar?\u00a0E a\u00ed, doutor(a), \u00e9 normal sair leite\u00a0<\/p>\n<p>do peito mesmo sem estar gr\u00e1vida?<\/p>\n<h2><span class=\"ez-toc-section\" id=\"Veja_abaixo\"><\/span>\n\t\t\t\tVeja abaixo\t\t\t<span class=\"ez-toc-section-end\"><\/span><\/h2>\n<p>\t\t\t\t\t\t\t\t\t\t\t\t\t\t\t\t<a href=\"https:\/\/www.grupomedcof.com.br\/links-hiit-2023\/\" target=\"_blank\" rel=\"noopener\"><br \/>\n\t\t\t\t\t\t\t<img loading=\"lazy\" decoding=\"async\" width=\"800\" height=\"150\" src=\"https:\/\/www.grupomedcof.com.br\/blog\/wp-content\/uploads\/2023\/07\/Captura-de-tela-2023-07-12-130003-1024x192.png\" alt=\"medcof residencia medica, curso Intensivo para Resid\u00eancia M\u00e9dica, curso para resid\u00eancia m\u00e9dica, medcof hiit, aulas medcof,\" srcset=\"https:\/\/www.grupomedcof.com.br\/blog\/wp-content\/uploads\/2023\/07\/Captura-de-tela-2023-07-12-130003-1024x192.png 1024w, https:\/\/www.grupomedcof.com.br\/blog\/wp-content\/uploads\/2023\/07\/Captura-de-tela-2023-07-12-130003-300x56.png 300w, https:\/\/www.grupomedcof.com.br\/blog\/wp-content\/uploads\/2023\/07\/Captura-de-tela-2023-07-12-130003-768x144.png 768w, https:\/\/www.grupomedcof.com.br\/blog\/wp-content\/uploads\/2023\/07\/Captura-de-tela-2023-07-12-130003.png 1422w\" sizes=\"auto, (max-width: 800px) 100vw, 800px\" \/>\t\t\t\t\t\t\t\t<\/a><\/p>\n<h2><span class=\"ez-toc-section\" id=\"Secrecao_mamilar_quando_se_preocupar\"><\/span><strong>Secre\u00e7\u00e3o mamilar: quando se preocupar?<\/strong><span class=\"ez-toc-section-end\"><\/span><\/h2>\n<p>Chamamos de <strong>secre\u00e7\u00e3o, fluxo ou derrame mamilar<\/strong> qualquer sa\u00edda de l\u00edquido pela papila mamilar fora do per\u00edodo de gesta\u00e7\u00e3o ou amamenta\u00e7\u00e3o. Sendo assim, se chegar uma paciente com essa queixa na unidade b\u00e1sica de sa\u00fade, voc\u00ea sabe como proceder?\u00a0<\/p>\n<p>\u00a0<\/p>\n<p>Nas mulheres, 97% dos derrames mamilares s\u00e3o benignos. Entretanto, nos homens, sempre \u00e9 patol\u00f3gico e deve ser investigado com aten\u00e7\u00e3o!<\/p>\n<p>\t\t\t\t\t\t\t\t\t\t\t\t\t\t\t<img loading=\"lazy\" decoding=\"async\" width=\"800\" height=\"138\" src=\"https:\/\/www.grupomedcof.com.br\/blog\/wp-content\/uploads\/2023\/07\/Blog-MedCof-2023-07--1024x176.png\" alt=\"secre\u00e7\u00e3o mamilar, tipos de secre\u00e7\u00e3o mam\u00e1ria, secre\u00e7\u00e3o mam\u00e1ria, secre\u00e7\u00e3o da mama, secre\u00e7\u00e3o na mama\" srcset=\"https:\/\/www.grupomedcof.com.br\/blog\/wp-content\/uploads\/2023\/07\/Blog-MedCof-2023-07--1024x176.png 1024w, https:\/\/www.grupomedcof.com.br\/blog\/wp-content\/uploads\/2023\/07\/Blog-MedCof-2023-07--300x52.png 300w, https:\/\/www.grupomedcof.com.br\/blog\/wp-content\/uploads\/2023\/07\/Blog-MedCof-2023-07--768x132.png 768w, https:\/\/www.grupomedcof.com.br\/blog\/wp-content\/uploads\/2023\/07\/Blog-MedCof-2023-07--1536x265.png 1536w, https:\/\/www.grupomedcof.com.br\/blog\/wp-content\/uploads\/2023\/07\/Blog-MedCof-2023-07--2048x353.png 2048w\" sizes=\"auto, (max-width: 800px) 100vw, 800px\" \/>\t\t\t\t\t\t\t\t\t\t\t\t\t\t\t<\/p>\n<h2 style=\"font-family: Poppins, sans-serif; color: #7a7a7a;\"><span class=\"ez-toc-section\" id=\"Secrecao_mamilar_Classificacao\"><\/span><strong>Secre\u00e7\u00e3o mamilar: Classifica\u00e7\u00e3o<\/strong><span class=\"ez-toc-section-end\"><\/span><\/h2>\n<ul style=\"font-size: 16px; background-color: #ffffff;\">\n<li style=\"font-size: 16px;\">Unilateral ou bilateral<\/li>\n<li style=\"font-size: 16px;\">Espont\u00e2nea ou \u00e0 express\u00e3o<\/li>\n<\/ul>\n<p>\t\t\t\t\t\t\t\t\t\t\t\t\t\t\t<img loading=\"lazy\" decoding=\"async\" width=\"768\" height=\"181\" src=\"https:\/\/www.grupomedcof.com.br\/blog\/wp-content\/uploads\/2023\/07\/Blog-MedCof-2023-07-13T164245.185-768x181.png\" alt=\"secre\u00e7\u00e3o mamilar, tipos de secre\u00e7\u00e3o mam\u00e1ria, secre\u00e7\u00e3o mam\u00e1ria, secre\u00e7\u00e3o da mama, secre\u00e7\u00e3o na mama\" srcset=\"https:\/\/www.grupomedcof.com.br\/blog\/wp-content\/uploads\/2023\/07\/Blog-MedCof-2023-07-13T164245.185-768x181.png 768w, https:\/\/www.grupomedcof.com.br\/blog\/wp-content\/uploads\/2023\/07\/Blog-MedCof-2023-07-13T164245.185-300x71.png 300w, https:\/\/www.grupomedcof.com.br\/blog\/wp-content\/uploads\/2023\/07\/Blog-MedCof-2023-07-13T164245.185-1024x241.png 1024w, https:\/\/www.grupomedcof.com.br\/blog\/wp-content\/uploads\/2023\/07\/Blog-MedCof-2023-07-13T164245.185-1536x362.png 1536w, https:\/\/www.grupomedcof.com.br\/blog\/wp-content\/uploads\/2023\/07\/Blog-MedCof-2023-07-13T164245.185-2048x483.png 2048w\" sizes=\"auto, (max-width: 768px) 100vw, 768px\" \/>\t\t\t\t\t\t\t\t\t\t\t\t\t\t\t<\/p>\n<h2 style=\"font-family: Poppins, sans-serif; color: #7a7a7a;\"><span class=\"ez-toc-section\" id=\"Galactorreia\"><\/span><strong>Galactorreia<\/strong><span class=\"ez-toc-section-end\"><\/span><\/h2>\n<p>\u00c9 o fluxo papilar composto por\u00a0leite fora do per\u00edodo de amamenta\u00e7\u00e3o. Geralmente \u00e9\u00a0bilateral\u00a0e envolve m\u00faltiplos ductos mam\u00e1rios. Desse modo, ele pode estar associado ao aumento de prolactina, produzida pela hip\u00f3fise (prolactinomas). Assim, outras causas comuns s\u00e3o: estresse, hipotireoidismo, doen\u00e7a renal cr\u00f4nica, uso de medicamentos, suplementos ou drogas il\u00edcitas.<\/p>\n<p>\u00a0<\/p>\n<p>Ademais, devemos lembrar, tamb\u00e9m, da\u00a0galactorreia idiop\u00e1tica transit\u00f3ria\u00a0que ocorre em mulheres na pr\u00e9 menopausa mesmo diante de n\u00edveis normais de prolactina e costuma desaparecer em alguns meses.<\/p>\n<p>\t\t\t\t\t\t\t\t\t\t\t\t\t\t\t<img loading=\"lazy\" decoding=\"async\" width=\"800\" height=\"107\" src=\"https:\/\/www.grupomedcof.com.br\/blog\/wp-content\/uploads\/2023\/07\/Blog-MedCof-2023-07-13T164842.669-1024x137.png\" alt=\"secre\u00e7\u00e3o mamilar, tipos de secre\u00e7\u00e3o mam\u00e1ria, secre\u00e7\u00e3o mam\u00e1ria, secre\u00e7\u00e3o da mama, secre\u00e7\u00e3o na mama\" srcset=\"https:\/\/www.grupomedcof.com.br\/blog\/wp-content\/uploads\/2023\/07\/Blog-MedCof-2023-07-13T164842.669-1024x137.png 1024w, https:\/\/www.grupomedcof.com.br\/blog\/wp-content\/uploads\/2023\/07\/Blog-MedCof-2023-07-13T164842.669-300x40.png 300w, https:\/\/www.grupomedcof.com.br\/blog\/wp-content\/uploads\/2023\/07\/Blog-MedCof-2023-07-13T164842.669-768x102.png 768w, https:\/\/www.grupomedcof.com.br\/blog\/wp-content\/uploads\/2023\/07\/Blog-MedCof-2023-07-13T164842.669-1536x205.png 1536w, https:\/\/www.grupomedcof.com.br\/blog\/wp-content\/uploads\/2023\/07\/Blog-MedCof-2023-07-13T164842.669-2048x273.png 2048w\" sizes=\"auto, (max-width: 800px) 100vw, 800px\" \/>\t\t\t\t\t\t\t\t\t\t\t\t\t\t\t<\/p>\n<table id=\"9a6a8bcc-1851-4214-bf86-539060d87dac\">\n<thead>\n<tr id=\"f227f5e3-49f6-4d6a-be6d-fb5a7174babe\">\n<th id=\"JNvU\">\n<h6><strong>MEDICAMENTOS QUE PODEM CAUSAR GALACTORREIA<\/strong><\/h6>\n<\/th>\n<\/tr>\n<\/thead>\n<tbody>\n<tr id=\"e6d9c341-6699-429c-afdf-5137cff527a6\">\n<td id=\"JNvU\">Metoclopramida<\/td>\n<\/tr>\n<tr id=\"ec327902-91af-46af-8678-1fc21795f047\">\n<td id=\"JNvU\">Domperidona e risperidona<\/td>\n<\/tr>\n<tr id=\"98bce4f7-bdbc-45f3-a723-54f231e62c7b\">\n<td id=\"JNvU\">Clomipramina<\/td>\n<\/tr>\n<tr id=\"e4d5ba9f-c092-4200-8f34-1673ae754043\">\n<td id=\"JNvU\">Metildopa<\/td>\n<\/tr>\n<tr id=\"18bded2e-87ce-4f7f-9d66-c50c6cbccec9\">\n<td id=\"JNvU\">Clorpromazina<\/td>\n<\/tr>\n<tr id=\"5a6c3ff8-38c8-4637-9005-d694204a4a17\">\n<td id=\"JNvU\">Haloperidol<\/td>\n<\/tr>\n<tr id=\"0da131c9-6a3d-46fb-823c-e0d85ffa213f\">\n<td id=\"JNvU\">Opioides<\/td>\n<\/tr>\n<\/tbody>\n<\/table>\n<h2 style=\"font-family: Poppins, sans-serif; color: rgb(122, 122, 122);\"><span class=\"ez-toc-section\" id=\"Fluxo_fisiologico_x_Fluxo_patologico\"><\/span>Fluxo fisiol\u00f3gico x Fluxo patol\u00f3gico<span class=\"ez-toc-section-end\"><\/span><\/h2>\n<p>Al\u00e9m disso, dentre as causas comuns de fluxo patol\u00f3gico, temos o papiloma intraductal, ectasia ductal, mastite periductal e o c\u00e2ncer de mama (5-15%).<\/p>\n<table>\n<thead>\n<tr>\n<th>FISIOL\u00d3GICO<\/th>\n<th>PATOL\u00d3GICO<\/th>\n<\/tr>\n<\/thead>\n<tbody>\n<tr>\n<td>Associado a processos normais da gl\u00e2ndula mam\u00e1ria.<\/td>\n<td>Geralmente unilateral, restrito a ducto \u00fanico e espont\u00e2neo.<\/td>\n<\/tr>\n<tr>\n<td>Pode ser amarelado, esverdeado, castanho, esbranqui\u00e7ado ou cinzento.<\/td>\n<td>Transparente ou sanguinolento.<\/td>\n<\/tr>\n<tr>\n<td>Desaparece espontaneamente.<\/td>\n<td>Persistente.<\/td>\n<\/tr>\n<tr>\n<td>Se os exames de rastreio estiverem em dia, n\u00e3o precisa de exame adicional.<\/td>\n<td>Em homens!<\/td>\n<\/tr>\n<\/tbody>\n<\/table>\n<p>\t\t\t\t\t\t\t\t\t\t\t\t\t\t\t\t<a href=\"https:\/\/www.grupomedcof.com.br\/blog\/qbank-medcof\/\" target=\"_blank\" rel=\"noopener\"><br \/>\n\t\t\t\t\t\t\t<img loading=\"lazy\" decoding=\"async\" width=\"800\" height=\"128\" src=\"https:\/\/www.grupomedcof.com.br\/blog\/wp-content\/uploads\/2023\/07\/Blog-MedCof-2023-07-06T091657.858-1024x164.png\" alt=\"medcof qbank, medcof aulas, grupo medcof, aulas medcof, qbank, banco de questoes medcof, medcof banco de questoes\" srcset=\"https:\/\/www.grupomedcof.com.br\/blog\/wp-content\/uploads\/2023\/07\/Blog-MedCof-2023-07-06T091657.858-1024x164.png 1024w, https:\/\/www.grupomedcof.com.br\/blog\/wp-content\/uploads\/2023\/07\/Blog-MedCof-2023-07-06T091657.858-300x48.png 300w, https:\/\/www.grupomedcof.com.br\/blog\/wp-content\/uploads\/2023\/07\/Blog-MedCof-2023-07-06T091657.858-768x123.png 768w, https:\/\/www.grupomedcof.com.br\/blog\/wp-content\/uploads\/2023\/07\/Blog-MedCof-2023-07-06T091657.858-1536x246.png 1536w, https:\/\/www.grupomedcof.com.br\/blog\/wp-content\/uploads\/2023\/07\/Blog-MedCof-2023-07-06T091657.858-2048x327.png 2048w\" sizes=\"auto, (max-width: 800px) 100vw, 800px\" \/>\t\t\t\t\t\t\t\t<\/a><\/p>\n<h2 style=\"font-family: Poppins, sans-serif; color: #7a7a7a;\"><span class=\"ez-toc-section\" id=\"Secrecao_mamilar_Como_investigar\"><\/span><strong>Secre\u00e7\u00e3o mamilar: Como investigar?<\/strong><span class=\"ez-toc-section-end\"><\/span><\/h2>\n<p>Portanto, diante de uma secre\u00e7\u00e3o mamilar suspeita, devemos iniciar a investiga\u00e7\u00e3o atrav\u00e9s da\u00a0avalia\u00e7\u00e3o da fun\u00e7\u00e3o renal e da fun\u00e7\u00e3o tireoidiana, dosando n\u00edveis de prolactina e solicitando dosagem de BHCG. Por fim, em alguns casos, podemos lan\u00e7ar m\u00e3o de exames de imagens e at\u00e9 bi\u00f3psia.<\/p>\n<p>\u00a0<\/p>\n<p>E agora, j\u00e1 sabe lidar com esse tipo de queixa na aten\u00e7\u00e3o b\u00e1sica? Lembre-se de anotar as dicas e tabelas. Bons estudos!<\/p>\n<h2 style=\"font-family: Poppins, sans-serif; color: rgb(122, 122, 122);\"><span class=\"ez-toc-section\" id=\"Conquiste_a_aprovacao\"><\/span>Conquiste a aprova\u00e7\u00e3o<br \/><span class=\"ez-toc-section-end\"><\/span><\/h2>\n<p>As provas de resid\u00eancia est\u00e3o cada vez mais perto! Se voc\u00ea quer<a href=\"https:\/\/www.grupomedcof.com.br\/blog\/presenca-da-medcof-nas-aprovacoes-em-residencia-medica-no-brasil\/\" target=\"_blank\" rel=\"noopener\">&nbsp;ser mais&nbsp;um aprovado&nbsp;<\/a>nas melhores resid\u00eancias m\u00e9dicas do pa\u00eds, ent\u00e3o conhe\u00e7a o<a href=\"https:\/\/www.grupomedcof.com.br\/\" target=\"_blank\" rel=\"noopener\">&nbsp;Grupo&nbsp;MedCof<\/a>!&nbsp;Temos um cat\u00e1logo repleto de cursos que te guiar\u00e3o na jornada para as provas de Resid\u00eancia M\u00e9dica que ocorrer\u00e3o em 2023!<\/p>\n<p>\t\t\t\t\t\t\t\t\t\t\t\t\t\t\t\t<a href=\"https:\/\/www.grupomedcof.com.br\/blog\/hiit-medcof-o-curso-intensivo-para-residencia-medica\/\" target=\"_blank\" rel=\"noopener\"><br \/>\n\t\t\t\t\t\t\t<img loading=\"lazy\" decoding=\"async\" width=\"800\" height=\"213\" src=\"https:\/\/www.grupomedcof.com.br\/blog\/wp-content\/uploads\/2023\/07\/Blog-MedCof-2023-07-12T140023.403-1024x273.png\" alt=\"medcof residencia medica, curso Intensivo para Resid\u00eancia M\u00e9dica, curso para resid\u00eancia m\u00e9dica, medcof hiit, aulas medcof,\" srcset=\"https:\/\/www.grupomedcof.com.br\/blog\/wp-content\/uploads\/2023\/07\/Blog-MedCof-2023-07-12T140023.403-1024x273.png 1024w, https:\/\/www.grupomedcof.com.br\/blog\/wp-content\/uploads\/2023\/07\/Blog-MedCof-2023-07-12T140023.403-300x80.png 300w, https:\/\/www.grupomedcof.com.br\/blog\/wp-content\/uploads\/2023\/07\/Blog-MedCof-2023-07-12T140023.403-768x205.png 768w, https:\/\/www.grupomedcof.com.br\/blog\/wp-content\/uploads\/2023\/07\/Blog-MedCof-2023-07-12T140023.403-1536x410.png 1536w, https:\/\/www.grupomedcof.com.br\/blog\/wp-content\/uploads\/2023\/07\/Blog-MedCof-2023-07-12T140023.403-2048x546.png 2048w\" sizes=\"auto, (max-width: 800px) 100vw, 800px\" \/>\t\t\t\t\t\t\t\t<\/a><\/p>\n<h2><span class=\"ez-toc-section\" id=\"HIIT_MedCof\"><\/span><strong style=\"color: inherit; font-family: inherit; font-size: 2rem;\">HIIT MedCof<\/strong><span class=\"ez-toc-section-end\"><\/span><\/h2>\n<p>Mas, se voc\u00ea \u00e9 novo por aqui, que tal conferir na\u00a0Semana HIIT?\u00a0Este foi um evento 100% gratuito e online que te permitir\u00e1 conhecer um pouco do nosso m\u00e9todo de ensino que te passa todo conte\u00fado cobrado nas provas em <b>apenas 12 semanas!\u00a0<\/b>\u00a0Todas as aulas j\u00e1 est\u00e3o dispon\u00edveis no nosso canal do Youtube, assim voc\u00ea poder\u00e1 conhecer um pouco do que o nosso curso intensivo para resid\u00eancia m\u00e9dica pode te oferecer. Veja o que alguns tem a dizer sobre a experi\u00eancia deles com o <b>Grupo MedCof.<\/b><\/p>\n","protected":false},"excerpt":{"rendered":"<p>Chamamos de secre\u00e7\u00e3o, fluxo ou derrame mamilar qualquer sa\u00edda de l\u00edquido pela papila mamilar fora do per\u00edodo de gesta\u00e7\u00e3o ou amamenta\u00e7\u00e3o.<\/p>\n","protected":false},"author":10,"featured_media":9157,"comment_status":"open","ping_status":"open","sticky":false,"template":"","format":"standard","meta":{"footnotes":""},"categories":[164],"tags":[93,103,68],"ppma_author":[3613],"class_list":{"0":"post-9155","1":"post","2":"type-post","3":"status-publish","4":"format-standard","5":"has-post-thumbnail","7":"category-mastologia","8":"tag-especialidades-medicas","9":"tag-mastologia","10":"tag-residencia-medica"},"yoast_head":"<!-- This site is optimized with the Yoast SEO Premium plugin v24.3 (Yoast SEO v27.4) - https:\/\/yoast.com\/product\/yoast-seo-premium-wordpress\/ -->\n<title>Secre\u00e7\u00e3o mamilar: quando se preocupar? - Blog de Medcof: conte\u00fados, editais, revalida e mais!<\/title>\n<meta name=\"description\" content=\"Secre\u00e7\u00e3o mamilar: quando se preocupar? Chamamos de secre\u00e7\u00e3o, fluxo ou derrame mamilar qualquer sa\u00edda de l\u00edquido pela papila mamilar fora...\" \/>\n<meta name=\"robots\" content=\"index, follow, max-snippet:-1, max-image-preview:large, max-video-preview:-1\" \/>\n<link rel=\"canonical\" href=\"https:\/\/www.grupomedcof.com.br\/blog\/secrecao-mamilar-quando-se-preocupar\/\" \/>\n<meta property=\"og:locale\" content=\"pt_BR\" \/>\n<meta property=\"og:type\" content=\"article\" \/>\n<meta property=\"og:title\" content=\"Secre\u00e7\u00e3o mamilar: quando se preocupar?\" \/>\n<meta property=\"og:description\" content=\"Chamamos de secre\u00e7\u00e3o, fluxo ou derrame mamilar qualquer sa\u00edda de l\u00edquido pela papila mamilar fora do per\u00edodo de gesta\u00e7\u00e3o ou amamenta\u00e7\u00e3o.\" \/>\n<meta property=\"og:url\" content=\"https:\/\/www.grupomedcof.com.br\/blog\/secrecao-mamilar-quando-se-preocupar\/\" \/>\n<meta property=\"og:site_name\" content=\"Blog de Medcof: conte\u00fados, editais, revalida e mais!\" \/>\n<meta property=\"article:publisher\" content=\"https:\/\/www.facebook.com\/MedCofQbank\/\" \/>\n<meta property=\"article:published_time\" content=\"2023-07-14T15:40:09+00:00\" \/>\n<meta property=\"article:modified_time\" content=\"2024-12-03T20:21:40+00:00\" \/>\n<meta property=\"og:image\" content=\"https:\/\/www.grupomedcof.com.br\/blog\/wp-content\/uploads\/2023\/07\/Blog-MedCof-2023-07-13T141720.581-1024x576.png\" \/>\n\t<meta property=\"og:image:width\" content=\"1024\" \/>\n\t<meta property=\"og:image:height\" content=\"576\" \/>\n\t<meta property=\"og:image:type\" content=\"image\/png\" \/>\n<meta name=\"author\" content=\"Grupo MedCof\" \/>\n<meta name=\"twitter:card\" content=\"summary_large_image\" \/>\n<meta name=\"twitter:description\" content=\"Chamamos de secre\u00e7\u00e3o, fluxo ou derrame mamilar qualquer sa\u00edda de l\u00edquido pela papila mamilar fora do per\u00edodo de gesta\u00e7\u00e3o ou amamenta\u00e7\u00e3o.\" \/>\n<meta name=\"twitter:label1\" content=\"Escrito por\" \/>\n\t<meta name=\"twitter:data1\" content=\"Grupo MedCof\" \/>\n\t<meta name=\"twitter:label2\" content=\"Est. tempo de leitura\" \/>\n\t<meta name=\"twitter:data2\" content=\"7 minutos\" \/>\n<script type=\"application\/ld+json\" class=\"yoast-schema-graph\">{\"@context\":\"https:\\\/\\\/schema.org\",\"@graph\":[{\"@type\":\"Article\",\"@id\":\"https:\\\/\\\/www.grupomedcof.com.br\\\/blog\\\/secrecao-mamilar-quando-se-preocupar\\\/#article\",\"isPartOf\":{\"@id\":\"https:\\\/\\\/www.grupomedcof.com.br\\\/blog\\\/secrecao-mamilar-quando-se-preocupar\\\/\"},\"author\":{\"name\":\"Grupo MedCof\",\"@id\":\"https:\\\/\\\/www.grupomedcof.com.br\\\/blog\\\/#\\\/schema\\\/person\\\/5e56a3921255c01181f3d8c20d53f9c0\"},\"headline\":\"Secre\u00e7\u00e3o mamilar: quando se preocupar?\",\"datePublished\":\"2023-07-14T15:40:09+00:00\",\"dateModified\":\"2024-12-03T20:21:40+00:00\",\"mainEntityOfPage\":{\"@id\":\"https:\\\/\\\/www.grupomedcof.com.br\\\/blog\\\/secrecao-mamilar-quando-se-preocupar\\\/\"},\"wordCount\":553,\"commentCount\":0,\"publisher\":{\"@id\":\"https:\\\/\\\/www.grupomedcof.com.br\\\/blog\\\/#organization\"},\"image\":{\"@id\":\"https:\\\/\\\/www.grupomedcof.com.br\\\/blog\\\/secrecao-mamilar-quando-se-preocupar\\\/#primaryimage\"},\"thumbnailUrl\":\"https:\\\/\\\/www.grupomedcof.com.br\\\/blog\\\/wp-content\\\/uploads\\\/2023\\\/07\\\/Blog-MedCof-2023-07-13T141720.581.png\",\"keywords\":[\"Especialidades m\u00e9dicas\",\"Mastologia\",\"Resid\u00eancia M\u00e9dica\"],\"articleSection\":[\"Mastologia\"],\"inLanguage\":\"pt-BR\"},{\"@type\":\"WebPage\",\"@id\":\"https:\\\/\\\/www.grupomedcof.com.br\\\/blog\\\/secrecao-mamilar-quando-se-preocupar\\\/\",\"url\":\"https:\\\/\\\/www.grupomedcof.com.br\\\/blog\\\/secrecao-mamilar-quando-se-preocupar\\\/\",\"name\":\"Secre\u00e7\u00e3o mamilar: quando se preocupar? - Blog de Medcof: conte\u00fados, editais, revalida e mais!\",\"isPartOf\":{\"@id\":\"https:\\\/\\\/www.grupomedcof.com.br\\\/blog\\\/#website\"},\"primaryImageOfPage\":{\"@id\":\"https:\\\/\\\/www.grupomedcof.com.br\\\/blog\\\/secrecao-mamilar-quando-se-preocupar\\\/#primaryimage\"},\"image\":{\"@id\":\"https:\\\/\\\/www.grupomedcof.com.br\\\/blog\\\/secrecao-mamilar-quando-se-preocupar\\\/#primaryimage\"},\"thumbnailUrl\":\"https:\\\/\\\/www.grupomedcof.com.br\\\/blog\\\/wp-content\\\/uploads\\\/2023\\\/07\\\/Blog-MedCof-2023-07-13T141720.581.png\",\"datePublished\":\"2023-07-14T15:40:09+00:00\",\"dateModified\":\"2024-12-03T20:21:40+00:00\",\"description\":\"Secre\u00e7\u00e3o mamilar: quando se preocupar? Chamamos de secre\u00e7\u00e3o, fluxo ou derrame mamilar qualquer sa\u00edda de l\u00edquido pela papila mamilar fora...\",\"breadcrumb\":{\"@id\":\"https:\\\/\\\/www.grupomedcof.com.br\\\/blog\\\/secrecao-mamilar-quando-se-preocupar\\\/#breadcrumb\"},\"inLanguage\":\"pt-BR\",\"potentialAction\":[{\"@type\":\"ReadAction\",\"target\":[\"https:\\\/\\\/www.grupomedcof.com.br\\\/blog\\\/secrecao-mamilar-quando-se-preocupar\\\/\"]}]},{\"@type\":\"ImageObject\",\"inLanguage\":\"pt-BR\",\"@id\":\"https:\\\/\\\/www.grupomedcof.com.br\\\/blog\\\/secrecao-mamilar-quando-se-preocupar\\\/#primaryimage\",\"url\":\"https:\\\/\\\/www.grupomedcof.com.br\\\/blog\\\/wp-content\\\/uploads\\\/2023\\\/07\\\/Blog-MedCof-2023-07-13T141720.581.png\",\"contentUrl\":\"https:\\\/\\\/www.grupomedcof.com.br\\\/blog\\\/wp-content\\\/uploads\\\/2023\\\/07\\\/Blog-MedCof-2023-07-13T141720.581.png\",\"width\":2560,\"height\":1440,\"caption\":\"Secre\u00e7\u00e3o mamilar: quando se preocupar? Chamamos de secre\u00e7\u00e3o, fluxo ou derrame mamilar qualquer sa\u00edda de l\u00edquido pela papila mamilar fora...\"},{\"@type\":\"BreadcrumbList\",\"@id\":\"https:\\\/\\\/www.grupomedcof.com.br\\\/blog\\\/secrecao-mamilar-quando-se-preocupar\\\/#breadcrumb\",\"itemListElement\":[{\"@type\":\"ListItem\",\"position\":1,\"name\":\"In\u00edcio\",\"item\":\"https:\\\/\\\/www.grupomedcof.com.br\\\/blog\\\/\"},{\"@type\":\"ListItem\",\"position\":2,\"name\":\"Secre\u00e7\u00e3o mamilar: quando se preocupar?\"}]},{\"@type\":\"WebSite\",\"@id\":\"https:\\\/\\\/www.grupomedcof.com.br\\\/blog\\\/#website\",\"url\":\"https:\\\/\\\/www.grupomedcof.com.br\\\/blog\\\/\",\"name\":\"Blog de Medcof: conte\u00fados, editais, revalida e mais!\",\"description\":\"Acesso o blog de MedCof! Seu portal de conte\u00fados sobre resid\u00eancia m\u00e9dica, an\u00e1lise e editais e muito mais. Clique e confira!\",\"publisher\":{\"@id\":\"https:\\\/\\\/www.grupomedcof.com.br\\\/blog\\\/#organization\"},\"alternateName\":\"Blog de Medcof: conte\u00fados, editais, revalida e mais!\",\"potentialAction\":[{\"@type\":\"SearchAction\",\"target\":{\"@type\":\"EntryPoint\",\"urlTemplate\":\"https:\\\/\\\/www.grupomedcof.com.br\\\/blog\\\/?s={search_term_string}\"},\"query-input\":{\"@type\":\"PropertyValueSpecification\",\"valueRequired\":true,\"valueName\":\"search_term_string\"}}],\"inLanguage\":\"pt-BR\"},{\"@type\":\"Organization\",\"@id\":\"https:\\\/\\\/www.grupomedcof.com.br\\\/blog\\\/#organization\",\"name\":\"Grupo MedCof\",\"url\":\"https:\\\/\\\/www.grupomedcof.com.br\\\/blog\\\/\",\"logo\":{\"@type\":\"ImageObject\",\"inLanguage\":\"pt-BR\",\"@id\":\"https:\\\/\\\/www.grupomedcof.com.br\\\/blog\\\/#\\\/schema\\\/logo\\\/image\\\/\",\"url\":\"https:\\\/\\\/www.grupomedcof.com.br\\\/blog\\\/wp-content\\\/uploads\\\/2022\\\/01\\\/logo-medcof.png\",\"contentUrl\":\"https:\\\/\\\/www.grupomedcof.com.br\\\/blog\\\/wp-content\\\/uploads\\\/2022\\\/01\\\/logo-medcof.png\",\"width\":768,\"height\":269,\"caption\":\"Grupo MedCof\"},\"image\":{\"@id\":\"https:\\\/\\\/www.grupomedcof.com.br\\\/blog\\\/#\\\/schema\\\/logo\\\/image\\\/\"},\"sameAs\":[\"https:\\\/\\\/www.facebook.com\\\/MedCofQbank\\\/\",\"https:\\\/\\\/www.instagram.com\\\/grupomedcof\\\/\",\"https:\\\/\\\/br.linkedin.com\\\/company\\\/medcof\",\"https:\\\/\\\/www.youtube.com\\\/channel\\\/UCdHMuOHKICxcHwecxN8P-AA\"]},{\"@type\":\"Person\",\"@id\":\"https:\\\/\\\/www.grupomedcof.com.br\\\/blog\\\/#\\\/schema\\\/person\\\/5e56a3921255c01181f3d8c20d53f9c0\",\"name\":\"Grupo MedCof\",\"image\":{\"@type\":\"ImageObject\",\"inLanguage\":\"pt-BR\",\"@id\":\"https:\\\/\\\/www.grupomedcof.com.br\\\/blog\\\/wp-content\\\/uploads\\\/2023\\\/04\\\/cropped-cropped-cropped-cropped-logo-96x96.png28585d174f19c23095510da5f63bc127\",\"url\":\"https:\\\/\\\/www.grupomedcof.com.br\\\/blog\\\/wp-content\\\/uploads\\\/2023\\\/04\\\/cropped-cropped-cropped-cropped-logo-96x96.png\",\"contentUrl\":\"https:\\\/\\\/www.grupomedcof.com.br\\\/blog\\\/wp-content\\\/uploads\\\/2023\\\/04\\\/cropped-cropped-cropped-cropped-logo-96x96.png\",\"caption\":\"Grupo MedCof\"},\"description\":\"Tendo aulas baseadas em quest\u00f5es, + de 115 subespecialistas dispon\u00edveis e uma metodologia \u00fanica, voc\u00ea pode se juntar ao nosso time que conta com mais de 10 mil ...\",\"url\":\"https:\\\/\\\/www.grupomedcof.com.br\\\/blog\\\/author\\\/grupo-medcof\\\/\"}]}<\/script>\n<!-- \/ Yoast SEO Premium plugin. -->","yoast_head_json":{"title":"Secre\u00e7\u00e3o mamilar: quando se preocupar? - Blog de Medcof: conte\u00fados, editais, revalida e mais!","description":"Secre\u00e7\u00e3o mamilar: quando se preocupar? Chamamos de secre\u00e7\u00e3o, fluxo ou derrame mamilar qualquer sa\u00edda de l\u00edquido pela papila mamilar fora...","robots":{"index":"index","follow":"follow","max-snippet":"max-snippet:-1","max-image-preview":"max-image-preview:large","max-video-preview":"max-video-preview:-1"},"canonical":"https:\/\/www.grupomedcof.com.br\/blog\/secrecao-mamilar-quando-se-preocupar\/","og_locale":"pt_BR","og_type":"article","og_title":"Secre\u00e7\u00e3o mamilar: quando se preocupar?","og_description":"Chamamos de secre\u00e7\u00e3o, fluxo ou derrame mamilar qualquer sa\u00edda de l\u00edquido pela papila mamilar fora do per\u00edodo de gesta\u00e7\u00e3o ou amamenta\u00e7\u00e3o.","og_url":"https:\/\/www.grupomedcof.com.br\/blog\/secrecao-mamilar-quando-se-preocupar\/","og_site_name":"Blog de Medcof: conte\u00fados, editais, revalida e mais!","article_publisher":"https:\/\/www.facebook.com\/MedCofQbank\/","article_published_time":"2023-07-14T15:40:09+00:00","article_modified_time":"2024-12-03T20:21:40+00:00","og_image":[{"width":1024,"height":576,"url":"https:\/\/www.grupomedcof.com.br\/blog\/wp-content\/uploads\/2023\/07\/Blog-MedCof-2023-07-13T141720.581-1024x576.png","type":"image\/png"}],"author":"Grupo MedCof","twitter_card":"summary_large_image","twitter_description":"Chamamos de secre\u00e7\u00e3o, fluxo ou derrame mamilar qualquer sa\u00edda de l\u00edquido pela papila mamilar fora do per\u00edodo de gesta\u00e7\u00e3o ou amamenta\u00e7\u00e3o.","twitter_misc":{"Escrito por":"Grupo MedCof","Est. tempo de leitura":"7 minutos"},"schema":{"@context":"https:\/\/schema.org","@graph":[{"@type":"Article","@id":"https:\/\/www.grupomedcof.com.br\/blog\/secrecao-mamilar-quando-se-preocupar\/#article","isPartOf":{"@id":"https:\/\/www.grupomedcof.com.br\/blog\/secrecao-mamilar-quando-se-preocupar\/"},"author":{"name":"Grupo MedCof","@id":"https:\/\/www.grupomedcof.com.br\/blog\/#\/schema\/person\/5e56a3921255c01181f3d8c20d53f9c0"},"headline":"Secre\u00e7\u00e3o mamilar: quando se preocupar?","datePublished":"2023-07-14T15:40:09+00:00","dateModified":"2024-12-03T20:21:40+00:00","mainEntityOfPage":{"@id":"https:\/\/www.grupomedcof.com.br\/blog\/secrecao-mamilar-quando-se-preocupar\/"},"wordCount":553,"commentCount":0,"publisher":{"@id":"https:\/\/www.grupomedcof.com.br\/blog\/#organization"},"image":{"@id":"https:\/\/www.grupomedcof.com.br\/blog\/secrecao-mamilar-quando-se-preocupar\/#primaryimage"},"thumbnailUrl":"https:\/\/www.grupomedcof.com.br\/blog\/wp-content\/uploads\/2023\/07\/Blog-MedCof-2023-07-13T141720.581.png","keywords":["Especialidades m\u00e9dicas","Mastologia","Resid\u00eancia M\u00e9dica"],"articleSection":["Mastologia"],"inLanguage":"pt-BR"},{"@type":"WebPage","@id":"https:\/\/www.grupomedcof.com.br\/blog\/secrecao-mamilar-quando-se-preocupar\/","url":"https:\/\/www.grupomedcof.com.br\/blog\/secrecao-mamilar-quando-se-preocupar\/","name":"Secre\u00e7\u00e3o mamilar: quando se preocupar? - Blog de Medcof: conte\u00fados, editais, revalida e mais!","isPartOf":{"@id":"https:\/\/www.grupomedcof.com.br\/blog\/#website"},"primaryImageOfPage":{"@id":"https:\/\/www.grupomedcof.com.br\/blog\/secrecao-mamilar-quando-se-preocupar\/#primaryimage"},"image":{"@id":"https:\/\/www.grupomedcof.com.br\/blog\/secrecao-mamilar-quando-se-preocupar\/#primaryimage"},"thumbnailUrl":"https:\/\/www.grupomedcof.com.br\/blog\/wp-content\/uploads\/2023\/07\/Blog-MedCof-2023-07-13T141720.581.png","datePublished":"2023-07-14T15:40:09+00:00","dateModified":"2024-12-03T20:21:40+00:00","description":"Secre\u00e7\u00e3o mamilar: quando se preocupar? Chamamos de secre\u00e7\u00e3o, fluxo ou derrame mamilar qualquer sa\u00edda de l\u00edquido pela papila mamilar fora...","breadcrumb":{"@id":"https:\/\/www.grupomedcof.com.br\/blog\/secrecao-mamilar-quando-se-preocupar\/#breadcrumb"},"inLanguage":"pt-BR","potentialAction":[{"@type":"ReadAction","target":["https:\/\/www.grupomedcof.com.br\/blog\/secrecao-mamilar-quando-se-preocupar\/"]}]},{"@type":"ImageObject","inLanguage":"pt-BR","@id":"https:\/\/www.grupomedcof.com.br\/blog\/secrecao-mamilar-quando-se-preocupar\/#primaryimage","url":"https:\/\/www.grupomedcof.com.br\/blog\/wp-content\/uploads\/2023\/07\/Blog-MedCof-2023-07-13T141720.581.png","contentUrl":"https:\/\/www.grupomedcof.com.br\/blog\/wp-content\/uploads\/2023\/07\/Blog-MedCof-2023-07-13T141720.581.png","width":2560,"height":1440,"caption":"Secre\u00e7\u00e3o mamilar: quando se preocupar? Chamamos de secre\u00e7\u00e3o, fluxo ou derrame mamilar qualquer sa\u00edda de l\u00edquido pela papila mamilar fora..."},{"@type":"BreadcrumbList","@id":"https:\/\/www.grupomedcof.com.br\/blog\/secrecao-mamilar-quando-se-preocupar\/#breadcrumb","itemListElement":[{"@type":"ListItem","position":1,"name":"In\u00edcio","item":"https:\/\/www.grupomedcof.com.br\/blog\/"},{"@type":"ListItem","position":2,"name":"Secre\u00e7\u00e3o mamilar: quando se preocupar?"}]},{"@type":"WebSite","@id":"https:\/\/www.grupomedcof.com.br\/blog\/#website","url":"https:\/\/www.grupomedcof.com.br\/blog\/","name":"Blog de Medcof: conte\u00fados, editais, revalida e mais!","description":"Acesso o blog de MedCof! Seu portal de conte\u00fados sobre resid\u00eancia m\u00e9dica, an\u00e1lise e editais e muito mais. Clique e confira!","publisher":{"@id":"https:\/\/www.grupomedcof.com.br\/blog\/#organization"},"alternateName":"Blog de Medcof: conte\u00fados, editais, revalida e mais!","potentialAction":[{"@type":"SearchAction","target":{"@type":"EntryPoint","urlTemplate":"https:\/\/www.grupomedcof.com.br\/blog\/?s={search_term_string}"},"query-input":{"@type":"PropertyValueSpecification","valueRequired":true,"valueName":"search_term_string"}}],"inLanguage":"pt-BR"},{"@type":"Organization","@id":"https:\/\/www.grupomedcof.com.br\/blog\/#organization","name":"Grupo MedCof","url":"https:\/\/www.grupomedcof.com.br\/blog\/","logo":{"@type":"ImageObject","inLanguage":"pt-BR","@id":"https:\/\/www.grupomedcof.com.br\/blog\/#\/schema\/logo\/image\/","url":"https:\/\/www.grupomedcof.com.br\/blog\/wp-content\/uploads\/2022\/01\/logo-medcof.png","contentUrl":"https:\/\/www.grupomedcof.com.br\/blog\/wp-content\/uploads\/2022\/01\/logo-medcof.png","width":768,"height":269,"caption":"Grupo MedCof"},"image":{"@id":"https:\/\/www.grupomedcof.com.br\/blog\/#\/schema\/logo\/image\/"},"sameAs":["https:\/\/www.facebook.com\/MedCofQbank\/","https:\/\/www.instagram.com\/grupomedcof\/","https:\/\/br.linkedin.com\/company\/medcof","https:\/\/www.youtube.com\/channel\/UCdHMuOHKICxcHwecxN8P-AA"]},{"@type":"Person","@id":"https:\/\/www.grupomedcof.com.br\/blog\/#\/schema\/person\/5e56a3921255c01181f3d8c20d53f9c0","name":"Grupo MedCof","image":{"@type":"ImageObject","inLanguage":"pt-BR","@id":"https:\/\/www.grupomedcof.com.br\/blog\/wp-content\/uploads\/2023\/04\/cropped-cropped-cropped-cropped-logo-96x96.png28585d174f19c23095510da5f63bc127","url":"https:\/\/www.grupomedcof.com.br\/blog\/wp-content\/uploads\/2023\/04\/cropped-cropped-cropped-cropped-logo-96x96.png","contentUrl":"https:\/\/www.grupomedcof.com.br\/blog\/wp-content\/uploads\/2023\/04\/cropped-cropped-cropped-cropped-logo-96x96.png","caption":"Grupo MedCof"},"description":"Tendo aulas baseadas em quest\u00f5es, + de 115 subespecialistas dispon\u00edveis e uma metodologia \u00fanica, voc\u00ea pode se juntar ao nosso time que conta com mais de 10 mil ...","url":"https:\/\/www.grupomedcof.com.br\/blog\/author\/grupo-medcof\/"}]}},"authors":[{"term_id":3613,"user_id":10,"is_guest":0,"slug":"grupo-medcof","display_name":"Grupo MedCof","avatar_url":"https:\/\/www.grupomedcof.com.br\/blog\/wp-content\/uploads\/2023\/04\/cropped-cropped-cropped-cropped-logo-96x96.png","0":null,"1":"","2":"","3":"","4":"","5":"","6":"","7":"","8":""}],"_links":{"self":[{"href":"https:\/\/www.grupomedcof.com.br\/blog\/wp-json\/wp\/v2\/posts\/9155","targetHints":{"allow":["GET"]}}],"collection":[{"href":"https:\/\/www.grupomedcof.com.br\/blog\/wp-json\/wp\/v2\/posts"}],"about":[{"href":"https:\/\/www.grupomedcof.com.br\/blog\/wp-json\/wp\/v2\/types\/post"}],"author":[{"embeddable":true,"href":"https:\/\/www.grupomedcof.com.br\/blog\/wp-json\/wp\/v2\/users\/10"}],"replies":[{"embeddable":true,"href":"https:\/\/www.grupomedcof.com.br\/blog\/wp-json\/wp\/v2\/comments?post=9155"}],"version-history":[{"count":0,"href":"https:\/\/www.grupomedcof.com.br\/blog\/wp-json\/wp\/v2\/posts\/9155\/revisions"}],"wp:featuredmedia":[{"embeddable":true,"href":"https:\/\/www.grupomedcof.com.br\/blog\/wp-json\/wp\/v2\/media\/9157"}],"wp:attachment":[{"href":"https:\/\/www.grupomedcof.com.br\/blog\/wp-json\/wp\/v2\/media?parent=9155"}],"wp:term":[{"taxonomy":"category","embeddable":true,"href":"https:\/\/www.grupomedcof.com.br\/blog\/wp-json\/wp\/v2\/categories?post=9155"},{"taxonomy":"post_tag","embeddable":true,"href":"https:\/\/www.grupomedcof.com.br\/blog\/wp-json\/wp\/v2\/tags?post=9155"},{"taxonomy":"author","embeddable":true,"href":"https:\/\/www.grupomedcof.com.br\/blog\/wp-json\/wp\/v2\/ppma_author?post=9155"}],"curies":[{"name":"wp","href":"https:\/\/api.w.org\/{rel}","templated":true}]}}