{"id":9234,"date":"2023-07-17T16:30:04","date_gmt":"2023-07-17T19:30:04","guid":{"rendered":"https:\/\/www.grupomedcof.com.br\/blog\/?p=9234"},"modified":"2023-07-17T16:30:04","modified_gmt":"2023-07-17T19:30:04","slug":"sancionada-a-lei-do-mais-medicos","status":"publish","type":"post","link":"https:\/\/www.grupomedcof.com.br\/blog\/sancionada-a-lei-do-mais-medicos\/","title":{"rendered":"Sancionada a Lei do Mais M\u00e9dicos"},"content":{"rendered":"<div id=\"ez-toc-container\" class=\"ez-toc-v2_0_74 counter-hierarchy ez-toc-counter ez-toc-transparent ez-toc-container-direction\">\n<div class=\"ez-toc-title-container\">\n<p class=\"ez-toc-title\" style=\"cursor:inherit\">Sum\u00e1rio<\/p>\n<span class=\"ez-toc-title-toggle\"><a href=\"#\" class=\"ez-toc-pull-right ez-toc-btn ez-toc-btn-xs ez-toc-btn-default ez-toc-toggle\" aria-label=\"Alternar tabela de conte\u00fado\"><span class=\"ez-toc-js-icon-con\"><span class=\"\"><span class=\"eztoc-hide\" style=\"display:none;\">Toggle<\/span><span class=\"ez-toc-icon-toggle-span\"><svg style=\"fill: #999;color:#999\" xmlns=\"http:\/\/www.w3.org\/2000\/svg\" class=\"list-377408\" width=\"20px\" height=\"20px\" viewBox=\"0 0 24 24\" fill=\"none\"><path d=\"M6 6H4v2h2V6zm14 0H8v2h12V6zM4 11h2v2H4v-2zm16 0H8v2h12v-2zM4 16h2v2H4v-2zm16 0H8v2h12v-2z\" fill=\"currentColor\"><\/path><\/svg><svg style=\"fill: #999;color:#999\" class=\"arrow-unsorted-368013\" xmlns=\"http:\/\/www.w3.org\/2000\/svg\" width=\"10px\" height=\"10px\" viewBox=\"0 0 24 24\" version=\"1.2\" baseProfile=\"tiny\"><path d=\"M18.2 9.3l-6.2-6.3-6.2 6.3c-.2.2-.3.4-.3.7s.1.5.3.7c.2.2.4.3.7.3h11c.3 0 .5-.1.7-.3.2-.2.3-.5.3-.7s-.1-.5-.3-.7zM5.8 14.7l6.2 6.3 6.2-6.3c.2-.2.3-.5.3-.7s-.1-.5-.3-.7c-.2-.2-.4-.3-.7-.3h-11c-.3 0-.5.1-.7.3-.2.2-.3.5-.3.7s.1.5.3.7z\"\/><\/svg><\/span><\/span><\/span><\/a><\/span><\/div>\n<nav><ul class='ez-toc-list ez-toc-list-level-1 ' ><li class='ez-toc-page-1 ez-toc-heading-level-2'><a class=\"ez-toc-link ez-toc-heading-1\" href=\"https:\/\/www.grupomedcof.com.br\/blog\/sancionada-a-lei-do-mais-medicos\/#Veja_a_seguir\" >Veja a seguir<\/a><\/li><li class='ez-toc-page-1 ez-toc-heading-level-2'><a class=\"ez-toc-link ez-toc-heading-2\" href=\"https:\/\/www.grupomedcof.com.br\/blog\/sancionada-a-lei-do-mais-medicos\/#Sancionada_a_Lei_do_Mais_Medicos\" >Sancionada a Lei do Mais M\u00e9dicos<\/a><\/li><li class='ez-toc-page-1 ez-toc-heading-level-2'><a class=\"ez-toc-link ez-toc-heading-3\" href=\"https:\/\/www.grupomedcof.com.br\/blog\/sancionada-a-lei-do-mais-medicos\/#Mais_Medicos_Novos_Editais\" >Mais M\u00e9dicos: Novos Editais<\/a><\/li><li class='ez-toc-page-1 ez-toc-heading-level-2'><a class=\"ez-toc-link ez-toc-heading-4\" href=\"https:\/\/www.grupomedcof.com.br\/blog\/sancionada-a-lei-do-mais-medicos\/#Mais_Medicos_Como_participar\" >Mais M\u00e9dicos:\u00a0Como participar?<\/a><\/li><li class='ez-toc-page-1 ez-toc-heading-level-2'><a class=\"ez-toc-link ez-toc-heading-5\" href=\"https:\/\/www.grupomedcof.com.br\/blog\/sancionada-a-lei-do-mais-medicos\/#Mais_Medicos_Perfis\" >Mais M\u00e9dicos: Perfis<\/a><ul class='ez-toc-list-level-3' ><li class='ez-toc-heading-level-3'><a class=\"ez-toc-link ez-toc-heading-6\" href=\"https:\/\/www.grupomedcof.com.br\/blog\/sancionada-a-lei-do-mais-medicos\/#Perfil_1_Registro_emitido_pelo_CRM\" >Perfil 1: Registro emitido pelo CRM<\/a><\/li><li class='ez-toc-page-1 ez-toc-heading-level-3'><a class=\"ez-toc-link ez-toc-heading-7\" href=\"https:\/\/www.grupomedcof.com.br\/blog\/sancionada-a-lei-do-mais-medicos\/#Perfil_2_Atuacao_de_medicos_brasileiros_no_exterior\" >Perfil 2: Atua\u00e7\u00e3o de m\u00e9dicos brasileiros no exterior<\/a><\/li><li class='ez-toc-page-1 ez-toc-heading-level-3'><a class=\"ez-toc-link ez-toc-heading-8\" href=\"https:\/\/www.grupomedcof.com.br\/blog\/sancionada-a-lei-do-mais-medicos\/#Perfil_3_Medicos_estrangeiros_e_habilitados_para_atuacao_no_exterior\" >Perfil 3: M\u00e9dicos estrangeiros e habilitados para atua\u00e7\u00e3o no exterior<\/a><\/li><\/ul><\/li><li class='ez-toc-page-1 ez-toc-heading-level-2'><a class=\"ez-toc-link ez-toc-heading-9\" href=\"https:\/\/www.grupomedcof.com.br\/blog\/sancionada-a-lei-do-mais-medicos\/#Programa_Mais_Medicos\" >Programa Mais M\u00e9dicos<\/a><\/li><li class='ez-toc-page-1 ez-toc-heading-level-2'><a class=\"ez-toc-link ez-toc-heading-10\" href=\"https:\/\/www.grupomedcof.com.br\/blog\/sancionada-a-lei-do-mais-medicos\/#Conquiste_a_aprovacao\" >Conquiste a aprova\u00e7\u00e3o<\/a><\/li><li class='ez-toc-page-1 ez-toc-heading-level-2'><a class=\"ez-toc-link ez-toc-heading-11\" href=\"https:\/\/www.grupomedcof.com.br\/blog\/sancionada-a-lei-do-mais-medicos\/#HIIT_MedCof\" >HIIT MedCof<\/a><\/li><\/ul><\/nav><\/div>\n<p><img loading=\"lazy\" decoding=\"async\" width=\"800\" height=\"450\" src=\"https:\/\/www.grupomedcof.com.br\/blog\/wp-content\/uploads\/2023\/07\/Blog-MedCof-2023-07-17T151215.998-1024x576.png\" alt=\"novos editais do mais m\u00e9dicos, mais m\u00e9dicos, edital mais medicos, mais m\u00e9dicos como participar, como participar do mais medicos, mais m\u00e9dicos 2023 distribui\u00e7\u00e3o de vagas, distribui\u00e7\u00e3o de vagas, mais m\u00e9dicos 2023, , processo seletivo mais medicos, mais m\u00e9dicos pefis, perfis mais medicos\" srcset=\"https:\/\/www.grupomedcof.com.br\/blog\/wp-content\/uploads\/2023\/07\/Blog-MedCof-2023-07-17T151215.998-1024x576.png 1024w, https:\/\/www.grupomedcof.com.br\/blog\/wp-content\/uploads\/2023\/07\/Blog-MedCof-2023-07-17T151215.998-300x169.png 300w, https:\/\/www.grupomedcof.com.br\/blog\/wp-content\/uploads\/2023\/07\/Blog-MedCof-2023-07-17T151215.998-768x432.png 768w, https:\/\/www.grupomedcof.com.br\/blog\/wp-content\/uploads\/2023\/07\/Blog-MedCof-2023-07-17T151215.998-1536x864.png 1536w, https:\/\/www.grupomedcof.com.br\/blog\/wp-content\/uploads\/2023\/07\/Blog-MedCof-2023-07-17T151215.998-2048x1152.png 2048w\" sizes=\"auto, (max-width: 800px) 100vw, 800px\" \/>\t\t\t\t\t\t\t\t\t\t\t\t\t\t\t<\/p>\n<p>Sancionada a Lei do Mais M\u00e9dicos:&nbsp;A Lei 14.621 entra em vigor e institui a Estrat\u00e9gia Nacional de Forma\u00e7\u00e3o de Especialistas para a Sa\u00fade referentes ao Programa Mais M\u00e9dicos.<\/p>\n<h2><span class=\"ez-toc-section\" id=\"Veja_a_seguir\"><\/span>\n\t\t\t\tVeja a seguir\t\t\t<span class=\"ez-toc-section-end\"><\/span><\/h2>\n<p>\t\t\t\t\t\t\t\t\t\t\t\t\t\t\t\t<a href=\"https:\/\/www.grupomedcof.com.br\/links-hiit-2023\/\" target=\"_blank\" rel=\"noopener\"><br \/>\n\t\t\t\t\t\t\t<img loading=\"lazy\" decoding=\"async\" width=\"800\" height=\"150\" src=\"https:\/\/www.grupomedcof.com.br\/blog\/wp-content\/uploads\/2023\/07\/Captura-de-tela-2023-07-12-130003-1024x192.png\" alt=\"medcof residencia medica, curso Intensivo para Resid\u00eancia M\u00e9dica, curso para resid\u00eancia m\u00e9dica, medcof hiit, aulas medcof,\" srcset=\"https:\/\/www.grupomedcof.com.br\/blog\/wp-content\/uploads\/2023\/07\/Captura-de-tela-2023-07-12-130003-1024x192.png 1024w, https:\/\/www.grupomedcof.com.br\/blog\/wp-content\/uploads\/2023\/07\/Captura-de-tela-2023-07-12-130003-300x56.png 300w, https:\/\/www.grupomedcof.com.br\/blog\/wp-content\/uploads\/2023\/07\/Captura-de-tela-2023-07-12-130003-768x144.png 768w, https:\/\/www.grupomedcof.com.br\/blog\/wp-content\/uploads\/2023\/07\/Captura-de-tela-2023-07-12-130003.png 1422w\" sizes=\"auto, (max-width: 800px) 100vw, 800px\" \/>\t\t\t\t\t\t\t\t<\/a><\/p>\n<h2 style=\"font-family: Poppins, sans-serif; color: #7a7a7a;\"><span class=\"ez-toc-section\" id=\"Sancionada_a_Lei_do_Mais_Medicos\"><\/span>Sancionada a Lei do Mais M\u00e9dicos<span class=\"ez-toc-section-end\"><\/span><\/h2>\n<p>Originada da medida provis\u00f3ria (MP) 1.165\/2023, a atual<strong>\u00a0<a href=\"http:\/\/www.planalto.gov.br\/ccivil_03\/_ato2023-2026\/2023\/Lei\/L14621.htm\" target=\"_blank\" rel=\"nofollow noopener\">Lei 14.621<\/a><\/strong>\u00a0do Programa Mais M\u00e9dicos foi sancionada sem vetos pelo Senado e assinada pelo presidente da rep\u00fablica no dia no dia 14 de julho de 2023. Com ela, busca-se:<\/p>\n<p>\u00a0<\/p>\n<ul style=\"font-size: 16px; background-color: #ffffff;\">\n<li style=\"font-size: 16px;\">ampliar o n\u00famero de vagas de gradua\u00e7\u00e3o em medicina,<\/li>\n<li style=\"font-size: 16px;\">incentivar a especializa\u00e7\u00e3o em Medicina da Fam\u00edlia e Comunidade<\/li>\n<li style=\"font-size: 16px;\">indenizar os profissionais direcionados para \u00e1reas de dif\u00edcil acesso ou vulner\u00e1veis<\/li>\n<li style=\"font-size: 16px;\">adicionar mais edi\u00e7\u00f5es anuais para o Exame Nacional de Revalida\u00e7\u00e3o de Diploma, o Revalida, que ter\u00e1 realiza\u00e7\u00e3o quadrimestral<\/li>\n<\/ul>\n<p>Al\u00e9m disso, com a Lei do Mais M\u00e9dicos sancionada, tamb\u00e9m h\u00e1 previs\u00e3o para a<strong> quita\u00e7\u00e3o ou reembolso<\/strong> de valores referentes ao pagamentos realizados pelo Financiamento ao Estudante do Ensino Superior (Fies). Desse modo, espera-se dar mais cobertura ao atendimento da popula\u00e7\u00e3o ind\u00edgena, prisional, bem como a implementa\u00e7\u00e3o de consult\u00f3rios na rua.<\/p>\n<p>\u00a0<\/p>\n<p>Ademais, para iniciar o cumprimento das propostas, o Mais M\u00e9dicos anunciou no dia o lan\u00e7amento de <strong>4 novos editais<\/strong>. Portanto, se voc\u00ea tem interesse no atendimento de popula\u00e7\u00f5es ind\u00edgenas, prisionais\u00a0 ou em consult\u00f3rios de rua, leia este texto na \u00edntegra e saiba mais.<\/p>\n<p>\t\t\t\t\t\t\t\t\t\t\t\t\t\t\t\t<a href=\"https:\/\/www.grupomedcof.com.br\/blog\/qbank-medcof\/\" target=\"_blank\" rel=\"noopener\"><br \/>\n\t\t\t\t\t\t\t<img loading=\"lazy\" decoding=\"async\" width=\"800\" height=\"128\" src=\"https:\/\/www.grupomedcof.com.br\/blog\/wp-content\/uploads\/2023\/07\/Blog-MedCof-2023-07-06T091657.858-1024x164.png\" alt=\"medcof qbank, medcof aulas, grupo medcof, aulas medcof, qbank, banco de questoes medcof, medcof banco de questoes\" srcset=\"https:\/\/www.grupomedcof.com.br\/blog\/wp-content\/uploads\/2023\/07\/Blog-MedCof-2023-07-06T091657.858-1024x164.png 1024w, https:\/\/www.grupomedcof.com.br\/blog\/wp-content\/uploads\/2023\/07\/Blog-MedCof-2023-07-06T091657.858-300x48.png 300w, https:\/\/www.grupomedcof.com.br\/blog\/wp-content\/uploads\/2023\/07\/Blog-MedCof-2023-07-06T091657.858-768x123.png 768w, https:\/\/www.grupomedcof.com.br\/blog\/wp-content\/uploads\/2023\/07\/Blog-MedCof-2023-07-06T091657.858-1536x246.png 1536w, https:\/\/www.grupomedcof.com.br\/blog\/wp-content\/uploads\/2023\/07\/Blog-MedCof-2023-07-06T091657.858-2048x327.png 2048w\" sizes=\"auto, (max-width: 800px) 100vw, 800px\" \/>\t\t\t\t\t\t\t\t<\/a><\/p>\n<h2 style=\"font-family: Poppins, sans-serif; color: #7a7a7a;\"><span class=\"ez-toc-section\" id=\"Mais_Medicos_Novos_Editais\"><\/span><strong>Mais M\u00e9dicos: Novos Editais<\/strong><span class=\"ez-toc-section-end\"><\/span><\/h2>\n<p>A edi\u00e7\u00e3o extra do Di\u00e1rio Oficial da Uni\u00e3o (DOU) do dia 13 de julho de 2023 trouxe a publica\u00e7\u00e3o da Secretaria de Aten\u00e7\u00e3o Prim\u00e1ria \u00e0 Sa\u00fade contendo a convoca\u00e7\u00e3o para os m\u00e9dicos interessados na sa\u00fade ind\u00edgena, prisional e em consult\u00f3rios de rua.<\/p>\n<p>\u00a0<\/p>\n<p>Dessa forma, al\u00e9m da chamamento para o 31\u00ba Ciclo dos Mais M\u00e9dicos, estima-se que haja a oferta de cerca de 15 mil vagas para as \u00e1reas citadas anteriormente. Veja a seguir os chamamentos de cada categoria, os respectivos cronogramas e a listagem dos munic\u00edpios aderentes ainda aguardam divulga\u00e7\u00e3o:<\/p>\n<p><a href=\"http:\/\/maismedicos.gov.br\/images\/2023\/EDITAL_14_12_DE_JULHO_2023_SAUDE_INDIGENA.pdf\" target=\"_blank\" rel=\"nofollow noopener\">Sa\u00fade Ind\u00edgena<\/a>:\u00a0Para contemplar o atendimento da popula\u00e7\u00e3o ind\u00edgena. Os m\u00e9dicos selecionados atrav\u00e9s do programa Mais M\u00e9dicos para o Brasil, ir\u00e3o atuar nos chamados DSEIs (Distritos de Sa\u00fade Ind\u00edgena).<\/p>\n<p>\u00a0<\/p>\n<p><a href=\"http:\/\/maismedicos.gov.br\/images\/2023\/EDITAL-N-17-DE-13-DE-JULHO-DE-2023.pdf\" target=\"_blank\" rel=\"nofollow noopener\">Aten\u00e7\u00e3o Prim\u00e1ria Prisional:<\/a>\u00a0Com previs\u00e3o para ofertar cerca de 145 vagas, os m\u00e9dicos habilitados a atuarem em redes prisionais estar\u00e3o integrados nas eAPPS (aten\u00e7\u00e3o prim\u00e1ria \u00e0 sa\u00fade prisional).<\/p>\n<p>\u00a0<\/p>\n<p><a href=\"http:\/\/maismedicos.gov.br\/images\/2023\/EDITAL-N-15-DE-13-DE-JULHO-DE-2023.pdf\" target=\"_blank\" rel=\"nofollow noopener\">Consult\u00f3rio na Rua:\u00a0<\/a>Estimando oferecer mais de 100 vagas, este chamamento refere-se aos profissionais que estar\u00e3o presentes em itinerantes respons\u00e1veis pelos atendimentos de pessoas em situa\u00e7\u00e3o de rua.<\/p>\n<h2 style=\"font-family: Poppins, sans-serif; color: #7a7a7a;\"><span class=\"ez-toc-section\" id=\"Mais_Medicos_Como_participar\"><\/span>Mais M\u00e9dicos:\u00a0Como participar?<span class=\"ez-toc-section-end\"><\/span><\/h2>\n<p>De acordo com o edital, para participar do Programa Mais M\u00e9dicos, \u00e9 necess\u00e1rio ter o\u00a0diploma de medicina, al\u00e9m de estar devidamente habilitado para atuar na \u00e1rea, seja com expedi\u00e7\u00e3o no Brasil ou estrangeira.\u00a0Entretanto,\u00a0ser\u00e1 vedada a participa\u00e7\u00e3o\u00a0dos profissionais que se enquadrem nos seguintes casos:<\/p>\n<p>\u00a0<\/p>\n<p>a)\u00a0j\u00e1 participem do Projeto, encontrando-se\u00a0ativos\u00a0no Sistema de Gerenciamento de Programas \u2014 SGP em qualquer dos Ciclos vigentes;<\/p>\n<p>b)\u00a0participaram do Projeto Mais M\u00e9dicos para o Brasil\u00a0em chamadas p\u00fablicas anteriores ou do Programa de Valoriza\u00e7\u00e3o do Profissional da Aten\u00e7\u00e3o B\u00e1sica (PROVAB) e tenham sido desligados por\u00a0descumprimento\u00a0das regras desses Programas;<\/p>\n<p>c) que tenham se\u00a0desligado voluntariamente do Projeto a menos de 180 dias\u00a0da data de publica\u00e7\u00e3o deste certame ou que estejam ativos no Sistema de Gerenciamento de Programas \u2013 SGP na posi\u00e7\u00e3o de gestores municipais\/distritais; e<\/p>\n<p>d) que, na data de publica\u00e7\u00e3o deste edital, encontrem-se vinculados ao Programa M\u00e9dicos para Brasil \u2014 PMpB (regidos pela Lei 13.958, de 18 de dezembro de 2019), como bolsistas ou tutores.<\/p>\n<p>\t\t\t\t\t\t\t\t\t\t\t\t\t\t\t\t<a href=\"https:\/\/open.spotify.com\/show\/3MyFcLlKhKequpHll6qpue?si=d0519b77e5c04e2d\" target=\"_blank\" rel=\"noopener\"><br \/>\n\t\t\t\t\t\t\t<img loading=\"lazy\" decoding=\"async\" width=\"800\" height=\"160\" src=\"https:\/\/www.grupomedcof.com.br\/blog\/wp-content\/uploads\/2023\/06\/Blog-MedCof-2023-06-29T100553.974-1024x205.png\" alt=\"medcof, medcof academy, hiit medcof, medcof derma, medcof hiit, medcof extensivo, medcof revalida\" srcset=\"https:\/\/www.grupomedcof.com.br\/blog\/wp-content\/uploads\/2023\/06\/Blog-MedCof-2023-06-29T100553.974-1024x205.png 1024w, https:\/\/www.grupomedcof.com.br\/blog\/wp-content\/uploads\/2023\/06\/Blog-MedCof-2023-06-29T100553.974-300x60.png 300w, https:\/\/www.grupomedcof.com.br\/blog\/wp-content\/uploads\/2023\/06\/Blog-MedCof-2023-06-29T100553.974-768x154.png 768w, https:\/\/www.grupomedcof.com.br\/blog\/wp-content\/uploads\/2023\/06\/Blog-MedCof-2023-06-29T100553.974-1536x308.png 1536w, https:\/\/www.grupomedcof.com.br\/blog\/wp-content\/uploads\/2023\/06\/Blog-MedCof-2023-06-29T100553.974-2048x411.png 2048w\" sizes=\"auto, (max-width: 800px) 100vw, 800px\" \/>\t\t\t\t\t\t\t\t<\/a><\/p>\n<h2><span class=\"ez-toc-section\" id=\"Mais_Medicos_Perfis\"><\/span><strong>Mais M\u00e9dicos: Perfis<\/strong><span class=\"ez-toc-section-end\"><\/span><\/h2>\n<p>Ademais, as inscri\u00e7\u00f5es para o Programa variam de acordo com o perfil de cada profissional. Sendo assim, veja abaixo quais foram os tipos especificados na publica\u00e7\u00e3o:<\/p>\n<p>\u00a0<\/p>\n<h3><span class=\"ez-toc-section\" id=\"Perfil_1_Registro_emitido_pelo_CRM\"><\/span>Perfil 1: Registro emitido pelo CRM<span class=\"ez-toc-section-end\"><\/span><\/h3>\n<p>Para os profissionais que se formaram em institui\u00e7\u00f5es nacionais, devidamente regulamentadas pelo Minist\u00e9rio da Educa\u00e7\u00e3o (MEC) e, registrados pelo Conselho Regional de Medicina (CRM).<\/p>\n<p>Desse modo, os candidatos que se encaixarem nesse perfil dever\u00e3o preencher o formul\u00e1rio dispon\u00edvel no<a href=\"https:\/\/maismedicos.saude.gov.br\/\" target=\"_blank\" rel=\"noopener\">\u00a0sistema SGP<\/a>\u00a0com informa\u00e7\u00f5es de identifica\u00e7\u00e3o, do registro do CRM, para contato, entre outros. Ademais,\u00a0os documentos comprobat\u00f3rios apenas ser\u00e3o apresentados no momento de aloca\u00e7\u00e3o da vaga.<\/p>\n<p>\u00a0<\/p>\n<h3><span class=\"ez-toc-section\" id=\"Perfil_2_Atuacao_de_medicos_brasileiros_no_exterior\"><\/span><strong>Perfil 2: Atua\u00e7\u00e3o de m\u00e9dicos brasileiros no exterior<\/strong><span class=\"ez-toc-section-end\"><\/span><\/h3>\n<p>Segundo o documento publicado pelo MS, ap\u00f3s o preenchimento das vagas pelos profissionais do Perfil 1, a lista de convoca\u00e7\u00e3o avan\u00e7ar\u00e1 para o pr\u00f3ximo perfil. Dessa forma, os m\u00e9dicos brasileiros formados no exterior e com habilita\u00e7\u00e3o para atuar fora do pa\u00eds tamb\u00e9m acessar\u00e3o o sistema SGP, informando os dados exigidos.<\/p>\n<p>\u00a0<\/p>\n<p>Entretanto, ainda no momento de inscri\u00e7\u00e3o, os candidatos dever\u00e3o\u00a0anexar uma declara\u00e7\u00e3o pessoal\u00a0de que possui conhecimento m\u00ednimo da l\u00edngua portuguesa. Al\u00e9m disso, exige-se\u00a0participa\u00e7\u00e3o e aprova\u00e7\u00e3o no M\u00f3dulo de Acolhimento e Avalia\u00e7\u00e3o (MAAv).<\/p>\n<p>\u00a0<\/p>\n<h3><span class=\"ez-toc-section\" id=\"Perfil_3_Medicos_estrangeiros_e_habilitados_para_atuacao_no_exterior\"><\/span><strong>Perfil 3: M\u00e9dicos estrangeiros e habilitados para atua\u00e7\u00e3o no exterior<\/strong><span class=\"ez-toc-section-end\"><\/span><\/h3>\n<p>Por fim,\u00a0caso ainda haja vagas dispon\u00edveis, m\u00e9dicos estrangeiros como intercambistas com habilita\u00e7\u00e3o para atuar no exterior, poder\u00e3o participar sob os mesmos crit\u00e9rios de inscri\u00e7\u00e3o dos profissionais do Perfil 2.<\/p>\n<p>\t\t\t\t\t\t\t\t\t\t\t\t\t\t\t<img loading=\"lazy\" decoding=\"async\" width=\"800\" height=\"460\" src=\"https:\/\/www.grupomedcof.com.br\/blog\/wp-content\/uploads\/2023\/05\/C94PJlZVwAAIQNP.png\" alt=\"programa mais m\u00e9dicos, mais m\u00e9dicos, mais m\u00e9dicos 2023, m\u00e9dico mais, programa m\u00e9dicos, mais medicos programa, mais m\u00e9dicos 2023\" srcset=\"https:\/\/www.grupomedcof.com.br\/blog\/wp-content\/uploads\/2023\/05\/C94PJlZVwAAIQNP.png 891w, https:\/\/www.grupomedcof.com.br\/blog\/wp-content\/uploads\/2023\/05\/C94PJlZVwAAIQNP-300x172.png 300w, https:\/\/www.grupomedcof.com.br\/blog\/wp-content\/uploads\/2023\/05\/C94PJlZVwAAIQNP-768x441.png 768w\" sizes=\"auto, (max-width: 800px) 100vw, 800px\" \/>\t\t\t\t\t\t\t\t\t\t\t\t\t\t\t<\/p>\n<h2><span class=\"ez-toc-section\" id=\"Programa_Mais_Medicos\"><\/span><strong>Programa Mais M\u00e9dicos<\/strong><span class=\"ez-toc-section-end\"><\/span><\/h2>\n<p>O an\u00fancio do Programa Mais M\u00e9dicos ocorreu no dia\u00a020 de mar\u00e7o de 2023\u00a0com o intuito de\u00a0ampliar o acesso ao atendimento m\u00e9dico no pa\u00eds, com enfoque em regi\u00f5es de extrema pobreza e sem assist\u00eancia no territ\u00f3rio.<\/p>\n<p>\u00a0<\/p>\n<p>Dessa forma, de acordo com o Minist\u00e9rio da Sa\u00fade, o programa seria a \u00fanica pol\u00edtica assistencial presente em todo territ\u00f3rio brasileiro, abrangendo assim, 100% dos munic\u00edpios. Pensando nisso, estima-se beneficiar que cerca de 96 milh\u00f5es de habitantes.<\/p>\n<p>\u00a0<\/p>\n<p>Ainda segundo o programa, para o preenchimento das vagas, a sua atual edi\u00e7\u00e3o visa dar\u00a0prioridade \u00e0 m\u00e9dicos brasileiros e formados no Brasil. Desse modo, bem como em sua origem na Medida Provis\u00f3ria N\u00ba 621, criada em 08 de julho de 2013, convertida posteriormente em 22 de outubro de 2013 na na Lei n\u00ba 12.871. A proposta do Programa Mais M\u00e9dicos \u00e9 de\u00a0atender parte das necessidades identificadas pela classe m\u00e9dica do pa\u00eds.<\/p>\n<p>\u00a0<\/p>\n<p><strong><a href=\"https:\/\/www.grupomedcof.com.br\/blog\/mais-medicos-municipios-aderentes\/\" target=\"_blank\" rel=\"noopener\">Saiba quais foram os munic\u00edpios aderentes ao programa.<\/a><\/strong><\/p>\n<h2><span class=\"ez-toc-section\" id=\"Conquiste_a_aprovacao\"><\/span>Conquiste a aprova\u00e7\u00e3o<br \/><span class=\"ez-toc-section-end\"><\/span><\/h2>\n<p>As provas de resid\u00eancia est\u00e3o cada vez mais perto! Se voc\u00ea quer<a href=\"https:\/\/www.grupomedcof.com.br\/blog\/presenca-da-medcof-nas-aprovacoes-em-residencia-medica-no-brasil\/\" target=\"_blank\" rel=\"noopener\">&nbsp;ser mais&nbsp;um aprovado&nbsp;<\/a>nas melhores resid\u00eancias m\u00e9dicas do pa\u00eds, ent\u00e3o conhe\u00e7a o<a href=\"https:\/\/www.grupomedcof.com.br\/\" target=\"_blank\" rel=\"noopener\">&nbsp;Grupo&nbsp;MedCof<\/a>!&nbsp;Temos um cat\u00e1logo repleto de cursos que te guiar\u00e3o na jornada para as provas de Resid\u00eancia M\u00e9dica que ocorrer\u00e3o em 2023!<\/p>\n<p>\t\t\t\t\t\t\t\t\t\t\t\t\t\t\t\t<a href=\"https:\/\/www.grupomedcof.com.br\/blog\/hiit-medcof-o-curso-intensivo-para-residencia-medica\/\" target=\"_blank\" rel=\"noopener\"><br \/>\n\t\t\t\t\t\t\t<img loading=\"lazy\" decoding=\"async\" width=\"800\" height=\"213\" src=\"https:\/\/www.grupomedcof.com.br\/blog\/wp-content\/uploads\/2023\/07\/Blog-MedCof-2023-07-12T140023.403-1024x273.png\" alt=\"medcof residencia medica, curso Intensivo para Resid\u00eancia M\u00e9dica, curso para resid\u00eancia m\u00e9dica, medcof hiit, aulas medcof,\" srcset=\"https:\/\/www.grupomedcof.com.br\/blog\/wp-content\/uploads\/2023\/07\/Blog-MedCof-2023-07-12T140023.403-1024x273.png 1024w, https:\/\/www.grupomedcof.com.br\/blog\/wp-content\/uploads\/2023\/07\/Blog-MedCof-2023-07-12T140023.403-300x80.png 300w, https:\/\/www.grupomedcof.com.br\/blog\/wp-content\/uploads\/2023\/07\/Blog-MedCof-2023-07-12T140023.403-768x205.png 768w, https:\/\/www.grupomedcof.com.br\/blog\/wp-content\/uploads\/2023\/07\/Blog-MedCof-2023-07-12T140023.403-1536x410.png 1536w, https:\/\/www.grupomedcof.com.br\/blog\/wp-content\/uploads\/2023\/07\/Blog-MedCof-2023-07-12T140023.403-2048x546.png 2048w\" sizes=\"auto, (max-width: 800px) 100vw, 800px\" \/>\t\t\t\t\t\t\t\t<\/a><\/p>\n<h2><span class=\"ez-toc-section\" id=\"HIIT_MedCof\"><\/span><strong>HIIT MedCof<\/strong><span class=\"ez-toc-section-end\"><\/span><\/h2>\n<p>Mas, se voc\u00ea \u00e9 novo por aqui, que tal conferir na Semana HIIT? Este foi um evento 100% gratuito e online que te far\u00e1 conhecer um pouco do nosso m\u00e9todo de ensino. Ele te passa todo conte\u00fado cobrado nas provas em apenas 12 semanas!\u00a0Todas as aulas j\u00e1 est\u00e3o dispon\u00edveis no nosso canal do Youtube, assim voc\u00ea poder\u00e1 conhecer um pouco do que o nosso curso intensivo para resid\u00eancia m\u00e9dica pode te oferecer. Veja o que alguns tem a dizer sobre a experi\u00eancia deles com o\u00a0Grupo MedCof.<\/p>\n","protected":false},"excerpt":{"rendered":"<p>Sancionada a Lei do Mais M\u00e9dicos: A Lei 14.621 entra em vigor e institui a Estrat\u00e9gia Nacional de Forma\u00e7\u00e3o de Especialistas para a Sa\u00fade referentes ao Programa Mais M\u00e9dicos.<\/p>\n","protected":false},"author":6,"featured_media":9239,"comment_status":"open","ping_status":"open","sticky":false,"template":"","format":"standard","meta":{"footnotes":""},"categories":[55,173],"tags":[93,201],"ppma_author":[3609],"class_list":{"0":"post-9234","1":"post","2":"type-post","3":"status-publish","4":"format-standard","5":"has-post-thumbnail","7":"category-carreira-medica","8":"category-novidades","9":"tag-especialidades-medicas","10":"tag-mais-medicos"},"yoast_head":"<!-- This site is optimized with the Yoast SEO Premium plugin v24.3 (Yoast SEO v27.4) - https:\/\/yoast.com\/product\/yoast-seo-premium-wordpress\/ -->\n<title>Sancionada a Lei do Mais M\u00e9dicos - Blog de Medcof: conte\u00fados, editais, revalida e mais!<\/title>\n<meta name=\"description\" content=\"Sancionada a Lei do Mais M\u00e9dicos: A Lei 14.621 entra em vigor e institui a Estrat\u00e9gia Nacional de Forma\u00e7\u00e3o de Especialistas para a Sa\u00fade...\" \/>\n<meta name=\"robots\" content=\"index, follow, max-snippet:-1, max-image-preview:large, max-video-preview:-1\" \/>\n<link rel=\"canonical\" href=\"https:\/\/www.grupomedcof.com.br\/blog\/sancionada-a-lei-do-mais-medicos\/\" \/>\n<meta property=\"og:locale\" content=\"pt_BR\" \/>\n<meta property=\"og:type\" content=\"article\" \/>\n<meta property=\"og:title\" content=\"Sancionada a Lei do Mais M\u00e9dicos\" \/>\n<meta property=\"og:description\" content=\"Sancionada a Lei do Mais M\u00e9dicos: A Lei 14.621 entra em vigor e institui a Estrat\u00e9gia Nacional de Forma\u00e7\u00e3o de Especialistas para a Sa\u00fade...\" \/>\n<meta property=\"og:url\" content=\"https:\/\/www.grupomedcof.com.br\/blog\/sancionada-a-lei-do-mais-medicos\/\" \/>\n<meta property=\"og:site_name\" content=\"Blog de Medcof: conte\u00fados, editais, revalida e mais!\" \/>\n<meta property=\"article:publisher\" content=\"https:\/\/www.facebook.com\/MedCofQbank\/\" \/>\n<meta property=\"article:published_time\" content=\"2023-07-17T19:30:04+00:00\" \/>\n<meta property=\"og:image\" content=\"https:\/\/www.grupomedcof.com.br\/blog\/wp-content\/uploads\/2023\/07\/Blog-MedCof-2023-07-17T151215.998.png\" \/>\n\t<meta property=\"og:image:width\" content=\"2560\" \/>\n\t<meta property=\"og:image:height\" content=\"1440\" \/>\n\t<meta property=\"og:image:type\" content=\"image\/png\" \/>\n<meta name=\"author\" content=\"J\u00falia Moreira\" \/>\n<meta name=\"twitter:card\" content=\"summary_large_image\" \/>\n<meta name=\"twitter:label1\" content=\"Escrito por\" \/>\n\t<meta name=\"twitter:data1\" content=\"J\u00falia Moreira\" \/>\n\t<meta name=\"twitter:label2\" content=\"Est. tempo de leitura\" \/>\n\t<meta name=\"twitter:data2\" content=\"13 minutos\" \/>\n<script type=\"application\/ld+json\" class=\"yoast-schema-graph\">{\"@context\":\"https:\\\/\\\/schema.org\",\"@graph\":[{\"@type\":\"Article\",\"@id\":\"https:\\\/\\\/www.grupomedcof.com.br\\\/blog\\\/sancionada-a-lei-do-mais-medicos\\\/#article\",\"isPartOf\":{\"@id\":\"https:\\\/\\\/www.grupomedcof.com.br\\\/blog\\\/sancionada-a-lei-do-mais-medicos\\\/\"},\"author\":{\"name\":\"J\u00falia Moreira\",\"@id\":\"https:\\\/\\\/www.grupomedcof.com.br\\\/blog\\\/#\\\/schema\\\/person\\\/1375e0ce724529d7a1d8156ea7f8ceaa\"},\"headline\":\"Sancionada a Lei do Mais M\u00e9dicos\",\"datePublished\":\"2023-07-17T19:30:04+00:00\",\"mainEntityOfPage\":{\"@id\":\"https:\\\/\\\/www.grupomedcof.com.br\\\/blog\\\/sancionada-a-lei-do-mais-medicos\\\/\"},\"wordCount\":1245,\"commentCount\":0,\"publisher\":{\"@id\":\"https:\\\/\\\/www.grupomedcof.com.br\\\/blog\\\/#organization\"},\"image\":{\"@id\":\"https:\\\/\\\/www.grupomedcof.com.br\\\/blog\\\/sancionada-a-lei-do-mais-medicos\\\/#primaryimage\"},\"thumbnailUrl\":\"https:\\\/\\\/www.grupomedcof.com.br\\\/blog\\\/wp-content\\\/uploads\\\/2023\\\/07\\\/Blog-MedCof-2023-07-17T151215.998.png\",\"keywords\":[\"Especialidades m\u00e9dicas\",\"Mais M\u00e9dicos\"],\"articleSection\":[\"Carreira M\u00e9dica\",\"Novidades\"],\"inLanguage\":\"pt-BR\"},{\"@type\":\"WebPage\",\"@id\":\"https:\\\/\\\/www.grupomedcof.com.br\\\/blog\\\/sancionada-a-lei-do-mais-medicos\\\/\",\"url\":\"https:\\\/\\\/www.grupomedcof.com.br\\\/blog\\\/sancionada-a-lei-do-mais-medicos\\\/\",\"name\":\"Sancionada a Lei do Mais M\u00e9dicos - Blog de Medcof: conte\u00fados, editais, revalida e mais!\",\"isPartOf\":{\"@id\":\"https:\\\/\\\/www.grupomedcof.com.br\\\/blog\\\/#website\"},\"primaryImageOfPage\":{\"@id\":\"https:\\\/\\\/www.grupomedcof.com.br\\\/blog\\\/sancionada-a-lei-do-mais-medicos\\\/#primaryimage\"},\"image\":{\"@id\":\"https:\\\/\\\/www.grupomedcof.com.br\\\/blog\\\/sancionada-a-lei-do-mais-medicos\\\/#primaryimage\"},\"thumbnailUrl\":\"https:\\\/\\\/www.grupomedcof.com.br\\\/blog\\\/wp-content\\\/uploads\\\/2023\\\/07\\\/Blog-MedCof-2023-07-17T151215.998.png\",\"datePublished\":\"2023-07-17T19:30:04+00:00\",\"description\":\"Sancionada a Lei do Mais M\u00e9dicos: A Lei 14.621 entra em vigor e institui a Estrat\u00e9gia Nacional de Forma\u00e7\u00e3o de Especialistas para a Sa\u00fade...\",\"breadcrumb\":{\"@id\":\"https:\\\/\\\/www.grupomedcof.com.br\\\/blog\\\/sancionada-a-lei-do-mais-medicos\\\/#breadcrumb\"},\"inLanguage\":\"pt-BR\",\"potentialAction\":[{\"@type\":\"ReadAction\",\"target\":[\"https:\\\/\\\/www.grupomedcof.com.br\\\/blog\\\/sancionada-a-lei-do-mais-medicos\\\/\"]}]},{\"@type\":\"ImageObject\",\"inLanguage\":\"pt-BR\",\"@id\":\"https:\\\/\\\/www.grupomedcof.com.br\\\/blog\\\/sancionada-a-lei-do-mais-medicos\\\/#primaryimage\",\"url\":\"https:\\\/\\\/www.grupomedcof.com.br\\\/blog\\\/wp-content\\\/uploads\\\/2023\\\/07\\\/Blog-MedCof-2023-07-17T151215.998.png\",\"contentUrl\":\"https:\\\/\\\/www.grupomedcof.com.br\\\/blog\\\/wp-content\\\/uploads\\\/2023\\\/07\\\/Blog-MedCof-2023-07-17T151215.998.png\",\"width\":2560,\"height\":1440,\"caption\":\"Sancionada a Lei do Mais M\u00e9dicos: A Lei 14.621 entra em vigor e institui a Estrat\u00e9gia Nacional de Forma\u00e7\u00e3o de Especialistas para a Sa\u00fade...\"},{\"@type\":\"BreadcrumbList\",\"@id\":\"https:\\\/\\\/www.grupomedcof.com.br\\\/blog\\\/sancionada-a-lei-do-mais-medicos\\\/#breadcrumb\",\"itemListElement\":[{\"@type\":\"ListItem\",\"position\":1,\"name\":\"In\u00edcio\",\"item\":\"https:\\\/\\\/www.grupomedcof.com.br\\\/blog\\\/\"},{\"@type\":\"ListItem\",\"position\":2,\"name\":\"Sancionada a Lei do Mais M\u00e9dicos\"}]},{\"@type\":\"WebSite\",\"@id\":\"https:\\\/\\\/www.grupomedcof.com.br\\\/blog\\\/#website\",\"url\":\"https:\\\/\\\/www.grupomedcof.com.br\\\/blog\\\/\",\"name\":\"Blog de Medcof: conte\u00fados, editais, revalida e mais!\",\"description\":\"Acesso o blog de MedCof! Seu portal de conte\u00fados sobre resid\u00eancia m\u00e9dica, an\u00e1lise e editais e muito mais. Clique e confira!\",\"publisher\":{\"@id\":\"https:\\\/\\\/www.grupomedcof.com.br\\\/blog\\\/#organization\"},\"alternateName\":\"Blog de Medcof: conte\u00fados, editais, revalida e mais!\",\"potentialAction\":[{\"@type\":\"SearchAction\",\"target\":{\"@type\":\"EntryPoint\",\"urlTemplate\":\"https:\\\/\\\/www.grupomedcof.com.br\\\/blog\\\/?s={search_term_string}\"},\"query-input\":{\"@type\":\"PropertyValueSpecification\",\"valueRequired\":true,\"valueName\":\"search_term_string\"}}],\"inLanguage\":\"pt-BR\"},{\"@type\":\"Organization\",\"@id\":\"https:\\\/\\\/www.grupomedcof.com.br\\\/blog\\\/#organization\",\"name\":\"Grupo MedCof\",\"url\":\"https:\\\/\\\/www.grupomedcof.com.br\\\/blog\\\/\",\"logo\":{\"@type\":\"ImageObject\",\"inLanguage\":\"pt-BR\",\"@id\":\"https:\\\/\\\/www.grupomedcof.com.br\\\/blog\\\/#\\\/schema\\\/logo\\\/image\\\/\",\"url\":\"https:\\\/\\\/www.grupomedcof.com.br\\\/blog\\\/wp-content\\\/uploads\\\/2022\\\/01\\\/logo-medcof.png\",\"contentUrl\":\"https:\\\/\\\/www.grupomedcof.com.br\\\/blog\\\/wp-content\\\/uploads\\\/2022\\\/01\\\/logo-medcof.png\",\"width\":768,\"height\":269,\"caption\":\"Grupo MedCof\"},\"image\":{\"@id\":\"https:\\\/\\\/www.grupomedcof.com.br\\\/blog\\\/#\\\/schema\\\/logo\\\/image\\\/\"},\"sameAs\":[\"https:\\\/\\\/www.facebook.com\\\/MedCofQbank\\\/\",\"https:\\\/\\\/www.instagram.com\\\/grupomedcof\\\/\",\"https:\\\/\\\/br.linkedin.com\\\/company\\\/medcof\",\"https:\\\/\\\/www.youtube.com\\\/channel\\\/UCdHMuOHKICxcHwecxN8P-AA\"]},{\"@type\":\"Person\",\"@id\":\"https:\\\/\\\/www.grupomedcof.com.br\\\/blog\\\/#\\\/schema\\\/person\\\/1375e0ce724529d7a1d8156ea7f8ceaa\",\"name\":\"J\u00falia Moreira\",\"image\":{\"@type\":\"ImageObject\",\"inLanguage\":\"pt-BR\",\"@id\":\"https:\\\/\\\/www.grupomedcof.com.br\\\/blog\\\/wp-content\\\/uploads\\\/2024\\\/12\\\/cropped-Captura-de-tela-2023-12-15-094946-96x96.png6a0083ac34a0445de97d55fae63a4a41\",\"url\":\"https:\\\/\\\/www.grupomedcof.com.br\\\/blog\\\/wp-content\\\/uploads\\\/2024\\\/12\\\/cropped-Captura-de-tela-2023-12-15-094946-96x96.png\",\"contentUrl\":\"https:\\\/\\\/www.grupomedcof.com.br\\\/blog\\\/wp-content\\\/uploads\\\/2024\\\/12\\\/cropped-Captura-de-tela-2023-12-15-094946-96x96.png\",\"caption\":\"J\u00falia Moreira\"},\"description\":\"Estudante do 8\u00ba semestre de Jornalismo na ECA-USP, f\u00e3 de filmes de terror e m\u00fasica popular sul-coreana.\",\"sameAs\":[\"https:\\\/\\\/www.grupomedcof.com.br\\\/\"],\"url\":\"https:\\\/\\\/www.grupomedcof.com.br\\\/blog\\\/author\\\/julia\\\/\"}]}<\/script>\n<!-- \/ Yoast SEO Premium plugin. -->","yoast_head_json":{"title":"Sancionada a Lei do Mais M\u00e9dicos - Blog de Medcof: conte\u00fados, editais, revalida e mais!","description":"Sancionada a Lei do Mais M\u00e9dicos: A Lei 14.621 entra em vigor e institui a Estrat\u00e9gia Nacional de Forma\u00e7\u00e3o de Especialistas para a Sa\u00fade...","robots":{"index":"index","follow":"follow","max-snippet":"max-snippet:-1","max-image-preview":"max-image-preview:large","max-video-preview":"max-video-preview:-1"},"canonical":"https:\/\/www.grupomedcof.com.br\/blog\/sancionada-a-lei-do-mais-medicos\/","og_locale":"pt_BR","og_type":"article","og_title":"Sancionada a Lei do Mais M\u00e9dicos","og_description":"Sancionada a Lei do Mais M\u00e9dicos: A Lei 14.621 entra em vigor e institui a Estrat\u00e9gia Nacional de Forma\u00e7\u00e3o de Especialistas para a Sa\u00fade...","og_url":"https:\/\/www.grupomedcof.com.br\/blog\/sancionada-a-lei-do-mais-medicos\/","og_site_name":"Blog de Medcof: conte\u00fados, editais, revalida e mais!","article_publisher":"https:\/\/www.facebook.com\/MedCofQbank\/","article_published_time":"2023-07-17T19:30:04+00:00","og_image":[{"width":2560,"height":1440,"url":"https:\/\/www.grupomedcof.com.br\/blog\/wp-content\/uploads\/2023\/07\/Blog-MedCof-2023-07-17T151215.998.png","type":"image\/png"}],"author":"J\u00falia Moreira","twitter_card":"summary_large_image","twitter_misc":{"Escrito por":"J\u00falia Moreira","Est. tempo de leitura":"13 minutos"},"schema":{"@context":"https:\/\/schema.org","@graph":[{"@type":"Article","@id":"https:\/\/www.grupomedcof.com.br\/blog\/sancionada-a-lei-do-mais-medicos\/#article","isPartOf":{"@id":"https:\/\/www.grupomedcof.com.br\/blog\/sancionada-a-lei-do-mais-medicos\/"},"author":{"name":"J\u00falia Moreira","@id":"https:\/\/www.grupomedcof.com.br\/blog\/#\/schema\/person\/1375e0ce724529d7a1d8156ea7f8ceaa"},"headline":"Sancionada a Lei do Mais M\u00e9dicos","datePublished":"2023-07-17T19:30:04+00:00","mainEntityOfPage":{"@id":"https:\/\/www.grupomedcof.com.br\/blog\/sancionada-a-lei-do-mais-medicos\/"},"wordCount":1245,"commentCount":0,"publisher":{"@id":"https:\/\/www.grupomedcof.com.br\/blog\/#organization"},"image":{"@id":"https:\/\/www.grupomedcof.com.br\/blog\/sancionada-a-lei-do-mais-medicos\/#primaryimage"},"thumbnailUrl":"https:\/\/www.grupomedcof.com.br\/blog\/wp-content\/uploads\/2023\/07\/Blog-MedCof-2023-07-17T151215.998.png","keywords":["Especialidades m\u00e9dicas","Mais M\u00e9dicos"],"articleSection":["Carreira M\u00e9dica","Novidades"],"inLanguage":"pt-BR"},{"@type":"WebPage","@id":"https:\/\/www.grupomedcof.com.br\/blog\/sancionada-a-lei-do-mais-medicos\/","url":"https:\/\/www.grupomedcof.com.br\/blog\/sancionada-a-lei-do-mais-medicos\/","name":"Sancionada a Lei do Mais M\u00e9dicos - Blog de Medcof: conte\u00fados, editais, revalida e mais!","isPartOf":{"@id":"https:\/\/www.grupomedcof.com.br\/blog\/#website"},"primaryImageOfPage":{"@id":"https:\/\/www.grupomedcof.com.br\/blog\/sancionada-a-lei-do-mais-medicos\/#primaryimage"},"image":{"@id":"https:\/\/www.grupomedcof.com.br\/blog\/sancionada-a-lei-do-mais-medicos\/#primaryimage"},"thumbnailUrl":"https:\/\/www.grupomedcof.com.br\/blog\/wp-content\/uploads\/2023\/07\/Blog-MedCof-2023-07-17T151215.998.png","datePublished":"2023-07-17T19:30:04+00:00","description":"Sancionada a Lei do Mais M\u00e9dicos: A Lei 14.621 entra em vigor e institui a Estrat\u00e9gia Nacional de Forma\u00e7\u00e3o de Especialistas para a Sa\u00fade...","breadcrumb":{"@id":"https:\/\/www.grupomedcof.com.br\/blog\/sancionada-a-lei-do-mais-medicos\/#breadcrumb"},"inLanguage":"pt-BR","potentialAction":[{"@type":"ReadAction","target":["https:\/\/www.grupomedcof.com.br\/blog\/sancionada-a-lei-do-mais-medicos\/"]}]},{"@type":"ImageObject","inLanguage":"pt-BR","@id":"https:\/\/www.grupomedcof.com.br\/blog\/sancionada-a-lei-do-mais-medicos\/#primaryimage","url":"https:\/\/www.grupomedcof.com.br\/blog\/wp-content\/uploads\/2023\/07\/Blog-MedCof-2023-07-17T151215.998.png","contentUrl":"https:\/\/www.grupomedcof.com.br\/blog\/wp-content\/uploads\/2023\/07\/Blog-MedCof-2023-07-17T151215.998.png","width":2560,"height":1440,"caption":"Sancionada a Lei do Mais M\u00e9dicos: A Lei 14.621 entra em vigor e institui a Estrat\u00e9gia Nacional de Forma\u00e7\u00e3o de Especialistas para a Sa\u00fade..."},{"@type":"BreadcrumbList","@id":"https:\/\/www.grupomedcof.com.br\/blog\/sancionada-a-lei-do-mais-medicos\/#breadcrumb","itemListElement":[{"@type":"ListItem","position":1,"name":"In\u00edcio","item":"https:\/\/www.grupomedcof.com.br\/blog\/"},{"@type":"ListItem","position":2,"name":"Sancionada a Lei do Mais M\u00e9dicos"}]},{"@type":"WebSite","@id":"https:\/\/www.grupomedcof.com.br\/blog\/#website","url":"https:\/\/www.grupomedcof.com.br\/blog\/","name":"Blog de Medcof: conte\u00fados, editais, revalida e mais!","description":"Acesso o blog de MedCof! Seu portal de conte\u00fados sobre resid\u00eancia m\u00e9dica, an\u00e1lise e editais e muito mais. Clique e confira!","publisher":{"@id":"https:\/\/www.grupomedcof.com.br\/blog\/#organization"},"alternateName":"Blog de Medcof: conte\u00fados, editais, revalida e mais!","potentialAction":[{"@type":"SearchAction","target":{"@type":"EntryPoint","urlTemplate":"https:\/\/www.grupomedcof.com.br\/blog\/?s={search_term_string}"},"query-input":{"@type":"PropertyValueSpecification","valueRequired":true,"valueName":"search_term_string"}}],"inLanguage":"pt-BR"},{"@type":"Organization","@id":"https:\/\/www.grupomedcof.com.br\/blog\/#organization","name":"Grupo MedCof","url":"https:\/\/www.grupomedcof.com.br\/blog\/","logo":{"@type":"ImageObject","inLanguage":"pt-BR","@id":"https:\/\/www.grupomedcof.com.br\/blog\/#\/schema\/logo\/image\/","url":"https:\/\/www.grupomedcof.com.br\/blog\/wp-content\/uploads\/2022\/01\/logo-medcof.png","contentUrl":"https:\/\/www.grupomedcof.com.br\/blog\/wp-content\/uploads\/2022\/01\/logo-medcof.png","width":768,"height":269,"caption":"Grupo MedCof"},"image":{"@id":"https:\/\/www.grupomedcof.com.br\/blog\/#\/schema\/logo\/image\/"},"sameAs":["https:\/\/www.facebook.com\/MedCofQbank\/","https:\/\/www.instagram.com\/grupomedcof\/","https:\/\/br.linkedin.com\/company\/medcof","https:\/\/www.youtube.com\/channel\/UCdHMuOHKICxcHwecxN8P-AA"]},{"@type":"Person","@id":"https:\/\/www.grupomedcof.com.br\/blog\/#\/schema\/person\/1375e0ce724529d7a1d8156ea7f8ceaa","name":"J\u00falia Moreira","image":{"@type":"ImageObject","inLanguage":"pt-BR","@id":"https:\/\/www.grupomedcof.com.br\/blog\/wp-content\/uploads\/2024\/12\/cropped-Captura-de-tela-2023-12-15-094946-96x96.png6a0083ac34a0445de97d55fae63a4a41","url":"https:\/\/www.grupomedcof.com.br\/blog\/wp-content\/uploads\/2024\/12\/cropped-Captura-de-tela-2023-12-15-094946-96x96.png","contentUrl":"https:\/\/www.grupomedcof.com.br\/blog\/wp-content\/uploads\/2024\/12\/cropped-Captura-de-tela-2023-12-15-094946-96x96.png","caption":"J\u00falia Moreira"},"description":"Estudante do 8\u00ba semestre de Jornalismo na ECA-USP, f\u00e3 de filmes de terror e m\u00fasica popular sul-coreana.","sameAs":["https:\/\/www.grupomedcof.com.br\/"],"url":"https:\/\/www.grupomedcof.com.br\/blog\/author\/julia\/"}]}},"authors":[{"term_id":3609,"user_id":6,"is_guest":0,"slug":"julia","display_name":"J\u00falia Moreira","avatar_url":"https:\/\/www.grupomedcof.com.br\/blog\/wp-content\/uploads\/2024\/12\/cropped-Captura-de-tela-2023-12-15-094946-96x96.png","0":null,"1":"","2":"","3":"","4":"","5":"","6":"","7":"","8":""}],"_links":{"self":[{"href":"https:\/\/www.grupomedcof.com.br\/blog\/wp-json\/wp\/v2\/posts\/9234","targetHints":{"allow":["GET"]}}],"collection":[{"href":"https:\/\/www.grupomedcof.com.br\/blog\/wp-json\/wp\/v2\/posts"}],"about":[{"href":"https:\/\/www.grupomedcof.com.br\/blog\/wp-json\/wp\/v2\/types\/post"}],"author":[{"embeddable":true,"href":"https:\/\/www.grupomedcof.com.br\/blog\/wp-json\/wp\/v2\/users\/6"}],"replies":[{"embeddable":true,"href":"https:\/\/www.grupomedcof.com.br\/blog\/wp-json\/wp\/v2\/comments?post=9234"}],"version-history":[{"count":0,"href":"https:\/\/www.grupomedcof.com.br\/blog\/wp-json\/wp\/v2\/posts\/9234\/revisions"}],"wp:featuredmedia":[{"embeddable":true,"href":"https:\/\/www.grupomedcof.com.br\/blog\/wp-json\/wp\/v2\/media\/9239"}],"wp:attachment":[{"href":"https:\/\/www.grupomedcof.com.br\/blog\/wp-json\/wp\/v2\/media?parent=9234"}],"wp:term":[{"taxonomy":"category","embeddable":true,"href":"https:\/\/www.grupomedcof.com.br\/blog\/wp-json\/wp\/v2\/categories?post=9234"},{"taxonomy":"post_tag","embeddable":true,"href":"https:\/\/www.grupomedcof.com.br\/blog\/wp-json\/wp\/v2\/tags?post=9234"},{"taxonomy":"author","embeddable":true,"href":"https:\/\/www.grupomedcof.com.br\/blog\/wp-json\/wp\/v2\/ppma_author?post=9234"}],"curies":[{"name":"wp","href":"https:\/\/api.w.org\/{rel}","templated":true}]}}