{"id":9301,"date":"2023-07-19T09:44:56","date_gmt":"2023-07-19T12:44:56","guid":{"rendered":"https:\/\/www.grupomedcof.com.br\/blog\/?p=9301"},"modified":"2023-07-19T09:44:56","modified_gmt":"2023-07-19T12:44:56","slug":"disseccao-aortica-como-suspeitar-e-diagnosticar","status":"publish","type":"post","link":"https:\/\/www.grupomedcof.com.br\/blog\/disseccao-aortica-como-suspeitar-e-diagnosticar\/","title":{"rendered":"Dissec\u00e7\u00e3o A\u00f3rtica: como suspeitar e diagnosticar"},"content":{"rendered":"<div id=\"ez-toc-container\" class=\"ez-toc-v2_0_74 counter-hierarchy ez-toc-counter ez-toc-transparent ez-toc-container-direction\">\n<div class=\"ez-toc-title-container\">\n<p class=\"ez-toc-title\" style=\"cursor:inherit\">Sum\u00e1rio<\/p>\n<span class=\"ez-toc-title-toggle\"><a href=\"#\" class=\"ez-toc-pull-right ez-toc-btn ez-toc-btn-xs ez-toc-btn-default ez-toc-toggle\" aria-label=\"Alternar tabela de conte\u00fado\"><span class=\"ez-toc-js-icon-con\"><span class=\"\"><span class=\"eztoc-hide\" style=\"display:none;\">Toggle<\/span><span class=\"ez-toc-icon-toggle-span\"><svg style=\"fill: #999;color:#999\" xmlns=\"http:\/\/www.w3.org\/2000\/svg\" class=\"list-377408\" width=\"20px\" height=\"20px\" viewBox=\"0 0 24 24\" fill=\"none\"><path d=\"M6 6H4v2h2V6zm14 0H8v2h12V6zM4 11h2v2H4v-2zm16 0H8v2h12v-2zM4 16h2v2H4v-2zm16 0H8v2h12v-2z\" fill=\"currentColor\"><\/path><\/svg><svg style=\"fill: #999;color:#999\" class=\"arrow-unsorted-368013\" xmlns=\"http:\/\/www.w3.org\/2000\/svg\" width=\"10px\" height=\"10px\" viewBox=\"0 0 24 24\" version=\"1.2\" baseProfile=\"tiny\"><path d=\"M18.2 9.3l-6.2-6.3-6.2 6.3c-.2.2-.3.4-.3.7s.1.5.3.7c.2.2.4.3.7.3h11c.3 0 .5-.1.7-.3.2-.2.3-.5.3-.7s-.1-.5-.3-.7zM5.8 14.7l6.2 6.3 6.2-6.3c.2-.2.3-.5.3-.7s-.1-.5-.3-.7c-.2-.2-.4-.3-.7-.3h-11c-.3 0-.5.1-.7.3-.2.2-.3.5-.3.7s.1.5.3.7z\"\/><\/svg><\/span><\/span><\/span><\/a><\/span><\/div>\n<nav><ul class='ez-toc-list ez-toc-list-level-1 ' ><li class='ez-toc-page-1 ez-toc-heading-level-2'><a class=\"ez-toc-link ez-toc-heading-1\" href=\"https:\/\/www.grupomedcof.com.br\/blog\/disseccao-aortica-como-suspeitar-e-diagnosticar\/#Confira_a_seguir\" >Confira a seguir<\/a><\/li><li class='ez-toc-page-1 ez-toc-heading-level-2'><a class=\"ez-toc-link ez-toc-heading-2\" href=\"https:\/\/www.grupomedcof.com.br\/blog\/disseccao-aortica-como-suspeitar-e-diagnosticar\/#Disseccao_Aortica_Definicao\" >Dissec\u00e7\u00e3o A\u00f3rtica:&nbsp;Defini\u00e7\u00e3o<\/a><ul class='ez-toc-list-level-3' ><li class='ez-toc-heading-level-3'><a class=\"ez-toc-link ez-toc-heading-3\" href=\"https:\/\/www.grupomedcof.com.br\/blog\/disseccao-aortica-como-suspeitar-e-diagnosticar\/#Fatores_de_Risco\" >Fatores de Risco<\/a><\/li><\/ul><\/li><li class='ez-toc-page-1 ez-toc-heading-level-2'><a class=\"ez-toc-link ez-toc-heading-4\" href=\"https:\/\/www.grupomedcof.com.br\/blog\/disseccao-aortica-como-suspeitar-e-diagnosticar\/#Disseccao_Aortica_Quadro_Clinico\" >Dissec\u00e7\u00e3o A\u00f3rtica: Quadro Cl\u00ednico<\/a><ul class='ez-toc-list-level-3' ><li class='ez-toc-heading-level-3'><a class=\"ez-toc-link ez-toc-heading-5\" href=\"https:\/\/www.grupomedcof.com.br\/blog\/disseccao-aortica-como-suspeitar-e-diagnosticar\/#Disseccao_Aortica_Exame_Fisico\" >Dissec\u00e7\u00e3o A\u00f3rtica: Exame F\u00edsico<\/a><\/li><li class='ez-toc-page-1 ez-toc-heading-level-3'><a class=\"ez-toc-link ez-toc-heading-6\" href=\"https:\/\/www.grupomedcof.com.br\/blog\/disseccao-aortica-como-suspeitar-e-diagnosticar\/#Manejo\" >Manejo<\/a><\/li><li class='ez-toc-page-1 ez-toc-heading-level-3'><a class=\"ez-toc-link ez-toc-heading-7\" href=\"https:\/\/www.grupomedcof.com.br\/blog\/disseccao-aortica-como-suspeitar-e-diagnosticar\/#Escore_de_Risco_ADD-RS\" >Escore de Risco: ADD-RS<\/a><\/li><li class='ez-toc-page-1 ez-toc-heading-level-3'><a class=\"ez-toc-link ez-toc-heading-8\" href=\"https:\/\/www.grupomedcof.com.br\/blog\/disseccao-aortica-como-suspeitar-e-diagnosticar\/#Diagnostico_definitivo\" >Diagn\u00f3stico definitivo<\/a><\/li><li class='ez-toc-page-1 ez-toc-heading-level-3'><a class=\"ez-toc-link ez-toc-heading-9\" href=\"https:\/\/www.grupomedcof.com.br\/blog\/disseccao-aortica-como-suspeitar-e-diagnosticar\/#Conquiste_a_aprovacao\" >Conquiste a aprova\u00e7\u00e3o!<\/a><\/li><li class='ez-toc-page-1 ez-toc-heading-level-3'><a class=\"ez-toc-link ez-toc-heading-10\" href=\"https:\/\/www.grupomedcof.com.br\/blog\/disseccao-aortica-como-suspeitar-e-diagnosticar\/#HIIT_MedCof\" >HIIT MedCof<\/a><\/li><\/ul><\/li><\/ul><\/nav><\/div>\n<p><img loading=\"lazy\" decoding=\"async\" width=\"800\" height=\"450\" src=\"https:\/\/www.grupomedcof.com.br\/blog\/wp-content\/uploads\/2023\/07\/Blog-MedCof-2023-07-18T161302.188-1024x576.png\" alt=\"insufici\u00eancia a\u00f3rtica, dissec\u00e7\u00e3o aortica, dissecacao aortica, disseccao aortica, dissec\u00e7\u00e3o da aorta causas, dissec\u00e7\u00e3o de aorta sintomas\" srcset=\"https:\/\/www.grupomedcof.com.br\/blog\/wp-content\/uploads\/2023\/07\/Blog-MedCof-2023-07-18T161302.188-1024x576.png 1024w, https:\/\/www.grupomedcof.com.br\/blog\/wp-content\/uploads\/2023\/07\/Blog-MedCof-2023-07-18T161302.188-300x169.png 300w, https:\/\/www.grupomedcof.com.br\/blog\/wp-content\/uploads\/2023\/07\/Blog-MedCof-2023-07-18T161302.188-768x432.png 768w, https:\/\/www.grupomedcof.com.br\/blog\/wp-content\/uploads\/2023\/07\/Blog-MedCof-2023-07-18T161302.188-1536x864.png 1536w, https:\/\/www.grupomedcof.com.br\/blog\/wp-content\/uploads\/2023\/07\/Blog-MedCof-2023-07-18T161302.188-2048x1152.png 2048w\" sizes=\"auto, (max-width: 800px) 100vw, 800px\" \/>\t\t\t\t\t\t\t\t\t\t\t\t\t\t\t<\/p>\n<p>A dissec\u00e7\u00e3o a\u00f3rtica \u00e9 uma <strong>condi\u00e7\u00e3o potencialmente fatal<\/strong> caracterizada pela ruptura da parede a\u00f3rtica, levando \u00e0 cria\u00e7\u00e3o de um falso l\u00famen. Assim, o reconhecimento imediato e o manejo da dissec\u00e7\u00e3o a\u00f3rtica s\u00e3o cruciais para <b>otimizar os resultados do paciente.<\/b><\/p>\n<p><b>\u00a0<\/b><\/p>\n<p>Portanto, neste post vamos te ajudar a ter dom\u00ednio sobre os principais pontos da dissec\u00e7\u00e3o a\u00f3rtica.<\/p>\n<h2><span class=\"ez-toc-section\" id=\"Confira_a_seguir\"><\/span>\n\t\t\t\tConfira a seguir\t\t\t<span class=\"ez-toc-section-end\"><\/span><\/h2>\n<h2><span class=\"ez-toc-section\" id=\"Disseccao_Aortica_Definicao\"><\/span><b>Dissec\u00e7\u00e3o A\u00f3rtica:<\/b>&nbsp;<strong>Defini\u00e7\u00e3o<\/strong><span class=\"ez-toc-section-end\"><\/span><\/h2>\n<p>A dissec\u00e7\u00e3o da aorta (DA) \u00e9 uma condi\u00e7\u00e3o cl\u00ednica grave, que envolve a forma\u00e7\u00e3o de um l\u00famen falso dentro da parede da aorta devido a uma ruptura da camada \u00edntima da aorta, Valva A\u00f3rtica Bic\u00faspide, Doen\u00e7as Inflamat\u00f3rias da Aorta (arterite sifil\u00edtica ou de Takayasu), S\u00edndrome de Turner.<\/p>\n<h3 style=\"font-family: Poppins, sans-serif; color: #7a7a7a;\"><span class=\"ez-toc-section\" id=\"Fatores_de_Risco\"><\/span><strong>Fatores de Risco<\/strong><span class=\"ez-toc-section-end\"><\/span><\/h3>\n<p>Dentre os principais fatores de risco podemos citar a Hipertens\u00e3o Arterial (presente em 70% dos casos), Tabagismo, Doen\u00e7as do col\u00e1geno (Marfan e Ehlers-Danlos, que alteram a estrutura da aorta, deixando-a muito mais fr\u00e1gil, e suscet\u00edvel a DA)<\/p>\n<p>\t\t\t\t\t\t\t\t\t\t\t\t\t\t\t\t<a href=\"https:\/\/www.grupomedcof.com.br\/links-hiit-2023\/\" target=\"_blank\" rel=\"noopener\"><br \/>\n\t\t\t\t\t\t\t<img loading=\"lazy\" decoding=\"async\" width=\"800\" height=\"150\" src=\"https:\/\/www.grupomedcof.com.br\/blog\/wp-content\/uploads\/2023\/07\/Captura-de-tela-2023-07-12-130003-1024x192.png\" alt=\"medcof residencia medica, curso Intensivo para Resid\u00eancia M\u00e9dica, curso para resid\u00eancia m\u00e9dica, medcof hiit, aulas medcof,\" srcset=\"https:\/\/www.grupomedcof.com.br\/blog\/wp-content\/uploads\/2023\/07\/Captura-de-tela-2023-07-12-130003-1024x192.png 1024w, https:\/\/www.grupomedcof.com.br\/blog\/wp-content\/uploads\/2023\/07\/Captura-de-tela-2023-07-12-130003-300x56.png 300w, https:\/\/www.grupomedcof.com.br\/blog\/wp-content\/uploads\/2023\/07\/Captura-de-tela-2023-07-12-130003-768x144.png 768w, https:\/\/www.grupomedcof.com.br\/blog\/wp-content\/uploads\/2023\/07\/Captura-de-tela-2023-07-12-130003.png 1422w\" sizes=\"auto, (max-width: 800px) 100vw, 800px\" \/>\t\t\t\t\t\t\t\t<\/a><\/p>\n<h2 style=\"font-family: Poppins, sans-serif; color: #7a7a7a;\"><span class=\"ez-toc-section\" id=\"Disseccao_Aortica_Quadro_Clinico\"><\/span><strong>Dissec\u00e7\u00e3o A\u00f3rtica: Quadro Cl\u00ednico<\/strong><span class=\"ez-toc-section-end\"><\/span><\/h2>\n<p>O quadro cl\u00ednico geralmente inicia de forma\u00a0abrupta e aguda, com uma\u00a0dor excruciante\u00a0, referida como \u201cem rasgo\u201d ou \u201cafiada\u201d.<\/p>\n<p>Outros sintomas que podem estar associados s\u00e3o:<\/p>\n<ul style=\"font-size: 16px; background-color: #ffffff;\">\n<li style=\"font-size: 16px;\">N\u00e1usea, v\u00f4mito, sudorese;<\/li>\n<li style=\"font-size: 16px;\">S\u00edncope:\u00a0tamponamento card\u00edaco (dissec\u00e7\u00e3o para o peric\u00e1rdio), interrup\u00e7\u00e3o transit\u00f3ria do fluxo sangu\u00edneo para a vasculatura cerebral (dissec\u00e7\u00e3o de car\u00f3tidas), hipovolemia (rotura), t\u00f4nus vagal excessivo, arritmias;<\/li>\n<li style=\"font-size: 16px;\">Sintomas neurol\u00f3gicos;<\/li>\n<\/ul>\n<h3 style=\"font-family: Poppins, sans-serif; color: #7a7a7a;\"><span class=\"ez-toc-section\" id=\"Disseccao_Aortica_Exame_Fisico\"><\/span><b>Dissec\u00e7\u00e3o A\u00f3rtica: Exame F\u00edsico<\/b><span class=\"ez-toc-section-end\"><\/span><\/h3>\n<p>Na ausculta card\u00edaca pode-se ouvir um sopro de insufici\u00eancia a\u00f3rtica, e observar hipertens\u00e3o refrat\u00e1ria ou hipotens\u00e3o, geralmente como consequ\u00eancia de um tamponamento card\u00edaco ou hipovolemia (devido a rotura).<\/p>\n<p>\u00a0<\/p>\n<p>Al\u00e9m disso, um sinal indicativo de DA \u00e9 o valor de \u226520 mmHg de diferen\u00e7a na Press\u00e3o Arterial Sist\u00f3lica dos membros superiores.<\/p>\n<p>\u00a0<\/p>\n<p>Aten\u00e7\u00e3o: \u00c9 um sinal de baixa sensibilidade, mas quando est\u00e1 presente \u00e9 muito espec\u00edfico.<\/p>\n<p>\t\t\t\t\t\t\t\t\t\t\t\t\t\t\t\t<a href=\"https:\/\/www.grupomedcof.com.br\/blog\/qbank-medcof\/\" target=\"_blank\" rel=\"noopener\"><br \/>\n\t\t\t\t\t\t\t<img loading=\"lazy\" decoding=\"async\" width=\"800\" height=\"128\" src=\"https:\/\/www.grupomedcof.com.br\/blog\/wp-content\/uploads\/2023\/07\/Blog-MedCof-2023-07-06T091657.858-1024x164.png\" alt=\"medcof qbank, medcof aulas, grupo medcof, aulas medcof, qbank, banco de questoes medcof, medcof banco de questoes\" srcset=\"https:\/\/www.grupomedcof.com.br\/blog\/wp-content\/uploads\/2023\/07\/Blog-MedCof-2023-07-06T091657.858-1024x164.png 1024w, https:\/\/www.grupomedcof.com.br\/blog\/wp-content\/uploads\/2023\/07\/Blog-MedCof-2023-07-06T091657.858-300x48.png 300w, https:\/\/www.grupomedcof.com.br\/blog\/wp-content\/uploads\/2023\/07\/Blog-MedCof-2023-07-06T091657.858-768x123.png 768w, https:\/\/www.grupomedcof.com.br\/blog\/wp-content\/uploads\/2023\/07\/Blog-MedCof-2023-07-06T091657.858-1536x246.png 1536w, https:\/\/www.grupomedcof.com.br\/blog\/wp-content\/uploads\/2023\/07\/Blog-MedCof-2023-07-06T091657.858-2048x327.png 2048w\" sizes=\"auto, (max-width: 800px) 100vw, 800px\" \/>\t\t\t\t\t\t\t\t<\/a><\/p>\n<h3 style=\"font-family: Poppins, sans-serif; color: #7a7a7a;\"><span class=\"ez-toc-section\" id=\"Manejo\"><\/span><strong>Manejo<\/strong><span class=\"ez-toc-section-end\"><\/span><\/h3>\n<h3 style=\"font-family: Poppins, sans-serif; color: #7a7a7a;\"><span class=\"ez-toc-section\" id=\"Escore_de_Risco_ADD-RS\"><\/span><strong>Escore de Risco: ADD-RS<\/strong><span class=\"ez-toc-section-end\"><\/span><\/h3>\n<p>O\u00a0Escore ADD-RS\u00a0\u00e9 um escore utilizado para avaliar o risco do paciente ter dissec\u00e7\u00e3o a\u00f3rtica, levando em considera\u00e7\u00e3o 3 par\u00e2metros (Fatores de Risco, Caracter\u00edstica da dor tor\u00e1cica e Exame F\u00edsico). \u00a0Como voc\u00ea pode observar abaixo:<\/p>\n<p>\t\t\t\t\t\t\t\t\t\t\t\t\t\t\t<img loading=\"lazy\" decoding=\"async\" width=\"465\" height=\"532\" src=\"https:\/\/www.grupomedcof.com.br\/blog\/wp-content\/uploads\/2023\/07\/Untitled-59.png\" alt=\"escore de risco cardiovascular\" srcset=\"https:\/\/www.grupomedcof.com.br\/blog\/wp-content\/uploads\/2023\/07\/Untitled-59.png 465w, https:\/\/www.grupomedcof.com.br\/blog\/wp-content\/uploads\/2023\/07\/Untitled-59-262x300.png 262w\" sizes=\"auto, (max-width: 465px) 100vw, 465px\" \/>\t\t\t\t\t\t\t\t\t\t\t\t\t\t\t<\/p>\n<h3 style=\"font-family: Poppins, sans-serif; color: #7a7a7a;\"><span class=\"ez-toc-section\" id=\"Diagnostico_definitivo\"><\/span><strong>Diagn\u00f3stico definitivo<\/strong><span class=\"ez-toc-section-end\"><\/span><\/h3>\n<p>O diagn\u00f3stico definitivo pode ser dado pela Angiotomografia de aorta total ou por Ecocardiograma (preferencialmente transesof\u00e1gico). A escolha entre um ou outro m\u00e9todo vai depender da estabilidade cl\u00ednica do paciente, pois se ele apresentar algum sinal de instabilidade, o ecocardiograma deve ser escolhido como m\u00e9todo diagn\u00f3stico.<\/p>\n<p>\u00a0<\/p>\n<p>E quais s\u00e3o os sinais de instabilidade de um paciente com DA?<\/p>\n<ul style=\"font-size: 16px; background-color: #ffffff;\">\n<li style=\"font-size: 16px;\">Dor tor\u00e1cica;<\/li>\n<li style=\"font-size: 16px;\">Hipotens\u00e3o;<\/li>\n<li style=\"font-size: 16px;\">Altera\u00e7\u00e3o do N\u00edvel de Consci\u00eancia;<\/li>\n<\/ul>\n<h3 style=\"font-family: Poppins, sans-serif; color: rgb(122, 122, 122);\"><span class=\"ez-toc-section\" id=\"Conquiste_a_aprovacao\"><\/span>Conquiste a aprova\u00e7\u00e3o!<br \/><span class=\"ez-toc-section-end\"><\/span><\/h3>\n<p>As provas de resid\u00eancia est\u00e3o cada vez mais perto! Se voc\u00ea quer<a href=\"https:\/\/www.grupomedcof.com.br\/blog\/presenca-da-medcof-nas-aprovacoes-em-residencia-medica-no-brasil\/\" target=\"_blank\" rel=\"noopener\">&nbsp;ser mais&nbsp;um aprovado&nbsp;<\/a>nas melhores resid\u00eancias m\u00e9dicas do pa\u00eds, ent\u00e3o conhe\u00e7a o<a href=\"https:\/\/www.grupomedcof.com.br\/\" target=\"_blank\" rel=\"noopener\">&nbsp;Grupo&nbsp;MedCof<\/a>!&nbsp;Temos um cat\u00e1logo repleto de cursos que te guiar\u00e3o na jornada para as provas de Resid\u00eancia M\u00e9dica que ocorrer\u00e3o em 2023!<br \/>\n\t\t\t\t\t\t\t\t\t\t\t\t\t\t\t\t<a href=\"https:\/\/www.grupomedcof.com.br\/blog\/hiit-medcof-o-curso-intensivo-para-residencia-medica\/\" target=\"_blank\" rel=\"noopener\"><br \/>\n\t\t\t\t\t\t\t<img loading=\"lazy\" decoding=\"async\" width=\"800\" height=\"213\" src=\"https:\/\/www.grupomedcof.com.br\/blog\/wp-content\/uploads\/2023\/07\/Blog-MedCof-2023-07-12T140023.403-1024x273.png\" alt=\"medcof residencia medica, curso Intensivo para Resid\u00eancia M\u00e9dica, curso para resid\u00eancia m\u00e9dica, medcof hiit, aulas medcof,\" srcset=\"https:\/\/www.grupomedcof.com.br\/blog\/wp-content\/uploads\/2023\/07\/Blog-MedCof-2023-07-12T140023.403-1024x273.png 1024w, https:\/\/www.grupomedcof.com.br\/blog\/wp-content\/uploads\/2023\/07\/Blog-MedCof-2023-07-12T140023.403-300x80.png 300w, https:\/\/www.grupomedcof.com.br\/blog\/wp-content\/uploads\/2023\/07\/Blog-MedCof-2023-07-12T140023.403-768x205.png 768w, https:\/\/www.grupomedcof.com.br\/blog\/wp-content\/uploads\/2023\/07\/Blog-MedCof-2023-07-12T140023.403-1536x410.png 1536w, https:\/\/www.grupomedcof.com.br\/blog\/wp-content\/uploads\/2023\/07\/Blog-MedCof-2023-07-12T140023.403-2048x546.png 2048w\" sizes=\"auto, (max-width: 800px) 100vw, 800px\" \/>\t\t\t\t\t\t\t\t<\/a><\/p>\n<h3><span class=\"ez-toc-section\" id=\"HIIT_MedCof\"><\/span><strong>HIIT MedCof<\/strong><span class=\"ez-toc-section-end\"><\/span><\/h3>\n<p>Mas, se voc\u00ea \u00e9 novo por aqui, que tal conferir na\u00a0Semana HIIT?\u00a0Este foi um evento 100% gratuito e online que te permitir\u00e1 conhecer um pouco do nosso m\u00e9todo de ensino que te passa todo conte\u00fado cobrado nas provas em\u00a0apenas 12 semanas!\u00a0Todas as aulas j\u00e1 est\u00e3o dispon\u00edveis no nosso canal do Youtube, assim voc\u00ea poder\u00e1 conhecer um pouco do que o nosso curso intensivo para resid\u00eancia m\u00e9dica pode te oferecer. Veja o que alguns tem a dizer sobre a experi\u00eancia deles com o Grupo MedCof.<\/p>\n","protected":false},"excerpt":{"rendered":"<p>A dissec\u00e7\u00e3o a\u00f3rtica \u00e9 uma condi\u00e7\u00e3o potencialmente fatal caracterizada pela ruptura da parede a\u00f3rtica, levando \u00e0 cria\u00e7\u00e3o de um falso l\u00famen. <\/p>\n","protected":false},"author":6,"featured_media":9303,"comment_status":"open","ping_status":"open","sticky":false,"template":"","format":"standard","meta":{"footnotes":""},"categories":[211,115,202],"tags":[154,210,158,117],"ppma_author":[3609],"class_list":{"0":"post-9301","1":"post","2":"type-post","3":"status-publish","4":"format-standard","5":"has-post-thumbnail","7":"category-cardiologia","8":"category-clinica-medica","9":"category-emergencias","10":"tag-cardiologia","11":"tag-clinica-medica","12":"tag-medicina-de-emergencia","13":"tag-provas-de-residencia"},"yoast_head":"<!-- This site is optimized with the Yoast SEO Premium plugin v24.3 (Yoast SEO v27.5) - https:\/\/yoast.com\/product\/yoast-seo-premium-wordpress\/ -->\n<title>Dissec\u00e7\u00e3o A\u00f3rtica: como suspeitar e diagnosticar - Blog de Medcof: conte\u00fados, editais, revalida e mais!<\/title>\n<meta name=\"description\" content=\"Dissec\u00e7\u00e3o A\u00f3rtica: como suspeitar e diagnosticar. Esta \u00e9 uma condi\u00e7\u00e3o potencialmente fatal caracterizada pela ruptura da parede a\u00f3rtica...\" \/>\n<meta name=\"robots\" content=\"index, follow, max-snippet:-1, max-image-preview:large, max-video-preview:-1\" \/>\n<link rel=\"canonical\" href=\"https:\/\/www.grupomedcof.com.br\/blog\/disseccao-aortica-como-suspeitar-e-diagnosticar\/\" \/>\n<meta property=\"og:locale\" content=\"pt_BR\" \/>\n<meta property=\"og:type\" content=\"article\" \/>\n<meta property=\"og:title\" content=\"Dissec\u00e7\u00e3o A\u00f3rtica: como suspeitar e diagnosticar\" \/>\n<meta property=\"og:description\" content=\"A dissec\u00e7\u00e3o a\u00f3rtica \u00e9 uma condi\u00e7\u00e3o potencialmente fatal caracterizada pela ruptura da parede a\u00f3rtica, levando \u00e0 cria\u00e7\u00e3o de um falso l\u00famen.\" \/>\n<meta property=\"og:url\" content=\"https:\/\/www.grupomedcof.com.br\/blog\/disseccao-aortica-como-suspeitar-e-diagnosticar\/\" \/>\n<meta property=\"og:site_name\" content=\"Blog de Medcof: conte\u00fados, editais, revalida e mais!\" \/>\n<meta property=\"article:publisher\" content=\"https:\/\/www.facebook.com\/MedCofQbank\/\" \/>\n<meta property=\"article:published_time\" content=\"2023-07-19T12:44:56+00:00\" \/>\n<meta property=\"og:image\" content=\"https:\/\/www.grupomedcof.com.br\/blog\/wp-content\/uploads\/2023\/07\/Blog-MedCof-2023-07-18T160921.037-1024x576.png\" \/>\n\t<meta property=\"og:image:width\" content=\"1024\" \/>\n\t<meta property=\"og:image:height\" content=\"576\" \/>\n\t<meta property=\"og:image:type\" content=\"image\/png\" \/>\n<meta name=\"author\" content=\"J\u00falia Moreira\" \/>\n<meta name=\"twitter:card\" content=\"summary_large_image\" \/>\n<meta name=\"twitter:description\" content=\"A dissec\u00e7\u00e3o a\u00f3rtica \u00e9 uma condi\u00e7\u00e3o potencialmente fatal caracterizada pela ruptura da parede a\u00f3rtica, levando \u00e0 cria\u00e7\u00e3o de um falso l\u00famen.\" \/>\n<meta name=\"twitter:label1\" content=\"Escrito por\" \/>\n\t<meta name=\"twitter:data1\" content=\"J\u00falia Moreira\" \/>\n\t<meta name=\"twitter:label2\" content=\"Est. tempo de leitura\" \/>\n\t<meta name=\"twitter:data2\" content=\"8 minutos\" \/>\n<script type=\"application\/ld+json\" class=\"yoast-schema-graph\">{\"@context\":\"https:\\\/\\\/schema.org\",\"@graph\":[{\"@type\":\"Article\",\"@id\":\"https:\\\/\\\/www.grupomedcof.com.br\\\/blog\\\/disseccao-aortica-como-suspeitar-e-diagnosticar\\\/#article\",\"isPartOf\":{\"@id\":\"https:\\\/\\\/www.grupomedcof.com.br\\\/blog\\\/disseccao-aortica-como-suspeitar-e-diagnosticar\\\/\"},\"author\":{\"name\":\"J\u00falia Moreira\",\"@id\":\"https:\\\/\\\/www.grupomedcof.com.br\\\/blog\\\/#\\\/schema\\\/person\\\/1375e0ce724529d7a1d8156ea7f8ceaa\"},\"headline\":\"Dissec\u00e7\u00e3o A\u00f3rtica: como suspeitar e diagnosticar\",\"datePublished\":\"2023-07-19T12:44:56+00:00\",\"mainEntityOfPage\":{\"@id\":\"https:\\\/\\\/www.grupomedcof.com.br\\\/blog\\\/disseccao-aortica-como-suspeitar-e-diagnosticar\\\/\"},\"wordCount\":634,\"commentCount\":0,\"publisher\":{\"@id\":\"https:\\\/\\\/www.grupomedcof.com.br\\\/blog\\\/#organization\"},\"image\":{\"@id\":\"https:\\\/\\\/www.grupomedcof.com.br\\\/blog\\\/disseccao-aortica-como-suspeitar-e-diagnosticar\\\/#primaryimage\"},\"thumbnailUrl\":\"https:\\\/\\\/www.grupomedcof.com.br\\\/blog\\\/wp-content\\\/uploads\\\/2023\\\/07\\\/Blog-MedCof-2023-07-18T160921.037.png\",\"keywords\":[\"Cardiologia\",\"Cl\u00ednica M\u00e9dica\",\"Medicina de Emerg\u00eancia\",\"Provas de Resid\u00eancia\"],\"articleSection\":[\"Cardiologia\",\"Cl\u00ednica M\u00e9dica\",\"Emerg\u00eancias\"],\"inLanguage\":\"pt-BR\"},{\"@type\":\"WebPage\",\"@id\":\"https:\\\/\\\/www.grupomedcof.com.br\\\/blog\\\/disseccao-aortica-como-suspeitar-e-diagnosticar\\\/\",\"url\":\"https:\\\/\\\/www.grupomedcof.com.br\\\/blog\\\/disseccao-aortica-como-suspeitar-e-diagnosticar\\\/\",\"name\":\"Dissec\u00e7\u00e3o A\u00f3rtica: como suspeitar e diagnosticar - Blog de Medcof: conte\u00fados, editais, revalida e mais!\",\"isPartOf\":{\"@id\":\"https:\\\/\\\/www.grupomedcof.com.br\\\/blog\\\/#website\"},\"primaryImageOfPage\":{\"@id\":\"https:\\\/\\\/www.grupomedcof.com.br\\\/blog\\\/disseccao-aortica-como-suspeitar-e-diagnosticar\\\/#primaryimage\"},\"image\":{\"@id\":\"https:\\\/\\\/www.grupomedcof.com.br\\\/blog\\\/disseccao-aortica-como-suspeitar-e-diagnosticar\\\/#primaryimage\"},\"thumbnailUrl\":\"https:\\\/\\\/www.grupomedcof.com.br\\\/blog\\\/wp-content\\\/uploads\\\/2023\\\/07\\\/Blog-MedCof-2023-07-18T160921.037.png\",\"datePublished\":\"2023-07-19T12:44:56+00:00\",\"description\":\"Dissec\u00e7\u00e3o A\u00f3rtica: como suspeitar e diagnosticar. Esta \u00e9 uma condi\u00e7\u00e3o potencialmente fatal caracterizada pela ruptura da parede a\u00f3rtica...\",\"breadcrumb\":{\"@id\":\"https:\\\/\\\/www.grupomedcof.com.br\\\/blog\\\/disseccao-aortica-como-suspeitar-e-diagnosticar\\\/#breadcrumb\"},\"inLanguage\":\"pt-BR\",\"potentialAction\":[{\"@type\":\"ReadAction\",\"target\":[\"https:\\\/\\\/www.grupomedcof.com.br\\\/blog\\\/disseccao-aortica-como-suspeitar-e-diagnosticar\\\/\"]}]},{\"@type\":\"ImageObject\",\"inLanguage\":\"pt-BR\",\"@id\":\"https:\\\/\\\/www.grupomedcof.com.br\\\/blog\\\/disseccao-aortica-como-suspeitar-e-diagnosticar\\\/#primaryimage\",\"url\":\"https:\\\/\\\/www.grupomedcof.com.br\\\/blog\\\/wp-content\\\/uploads\\\/2023\\\/07\\\/Blog-MedCof-2023-07-18T160921.037.png\",\"contentUrl\":\"https:\\\/\\\/www.grupomedcof.com.br\\\/blog\\\/wp-content\\\/uploads\\\/2023\\\/07\\\/Blog-MedCof-2023-07-18T160921.037.png\",\"width\":2560,\"height\":1440,\"caption\":\"Dissec\u00e7\u00e3o A\u00f3rtica: como suspeitar e diagnosticar. Esta \u00e9 uma condi\u00e7\u00e3o potencialmente fatal caracterizada pela ruptura da parede a\u00f3rtica...\"},{\"@type\":\"BreadcrumbList\",\"@id\":\"https:\\\/\\\/www.grupomedcof.com.br\\\/blog\\\/disseccao-aortica-como-suspeitar-e-diagnosticar\\\/#breadcrumb\",\"itemListElement\":[{\"@type\":\"ListItem\",\"position\":1,\"name\":\"In\u00edcio\",\"item\":\"https:\\\/\\\/www.grupomedcof.com.br\\\/blog\\\/\"},{\"@type\":\"ListItem\",\"position\":2,\"name\":\"Dissec\u00e7\u00e3o A\u00f3rtica: como suspeitar e diagnosticar\"}]},{\"@type\":\"WebSite\",\"@id\":\"https:\\\/\\\/www.grupomedcof.com.br\\\/blog\\\/#website\",\"url\":\"https:\\\/\\\/www.grupomedcof.com.br\\\/blog\\\/\",\"name\":\"Blog de Medcof: conte\u00fados, editais, revalida e mais!\",\"description\":\"Acesso o blog de MedCof! Seu portal de conte\u00fados sobre resid\u00eancia m\u00e9dica, an\u00e1lise e editais e muito mais. Clique e confira!\",\"publisher\":{\"@id\":\"https:\\\/\\\/www.grupomedcof.com.br\\\/blog\\\/#organization\"},\"alternateName\":\"Blog de Medcof: conte\u00fados, editais, revalida e mais!\",\"potentialAction\":[{\"@type\":\"SearchAction\",\"target\":{\"@type\":\"EntryPoint\",\"urlTemplate\":\"https:\\\/\\\/www.grupomedcof.com.br\\\/blog\\\/?s={search_term_string}\"},\"query-input\":{\"@type\":\"PropertyValueSpecification\",\"valueRequired\":true,\"valueName\":\"search_term_string\"}}],\"inLanguage\":\"pt-BR\"},{\"@type\":\"Organization\",\"@id\":\"https:\\\/\\\/www.grupomedcof.com.br\\\/blog\\\/#organization\",\"name\":\"Grupo MedCof\",\"url\":\"https:\\\/\\\/www.grupomedcof.com.br\\\/blog\\\/\",\"logo\":{\"@type\":\"ImageObject\",\"inLanguage\":\"pt-BR\",\"@id\":\"https:\\\/\\\/www.grupomedcof.com.br\\\/blog\\\/#\\\/schema\\\/logo\\\/image\\\/\",\"url\":\"https:\\\/\\\/www.grupomedcof.com.br\\\/blog\\\/wp-content\\\/uploads\\\/2022\\\/01\\\/logo-medcof.png\",\"contentUrl\":\"https:\\\/\\\/www.grupomedcof.com.br\\\/blog\\\/wp-content\\\/uploads\\\/2022\\\/01\\\/logo-medcof.png\",\"width\":768,\"height\":269,\"caption\":\"Grupo MedCof\"},\"image\":{\"@id\":\"https:\\\/\\\/www.grupomedcof.com.br\\\/blog\\\/#\\\/schema\\\/logo\\\/image\\\/\"},\"sameAs\":[\"https:\\\/\\\/www.facebook.com\\\/MedCofQbank\\\/\",\"https:\\\/\\\/www.instagram.com\\\/grupomedcof\\\/\",\"https:\\\/\\\/br.linkedin.com\\\/company\\\/medcof\",\"https:\\\/\\\/www.youtube.com\\\/channel\\\/UCdHMuOHKICxcHwecxN8P-AA\"]},{\"@type\":\"Person\",\"@id\":\"https:\\\/\\\/www.grupomedcof.com.br\\\/blog\\\/#\\\/schema\\\/person\\\/1375e0ce724529d7a1d8156ea7f8ceaa\",\"name\":\"J\u00falia Moreira\",\"image\":{\"@type\":\"ImageObject\",\"inLanguage\":\"pt-BR\",\"@id\":\"https:\\\/\\\/www.grupomedcof.com.br\\\/blog\\\/wp-content\\\/uploads\\\/2024\\\/12\\\/cropped-Captura-de-tela-2023-12-15-094946-96x96.png6a0083ac34a0445de97d55fae63a4a41\",\"url\":\"https:\\\/\\\/www.grupomedcof.com.br\\\/blog\\\/wp-content\\\/uploads\\\/2024\\\/12\\\/cropped-Captura-de-tela-2023-12-15-094946-96x96.png\",\"contentUrl\":\"https:\\\/\\\/www.grupomedcof.com.br\\\/blog\\\/wp-content\\\/uploads\\\/2024\\\/12\\\/cropped-Captura-de-tela-2023-12-15-094946-96x96.png\",\"caption\":\"J\u00falia Moreira\"},\"description\":\"Estudante do 8\u00ba semestre de Jornalismo na ECA-USP, f\u00e3 de filmes de terror e m\u00fasica popular sul-coreana.\",\"sameAs\":[\"https:\\\/\\\/www.grupomedcof.com.br\\\/\"],\"url\":\"https:\\\/\\\/www.grupomedcof.com.br\\\/blog\\\/author\\\/julia\\\/\"}]}<\/script>\n<!-- \/ Yoast SEO Premium plugin. -->","yoast_head_json":{"title":"Dissec\u00e7\u00e3o A\u00f3rtica: como suspeitar e diagnosticar - Blog de Medcof: conte\u00fados, editais, revalida e mais!","description":"Dissec\u00e7\u00e3o A\u00f3rtica: como suspeitar e diagnosticar. Esta \u00e9 uma condi\u00e7\u00e3o potencialmente fatal caracterizada pela ruptura da parede a\u00f3rtica...","robots":{"index":"index","follow":"follow","max-snippet":"max-snippet:-1","max-image-preview":"max-image-preview:large","max-video-preview":"max-video-preview:-1"},"canonical":"https:\/\/www.grupomedcof.com.br\/blog\/disseccao-aortica-como-suspeitar-e-diagnosticar\/","og_locale":"pt_BR","og_type":"article","og_title":"Dissec\u00e7\u00e3o A\u00f3rtica: como suspeitar e diagnosticar","og_description":"A dissec\u00e7\u00e3o a\u00f3rtica \u00e9 uma condi\u00e7\u00e3o potencialmente fatal caracterizada pela ruptura da parede a\u00f3rtica, levando \u00e0 cria\u00e7\u00e3o de um falso l\u00famen.","og_url":"https:\/\/www.grupomedcof.com.br\/blog\/disseccao-aortica-como-suspeitar-e-diagnosticar\/","og_site_name":"Blog de Medcof: conte\u00fados, editais, revalida e mais!","article_publisher":"https:\/\/www.facebook.com\/MedCofQbank\/","article_published_time":"2023-07-19T12:44:56+00:00","og_image":[{"width":1024,"height":576,"url":"https:\/\/www.grupomedcof.com.br\/blog\/wp-content\/uploads\/2023\/07\/Blog-MedCof-2023-07-18T160921.037-1024x576.png","type":"image\/png"}],"author":"J\u00falia Moreira","twitter_card":"summary_large_image","twitter_description":"A dissec\u00e7\u00e3o a\u00f3rtica \u00e9 uma condi\u00e7\u00e3o potencialmente fatal caracterizada pela ruptura da parede a\u00f3rtica, levando \u00e0 cria\u00e7\u00e3o de um falso l\u00famen.","twitter_misc":{"Escrito por":"J\u00falia Moreira","Est. tempo de leitura":"8 minutos"},"schema":{"@context":"https:\/\/schema.org","@graph":[{"@type":"Article","@id":"https:\/\/www.grupomedcof.com.br\/blog\/disseccao-aortica-como-suspeitar-e-diagnosticar\/#article","isPartOf":{"@id":"https:\/\/www.grupomedcof.com.br\/blog\/disseccao-aortica-como-suspeitar-e-diagnosticar\/"},"author":{"name":"J\u00falia Moreira","@id":"https:\/\/www.grupomedcof.com.br\/blog\/#\/schema\/person\/1375e0ce724529d7a1d8156ea7f8ceaa"},"headline":"Dissec\u00e7\u00e3o A\u00f3rtica: como suspeitar e diagnosticar","datePublished":"2023-07-19T12:44:56+00:00","mainEntityOfPage":{"@id":"https:\/\/www.grupomedcof.com.br\/blog\/disseccao-aortica-como-suspeitar-e-diagnosticar\/"},"wordCount":634,"commentCount":0,"publisher":{"@id":"https:\/\/www.grupomedcof.com.br\/blog\/#organization"},"image":{"@id":"https:\/\/www.grupomedcof.com.br\/blog\/disseccao-aortica-como-suspeitar-e-diagnosticar\/#primaryimage"},"thumbnailUrl":"https:\/\/www.grupomedcof.com.br\/blog\/wp-content\/uploads\/2023\/07\/Blog-MedCof-2023-07-18T160921.037.png","keywords":["Cardiologia","Cl\u00ednica M\u00e9dica","Medicina de Emerg\u00eancia","Provas de Resid\u00eancia"],"articleSection":["Cardiologia","Cl\u00ednica M\u00e9dica","Emerg\u00eancias"],"inLanguage":"pt-BR"},{"@type":"WebPage","@id":"https:\/\/www.grupomedcof.com.br\/blog\/disseccao-aortica-como-suspeitar-e-diagnosticar\/","url":"https:\/\/www.grupomedcof.com.br\/blog\/disseccao-aortica-como-suspeitar-e-diagnosticar\/","name":"Dissec\u00e7\u00e3o A\u00f3rtica: como suspeitar e diagnosticar - Blog de Medcof: conte\u00fados, editais, revalida e mais!","isPartOf":{"@id":"https:\/\/www.grupomedcof.com.br\/blog\/#website"},"primaryImageOfPage":{"@id":"https:\/\/www.grupomedcof.com.br\/blog\/disseccao-aortica-como-suspeitar-e-diagnosticar\/#primaryimage"},"image":{"@id":"https:\/\/www.grupomedcof.com.br\/blog\/disseccao-aortica-como-suspeitar-e-diagnosticar\/#primaryimage"},"thumbnailUrl":"https:\/\/www.grupomedcof.com.br\/blog\/wp-content\/uploads\/2023\/07\/Blog-MedCof-2023-07-18T160921.037.png","datePublished":"2023-07-19T12:44:56+00:00","description":"Dissec\u00e7\u00e3o A\u00f3rtica: como suspeitar e diagnosticar. Esta \u00e9 uma condi\u00e7\u00e3o potencialmente fatal caracterizada pela ruptura da parede a\u00f3rtica...","breadcrumb":{"@id":"https:\/\/www.grupomedcof.com.br\/blog\/disseccao-aortica-como-suspeitar-e-diagnosticar\/#breadcrumb"},"inLanguage":"pt-BR","potentialAction":[{"@type":"ReadAction","target":["https:\/\/www.grupomedcof.com.br\/blog\/disseccao-aortica-como-suspeitar-e-diagnosticar\/"]}]},{"@type":"ImageObject","inLanguage":"pt-BR","@id":"https:\/\/www.grupomedcof.com.br\/blog\/disseccao-aortica-como-suspeitar-e-diagnosticar\/#primaryimage","url":"https:\/\/www.grupomedcof.com.br\/blog\/wp-content\/uploads\/2023\/07\/Blog-MedCof-2023-07-18T160921.037.png","contentUrl":"https:\/\/www.grupomedcof.com.br\/blog\/wp-content\/uploads\/2023\/07\/Blog-MedCof-2023-07-18T160921.037.png","width":2560,"height":1440,"caption":"Dissec\u00e7\u00e3o A\u00f3rtica: como suspeitar e diagnosticar. Esta \u00e9 uma condi\u00e7\u00e3o potencialmente fatal caracterizada pela ruptura da parede a\u00f3rtica..."},{"@type":"BreadcrumbList","@id":"https:\/\/www.grupomedcof.com.br\/blog\/disseccao-aortica-como-suspeitar-e-diagnosticar\/#breadcrumb","itemListElement":[{"@type":"ListItem","position":1,"name":"In\u00edcio","item":"https:\/\/www.grupomedcof.com.br\/blog\/"},{"@type":"ListItem","position":2,"name":"Dissec\u00e7\u00e3o A\u00f3rtica: como suspeitar e diagnosticar"}]},{"@type":"WebSite","@id":"https:\/\/www.grupomedcof.com.br\/blog\/#website","url":"https:\/\/www.grupomedcof.com.br\/blog\/","name":"Blog de Medcof: conte\u00fados, editais, revalida e mais!","description":"Acesso o blog de MedCof! Seu portal de conte\u00fados sobre resid\u00eancia m\u00e9dica, an\u00e1lise e editais e muito mais. Clique e confira!","publisher":{"@id":"https:\/\/www.grupomedcof.com.br\/blog\/#organization"},"alternateName":"Blog de Medcof: conte\u00fados, editais, revalida e mais!","potentialAction":[{"@type":"SearchAction","target":{"@type":"EntryPoint","urlTemplate":"https:\/\/www.grupomedcof.com.br\/blog\/?s={search_term_string}"},"query-input":{"@type":"PropertyValueSpecification","valueRequired":true,"valueName":"search_term_string"}}],"inLanguage":"pt-BR"},{"@type":"Organization","@id":"https:\/\/www.grupomedcof.com.br\/blog\/#organization","name":"Grupo MedCof","url":"https:\/\/www.grupomedcof.com.br\/blog\/","logo":{"@type":"ImageObject","inLanguage":"pt-BR","@id":"https:\/\/www.grupomedcof.com.br\/blog\/#\/schema\/logo\/image\/","url":"https:\/\/www.grupomedcof.com.br\/blog\/wp-content\/uploads\/2022\/01\/logo-medcof.png","contentUrl":"https:\/\/www.grupomedcof.com.br\/blog\/wp-content\/uploads\/2022\/01\/logo-medcof.png","width":768,"height":269,"caption":"Grupo MedCof"},"image":{"@id":"https:\/\/www.grupomedcof.com.br\/blog\/#\/schema\/logo\/image\/"},"sameAs":["https:\/\/www.facebook.com\/MedCofQbank\/","https:\/\/www.instagram.com\/grupomedcof\/","https:\/\/br.linkedin.com\/company\/medcof","https:\/\/www.youtube.com\/channel\/UCdHMuOHKICxcHwecxN8P-AA"]},{"@type":"Person","@id":"https:\/\/www.grupomedcof.com.br\/blog\/#\/schema\/person\/1375e0ce724529d7a1d8156ea7f8ceaa","name":"J\u00falia Moreira","image":{"@type":"ImageObject","inLanguage":"pt-BR","@id":"https:\/\/www.grupomedcof.com.br\/blog\/wp-content\/uploads\/2024\/12\/cropped-Captura-de-tela-2023-12-15-094946-96x96.png6a0083ac34a0445de97d55fae63a4a41","url":"https:\/\/www.grupomedcof.com.br\/blog\/wp-content\/uploads\/2024\/12\/cropped-Captura-de-tela-2023-12-15-094946-96x96.png","contentUrl":"https:\/\/www.grupomedcof.com.br\/blog\/wp-content\/uploads\/2024\/12\/cropped-Captura-de-tela-2023-12-15-094946-96x96.png","caption":"J\u00falia Moreira"},"description":"Estudante do 8\u00ba semestre de Jornalismo na ECA-USP, f\u00e3 de filmes de terror e m\u00fasica popular sul-coreana.","sameAs":["https:\/\/www.grupomedcof.com.br\/"],"url":"https:\/\/www.grupomedcof.com.br\/blog\/author\/julia\/"}]}},"authors":[{"term_id":3609,"user_id":6,"is_guest":0,"slug":"julia","display_name":"J\u00falia Moreira","avatar_url":"https:\/\/www.grupomedcof.com.br\/blog\/wp-content\/uploads\/2024\/12\/cropped-Captura-de-tela-2023-12-15-094946-96x96.png","0":null,"1":"","2":"","3":"","4":"","5":"","6":"","7":"","8":""}],"_links":{"self":[{"href":"https:\/\/www.grupomedcof.com.br\/blog\/wp-json\/wp\/v2\/posts\/9301","targetHints":{"allow":["GET"]}}],"collection":[{"href":"https:\/\/www.grupomedcof.com.br\/blog\/wp-json\/wp\/v2\/posts"}],"about":[{"href":"https:\/\/www.grupomedcof.com.br\/blog\/wp-json\/wp\/v2\/types\/post"}],"author":[{"embeddable":true,"href":"https:\/\/www.grupomedcof.com.br\/blog\/wp-json\/wp\/v2\/users\/6"}],"replies":[{"embeddable":true,"href":"https:\/\/www.grupomedcof.com.br\/blog\/wp-json\/wp\/v2\/comments?post=9301"}],"version-history":[{"count":0,"href":"https:\/\/www.grupomedcof.com.br\/blog\/wp-json\/wp\/v2\/posts\/9301\/revisions"}],"wp:featuredmedia":[{"embeddable":true,"href":"https:\/\/www.grupomedcof.com.br\/blog\/wp-json\/wp\/v2\/media\/9303"}],"wp:attachment":[{"href":"https:\/\/www.grupomedcof.com.br\/blog\/wp-json\/wp\/v2\/media?parent=9301"}],"wp:term":[{"taxonomy":"category","embeddable":true,"href":"https:\/\/www.grupomedcof.com.br\/blog\/wp-json\/wp\/v2\/categories?post=9301"},{"taxonomy":"post_tag","embeddable":true,"href":"https:\/\/www.grupomedcof.com.br\/blog\/wp-json\/wp\/v2\/tags?post=9301"},{"taxonomy":"author","embeddable":true,"href":"https:\/\/www.grupomedcof.com.br\/blog\/wp-json\/wp\/v2\/ppma_author?post=9301"}],"curies":[{"name":"wp","href":"https:\/\/api.w.org\/{rel}","templated":true}]}}