{"id":9492,"date":"2023-07-25T13:27:26","date_gmt":"2023-07-25T16:27:26","guid":{"rendered":"https:\/\/www.grupomedcof.com.br\/blog\/?p=9492"},"modified":"2023-07-25T13:27:26","modified_gmt":"2023-07-25T16:27:26","slug":"febre-em-criancas-um-guia-pratico-para-familias","status":"publish","type":"post","link":"https:\/\/www.grupomedcof.com.br\/blog\/febre-em-criancas-um-guia-pratico-para-familias\/","title":{"rendered":"Febre em Crian\u00e7as: Um Guia Pr\u00e1tico para Fam\u00edlias"},"content":{"rendered":"<div id=\"ez-toc-container\" class=\"ez-toc-v2_0_74 counter-hierarchy ez-toc-counter ez-toc-transparent ez-toc-container-direction\">\n<div class=\"ez-toc-title-container\">\n<p class=\"ez-toc-title\" style=\"cursor:inherit\">Sum\u00e1rio<\/p>\n<span class=\"ez-toc-title-toggle\"><a href=\"#\" class=\"ez-toc-pull-right ez-toc-btn ez-toc-btn-xs ez-toc-btn-default ez-toc-toggle\" aria-label=\"Alternar tabela de conte\u00fado\"><span class=\"ez-toc-js-icon-con\"><span class=\"\"><span class=\"eztoc-hide\" style=\"display:none;\">Toggle<\/span><span class=\"ez-toc-icon-toggle-span\"><svg style=\"fill: #999;color:#999\" xmlns=\"http:\/\/www.w3.org\/2000\/svg\" class=\"list-377408\" width=\"20px\" height=\"20px\" viewBox=\"0 0 24 24\" fill=\"none\"><path d=\"M6 6H4v2h2V6zm14 0H8v2h12V6zM4 11h2v2H4v-2zm16 0H8v2h12v-2zM4 16h2v2H4v-2zm16 0H8v2h12v-2z\" fill=\"currentColor\"><\/path><\/svg><svg style=\"fill: #999;color:#999\" class=\"arrow-unsorted-368013\" xmlns=\"http:\/\/www.w3.org\/2000\/svg\" width=\"10px\" height=\"10px\" viewBox=\"0 0 24 24\" version=\"1.2\" baseProfile=\"tiny\"><path d=\"M18.2 9.3l-6.2-6.3-6.2 6.3c-.2.2-.3.4-.3.7s.1.5.3.7c.2.2.4.3.7.3h11c.3 0 .5-.1.7-.3.2-.2.3-.5.3-.7s-.1-.5-.3-.7zM5.8 14.7l6.2 6.3 6.2-6.3c.2-.2.3-.5.3-.7s-.1-.5-.3-.7c-.2-.2-.4-.3-.7-.3h-11c-.3 0-.5.1-.7.3-.2.2-.3.5-.3.7s.1.5.3.7z\"\/><\/svg><\/span><\/span><\/span><\/a><\/span><\/div>\n<nav><ul class='ez-toc-list ez-toc-list-level-1 ' ><li class='ez-toc-page-1 ez-toc-heading-level-2'><a class=\"ez-toc-link ez-toc-heading-1\" href=\"https:\/\/www.grupomedcof.com.br\/blog\/febre-em-criancas-um-guia-pratico-para-familias\/#Leia_a_seguir\" >Leia a seguir<\/a><ul class='ez-toc-list-level-3' ><li class='ez-toc-heading-level-3'><a class=\"ez-toc-link ez-toc-heading-2\" href=\"https:\/\/www.grupomedcof.com.br\/blog\/febre-em-criancas-um-guia-pratico-para-familias\/#Febre_em_Criancas_Um_Guia_Pratico_para_Familias\" >Febre em Crian\u00e7as: Um Guia Pr\u00e1tico para Fam\u00edlias<\/a><\/li><\/ul><\/li><li class='ez-toc-page-1 ez-toc-heading-level-2'><a class=\"ez-toc-link ez-toc-heading-3\" href=\"https:\/\/www.grupomedcof.com.br\/blog\/febre-em-criancas-um-guia-pratico-para-familias\/#O_que_e_febre\" >O que \u00e9 febre?<\/a><\/li><li class='ez-toc-page-1 ez-toc-heading-level-2'><a class=\"ez-toc-link ez-toc-heading-4\" href=\"https:\/\/www.grupomedcof.com.br\/blog\/febre-em-criancas-um-guia-pratico-para-familias\/#Como_Lidar_com_a_Febre_em_Criancas\" >Como Lidar com a Febre em Crian\u00e7as:<\/a><\/li><li class='ez-toc-page-1 ez-toc-heading-level-2'><a class=\"ez-toc-link ez-toc-heading-5\" href=\"https:\/\/www.grupomedcof.com.br\/blog\/febre-em-criancas-um-guia-pratico-para-familias\/#Como_baixar_febre_em_crianca\" >Como baixar febre em crian\u00e7a?<\/a><ul class='ez-toc-list-level-3' ><li class='ez-toc-heading-level-3'><a class=\"ez-toc-link ez-toc-heading-6\" href=\"https:\/\/www.grupomedcof.com.br\/blog\/febre-em-criancas-um-guia-pratico-para-familias\/#Meu_filho_esta_com_febre_e_agora_%E2%80%93_Um_Guia_Pratico_para_Familias\" >Meu filho est\u00e1 com febre, e agora? &#8211; Um Guia Pr\u00e1tico para Fam\u00edlias<\/a><\/li><\/ul><\/li><li class='ez-toc-page-1 ez-toc-heading-level-2'><a class=\"ez-toc-link ez-toc-heading-7\" href=\"https:\/\/www.grupomedcof.com.br\/blog\/febre-em-criancas-um-guia-pratico-para-familias\/#Conquiste_a_aprovacao\" >Conquiste a aprova\u00e7\u00e3o!<\/a><ul class='ez-toc-list-level-3' ><li class='ez-toc-heading-level-3'><a class=\"ez-toc-link ez-toc-heading-8\" href=\"https:\/\/www.grupomedcof.com.br\/blog\/febre-em-criancas-um-guia-pratico-para-familias\/#HIIT_MedCof\" >HIIT MedCof<\/a><\/li><\/ul><\/li><\/ul><\/nav><\/div>\n<p><img loading=\"lazy\" decoding=\"async\" width=\"800\" height=\"450\" src=\"https:\/\/www.grupomedcof.com.br\/blog\/wp-content\/uploads\/2023\/07\/Blog-MedCof-2023-07-25T115824.372-1024x576.png\" alt=\"febre em crian\u00e7a, febre em crianca, febre em criancas, como baixar febre em crian\u00e7a, febre alta em crianca, febre alta em crian\u00e7as,\" srcset=\"https:\/\/www.grupomedcof.com.br\/blog\/wp-content\/uploads\/2023\/07\/Blog-MedCof-2023-07-25T115824.372-1024x576.png 1024w, https:\/\/www.grupomedcof.com.br\/blog\/wp-content\/uploads\/2023\/07\/Blog-MedCof-2023-07-25T115824.372-300x169.png 300w, https:\/\/www.grupomedcof.com.br\/blog\/wp-content\/uploads\/2023\/07\/Blog-MedCof-2023-07-25T115824.372-768x432.png 768w, https:\/\/www.grupomedcof.com.br\/blog\/wp-content\/uploads\/2023\/07\/Blog-MedCof-2023-07-25T115824.372-1536x864.png 1536w, https:\/\/www.grupomedcof.com.br\/blog\/wp-content\/uploads\/2023\/07\/Blog-MedCof-2023-07-25T115824.372-2048x1152.png 2048w\" sizes=\"auto, (max-width: 800px) 100vw, 800px\" \/>\t\t\t\t\t\t\t\t\t\t\t\t\t\t\t<\/p>\n<p><strong>F<\/strong><b>ebre em crian\u00e7as <\/b>pode ser sin\u00f4nimo de preocupa\u00e7\u00e3o para muitos pais que ficam perdidos em rela\u00e7\u00e3o ao que fazer. Para resolver isso, a <b>Dra. Amira Saleh<\/b> elaborou um Guia Pr\u00e1tico para te ajudar nessas situa\u00e7\u00f5es. Confira o texto na \u00edntegra para saber mais.<\/p>\n<h2><span class=\"ez-toc-section\" id=\"Leia_a_seguir\"><\/span>\n\t\t\t\tLeia a seguir\t\t\t<span class=\"ez-toc-section-end\"><\/span><\/h2>\n<h3 style=\"font-family: Poppins, sans-serif; color: #7a7a7a;\"><span class=\"ez-toc-section\" id=\"Febre_em_Criancas_Um_Guia_Pratico_para_Familias\"><\/span><strong>Febre em Crian\u00e7as: Um Guia Pr\u00e1tico para Fam\u00edlias<\/strong><span class=\"ez-toc-section-end\"><\/span><\/h3>\n<p>A febre em crian\u00e7as \u00e9 uma das principais preocupa\u00e7\u00f5es dos pais, e \u00e9 perfeitamente compreens\u00edvel que as m\u00e3es se sintam ansiosas e preocupadas quando seus pequenos apresentam esse sintoma. No entanto, \u00e9 importante lembrar que a febre, em muitos casos, \u00e9 apenas uma <strong>resposta natural do corpo<\/strong> a uma infec\u00e7\u00e3o ou outra condi\u00e7\u00e3o.<\/p>\n<p>\u00a0<\/p>\n<p>Sendo assim, vamos falar sobre qual \u00e9 a fun\u00e7\u00e3o da febre e como lidar com sua ocorr\u00eancia. Assim, neste<strong> guia pr\u00e1tico<\/strong>, voc\u00ea ver\u00e1 passos simples que ajudar\u00e3o as fam\u00edlias a tomar decis\u00f5es informadas sobre o que fazer quando seus filhos apresentarem febre.<\/p>\n<p>\t\t\t\t\t\t\t\t\t\t\t\t\t\t\t\t<a href=\"https:\/\/www.grupomedcof.com.br\/links-hiit-2023\/\" target=\"_blank\" rel=\"noopener\"><br \/>\n\t\t\t\t\t\t\t<img loading=\"lazy\" decoding=\"async\" width=\"800\" height=\"150\" src=\"https:\/\/www.grupomedcof.com.br\/blog\/wp-content\/uploads\/2023\/07\/Captura-de-tela-2023-07-12-130003-1024x192.png\" alt=\"medcof residencia medica, curso Intensivo para Resid\u00eancia M\u00e9dica, curso para resid\u00eancia m\u00e9dica, medcof hiit, aulas medcof,\" srcset=\"https:\/\/www.grupomedcof.com.br\/blog\/wp-content\/uploads\/2023\/07\/Captura-de-tela-2023-07-12-130003-1024x192.png 1024w, https:\/\/www.grupomedcof.com.br\/blog\/wp-content\/uploads\/2023\/07\/Captura-de-tela-2023-07-12-130003-300x56.png 300w, https:\/\/www.grupomedcof.com.br\/blog\/wp-content\/uploads\/2023\/07\/Captura-de-tela-2023-07-12-130003-768x144.png 768w, https:\/\/www.grupomedcof.com.br\/blog\/wp-content\/uploads\/2023\/07\/Captura-de-tela-2023-07-12-130003.png 1422w\" sizes=\"auto, (max-width: 800px) 100vw, 800px\" \/>\t\t\t\t\t\t\t\t<\/a><\/p>\n<h2><span class=\"ez-toc-section\" id=\"O_que_e_febre\"><\/span>O que \u00e9 febre?<span class=\"ez-toc-section-end\"><\/span><\/h2>\n<p>\u00a0A febre \u00e9 definida como uma eleva\u00e7\u00e3o da temperatura corporal acima dos valores considerados normais. Em geral ela apresenta valores de\u00a0temperatura axilar acima de 37,8\u00b0C, acompanhados por outros sintomas como sensa\u00e7\u00e3o de frio e tremores.\u00a0<\/p>\n<p>Desse modo, a febre, em si, n\u00e3o \u00e9 uma doen\u00e7a, mas sim uma resposta de defesa do organismo a agentes infecciosos (v\u00edrus, bact\u00e9rias) ou a toxinas, ou resposta a processos inflamat\u00f3rios intensos (p\u00f3s-operat\u00f3rio). Ademais, ela pode ser uma manifesta\u00e7\u00e3o de doen\u00e7a grave, mas em geral \u00e9 uma resposta desejada do organismo no combate a potenciais agentes causadores de doen\u00e7as.\u00a0<\/p>\n<h2 style=\"font-family: Poppins, sans-serif; color: rgb(122, 122, 122);\"><span class=\"ez-toc-section\" id=\"Como_Lidar_com_a_Febre_em_Criancas\"><\/span>Como Lidar com a Febre em Crian\u00e7as:<span class=\"ez-toc-section-end\"><\/span><\/h2>\n<h4>1.\u00a0 Verifique a temperatura:<\/h4>\n<ul style=\"font-size: 16px; background-color: #ffffff;\">\n<li style=\"font-size: 16px;\">Utilize um term\u00f4metro digital axilar confi\u00e1vel, para medir a temperatura do seu filho.<\/li>\n<li style=\"font-size: 16px;\">Certifique-se de seguir as instru\u00e7\u00f5es do fabricante para obter uma leitura precisa.<\/li>\n<\/ul>\n<p>\u00a0<\/p>\n<h4 style=\"font-family: Poppins, sans-serif; color: #7a7a7a;\">2. Febre em Crian\u00e7a &#8211; Observe outros sintomas:<\/h4>\n<ul style=\"font-size: 16px; background-color: #ffffff;\">\n<li style=\"font-size: 16px;\">Al\u00e9m da febre, observe outros sintomas que possam acompanhar a eleva\u00e7\u00e3o da temperatura, como tosse, coriza\/nariz escorrendo, dor de garganta, v\u00f4mitos, diarreia.\u00a0<\/li>\n<\/ul>\n<p>\t\t\t\t\t\t\t\t\t\t\t\t\t\t\t<img loading=\"lazy\" decoding=\"async\" width=\"678\" height=\"1024\" src=\"https:\/\/www.grupomedcof.com.br\/blog\/wp-content\/uploads\/2023\/07\/Blog-MedCof-2023-07-25T120222.434-678x1024.png\" alt=\"febre em crian\u00e7a, febre em crianca, febre em criancas, como baixar febre em crian\u00e7a, febre alta em crianca, febre alta em crian\u00e7as,\" srcset=\"https:\/\/www.grupomedcof.com.br\/blog\/wp-content\/uploads\/2023\/07\/Blog-MedCof-2023-07-25T120222.434-678x1024.png 678w, https:\/\/www.grupomedcof.com.br\/blog\/wp-content\/uploads\/2023\/07\/Blog-MedCof-2023-07-25T120222.434-199x300.png 199w, https:\/\/www.grupomedcof.com.br\/blog\/wp-content\/uploads\/2023\/07\/Blog-MedCof-2023-07-25T120222.434-768x1160.png 768w, https:\/\/www.grupomedcof.com.br\/blog\/wp-content\/uploads\/2023\/07\/Blog-MedCof-2023-07-25T120222.434-1017x1536.png 1017w, https:\/\/www.grupomedcof.com.br\/blog\/wp-content\/uploads\/2023\/07\/Blog-MedCof-2023-07-25T120222.434-1356x2048.png 1356w\" sizes=\"auto, (max-width: 678px) 100vw, 678px\" \/><br \/>\n\t\t\t\t\t\t\t\t\t\t\t\t\t\t\t<img loading=\"lazy\" decoding=\"async\" width=\"800\" height=\"836\" src=\"https:\/\/www.grupomedcof.com.br\/blog\/wp-content\/uploads\/2023\/07\/Blog-MedCof-2023-07-25T120923.409-980x1024.png\" alt=\"febre em crian\u00e7a, febre em crianca, febre em criancas, como baixar febre em crian\u00e7a, febre alta em crianca, febre alta em crian\u00e7as,\" srcset=\"https:\/\/www.grupomedcof.com.br\/blog\/wp-content\/uploads\/2023\/07\/Blog-MedCof-2023-07-25T120923.409-980x1024.png 980w, https:\/\/www.grupomedcof.com.br\/blog\/wp-content\/uploads\/2023\/07\/Blog-MedCof-2023-07-25T120923.409-287x300.png 287w, https:\/\/www.grupomedcof.com.br\/blog\/wp-content\/uploads\/2023\/07\/Blog-MedCof-2023-07-25T120923.409-768x802.png 768w, https:\/\/www.grupomedcof.com.br\/blog\/wp-content\/uploads\/2023\/07\/Blog-MedCof-2023-07-25T120923.409-1470x1536.png 1470w, https:\/\/www.grupomedcof.com.br\/blog\/wp-content\/uploads\/2023\/07\/Blog-MedCof-2023-07-25T120923.409-1960x2048.png 1960w\" sizes=\"auto, (max-width: 800px) 100vw, 800px\" \/>\t\t\t\t\t\t\t\t\t\t\t\t\t\t\t<\/p>\n<h4 style=\"font-family: Poppins, sans-serif; color: #7a7a7a;\">3. Mantenha a crian\u00e7a hidratada e ofere\u00e7a alimentos leves:<\/h4>\n<ul style=\"font-size: 16px; background-color: #ffffff;\">\n<li style=\"font-size: 16px;\">Ofere\u00e7a l\u00edquidos como \u00e1gua, leite materno, \u00e1gua de coco (nos maiores de 2 anos) com frequ\u00eancia para evitar a desidrata\u00e7\u00e3o.<\/li>\n<li style=\"font-size: 16px;\">Crian\u00e7as com febre podem perder mais l\u00edquidos e ficarem desidratadas facilmente.<\/li>\n<li style=\"font-size: 16px;\">Observe a quantidade e frequ\u00eancia de diurese (xixi).<\/li>\n<li style=\"font-size: 16px;\">N\u00e3o force a aceita\u00e7\u00e3o de alimentos s\u00f3lidos, priorize oferecer alimentos saud\u00e1veis do dia-a-dia (arroz, feij\u00e3o, carne, legumes, frutas, verduras), sem excesso de temperos.<\/li>\n<li style=\"font-size: 16px;\">\u00c9 esperado que o apetite fique reduzido enquanto a crian\u00e7a estiver doente!<\/li>\n<\/ul>\n<h4><strong>4. Vista roupas leves e se necess\u00e1rio d\u00ea banho morno:<\/strong><\/h4>\n<ul>\n<li>Evite o excesso de agasalho, pois isso pode piorar a febre.<\/li>\n<li>Vista seu filho com roupas leves e confort\u00e1veis para ajudar a regular a temperatura corporal.<\/li>\n<li>Banhos mornos costumam ajudar, n\u00e3o \u00e9 banho frio, mas sim com uma temperatura agrad\u00e1vel.<\/li>\n<\/ul>\n<p>\u00a0<\/p>\n<h4 style=\"font-family: Poppins, sans-serif; color: #7a7a7a;\">5. Administre medicamentos antit\u00e9rmicos apenas se necess\u00e1rio:<\/h4>\n<ul style=\"font-size: 16px; background-color: #ffffff;\">\n<li style=\"font-size: 16px;\">Nem toda febre precisa ser medicada!<\/li>\n<li style=\"font-size: 16px;\">Se a crian\u00e7a estiver dormindo, n\u00e3o h\u00e1 necessidade de acordar para medicar ou dar banho.\u00a0<\/li>\n<\/ul>\n<p>\t\t\t\t\t\t\t\t\t\t\t\t\t\t\t\t<a href=\"https:\/\/www.grupomedcof.com.br\/blog\/qbank-medcof\/\" target=\"_blank\" rel=\"noopener\"><br \/>\n\t\t\t\t\t\t\t<img loading=\"lazy\" decoding=\"async\" width=\"800\" height=\"128\" src=\"https:\/\/www.grupomedcof.com.br\/blog\/wp-content\/uploads\/2023\/07\/Blog-MedCof-2023-07-06T091657.858-1024x164.png\" alt=\"medcof qbank, medcof aulas, grupo medcof, aulas medcof, qbank, banco de questoes medcof, medcof banco de questoes\" srcset=\"https:\/\/www.grupomedcof.com.br\/blog\/wp-content\/uploads\/2023\/07\/Blog-MedCof-2023-07-06T091657.858-1024x164.png 1024w, https:\/\/www.grupomedcof.com.br\/blog\/wp-content\/uploads\/2023\/07\/Blog-MedCof-2023-07-06T091657.858-300x48.png 300w, https:\/\/www.grupomedcof.com.br\/blog\/wp-content\/uploads\/2023\/07\/Blog-MedCof-2023-07-06T091657.858-768x123.png 768w, https:\/\/www.grupomedcof.com.br\/blog\/wp-content\/uploads\/2023\/07\/Blog-MedCof-2023-07-06T091657.858-1536x246.png 1536w, https:\/\/www.grupomedcof.com.br\/blog\/wp-content\/uploads\/2023\/07\/Blog-MedCof-2023-07-06T091657.858-2048x327.png 2048w\" sizes=\"auto, (max-width: 800px) 100vw, 800px\" \/>\t\t\t\t\t\t\t\t<\/a><\/p>\n<h2 style=\"font-family: Poppins, sans-serif; color: #7a7a7a;\"><span class=\"ez-toc-section\" id=\"Como_baixar_febre_em_crianca\"><\/span><strong>Como baixar febre em crian\u00e7a?<\/strong><span class=\"ez-toc-section-end\"><\/span><\/h2>\n<p>Se a febre estiver causando desconforto significativo para a crian\u00e7a (muito chorosa, incomodada, n\u00e3o consegue dormir), \u00e9 poss\u00edvel administrar medicamentos antit\u00e9rmicos, como dipirona, paracetamol ou ibuprofeno, seguindo a dose e intervalo para a idade e peso do seu filho, recomendadas pelo m\u00e9dico pediatra.\u00a0<\/p>\n<p>\u00a0<\/p>\n<p>Al\u00e9m disso, n\u00e3o se preocupe tanto com o valor da temperatura para decidir medicar, mas sim com o n\u00edvel de desconforto que ela est\u00e1 causando.\u00a0Febre alta n\u00e3o se correlaciona necessariamente com doen\u00e7as graves.<\/p>\n<p>\u00a0<\/p>\n<p>Lembre-se tamb\u00e9m que o efeito da medica\u00e7\u00e3o na redu\u00e7\u00e3o da temperatura n\u00e3o \u00e9 imediato. Ap\u00f3s tomar o rem\u00e9dio, sua a\u00e7\u00e3o se inicia ap\u00f3s 30-60 minutos, com redu\u00e7\u00e3o lenta e gradua da temperatura.\u00a0<\/p>\n<h4 style=\"font-family: Poppins, sans-serif; color: #7a7a7a;\">6. Observe a evolu\u00e7\u00e3o:<\/h4>\n<ul style=\"font-size: 16px; background-color: #ffffff;\">\n<li style=\"font-size: 16px;\">A febre geralmente \u00e9 uma resposta tempor\u00e1ria do corpo e pode durar de 2 a 3 dias, mas pode variar dependendo da causa.<\/li>\n<li style=\"font-size: 16px;\">Continue monitorando a temperatura e os sintomas da crian\u00e7a e observe se h\u00e1 sinais de melhora ou piora.<\/li>\n<\/ul>\n<h4 style=\"font-family: Poppins, sans-serif; color: #7a7a7a;\"><strong>Febre persistente Infantil: <a href=\"https:\/\/www.grupomedcof.com.br\/blog\/pediatria-quando-procurar-o-pronto-socorro\/\"target=\"_blank\">Procure assist\u00eancia m\u00e9dica se:<\/a><\/strong><\/h4>\n<ul style=\"font-size: 16px; background-color: #ffffff;\">\n<li style=\"font-size: 16px;\">Febre em menores de 3 meses;<\/li>\n<li style=\"font-size: 16px;\">se a febre persistir por mais de tr\u00eas dias (72 horas);<\/li>\n<li style=\"font-size: 16px;\">se a crian\u00e7a apresentar outros sintomas preocupantes, como dificuldade para respirar, convuls\u00f5es, dor no pesco\u00e7o, les\u00f5es de pele, irritabilidade\/sonol\u00eancia intensas ou les\u00f5es de pele, \u00e9 fundamental buscar assist\u00eancia m\u00e9dica.<\/li>\n<\/ul>\n<h3 style=\"font-family: Poppins, sans-serif; color: rgb(122, 122, 122);\"><span class=\"ez-toc-section\" id=\"Meu_filho_esta_com_febre_e_agora_%E2%80%93_Um_Guia_Pratico_para_Familias\"><\/span>Meu filho est\u00e1 com febre, e agora? &#8211; Um Guia Pr\u00e1tico para Fam\u00edlias<br \/><span class=\"ez-toc-section-end\"><\/span><\/h3>\n<p>Conclus\u00e3o:&nbsp;Lidar com a febre em pediatria pode ser um desafio, mas com o aux\u00edlio deste guia simples, esperamos que as fam\u00edlias possam tomar decis\u00f5es informadas sobre o cuidado de seus filhos durante esse per\u00edodo. Portanto, lembre-se sempre de que, se estiver com d\u00favidas ou preocupa\u00e7\u00f5es, a consulta com um pediatra \u00e9 sempre a melhor op\u00e7\u00e3o para garantir o bem-estar do seu filho.<\/p>\n<h2 style=\"font-family: Poppins, sans-serif; color: #7a7a7a;\"><span class=\"ez-toc-section\" id=\"Conquiste_a_aprovacao\"><\/span><strong>Conquiste a aprova\u00e7\u00e3o!<\/strong><span class=\"ez-toc-section-end\"><\/span><\/h2>\n<p>As provas de resid\u00eancia est\u00e3o cada vez mais perto! Se voc\u00ea quer<a href=\"https:\/\/www.grupomedcof.com.br\/blog\/presenca-da-medcof-nas-aprovacoes-em-residencia-medica-no-brasil\/\" target=\"_blank\" rel=\"noopener\">\u00a0ser mais\u00a0um aprovado\u00a0<\/a>nas melhores resid\u00eancias m\u00e9dicas do pa\u00eds, ent\u00e3o conhe\u00e7a o<a href=\"https:\/\/www.grupomedcof.com.br\/\" target=\"_blank\" rel=\"noopener\">\u00a0Grupo\u00a0MedCof<\/a>!\u00a0Temos um cat\u00e1logo repleto de cursos que te guiar\u00e3o na jornada para as provas de Resid\u00eancia M\u00e9dica que ocorrer\u00e3o em 2023!<br \/>\n\t\t\t\t\t\t\t\t\t\t\t\t\t\t\t\t<a href=\"https:\/\/www.grupomedcof.com.br\/blog\/hiit-medcof-o-curso-intensivo-para-residencia-medica\/\" target=\"_blank\" rel=\"noopener\"><br \/>\n\t\t\t\t\t\t\t<img loading=\"lazy\" decoding=\"async\" width=\"800\" height=\"213\" src=\"https:\/\/www.grupomedcof.com.br\/blog\/wp-content\/uploads\/2023\/07\/Blog-MedCof-2023-07-12T140023.403-1024x273.png\" alt=\"medcof residencia medica, curso Intensivo para Resid\u00eancia M\u00e9dica, curso para resid\u00eancia m\u00e9dica, medcof hiit, aulas medcof,\" srcset=\"https:\/\/www.grupomedcof.com.br\/blog\/wp-content\/uploads\/2023\/07\/Blog-MedCof-2023-07-12T140023.403-1024x273.png 1024w, https:\/\/www.grupomedcof.com.br\/blog\/wp-content\/uploads\/2023\/07\/Blog-MedCof-2023-07-12T140023.403-300x80.png 300w, https:\/\/www.grupomedcof.com.br\/blog\/wp-content\/uploads\/2023\/07\/Blog-MedCof-2023-07-12T140023.403-768x205.png 768w, https:\/\/www.grupomedcof.com.br\/blog\/wp-content\/uploads\/2023\/07\/Blog-MedCof-2023-07-12T140023.403-1536x410.png 1536w, https:\/\/www.grupomedcof.com.br\/blog\/wp-content\/uploads\/2023\/07\/Blog-MedCof-2023-07-12T140023.403-2048x546.png 2048w\" sizes=\"auto, (max-width: 800px) 100vw, 800px\" \/>\t\t\t\t\t\t\t\t<\/a><\/p>\n<h3><span class=\"ez-toc-section\" id=\"HIIT_MedCof\"><\/span><strong style=\"color: inherit; font-family: inherit; font-size: 2rem;\">HIIT MedCof<\/strong><br \/><span class=\"ez-toc-section-end\"><\/span><\/h3>\n<p>Mas, se voc\u00ea \u00e9 novo por aqui, que tal conferir a&nbsp;<strong><a href=\"https:\/\/www.grupomedcof.com.br\/blog\/semana-hiit-como-se-preparar-para-a-residencia-medica\/\" target=\"_blank\" rel=\"noopener\">Semana HIIT<\/a><\/strong>? Este foi um evento 100% gratuito e online que te permitir\u00e1 conhecer um pouco do nosso m\u00e9todo de ensino que te passa todo conte\u00fado cobrado nas provas em apenas 12 semanas!<\/p>\n<p>&nbsp;<br \/>\nTodas as aulas j\u00e1 est\u00e3o dispon\u00edveis no nosso canal do Youtube, assim voc\u00ea poder\u00e1 conhecer um pouco do que o nosso&nbsp;<strong><a href=\"https:\/\/www.grupomedcof.com.br\/blog\/hiit-medcof-o-curso-intensivo-para-residencia-medica\/\" target=\"_blank\" rel=\"noopener\">curso intensivo<\/a><\/strong>&nbsp;para resid\u00eancia m\u00e9dica pode te oferecer. Veja o que alguns dos nossos aprovados t\u00eam a dizer sobre a experi\u00eancia deles com o Grupo MedCof.<\/p>\n","protected":false},"excerpt":{"rendered":"<p>Febre em crian\u00e7as pode ser sin\u00f4nimo de preocupa\u00e7\u00e3o para muitos pais que ficam perdidos em rela\u00e7\u00e3o ao que fazer. Para resolver isso, a Dra. Amira Saleh elaborou um Guia Pr\u00e1tico para te ajudar nessas situa\u00e7\u00f5es. Confira o texto na \u00edntegra para saber mais.<\/p>\n","protected":false},"author":6,"featured_media":9495,"comment_status":"open","ping_status":"open","sticky":false,"template":"","format":"standard","meta":{"footnotes":""},"categories":[202,120],"tags":[246,109,108],"ppma_author":[3609],"class_list":{"0":"post-9492","1":"post","2":"type-post","3":"status-publish","4":"format-standard","5":"has-post-thumbnail","7":"category-emergencias","8":"category-pediatria","9":"tag-febre","10":"tag-pediatria","11":"tag-residencia-em-pediatria"},"yoast_head":"<!-- This site is optimized with the Yoast SEO Premium plugin v24.3 (Yoast SEO v27.4) - https:\/\/yoast.com\/product\/yoast-seo-premium-wordpress\/ -->\n<title>Febre em Crian\u00e7as: Um Guia Pr\u00e1tico para Fam\u00edlias - Blog de Medcof: conte\u00fados, editais, revalida e mais!<\/title>\n<meta name=\"description\" content=\"A febre em crian\u00e7as \u00e9 uma das principais preocupa\u00e7\u00f5es dos pais, e \u00e9 perfeitamente compreens\u00edvel que as m\u00e3es se sintam ansiosas e preocupadas\" \/>\n<meta name=\"robots\" content=\"index, follow, max-snippet:-1, max-image-preview:large, max-video-preview:-1\" \/>\n<link rel=\"canonical\" href=\"https:\/\/www.grupomedcof.com.br\/blog\/febre-em-criancas-um-guia-pratico-para-familias\/\" \/>\n<meta property=\"og:locale\" content=\"pt_BR\" \/>\n<meta property=\"og:type\" content=\"article\" \/>\n<meta property=\"og:title\" content=\"Febre em Crian\u00e7as: Um Guia Pr\u00e1tico para Fam\u00edlias\" \/>\n<meta property=\"og:description\" content=\"A febre em crian\u00e7as \u00e9 uma das principais preocupa\u00e7\u00f5es dos pais, e \u00e9 perfeitamente compreens\u00edvel que as m\u00e3es se sintam ansiosas e preocupadas\" \/>\n<meta property=\"og:url\" content=\"https:\/\/www.grupomedcof.com.br\/blog\/febre-em-criancas-um-guia-pratico-para-familias\/\" \/>\n<meta property=\"og:site_name\" content=\"Blog de Medcof: conte\u00fados, editais, revalida e mais!\" \/>\n<meta property=\"article:publisher\" content=\"https:\/\/www.facebook.com\/MedCofQbank\/\" \/>\n<meta property=\"article:published_time\" content=\"2023-07-25T16:27:26+00:00\" \/>\n<meta property=\"og:image\" content=\"https:\/\/www.grupomedcof.com.br\/blog\/wp-content\/uploads\/2023\/07\/Blog-MedCof-2023-07-25T115836.893-1024x576.png\" \/>\n\t<meta property=\"og:image:width\" content=\"1024\" \/>\n\t<meta property=\"og:image:height\" content=\"576\" \/>\n\t<meta property=\"og:image:type\" content=\"image\/png\" \/>\n<meta name=\"author\" content=\"J\u00falia Moreira\" \/>\n<meta name=\"twitter:card\" content=\"summary_large_image\" \/>\n<meta name=\"twitter:label1\" content=\"Escrito por\" \/>\n\t<meta name=\"twitter:data1\" content=\"J\u00falia Moreira\" \/>\n\t<meta name=\"twitter:label2\" content=\"Est. tempo de leitura\" \/>\n\t<meta name=\"twitter:data2\" content=\"11 minutos\" \/>\n<script type=\"application\/ld+json\" class=\"yoast-schema-graph\">{\"@context\":\"https:\\\/\\\/schema.org\",\"@graph\":[{\"@type\":\"Article\",\"@id\":\"https:\\\/\\\/www.grupomedcof.com.br\\\/blog\\\/febre-em-criancas-um-guia-pratico-para-familias\\\/#article\",\"isPartOf\":{\"@id\":\"https:\\\/\\\/www.grupomedcof.com.br\\\/blog\\\/febre-em-criancas-um-guia-pratico-para-familias\\\/\"},\"author\":{\"name\":\"J\u00falia Moreira\",\"@id\":\"https:\\\/\\\/www.grupomedcof.com.br\\\/blog\\\/#\\\/schema\\\/person\\\/1375e0ce724529d7a1d8156ea7f8ceaa\"},\"headline\":\"Febre em Crian\u00e7as: Um Guia Pr\u00e1tico para Fam\u00edlias\",\"datePublished\":\"2023-07-25T16:27:26+00:00\",\"mainEntityOfPage\":{\"@id\":\"https:\\\/\\\/www.grupomedcof.com.br\\\/blog\\\/febre-em-criancas-um-guia-pratico-para-familias\\\/\"},\"wordCount\":1024,\"commentCount\":1,\"publisher\":{\"@id\":\"https:\\\/\\\/www.grupomedcof.com.br\\\/blog\\\/#organization\"},\"image\":{\"@id\":\"https:\\\/\\\/www.grupomedcof.com.br\\\/blog\\\/febre-em-criancas-um-guia-pratico-para-familias\\\/#primaryimage\"},\"thumbnailUrl\":\"https:\\\/\\\/www.grupomedcof.com.br\\\/blog\\\/wp-content\\\/uploads\\\/2023\\\/07\\\/Blog-MedCof-2023-07-25T115836.893.png\",\"keywords\":[\"Febre\",\"Pediatria\",\"Resid\u00eancia em Pediatria\"],\"articleSection\":[\"Emerg\u00eancias\",\"Pediatria\"],\"inLanguage\":\"pt-BR\"},{\"@type\":\"WebPage\",\"@id\":\"https:\\\/\\\/www.grupomedcof.com.br\\\/blog\\\/febre-em-criancas-um-guia-pratico-para-familias\\\/\",\"url\":\"https:\\\/\\\/www.grupomedcof.com.br\\\/blog\\\/febre-em-criancas-um-guia-pratico-para-familias\\\/\",\"name\":\"Febre em Crian\u00e7as: Um Guia Pr\u00e1tico para Fam\u00edlias - Blog de Medcof: conte\u00fados, editais, revalida e mais!\",\"isPartOf\":{\"@id\":\"https:\\\/\\\/www.grupomedcof.com.br\\\/blog\\\/#website\"},\"primaryImageOfPage\":{\"@id\":\"https:\\\/\\\/www.grupomedcof.com.br\\\/blog\\\/febre-em-criancas-um-guia-pratico-para-familias\\\/#primaryimage\"},\"image\":{\"@id\":\"https:\\\/\\\/www.grupomedcof.com.br\\\/blog\\\/febre-em-criancas-um-guia-pratico-para-familias\\\/#primaryimage\"},\"thumbnailUrl\":\"https:\\\/\\\/www.grupomedcof.com.br\\\/blog\\\/wp-content\\\/uploads\\\/2023\\\/07\\\/Blog-MedCof-2023-07-25T115836.893.png\",\"datePublished\":\"2023-07-25T16:27:26+00:00\",\"description\":\"A febre em crian\u00e7as \u00e9 uma das principais preocupa\u00e7\u00f5es dos pais, e \u00e9 perfeitamente compreens\u00edvel que as m\u00e3es se sintam ansiosas e preocupadas\",\"breadcrumb\":{\"@id\":\"https:\\\/\\\/www.grupomedcof.com.br\\\/blog\\\/febre-em-criancas-um-guia-pratico-para-familias\\\/#breadcrumb\"},\"inLanguage\":\"pt-BR\",\"potentialAction\":[{\"@type\":\"ReadAction\",\"target\":[\"https:\\\/\\\/www.grupomedcof.com.br\\\/blog\\\/febre-em-criancas-um-guia-pratico-para-familias\\\/\"]}]},{\"@type\":\"ImageObject\",\"inLanguage\":\"pt-BR\",\"@id\":\"https:\\\/\\\/www.grupomedcof.com.br\\\/blog\\\/febre-em-criancas-um-guia-pratico-para-familias\\\/#primaryimage\",\"url\":\"https:\\\/\\\/www.grupomedcof.com.br\\\/blog\\\/wp-content\\\/uploads\\\/2023\\\/07\\\/Blog-MedCof-2023-07-25T115836.893.png\",\"contentUrl\":\"https:\\\/\\\/www.grupomedcof.com.br\\\/blog\\\/wp-content\\\/uploads\\\/2023\\\/07\\\/Blog-MedCof-2023-07-25T115836.893.png\",\"width\":2560,\"height\":1440,\"caption\":\"A febre em crian\u00e7as \u00e9 uma das principais preocupa\u00e7\u00f5es dos pais, e \u00e9 perfeitamente compreens\u00edvel que as m\u00e3es se sintam ansiosas e preocupadas\"},{\"@type\":\"BreadcrumbList\",\"@id\":\"https:\\\/\\\/www.grupomedcof.com.br\\\/blog\\\/febre-em-criancas-um-guia-pratico-para-familias\\\/#breadcrumb\",\"itemListElement\":[{\"@type\":\"ListItem\",\"position\":1,\"name\":\"In\u00edcio\",\"item\":\"https:\\\/\\\/www.grupomedcof.com.br\\\/blog\\\/\"},{\"@type\":\"ListItem\",\"position\":2,\"name\":\"Febre em Crian\u00e7as: Um Guia Pr\u00e1tico para Fam\u00edlias\"}]},{\"@type\":\"WebSite\",\"@id\":\"https:\\\/\\\/www.grupomedcof.com.br\\\/blog\\\/#website\",\"url\":\"https:\\\/\\\/www.grupomedcof.com.br\\\/blog\\\/\",\"name\":\"Blog de Medcof: conte\u00fados, editais, revalida e mais!\",\"description\":\"Acesso o blog de MedCof! Seu portal de conte\u00fados sobre resid\u00eancia m\u00e9dica, an\u00e1lise e editais e muito mais. Clique e confira!\",\"publisher\":{\"@id\":\"https:\\\/\\\/www.grupomedcof.com.br\\\/blog\\\/#organization\"},\"alternateName\":\"Blog de Medcof: conte\u00fados, editais, revalida e mais!\",\"potentialAction\":[{\"@type\":\"SearchAction\",\"target\":{\"@type\":\"EntryPoint\",\"urlTemplate\":\"https:\\\/\\\/www.grupomedcof.com.br\\\/blog\\\/?s={search_term_string}\"},\"query-input\":{\"@type\":\"PropertyValueSpecification\",\"valueRequired\":true,\"valueName\":\"search_term_string\"}}],\"inLanguage\":\"pt-BR\"},{\"@type\":\"Organization\",\"@id\":\"https:\\\/\\\/www.grupomedcof.com.br\\\/blog\\\/#organization\",\"name\":\"Grupo MedCof\",\"url\":\"https:\\\/\\\/www.grupomedcof.com.br\\\/blog\\\/\",\"logo\":{\"@type\":\"ImageObject\",\"inLanguage\":\"pt-BR\",\"@id\":\"https:\\\/\\\/www.grupomedcof.com.br\\\/blog\\\/#\\\/schema\\\/logo\\\/image\\\/\",\"url\":\"https:\\\/\\\/www.grupomedcof.com.br\\\/blog\\\/wp-content\\\/uploads\\\/2022\\\/01\\\/logo-medcof.png\",\"contentUrl\":\"https:\\\/\\\/www.grupomedcof.com.br\\\/blog\\\/wp-content\\\/uploads\\\/2022\\\/01\\\/logo-medcof.png\",\"width\":768,\"height\":269,\"caption\":\"Grupo MedCof\"},\"image\":{\"@id\":\"https:\\\/\\\/www.grupomedcof.com.br\\\/blog\\\/#\\\/schema\\\/logo\\\/image\\\/\"},\"sameAs\":[\"https:\\\/\\\/www.facebook.com\\\/MedCofQbank\\\/\",\"https:\\\/\\\/www.instagram.com\\\/grupomedcof\\\/\",\"https:\\\/\\\/br.linkedin.com\\\/company\\\/medcof\",\"https:\\\/\\\/www.youtube.com\\\/channel\\\/UCdHMuOHKICxcHwecxN8P-AA\"]},{\"@type\":\"Person\",\"@id\":\"https:\\\/\\\/www.grupomedcof.com.br\\\/blog\\\/#\\\/schema\\\/person\\\/1375e0ce724529d7a1d8156ea7f8ceaa\",\"name\":\"J\u00falia Moreira\",\"image\":{\"@type\":\"ImageObject\",\"inLanguage\":\"pt-BR\",\"@id\":\"https:\\\/\\\/www.grupomedcof.com.br\\\/blog\\\/wp-content\\\/uploads\\\/2024\\\/12\\\/cropped-Captura-de-tela-2023-12-15-094946-96x96.png6a0083ac34a0445de97d55fae63a4a41\",\"url\":\"https:\\\/\\\/www.grupomedcof.com.br\\\/blog\\\/wp-content\\\/uploads\\\/2024\\\/12\\\/cropped-Captura-de-tela-2023-12-15-094946-96x96.png\",\"contentUrl\":\"https:\\\/\\\/www.grupomedcof.com.br\\\/blog\\\/wp-content\\\/uploads\\\/2024\\\/12\\\/cropped-Captura-de-tela-2023-12-15-094946-96x96.png\",\"caption\":\"J\u00falia Moreira\"},\"description\":\"Estudante do 8\u00ba semestre de Jornalismo na ECA-USP, f\u00e3 de filmes de terror e m\u00fasica popular sul-coreana.\",\"sameAs\":[\"https:\\\/\\\/www.grupomedcof.com.br\\\/\"],\"url\":\"https:\\\/\\\/www.grupomedcof.com.br\\\/blog\\\/author\\\/julia\\\/\"}]}<\/script>\n<!-- \/ Yoast SEO Premium plugin. -->","yoast_head_json":{"title":"Febre em Crian\u00e7as: Um Guia Pr\u00e1tico para Fam\u00edlias - Blog de Medcof: conte\u00fados, editais, revalida e mais!","description":"A febre em crian\u00e7as \u00e9 uma das principais preocupa\u00e7\u00f5es dos pais, e \u00e9 perfeitamente compreens\u00edvel que as m\u00e3es se sintam ansiosas e preocupadas","robots":{"index":"index","follow":"follow","max-snippet":"max-snippet:-1","max-image-preview":"max-image-preview:large","max-video-preview":"max-video-preview:-1"},"canonical":"https:\/\/www.grupomedcof.com.br\/blog\/febre-em-criancas-um-guia-pratico-para-familias\/","og_locale":"pt_BR","og_type":"article","og_title":"Febre em Crian\u00e7as: Um Guia Pr\u00e1tico para Fam\u00edlias","og_description":"A febre em crian\u00e7as \u00e9 uma das principais preocupa\u00e7\u00f5es dos pais, e \u00e9 perfeitamente compreens\u00edvel que as m\u00e3es se sintam ansiosas e preocupadas","og_url":"https:\/\/www.grupomedcof.com.br\/blog\/febre-em-criancas-um-guia-pratico-para-familias\/","og_site_name":"Blog de Medcof: conte\u00fados, editais, revalida e mais!","article_publisher":"https:\/\/www.facebook.com\/MedCofQbank\/","article_published_time":"2023-07-25T16:27:26+00:00","og_image":[{"width":1024,"height":576,"url":"https:\/\/www.grupomedcof.com.br\/blog\/wp-content\/uploads\/2023\/07\/Blog-MedCof-2023-07-25T115836.893-1024x576.png","type":"image\/png"}],"author":"J\u00falia Moreira","twitter_card":"summary_large_image","twitter_misc":{"Escrito por":"J\u00falia Moreira","Est. tempo de leitura":"11 minutos"},"schema":{"@context":"https:\/\/schema.org","@graph":[{"@type":"Article","@id":"https:\/\/www.grupomedcof.com.br\/blog\/febre-em-criancas-um-guia-pratico-para-familias\/#article","isPartOf":{"@id":"https:\/\/www.grupomedcof.com.br\/blog\/febre-em-criancas-um-guia-pratico-para-familias\/"},"author":{"name":"J\u00falia Moreira","@id":"https:\/\/www.grupomedcof.com.br\/blog\/#\/schema\/person\/1375e0ce724529d7a1d8156ea7f8ceaa"},"headline":"Febre em Crian\u00e7as: Um Guia Pr\u00e1tico para Fam\u00edlias","datePublished":"2023-07-25T16:27:26+00:00","mainEntityOfPage":{"@id":"https:\/\/www.grupomedcof.com.br\/blog\/febre-em-criancas-um-guia-pratico-para-familias\/"},"wordCount":1024,"commentCount":1,"publisher":{"@id":"https:\/\/www.grupomedcof.com.br\/blog\/#organization"},"image":{"@id":"https:\/\/www.grupomedcof.com.br\/blog\/febre-em-criancas-um-guia-pratico-para-familias\/#primaryimage"},"thumbnailUrl":"https:\/\/www.grupomedcof.com.br\/blog\/wp-content\/uploads\/2023\/07\/Blog-MedCof-2023-07-25T115836.893.png","keywords":["Febre","Pediatria","Resid\u00eancia em Pediatria"],"articleSection":["Emerg\u00eancias","Pediatria"],"inLanguage":"pt-BR"},{"@type":"WebPage","@id":"https:\/\/www.grupomedcof.com.br\/blog\/febre-em-criancas-um-guia-pratico-para-familias\/","url":"https:\/\/www.grupomedcof.com.br\/blog\/febre-em-criancas-um-guia-pratico-para-familias\/","name":"Febre em Crian\u00e7as: Um Guia Pr\u00e1tico para Fam\u00edlias - Blog de Medcof: conte\u00fados, editais, revalida e mais!","isPartOf":{"@id":"https:\/\/www.grupomedcof.com.br\/blog\/#website"},"primaryImageOfPage":{"@id":"https:\/\/www.grupomedcof.com.br\/blog\/febre-em-criancas-um-guia-pratico-para-familias\/#primaryimage"},"image":{"@id":"https:\/\/www.grupomedcof.com.br\/blog\/febre-em-criancas-um-guia-pratico-para-familias\/#primaryimage"},"thumbnailUrl":"https:\/\/www.grupomedcof.com.br\/blog\/wp-content\/uploads\/2023\/07\/Blog-MedCof-2023-07-25T115836.893.png","datePublished":"2023-07-25T16:27:26+00:00","description":"A febre em crian\u00e7as \u00e9 uma das principais preocupa\u00e7\u00f5es dos pais, e \u00e9 perfeitamente compreens\u00edvel que as m\u00e3es se sintam ansiosas e preocupadas","breadcrumb":{"@id":"https:\/\/www.grupomedcof.com.br\/blog\/febre-em-criancas-um-guia-pratico-para-familias\/#breadcrumb"},"inLanguage":"pt-BR","potentialAction":[{"@type":"ReadAction","target":["https:\/\/www.grupomedcof.com.br\/blog\/febre-em-criancas-um-guia-pratico-para-familias\/"]}]},{"@type":"ImageObject","inLanguage":"pt-BR","@id":"https:\/\/www.grupomedcof.com.br\/blog\/febre-em-criancas-um-guia-pratico-para-familias\/#primaryimage","url":"https:\/\/www.grupomedcof.com.br\/blog\/wp-content\/uploads\/2023\/07\/Blog-MedCof-2023-07-25T115836.893.png","contentUrl":"https:\/\/www.grupomedcof.com.br\/blog\/wp-content\/uploads\/2023\/07\/Blog-MedCof-2023-07-25T115836.893.png","width":2560,"height":1440,"caption":"A febre em crian\u00e7as \u00e9 uma das principais preocupa\u00e7\u00f5es dos pais, e \u00e9 perfeitamente compreens\u00edvel que as m\u00e3es se sintam ansiosas e preocupadas"},{"@type":"BreadcrumbList","@id":"https:\/\/www.grupomedcof.com.br\/blog\/febre-em-criancas-um-guia-pratico-para-familias\/#breadcrumb","itemListElement":[{"@type":"ListItem","position":1,"name":"In\u00edcio","item":"https:\/\/www.grupomedcof.com.br\/blog\/"},{"@type":"ListItem","position":2,"name":"Febre em Crian\u00e7as: Um Guia Pr\u00e1tico para Fam\u00edlias"}]},{"@type":"WebSite","@id":"https:\/\/www.grupomedcof.com.br\/blog\/#website","url":"https:\/\/www.grupomedcof.com.br\/blog\/","name":"Blog de Medcof: conte\u00fados, editais, revalida e mais!","description":"Acesso o blog de MedCof! Seu portal de conte\u00fados sobre resid\u00eancia m\u00e9dica, an\u00e1lise e editais e muito mais. Clique e confira!","publisher":{"@id":"https:\/\/www.grupomedcof.com.br\/blog\/#organization"},"alternateName":"Blog de Medcof: conte\u00fados, editais, revalida e mais!","potentialAction":[{"@type":"SearchAction","target":{"@type":"EntryPoint","urlTemplate":"https:\/\/www.grupomedcof.com.br\/blog\/?s={search_term_string}"},"query-input":{"@type":"PropertyValueSpecification","valueRequired":true,"valueName":"search_term_string"}}],"inLanguage":"pt-BR"},{"@type":"Organization","@id":"https:\/\/www.grupomedcof.com.br\/blog\/#organization","name":"Grupo MedCof","url":"https:\/\/www.grupomedcof.com.br\/blog\/","logo":{"@type":"ImageObject","inLanguage":"pt-BR","@id":"https:\/\/www.grupomedcof.com.br\/blog\/#\/schema\/logo\/image\/","url":"https:\/\/www.grupomedcof.com.br\/blog\/wp-content\/uploads\/2022\/01\/logo-medcof.png","contentUrl":"https:\/\/www.grupomedcof.com.br\/blog\/wp-content\/uploads\/2022\/01\/logo-medcof.png","width":768,"height":269,"caption":"Grupo MedCof"},"image":{"@id":"https:\/\/www.grupomedcof.com.br\/blog\/#\/schema\/logo\/image\/"},"sameAs":["https:\/\/www.facebook.com\/MedCofQbank\/","https:\/\/www.instagram.com\/grupomedcof\/","https:\/\/br.linkedin.com\/company\/medcof","https:\/\/www.youtube.com\/channel\/UCdHMuOHKICxcHwecxN8P-AA"]},{"@type":"Person","@id":"https:\/\/www.grupomedcof.com.br\/blog\/#\/schema\/person\/1375e0ce724529d7a1d8156ea7f8ceaa","name":"J\u00falia Moreira","image":{"@type":"ImageObject","inLanguage":"pt-BR","@id":"https:\/\/www.grupomedcof.com.br\/blog\/wp-content\/uploads\/2024\/12\/cropped-Captura-de-tela-2023-12-15-094946-96x96.png6a0083ac34a0445de97d55fae63a4a41","url":"https:\/\/www.grupomedcof.com.br\/blog\/wp-content\/uploads\/2024\/12\/cropped-Captura-de-tela-2023-12-15-094946-96x96.png","contentUrl":"https:\/\/www.grupomedcof.com.br\/blog\/wp-content\/uploads\/2024\/12\/cropped-Captura-de-tela-2023-12-15-094946-96x96.png","caption":"J\u00falia Moreira"},"description":"Estudante do 8\u00ba semestre de Jornalismo na ECA-USP, f\u00e3 de filmes de terror e m\u00fasica popular sul-coreana.","sameAs":["https:\/\/www.grupomedcof.com.br\/"],"url":"https:\/\/www.grupomedcof.com.br\/blog\/author\/julia\/"}]}},"authors":[{"term_id":3609,"user_id":6,"is_guest":0,"slug":"julia","display_name":"J\u00falia Moreira","avatar_url":"https:\/\/www.grupomedcof.com.br\/blog\/wp-content\/uploads\/2024\/12\/cropped-Captura-de-tela-2023-12-15-094946-96x96.png","0":null,"1":"","2":"","3":"","4":"","5":"","6":"","7":"","8":""}],"_links":{"self":[{"href":"https:\/\/www.grupomedcof.com.br\/blog\/wp-json\/wp\/v2\/posts\/9492","targetHints":{"allow":["GET"]}}],"collection":[{"href":"https:\/\/www.grupomedcof.com.br\/blog\/wp-json\/wp\/v2\/posts"}],"about":[{"href":"https:\/\/www.grupomedcof.com.br\/blog\/wp-json\/wp\/v2\/types\/post"}],"author":[{"embeddable":true,"href":"https:\/\/www.grupomedcof.com.br\/blog\/wp-json\/wp\/v2\/users\/6"}],"replies":[{"embeddable":true,"href":"https:\/\/www.grupomedcof.com.br\/blog\/wp-json\/wp\/v2\/comments?post=9492"}],"version-history":[{"count":0,"href":"https:\/\/www.grupomedcof.com.br\/blog\/wp-json\/wp\/v2\/posts\/9492\/revisions"}],"wp:featuredmedia":[{"embeddable":true,"href":"https:\/\/www.grupomedcof.com.br\/blog\/wp-json\/wp\/v2\/media\/9495"}],"wp:attachment":[{"href":"https:\/\/www.grupomedcof.com.br\/blog\/wp-json\/wp\/v2\/media?parent=9492"}],"wp:term":[{"taxonomy":"category","embeddable":true,"href":"https:\/\/www.grupomedcof.com.br\/blog\/wp-json\/wp\/v2\/categories?post=9492"},{"taxonomy":"post_tag","embeddable":true,"href":"https:\/\/www.grupomedcof.com.br\/blog\/wp-json\/wp\/v2\/tags?post=9492"},{"taxonomy":"author","embeddable":true,"href":"https:\/\/www.grupomedcof.com.br\/blog\/wp-json\/wp\/v2\/ppma_author?post=9492"}],"curies":[{"name":"wp","href":"https:\/\/api.w.org\/{rel}","templated":true}]}}