{"id":9561,"date":"2023-07-31T11:53:06","date_gmt":"2023-07-31T14:53:06","guid":{"rendered":"https:\/\/www.grupomedcof.com.br\/blog\/?p=9561"},"modified":"2026-04-24T17:30:01","modified_gmt":"2026-04-24T20:30:01","slug":"voce-sabe-fazer-a-avaliacao-do-desenvolvimento-da-crianca","status":"publish","type":"post","link":"https:\/\/www.grupomedcof.com.br\/blog\/voce-sabe-fazer-a-avaliacao-do-desenvolvimento-da-crianca\/","title":{"rendered":"Voc\u00ea sabe fazer a avalia\u00e7\u00e3o do desenvolvimento da crian\u00e7a?"},"content":{"rendered":"<div id=\"ez-toc-container\" class=\"ez-toc-v2_0_74 counter-hierarchy ez-toc-counter ez-toc-transparent ez-toc-container-direction\">\n<div class=\"ez-toc-title-container\">\n<p class=\"ez-toc-title\" style=\"cursor:inherit\">Sum\u00e1rio<\/p>\n<span class=\"ez-toc-title-toggle\"><a href=\"#\" class=\"ez-toc-pull-right ez-toc-btn ez-toc-btn-xs ez-toc-btn-default ez-toc-toggle\" aria-label=\"Alternar tabela de conte\u00fado\"><span class=\"ez-toc-js-icon-con\"><span class=\"\"><span class=\"eztoc-hide\" style=\"display:none;\">Toggle<\/span><span class=\"ez-toc-icon-toggle-span\"><svg style=\"fill: #999;color:#999\" xmlns=\"http:\/\/www.w3.org\/2000\/svg\" class=\"list-377408\" width=\"20px\" height=\"20px\" viewBox=\"0 0 24 24\" fill=\"none\"><path d=\"M6 6H4v2h2V6zm14 0H8v2h12V6zM4 11h2v2H4v-2zm16 0H8v2h12v-2zM4 16h2v2H4v-2zm16 0H8v2h12v-2z\" fill=\"currentColor\"><\/path><\/svg><svg style=\"fill: #999;color:#999\" class=\"arrow-unsorted-368013\" xmlns=\"http:\/\/www.w3.org\/2000\/svg\" width=\"10px\" height=\"10px\" viewBox=\"0 0 24 24\" version=\"1.2\" baseProfile=\"tiny\"><path d=\"M18.2 9.3l-6.2-6.3-6.2 6.3c-.2.2-.3.4-.3.7s.1.5.3.7c.2.2.4.3.7.3h11c.3 0 .5-.1.7-.3.2-.2.3-.5.3-.7s-.1-.5-.3-.7zM5.8 14.7l6.2 6.3 6.2-6.3c.2-.2.3-.5.3-.7s-.1-.5-.3-.7c-.2-.2-.4-.3-.7-.3h-11c-.3 0-.5.1-.7.3-.2.2-.3.5-.3.7s.1.5.3.7z\"\/><\/svg><\/span><\/span><\/span><\/a><\/span><\/div>\n<nav><ul class='ez-toc-list ez-toc-list-level-1 ' ><li class='ez-toc-page-1 ez-toc-heading-level-2'><a class=\"ez-toc-link ez-toc-heading-1\" href=\"https:\/\/www.grupomedcof.com.br\/blog\/voce-sabe-fazer-a-avaliacao-do-desenvolvimento-da-crianca\/#Veja_a_seguir\" >Veja a seguir<\/a><\/li><li class='ez-toc-page-1 ez-toc-heading-level-2'><a class=\"ez-toc-link ez-toc-heading-2\" href=\"https:\/\/www.grupomedcof.com.br\/blog\/voce-sabe-fazer-a-avaliacao-do-desenvolvimento-da-crianca\/#Introducao_Desenvolvimento_da_crianca\" >Introdu\u00e7\u00e3o: Desenvolvimento da crian\u00e7a<\/a><\/li><li class='ez-toc-page-1 ez-toc-heading-level-2'><a class=\"ez-toc-link ez-toc-heading-3\" href=\"https:\/\/www.grupomedcof.com.br\/blog\/voce-sabe-fazer-a-avaliacao-do-desenvolvimento-da-crianca\/#Voce_sabe_fazer_a_avaliacao_do_desenvolvimento_da_crianca\" >Voc\u00ea sabe fazer a avalia\u00e7\u00e3o do desenvolvimento da crian\u00e7a?<\/a><\/li><li class='ez-toc-page-1 ez-toc-heading-level-2'><a class=\"ez-toc-link ez-toc-heading-4\" href=\"https:\/\/www.grupomedcof.com.br\/blog\/voce-sabe-fazer-a-avaliacao-do-desenvolvimento-da-crianca\/#Desenvolvimento_da_crianca_Classificacao\" >Desenvolvimento da crian\u00e7a: Classifica\u00e7\u00e3o<\/a><\/li><li class='ez-toc-page-1 ez-toc-heading-level-2'><a class=\"ez-toc-link ez-toc-heading-5\" href=\"https:\/\/www.grupomedcof.com.br\/blog\/voce-sabe-fazer-a-avaliacao-do-desenvolvimento-da-crianca\/#Marcos_do_desenvolvimento\" >Marcos do desenvolvimento<\/a><ul class='ez-toc-list-level-3' ><li class='ez-toc-heading-level-3'><a class=\"ez-toc-link ez-toc-heading-6\" href=\"https:\/\/www.grupomedcof.com.br\/blog\/voce-sabe-fazer-a-avaliacao-do-desenvolvimento-da-crianca\/#Recem-Nascido\" >Rec\u00e9m-Nascido<\/a><\/li><li class='ez-toc-page-1 ez-toc-heading-level-3'><a class=\"ez-toc-link ez-toc-heading-7\" href=\"https:\/\/www.grupomedcof.com.br\/blog\/voce-sabe-fazer-a-avaliacao-do-desenvolvimento-da-crianca\/#1_mes\" >1 m\u00eas<\/a><\/li><li class='ez-toc-page-1 ez-toc-heading-level-3'><a class=\"ez-toc-link ez-toc-heading-8\" href=\"https:\/\/www.grupomedcof.com.br\/blog\/voce-sabe-fazer-a-avaliacao-do-desenvolvimento-da-crianca\/#2_meses\" >2 meses<\/a><\/li><li class='ez-toc-page-1 ez-toc-heading-level-3'><a class=\"ez-toc-link ez-toc-heading-9\" href=\"https:\/\/www.grupomedcof.com.br\/blog\/voce-sabe-fazer-a-avaliacao-do-desenvolvimento-da-crianca\/#Desenvolvimento_infantil_3_meses\" >Desenvolvimento infantil: 3 meses<\/a><\/li><li class='ez-toc-page-1 ez-toc-heading-level-3'><a class=\"ez-toc-link ez-toc-heading-10\" href=\"https:\/\/www.grupomedcof.com.br\/blog\/voce-sabe-fazer-a-avaliacao-do-desenvolvimento-da-crianca\/#4_meses\" >4 meses<\/a><\/li><li class='ez-toc-page-1 ez-toc-heading-level-3'><a class=\"ez-toc-link ez-toc-heading-11\" href=\"https:\/\/www.grupomedcof.com.br\/blog\/voce-sabe-fazer-a-avaliacao-do-desenvolvimento-da-crianca\/#Desenvolvimento_da_crianca_6_a_7_meses\" >Desenvolvimento da crian\u00e7a: 6 a 7 meses<\/a><\/li><li class='ez-toc-page-1 ez-toc-heading-level-3'><a class=\"ez-toc-link ez-toc-heading-12\" href=\"https:\/\/www.grupomedcof.com.br\/blog\/voce-sabe-fazer-a-avaliacao-do-desenvolvimento-da-crianca\/#9_a_10_meses\" >9 a 10 meses<\/a><\/li><li class='ez-toc-page-1 ez-toc-heading-level-3'><a class=\"ez-toc-link ez-toc-heading-13\" href=\"https:\/\/www.grupomedcof.com.br\/blog\/voce-sabe-fazer-a-avaliacao-do-desenvolvimento-da-crianca\/#12_meses_Desenvolvimento_da_crianca_de_1_ano\" >12 meses: Desenvolvimento da crian\u00e7a de 1 ano<\/a><\/li><li class='ez-toc-page-1 ez-toc-heading-level-3'><a class=\"ez-toc-link ez-toc-heading-14\" href=\"https:\/\/www.grupomedcof.com.br\/blog\/voce-sabe-fazer-a-avaliacao-do-desenvolvimento-da-crianca\/#18_meses\" >18 meses<\/a><\/li><li class='ez-toc-page-1 ez-toc-heading-level-3'><a class=\"ez-toc-link ez-toc-heading-15\" href=\"https:\/\/www.grupomedcof.com.br\/blog\/voce-sabe-fazer-a-avaliacao-do-desenvolvimento-da-crianca\/#24_meses_Desenvolvimento_da_crianca_de_2_anos\" >24 meses: Desenvolvimento da crian\u00e7a de 2 anos<\/a><\/li><\/ul><\/li><li class='ez-toc-page-1 ez-toc-heading-level-2'><a class=\"ez-toc-link ez-toc-heading-16\" href=\"https:\/\/www.grupomedcof.com.br\/blog\/voce-sabe-fazer-a-avaliacao-do-desenvolvimento-da-crianca\/#Conquiste_a_aprovacao\" >Conquiste a aprova\u00e7\u00e3o!<\/a><\/li><li class='ez-toc-page-1 ez-toc-heading-level-2'><a class=\"ez-toc-link ez-toc-heading-17\" href=\"https:\/\/www.grupomedcof.com.br\/blog\/voce-sabe-fazer-a-avaliacao-do-desenvolvimento-da-crianca\/#HIIT_MedCof\" >HIIT MedCof<\/a><\/li><\/ul><\/nav><\/div>\n<p><img loading=\"lazy\" decoding=\"async\" width=\"800\" height=\"450\" src=\"https:\/\/www.grupomedcof.com.br\/blog\/wp-content\/uploads\/2023\/07\/Blog-MedCof-2023-07-31T104849.448-1024x576.png\" alt=\"Desenvolvimento da crian\u00e7a, fase da crianca, marcos do desenvolvimento, desenvolvimento fisico na infancia, desenvolvimento motor, desenvolvimento da crian\u00e7a de 2 anos, desenvolvimento da crianca, desenvolvimento cognitivo da crian\u00e7a\" srcset=\"https:\/\/www.grupomedcof.com.br\/blog\/wp-content\/uploads\/2023\/07\/Blog-MedCof-2023-07-31T104849.448-1024x576.png 1024w, https:\/\/www.grupomedcof.com.br\/blog\/wp-content\/uploads\/2023\/07\/Blog-MedCof-2023-07-31T104849.448-300x169.png 300w, https:\/\/www.grupomedcof.com.br\/blog\/wp-content\/uploads\/2023\/07\/Blog-MedCof-2023-07-31T104849.448-768x432.png 768w, https:\/\/www.grupomedcof.com.br\/blog\/wp-content\/uploads\/2023\/07\/Blog-MedCof-2023-07-31T104849.448-1536x864.png 1536w, https:\/\/www.grupomedcof.com.br\/blog\/wp-content\/uploads\/2023\/07\/Blog-MedCof-2023-07-31T104849.448-2048x1152.png 2048w\" sizes=\"auto, (max-width: 800px) 100vw, 800px\" \/>\t\t\t\t\t\t\t\t\t\t\t\t\t\t\t<\/p>\n<p><strong>Desenvolvimento infantil:<\/strong> Voc\u00ea sabe fazer a avalia\u00e7\u00e3o do desenvolvimento de uma crian\u00e7a na consulta de puericultura? E o que voc\u00ea sabe sobre os<strong> marcos do desenvolvimento de cada faixa et\u00e1ria<\/strong>? Se n\u00e3o sabe responder muito bem, ent\u00e3o leia este post at\u00e9 o fim, nele vamos te apresentar as principais informa\u00e7\u00f5es sobre esse tema.<\/p>\n<h2><span class=\"ez-toc-section\" id=\"Veja_a_seguir\"><\/span>\n\t\t\t\tVeja a seguir\t\t\t<span class=\"ez-toc-section-end\"><\/span><\/h2>\n<h2 style=\"font-family: Poppins, sans-serif; color: #7a7a7a;\"><span class=\"ez-toc-section\" id=\"Introducao_Desenvolvimento_da_crianca\"><\/span><strong>Introdu\u00e7\u00e3o: Desenvolvimento da crian\u00e7a<\/strong><span class=\"ez-toc-section-end\"><\/span><\/h2>\n<p>Os primeiros anos de vida s\u00e3o cr\u00edticos para o <strong>neurodesenvolvimento<\/strong> da crian\u00e7a, estabelecendo as bases para as futuras habilidades cognitivas, motoras e socioemocionais.<\/p>\n<p>\u00a0<\/p>\n<p>Assim, a avalia\u00e7\u00e3o do desenvolvimento neuropsicomotor ocorre de forma qualitativa, atrav\u00e9s de escalas e testes, para <strong>identificar de forma precoce<\/strong> poss\u00edveis altera\u00e7\u00f5es nas fun\u00e7\u00f5es adaptativas, sociais, motoras e de linguagem.<\/p>\n<p>\u00a0<\/p>\n<p>Desse modo, o desenvolvimento esperado \u00e9 sempre\u00a0sequencial\u00a0e\u00a0previs\u00edvel!\u00a0Apesar de n\u00e3o ter uma idade fixa para acontecer, existem intervalos em que tais habilidades s\u00e3o esperadas.<\/p>\n<h2 style=\"font-family: Poppins, sans-serif; color: #7a7a7a;\"><span class=\"ez-toc-section\" id=\"Voce_sabe_fazer_a_avaliacao_do_desenvolvimento_da_crianca\"><\/span><strong>Voc\u00ea sabe fazer a avalia\u00e7\u00e3o do desenvolvimento da crian\u00e7a?<\/strong><span class=\"ez-toc-section-end\"><\/span><\/h2>\n<p>\t\t\t\t\t\t\t\t\t\t\t\t\t\t\t\t<a href=\"https:\/\/www.grupomedcof.com.br\/links-hiit-2023\/\" target=\"_blank\" rel=\"noopener\"><br \/>\n\t\t\t\t\t\t\t<img loading=\"lazy\" decoding=\"async\" width=\"800\" height=\"150\" src=\"https:\/\/www.grupomedcof.com.br\/blog\/wp-content\/uploads\/2023\/07\/Captura-de-tela-2023-07-12-130003-1024x192.png\" alt=\"medcof residencia medica, curso Intensivo para Resid\u00eancia M\u00e9dica, curso para resid\u00eancia m\u00e9dica, medcof hiit, aulas medcof,\" srcset=\"https:\/\/www.grupomedcof.com.br\/blog\/wp-content\/uploads\/2023\/07\/Captura-de-tela-2023-07-12-130003-1024x192.png 1024w, https:\/\/www.grupomedcof.com.br\/blog\/wp-content\/uploads\/2023\/07\/Captura-de-tela-2023-07-12-130003-300x56.png 300w, https:\/\/www.grupomedcof.com.br\/blog\/wp-content\/uploads\/2023\/07\/Captura-de-tela-2023-07-12-130003-768x144.png 768w, https:\/\/www.grupomedcof.com.br\/blog\/wp-content\/uploads\/2023\/07\/Captura-de-tela-2023-07-12-130003.png 1422w\" sizes=\"auto, (max-width: 800px) 100vw, 800px\" \/>\t\t\t\t\t\t\t\t<\/a><\/p>\n<h2 style=\"font-family: Poppins, sans-serif; color: #7a7a7a;\"><span class=\"ez-toc-section\" id=\"Desenvolvimento_da_crianca_Classificacao\"><\/span><strong>Desenvolvimento da crian\u00e7a: Classifica\u00e7\u00e3o<\/strong><span class=\"ez-toc-section-end\"><\/span><\/h2>\n<p>Ao realizar a avalia\u00e7\u00e3o do desenvolvimento de uma crian\u00e7a podemos classific\u00e1-lo como:<\/p>\n<p>\u00a0<\/p>\n<ul style=\"font-size: 16px; background-color: #ffffff;\">\n<li style=\"font-size: 16px;\">Desenvolvimento Adequado:\u00a0Habilidades compat\u00edveis com a idade.\n<ul style=\"font-size: 16px;\">\n<li style=\"font-size: 16px;\">Conduta: Refor\u00e7o positivo;<\/li>\n<\/ul>\n<\/li>\n<li style=\"font-size: 16px;\">Alerta ao Desenvolvimento:\u00a0Uma ou mais habilidades ausentes ou presen\u00e7a de um ou mais fatores de risco.\n<ul style=\"font-size: 16px;\">\n<li style=\"font-size: 16px;\">Conduta: Orientar estimula\u00e7\u00e3o retorno ap\u00f3s 30 dias;<\/li>\n<\/ul>\n<\/li>\n<li style=\"font-size: 16px;\">Poss\u00edvel Atraso no Desenvolvimento:\u00a0Uma ou mais habilidades ausentes para faixa et\u00e1ria anterior ou PC alterado ou 3 ou mais altera\u00e7\u00f5es fenot\u00edpica.\n<ul style=\"font-size: 16px;\">\n<li style=\"font-size: 16px;\">Conduta: Encaminhar para rede especializada (neuropediatra, fisioterapeuta, geneticista etc.).<\/li>\n<\/ul>\n<\/li>\n<\/ul>\n<p>\t\t\t\t\t\t\t\t\t\t\t\t\t\t\t<img loading=\"lazy\" decoding=\"async\" width=\"800\" height=\"180\" src=\"https:\/\/www.grupomedcof.com.br\/blog\/wp-content\/uploads\/2023\/07\/Blog-MedCof-2023-07-31T113214.358-1024x230.png\" alt=\"o desenvolvimento infantil, desenvolvimento infantil., desenvolvimento infantil resumo, o que \u00e9 desenvolvimento infantil,\" srcset=\"https:\/\/www.grupomedcof.com.br\/blog\/wp-content\/uploads\/2023\/07\/Blog-MedCof-2023-07-31T113214.358-1024x230.png 1024w, https:\/\/www.grupomedcof.com.br\/blog\/wp-content\/uploads\/2023\/07\/Blog-MedCof-2023-07-31T113214.358-300x67.png 300w, https:\/\/www.grupomedcof.com.br\/blog\/wp-content\/uploads\/2023\/07\/Blog-MedCof-2023-07-31T113214.358-768x172.png 768w, https:\/\/www.grupomedcof.com.br\/blog\/wp-content\/uploads\/2023\/07\/Blog-MedCof-2023-07-31T113214.358-1536x345.png 1536w, https:\/\/www.grupomedcof.com.br\/blog\/wp-content\/uploads\/2023\/07\/Blog-MedCof-2023-07-31T113214.358-2048x460.png 2048w\" sizes=\"auto, (max-width: 800px) 100vw, 800px\" \/>\t\t\t\t\t\t\t\t\t\t\t\t\t\t\t<\/p>\n<h2 style=\"font-family: Poppins, sans-serif; color: #7a7a7a;\"><span class=\"ez-toc-section\" id=\"Marcos_do_desenvolvimento\"><\/span><strong>Marcos do desenvolvimento<\/strong><span class=\"ez-toc-section-end\"><\/span><\/h2>\n<h3 style=\"font-family: Poppins, sans-serif; color: rgb(122, 122, 122);\"><span class=\"ez-toc-section\" id=\"Recem-Nascido\"><\/span>Rec\u00e9m-Nascido<span class=\"ez-toc-section-end\"><\/span><\/h3>\n<ul style=\"font-size: 16px; background-color: rgb(255, 255, 255);\">\n<li style=\"font-size: 16px;\">Motor: 4 membros fletidos; n\u00e3o apresenta t\u00f4nus cervical (n\u00e3o segura a cabe\u00e7a);<\/li>\n<li style=\"font-size: 16px;\">Adaptativo: fixa a vis\u00e3o<\/li>\n<li style=\"font-size: 16px;\">Linguagem: choro<\/li>\n<\/ul>\n<h3 style=\"font-family: Poppins, sans-serif; color: rgb(122, 122, 122);\"><span class=\"ez-toc-section\" id=\"1_mes\"><\/span>1 m\u00eas<span class=\"ez-toc-section-end\"><\/span><\/h3>\n<ul style=\"font-size: 16px; background-color: rgb(255, 255, 255);\">\n<li style=\"font-size: 16px;\">Motor: Membros inferiores mais estendidos;<\/li>\n<li style=\"font-size: 16px;\">Adaptativo: segue objetos com o olhar (90 graus);\n<ul style=\"font-size: 16px;\">\n<li style=\"font-size: 16px;\">O sorriso que surge nessa idade \u00e9 reflexo. Ainda n\u00e3o h\u00e1 intera\u00e7\u00e3o social.<\/li>\n<\/ul>\n<\/li>\n<\/ul>\n<h3 style=\"font-family: Poppins, sans-serif; color: rgb(122, 122, 122);\"><span class=\"ez-toc-section\" id=\"2_meses\"><\/span>2 meses<span class=\"ez-toc-section-end\"><\/span><\/h3>\n<ul style=\"font-size: 16px; background-color: rgb(255, 255, 255);\">\n<li style=\"font-size: 16px;\">Adaptativo: segue objetos ultrapassando a linha m\u00e9dia;<\/li>\n<li style=\"font-size: 16px;\">Social: sorriso social;<\/li>\n<li style=\"font-size: 16px;\">Linguagem: in\u00edcio da vocaliza\u00e7\u00e3o;\n<ul style=\"font-size: 16px;\">\n<li style=\"font-size: 16px;\">Som consonantal;<\/li>\n<\/ul>\n<\/li>\n<\/ul>\n<h3 style=\"font-family: Poppins, sans-serif; color: #7a7a7a;\"><span class=\"ez-toc-section\" id=\"Desenvolvimento_infantil_3_meses\"><\/span><strong>Desenvolvimento infantil: 3 meses<\/strong><span class=\"ez-toc-section-end\"><\/span><\/h3>\n<ul style=\"font-size: 16px; background-color: #ffffff;\">\n<li style=\"font-size: 16px;\">Motor: fase cervical \u00e0 in\u00edcio do processo de sustenta\u00e7\u00e3o da cabe\u00e7a;<\/li>\n<li style=\"font-size: 16px;\">Adaptativo: estende a m\u00e3o na tentativa de alcan\u00e7ar objetos;<\/li>\n<\/ul>\n<h3 style=\"font-family: Poppins, sans-serif; color: #7a7a7a;\"><span class=\"ez-toc-section\" id=\"4_meses\"><\/span><strong>4 meses<\/strong><span class=\"ez-toc-section-end\"><\/span><\/h3>\n<ul style=\"font-size: 16px; background-color: #ffffff;\">\n<li style=\"font-size: 16px;\">Motor: m\u00e3os na linha m\u00e9dia. Senta-se com apoio segura objetos;<\/li>\n<li style=\"font-size: 16px;\">Social: ri em tons mais altos;<\/li>\n<li style=\"font-size: 16px;\">Adaptativo: segue objetos ultrapassando a linha m\u00e9dia;<\/li>\n<li style=\"font-size: 16px;\">Linguagem: gritos;<\/li>\n<\/ul>\n<p>\t\t\t\t\t\t\t\t\t\t\t\t\t\t\t<img loading=\"lazy\" decoding=\"async\" width=\"764\" height=\"1024\" src=\"https:\/\/www.grupomedcof.com.br\/blog\/wp-content\/uploads\/2023\/07\/Blog-MedCof-2023-07-31T112426.403-764x1024.png\" alt=\"Desenvolvimento da crian\u00e7a, fase da crianca, marcos do desenvolvimento, desenvolvimento fisico na infancia, desenvolvimento motor, desenvolvimento da crian\u00e7a de 2 anos, desenvolvimento da crianca, desenvolvimento cognitivo da crian\u00e7a\" srcset=\"https:\/\/www.grupomedcof.com.br\/blog\/wp-content\/uploads\/2023\/07\/Blog-MedCof-2023-07-31T112426.403-764x1024.png 764w, https:\/\/www.grupomedcof.com.br\/blog\/wp-content\/uploads\/2023\/07\/Blog-MedCof-2023-07-31T112426.403-224x300.png 224w, https:\/\/www.grupomedcof.com.br\/blog\/wp-content\/uploads\/2023\/07\/Blog-MedCof-2023-07-31T112426.403-768x1029.png 768w, https:\/\/www.grupomedcof.com.br\/blog\/wp-content\/uploads\/2023\/07\/Blog-MedCof-2023-07-31T112426.403-1146x1536.png 1146w, https:\/\/www.grupomedcof.com.br\/blog\/wp-content\/uploads\/2023\/07\/Blog-MedCof-2023-07-31T112426.403-1529x2048.png 1529w\" sizes=\"auto, (max-width: 764px) 100vw, 764px\" \/>\t\t\t\t\t\t\t\t\t\t\t\t\t\t\t<\/p>\n<h3><span class=\"ez-toc-section\" id=\"Desenvolvimento_da_crianca_6_a_7_meses\"><\/span><strong>Desenvolvimento da crian\u00e7a: 6 a 7 meses<\/strong><span class=\"ez-toc-section-end\"><\/span><\/h3>\n<ul style=\"font-size: 16px; background-color: #ffffff;\">\n<li style=\"font-size: 16px;\">Motor: rola; senta sem apoio por pouco tempo;<\/li>\n<li style=\"font-size: 16px;\">Adaptativo: transfere objetos entre as m\u00e3os;<\/li>\n<li style=\"font-size: 16px;\">Linguagem: poliss\u00edlabos vogais;<\/li>\n<\/ul>\n<h3 style=\"font-family: Poppins, sans-serif; color: #7a7a7a;\"><span class=\"ez-toc-section\" id=\"9_a_10_meses\"><\/span><strong>9 a 10 meses<\/strong><span class=\"ez-toc-section-end\"><\/span><\/h3>\n<ul style=\"font-size: 16px; background-color: #ffffff;\">\n<li style=\"font-size: 16px;\">Motor: engatinha;<\/li>\n<li style=\"font-size: 16px;\">Social: estranha pessoas que n\u00e3o s\u00e3o do seu conv\u00edvio; bate palmas, acena; procura objetos fora do seu campo visual;<\/li>\n<li style=\"font-size: 16px;\">Adaptativo: pin\u00e7a polegar-indicador;<\/li>\n<li style=\"font-size: 16px;\">Linguagem: balbucia; \u2018mama\u2019, \u2018papa\u2019;<\/li>\n<\/ul>\n<p>\t\t\t\t\t\t\t\t\t\t\t\t\t\t\t\t<a href=\"https:\/\/www.grupomedcof.com.br\/blog\/qbank-medcof\/\"><br \/>\n\t\t\t\t\t\t\t<img loading=\"lazy\" decoding=\"async\" width=\"800\" height=\"128\" src=\"https:\/\/www.grupomedcof.com.br\/blog\/wp-content\/uploads\/2023\/07\/Blog-MedCof-2023-07-06T091657.858-1024x164.png\" alt=\"medcof qbank, medcof aulas, grupo medcof, aulas medcof, qbank, banco de questoes medcof, medcof banco de questoes\" srcset=\"https:\/\/www.grupomedcof.com.br\/blog\/wp-content\/uploads\/2023\/07\/Blog-MedCof-2023-07-06T091657.858-1024x164.png 1024w, https:\/\/www.grupomedcof.com.br\/blog\/wp-content\/uploads\/2023\/07\/Blog-MedCof-2023-07-06T091657.858-300x48.png 300w, https:\/\/www.grupomedcof.com.br\/blog\/wp-content\/uploads\/2023\/07\/Blog-MedCof-2023-07-06T091657.858-768x123.png 768w, https:\/\/www.grupomedcof.com.br\/blog\/wp-content\/uploads\/2023\/07\/Blog-MedCof-2023-07-06T091657.858-1536x246.png 1536w, https:\/\/www.grupomedcof.com.br\/blog\/wp-content\/uploads\/2023\/07\/Blog-MedCof-2023-07-06T091657.858-2048x327.png 2048w\" sizes=\"auto, (max-width: 800px) 100vw, 800px\" \/>\t\t\t\t\t\t\t\t<\/a><br \/>\n\t\t\t\t\t\t\t\t\t\t\t\t\t\t\t<img loading=\"lazy\" decoding=\"async\" width=\"782\" height=\"1024\" src=\"https:\/\/www.grupomedcof.com.br\/blog\/wp-content\/uploads\/2023\/07\/Blog-MedCof-2023-07-31T112756.337-782x1024.png\" alt=\"Desenvolvimento da crian\u00e7a, fase da crianca, marcos do desenvolvimento, desenvolvimento fisico na infancia, desenvolvimento motor, desenvolvimento da crian\u00e7a de 2 anos, desenvolvimento da crianca, desenvolvimento cognitivo da crian\u00e7a\" srcset=\"https:\/\/www.grupomedcof.com.br\/blog\/wp-content\/uploads\/2023\/07\/Blog-MedCof-2023-07-31T112756.337-782x1024.png 782w, https:\/\/www.grupomedcof.com.br\/blog\/wp-content\/uploads\/2023\/07\/Blog-MedCof-2023-07-31T112756.337-229x300.png 229w, https:\/\/www.grupomedcof.com.br\/blog\/wp-content\/uploads\/2023\/07\/Blog-MedCof-2023-07-31T112756.337-768x1005.png 768w, https:\/\/www.grupomedcof.com.br\/blog\/wp-content\/uploads\/2023\/07\/Blog-MedCof-2023-07-31T112756.337-1174x1536.png 1174w, https:\/\/www.grupomedcof.com.br\/blog\/wp-content\/uploads\/2023\/07\/Blog-MedCof-2023-07-31T112756.337-1565x2048.png 1565w\" sizes=\"auto, (max-width: 782px) 100vw, 782px\" \/>\t\t\t\t\t\t\t\t\t\t\t\t\t\t\t<\/p>\n<h3 style=\"font-family: Poppins, sans-serif; color: #7a7a7a;\"><span class=\"ez-toc-section\" id=\"12_meses_Desenvolvimento_da_crianca_de_1_ano\"><\/span><strong>12 meses: Desenvolvimento da crian\u00e7a de 1 ano<\/strong><span class=\"ez-toc-section-end\"><\/span><\/h3>\n<ul style=\"font-size: 16px; background-color: #ffffff;\">\n<li style=\"font-size: 16px;\">Motor: levanta-se sozinho; anda com apoio;<\/li>\n<li style=\"font-size: 16px;\">Adaptativo: segura copo ou mamadeira;<\/li>\n<li style=\"font-size: 16px;\">Linguagem: fala algumas palavras;<\/li>\n<\/ul>\n<p>\u00a0<\/p>\n<h3 style=\"font-family: Poppins, sans-serif; color: #7a7a7a;\"><span class=\"ez-toc-section\" id=\"18_meses\"><\/span><strong>18 meses<\/strong><span class=\"ez-toc-section-end\"><\/span><\/h3>\n<ul style=\"font-size: 16px; background-color: #ffffff;\">\n<li style=\"font-size: 16px;\">Motor: corre e sobe escadas;<\/li>\n<li style=\"font-size: 16px;\">Linguagem: Fala 10 palavras (em m\u00e9dia);<\/li>\n<li style=\"font-size: 16px;\">Torre com 2 cubos;<\/li>\n<\/ul>\n<h3 style=\"font-family: Poppins, sans-serif; color: #7a7a7a;\"><span class=\"ez-toc-section\" id=\"24_meses_Desenvolvimento_da_crianca_de_2_anos\"><\/span><strong>24 meses: Desenvolvimento da crian\u00e7a de 2 anos<\/strong><span class=\"ez-toc-section-end\"><\/span><\/h3>\n<ul style=\"font-size: 16px; background-color: #ffffff;\">\n<li style=\"font-size: 16px;\">Motor: Sobe escadas alternando os p\u00e9s;<\/li>\n<li style=\"font-size: 16px;\">Social: Tenta impor a sua vontade;<\/li>\n<li style=\"font-size: 16px;\">Consegue retirar uma pe\u00e7a de roupa;<\/li>\n<li style=\"font-size: 16px;\">Linguagem: Formula frases simples;<\/li>\n<\/ul>\n<p>\t\t\t\t\t\t\t\t\t\t\t\t\t\t\t<img loading=\"lazy\" decoding=\"async\" width=\"800\" height=\"220\" src=\"https:\/\/www.grupomedcof.com.br\/blog\/wp-content\/uploads\/2023\/07\/Blog-MedCof-2023-07-31T113629.541-1024x281.png\" alt=\"Desenvolvimento da crian\u00e7a, fase da crianca, marcos do desenvolvimento, desenvolvimento fisico na infancia, desenvolvimento motor, desenvolvimento da crian\u00e7a de 2 anos, desenvolvimento da crianca, desenvolvimento cognitivo da crian\u00e7a\" srcset=\"https:\/\/www.grupomedcof.com.br\/blog\/wp-content\/uploads\/2023\/07\/Blog-MedCof-2023-07-31T113629.541-1024x281.png 1024w, https:\/\/www.grupomedcof.com.br\/blog\/wp-content\/uploads\/2023\/07\/Blog-MedCof-2023-07-31T113629.541-300x82.png 300w, https:\/\/www.grupomedcof.com.br\/blog\/wp-content\/uploads\/2023\/07\/Blog-MedCof-2023-07-31T113629.541-768x211.png 768w, https:\/\/www.grupomedcof.com.br\/blog\/wp-content\/uploads\/2023\/07\/Blog-MedCof-2023-07-31T113629.541-1536x421.png 1536w, https:\/\/www.grupomedcof.com.br\/blog\/wp-content\/uploads\/2023\/07\/Blog-MedCof-2023-07-31T113629.541-2048x561.png 2048w\" sizes=\"auto, (max-width: 800px) 100vw, 800px\" \/><br \/>\n\t\t\t\t\t\t\t\t\t\t\t\t\t\t\t<img loading=\"lazy\" decoding=\"async\" width=\"800\" height=\"450\" src=\"https:\/\/www.grupomedcof.com.br\/blog\/wp-content\/uploads\/2023\/07\/Blog-MedCof-2023-07-31T114023.706-1024x576.png\" alt=\"Desenvolvimento da crian\u00e7a, fase da crianca, marcos do desenvolvimento, desenvolvimento fisico na infancia, desenvolvimento motor, desenvolvimento da crian\u00e7a de 2 anos, desenvolvimento da crianca, desenvolvimento cognitivo da crian\u00e7a\" srcset=\"https:\/\/www.grupomedcof.com.br\/blog\/wp-content\/uploads\/2023\/07\/Blog-MedCof-2023-07-31T114023.706-1024x576.png 1024w, https:\/\/www.grupomedcof.com.br\/blog\/wp-content\/uploads\/2023\/07\/Blog-MedCof-2023-07-31T114023.706-300x169.png 300w, https:\/\/www.grupomedcof.com.br\/blog\/wp-content\/uploads\/2023\/07\/Blog-MedCof-2023-07-31T114023.706-768x432.png 768w, https:\/\/www.grupomedcof.com.br\/blog\/wp-content\/uploads\/2023\/07\/Blog-MedCof-2023-07-31T114023.706-1536x864.png 1536w, https:\/\/www.grupomedcof.com.br\/blog\/wp-content\/uploads\/2023\/07\/Blog-MedCof-2023-07-31T114023.706-2048x1152.png 2048w\" sizes=\"auto, (max-width: 800px) 100vw, 800px\" \/>\t\t\t\t\t\t\t\t\t\t\t\t\t\t\t<\/p>\n<p>E agora, ficou mais f\u00e1cil falar sobre desenvolvimento infantil? ent\u00e3o continue acompanhando o nosso blog e veja mais temas que podem te preparar para as provas de resid\u00eancia m\u00e9dica.<\/p>\n<h2 style=\"font-family: Poppins, sans-serif; color: rgb(122, 122, 122);\"><span class=\"ez-toc-section\" id=\"Conquiste_a_aprovacao\"><\/span>Conquiste a aprova\u00e7\u00e3o!<span class=\"ez-toc-section-end\"><\/span><\/h2>\n<p>As provas de resid\u00eancia est\u00e3o cada vez mais perto! Se voc\u00ea quer<a href=\"https:\/\/www.grupomedcof.com.br\/blog\/presenca-da-medcof-nas-aprovacoes-em-residencia-medica-no-brasil\/\" target=\"_blank\" rel=\"noopener\">&nbsp;ser mais&nbsp;um aprovado&nbsp;<\/a>nas melhores resid\u00eancias m\u00e9dicas do pa\u00eds, ent\u00e3o conhe\u00e7a o<a href=\"https:\/\/www.grupomedcof.com.br\/\" target=\"_blank\" rel=\"noopener\">&nbsp;Grupo&nbsp;MedCof<\/a>! Temos um cat\u00e1logo repleto de cursos que te guiar\u00e3o na jornada para as provas de Resid\u00eancia M\u00e9dica que ocorrer\u00e3o em 2023!<br \/>\n\t\t\t\t\t\t\t\t\t\t\t\t\t\t\t\t<a href=\"https:\/\/www.grupomedcof.com.br\/blog\/hiit-medcof-o-curso-intensivo-para-residencia-medica\/\" target=\"_blank\" rel=\"noopener\"><br \/>\n\t\t\t\t\t\t\t<img loading=\"lazy\" decoding=\"async\" width=\"800\" height=\"213\" src=\"https:\/\/www.grupomedcof.com.br\/blog\/wp-content\/uploads\/2023\/07\/Blog-MedCof-2023-07-12T140023.403-1024x273.png\" alt=\"medcof residencia medica, curso Intensivo para Resid\u00eancia M\u00e9dica, curso para resid\u00eancia m\u00e9dica, medcof hiit, aulas medcof,\" srcset=\"https:\/\/www.grupomedcof.com.br\/blog\/wp-content\/uploads\/2023\/07\/Blog-MedCof-2023-07-12T140023.403-1024x273.png 1024w, https:\/\/www.grupomedcof.com.br\/blog\/wp-content\/uploads\/2023\/07\/Blog-MedCof-2023-07-12T140023.403-300x80.png 300w, https:\/\/www.grupomedcof.com.br\/blog\/wp-content\/uploads\/2023\/07\/Blog-MedCof-2023-07-12T140023.403-768x205.png 768w, https:\/\/www.grupomedcof.com.br\/blog\/wp-content\/uploads\/2023\/07\/Blog-MedCof-2023-07-12T140023.403-1536x410.png 1536w, https:\/\/www.grupomedcof.com.br\/blog\/wp-content\/uploads\/2023\/07\/Blog-MedCof-2023-07-12T140023.403-2048x546.png 2048w\" sizes=\"auto, (max-width: 800px) 100vw, 800px\" \/>\t\t\t\t\t\t\t\t<\/a><\/p>\n<h2><span class=\"ez-toc-section\" id=\"HIIT_MedCof\"><\/span><strong>HIIT MedCof<\/strong><span class=\"ez-toc-section-end\"><\/span><\/h2>\n<p>Mas, se voc\u00ea \u00e9 novo por aqui, que tal conferir a\u00a0<strong><a href=\"https:\/\/www.grupomedcof.com.br\/blog\/semana-hiit-como-se-preparar-para-a-residencia-medica\/\" target=\"_blank\" rel=\"noopener\">Semana HIIT<\/a><\/strong>? Este foi um evento 100% gratuito e online que te permitir\u00e1 conhecer um pouco do nosso m\u00e9todo de ensino que te passa todo conte\u00fado cobrado nas provas em apenas 12 semanas!<\/p>\n<p>\u00a0Todas as aulas j\u00e1 est\u00e3o dispon\u00edveis no nosso canal do Youtube, assim voc\u00ea poder\u00e1 conhecer um pouco do que o nosso\u00a0<strong><a href=\"https:\/\/www.grupomedcof.com.br\/blog\/hiit-medcof-o-curso-intensivo-para-residencia-medica\/\" target=\"_blank\" rel=\"noopener\">curso intensivo<\/a><\/strong>\u00a0para resid\u00eancia m\u00e9dica pode te oferecer. Veja o que alguns dos nossos aprovados t\u00eam a dizer sobre a experi\u00eancia deles com o Grupo MedCof.<\/p>\n","protected":false},"excerpt":{"rendered":"<p>Desenvolvimento infantil: Voc\u00ea sabe fazer a avalia\u00e7\u00e3o do desenvolvimento de uma crian\u00e7a na consulta de puericultura? E o que voc\u00ea sabe sobre os marcos do desenvolvimento de cada faixa et\u00e1ria? Se n\u00e3o sabe responder muito bem, ent\u00e3o leia este post at\u00e9 o fim, nele vamos te apresentar as principais informa\u00e7\u00f5es sobre esse tema<\/p>\n","protected":false},"author":10,"featured_media":9642,"comment_status":"open","ping_status":"open","sticky":false,"template":"","format":"standard","meta":{"footnotes":""},"categories":[120],"tags":[109,117,108],"ppma_author":[3613],"class_list":{"0":"post-9561","1":"post","2":"type-post","3":"status-publish","4":"format-standard","5":"has-post-thumbnail","7":"category-pediatria","8":"tag-pediatria","9":"tag-provas-de-residencia","10":"tag-residencia-em-pediatria"},"yoast_head":"<!-- This site is optimized with the Yoast SEO Premium plugin v24.3 (Yoast SEO v27.4) - https:\/\/yoast.com\/product\/yoast-seo-premium-wordpress\/ -->\n<title>Avalia\u00e7\u00e3o do Desenvolvimento Infantil: Como Fazer | Medcof<\/title>\n<meta name=\"description\" content=\"Avalia\u00e7\u00e3o do desenvolvimento da infantil Os primeiros anos de vida s\u00e3o cr\u00edticos para o neurodesenvolvimento da crian\u00e7a, estabelecendo...\" \/>\n<meta name=\"robots\" content=\"index, follow, max-snippet:-1, max-image-preview:large, max-video-preview:-1\" \/>\n<link rel=\"canonical\" href=\"https:\/\/www.grupomedcof.com.br\/blog\/voce-sabe-fazer-a-avaliacao-do-desenvolvimento-da-crianca\/\" \/>\n<meta property=\"og:locale\" content=\"pt_BR\" \/>\n<meta property=\"og:type\" content=\"article\" \/>\n<meta property=\"og:title\" content=\"Voc\u00ea sabe fazer a avalia\u00e7\u00e3o do desenvolvimento da crian\u00e7a?\" \/>\n<meta property=\"og:description\" content=\"Avalia\u00e7\u00e3o do desenvolvimento da infantil Os primeiros anos de vida s\u00e3o cr\u00edticos para o neurodesenvolvimento da crian\u00e7a, estabelecendo...\" \/>\n<meta property=\"og:url\" content=\"https:\/\/www.grupomedcof.com.br\/blog\/voce-sabe-fazer-a-avaliacao-do-desenvolvimento-da-crianca\/\" \/>\n<meta property=\"og:site_name\" content=\"Blog de Medcof: conte\u00fados, editais, revalida e mais!\" \/>\n<meta property=\"article:publisher\" content=\"https:\/\/www.facebook.com\/MedCofQbank\/\" \/>\n<meta property=\"article:published_time\" content=\"2023-07-31T14:53:06+00:00\" \/>\n<meta property=\"article:modified_time\" content=\"2026-04-24T20:30:01+00:00\" \/>\n<meta property=\"og:image\" content=\"https:\/\/www.grupomedcof.com.br\/blog\/wp-content\/uploads\/2023\/07\/Blog-MedCof-2023-07-31T104901.377-1024x576.png\" \/>\n\t<meta property=\"og:image:width\" content=\"1024\" \/>\n\t<meta property=\"og:image:height\" content=\"576\" \/>\n\t<meta property=\"og:image:type\" content=\"image\/png\" \/>\n<meta name=\"author\" content=\"Grupo MedCof\" \/>\n<meta name=\"twitter:card\" content=\"summary_large_image\" \/>\n<meta name=\"twitter:label1\" content=\"Escrito por\" \/>\n\t<meta name=\"twitter:data1\" content=\"Grupo MedCof\" \/>\n\t<meta name=\"twitter:label2\" content=\"Est. tempo de leitura\" \/>\n\t<meta name=\"twitter:data2\" content=\"6 minutos\" \/>\n<script type=\"application\/ld+json\" class=\"yoast-schema-graph\">{\"@context\":\"https:\\\/\\\/schema.org\",\"@graph\":[{\"@type\":\"Article\",\"@id\":\"https:\\\/\\\/www.grupomedcof.com.br\\\/blog\\\/voce-sabe-fazer-a-avaliacao-do-desenvolvimento-da-crianca\\\/#article\",\"isPartOf\":{\"@id\":\"https:\\\/\\\/www.grupomedcof.com.br\\\/blog\\\/voce-sabe-fazer-a-avaliacao-do-desenvolvimento-da-crianca\\\/\"},\"author\":{\"name\":\"Grupo MedCof\",\"@id\":\"https:\\\/\\\/www.grupomedcof.com.br\\\/blog\\\/#\\\/schema\\\/person\\\/5e56a3921255c01181f3d8c20d53f9c0\"},\"headline\":\"Voc\u00ea sabe fazer a avalia\u00e7\u00e3o do desenvolvimento da crian\u00e7a?\",\"datePublished\":\"2023-07-31T14:53:06+00:00\",\"dateModified\":\"2026-04-24T20:30:01+00:00\",\"mainEntityOfPage\":{\"@id\":\"https:\\\/\\\/www.grupomedcof.com.br\\\/blog\\\/voce-sabe-fazer-a-avaliacao-do-desenvolvimento-da-crianca\\\/\"},\"wordCount\":730,\"commentCount\":0,\"publisher\":{\"@id\":\"https:\\\/\\\/www.grupomedcof.com.br\\\/blog\\\/#organization\"},\"image\":{\"@id\":\"https:\\\/\\\/www.grupomedcof.com.br\\\/blog\\\/voce-sabe-fazer-a-avaliacao-do-desenvolvimento-da-crianca\\\/#primaryimage\"},\"thumbnailUrl\":\"https:\\\/\\\/www.grupomedcof.com.br\\\/blog\\\/wp-content\\\/uploads\\\/2023\\\/07\\\/Blog-MedCof-2023-07-31T104901.377.png\",\"keywords\":[\"Pediatria\",\"Provas de Resid\u00eancia\",\"Resid\u00eancia em Pediatria\"],\"articleSection\":[\"Pediatria\"],\"inLanguage\":\"pt-BR\"},{\"@type\":\"WebPage\",\"@id\":\"https:\\\/\\\/www.grupomedcof.com.br\\\/blog\\\/voce-sabe-fazer-a-avaliacao-do-desenvolvimento-da-crianca\\\/\",\"url\":\"https:\\\/\\\/www.grupomedcof.com.br\\\/blog\\\/voce-sabe-fazer-a-avaliacao-do-desenvolvimento-da-crianca\\\/\",\"name\":\"Avalia\u00e7\u00e3o do Desenvolvimento Infantil: Como Fazer | Medcof\",\"isPartOf\":{\"@id\":\"https:\\\/\\\/www.grupomedcof.com.br\\\/blog\\\/#website\"},\"primaryImageOfPage\":{\"@id\":\"https:\\\/\\\/www.grupomedcof.com.br\\\/blog\\\/voce-sabe-fazer-a-avaliacao-do-desenvolvimento-da-crianca\\\/#primaryimage\"},\"image\":{\"@id\":\"https:\\\/\\\/www.grupomedcof.com.br\\\/blog\\\/voce-sabe-fazer-a-avaliacao-do-desenvolvimento-da-crianca\\\/#primaryimage\"},\"thumbnailUrl\":\"https:\\\/\\\/www.grupomedcof.com.br\\\/blog\\\/wp-content\\\/uploads\\\/2023\\\/07\\\/Blog-MedCof-2023-07-31T104901.377.png\",\"datePublished\":\"2023-07-31T14:53:06+00:00\",\"dateModified\":\"2026-04-24T20:30:01+00:00\",\"description\":\"Avalia\u00e7\u00e3o do desenvolvimento da infantil Os primeiros anos de vida s\u00e3o cr\u00edticos para o neurodesenvolvimento da crian\u00e7a, estabelecendo...\",\"breadcrumb\":{\"@id\":\"https:\\\/\\\/www.grupomedcof.com.br\\\/blog\\\/voce-sabe-fazer-a-avaliacao-do-desenvolvimento-da-crianca\\\/#breadcrumb\"},\"inLanguage\":\"pt-BR\",\"potentialAction\":[{\"@type\":\"ReadAction\",\"target\":[\"https:\\\/\\\/www.grupomedcof.com.br\\\/blog\\\/voce-sabe-fazer-a-avaliacao-do-desenvolvimento-da-crianca\\\/\"]}]},{\"@type\":\"ImageObject\",\"inLanguage\":\"pt-BR\",\"@id\":\"https:\\\/\\\/www.grupomedcof.com.br\\\/blog\\\/voce-sabe-fazer-a-avaliacao-do-desenvolvimento-da-crianca\\\/#primaryimage\",\"url\":\"https:\\\/\\\/www.grupomedcof.com.br\\\/blog\\\/wp-content\\\/uploads\\\/2023\\\/07\\\/Blog-MedCof-2023-07-31T104901.377.png\",\"contentUrl\":\"https:\\\/\\\/www.grupomedcof.com.br\\\/blog\\\/wp-content\\\/uploads\\\/2023\\\/07\\\/Blog-MedCof-2023-07-31T104901.377.png\",\"width\":2560,\"height\":1440,\"caption\":\"Avalia\u00e7\u00e3o do desenvolvimento da infantil Os primeiros anos de vida s\u00e3o cr\u00edticos para o neurodesenvolvimento da crian\u00e7a, estabelecendo...\"},{\"@type\":\"BreadcrumbList\",\"@id\":\"https:\\\/\\\/www.grupomedcof.com.br\\\/blog\\\/voce-sabe-fazer-a-avaliacao-do-desenvolvimento-da-crianca\\\/#breadcrumb\",\"itemListElement\":[{\"@type\":\"ListItem\",\"position\":1,\"name\":\"In\u00edcio\",\"item\":\"https:\\\/\\\/www.grupomedcof.com.br\\\/blog\\\/\"},{\"@type\":\"ListItem\",\"position\":2,\"name\":\"Voc\u00ea sabe fazer a avalia\u00e7\u00e3o do desenvolvimento da crian\u00e7a?\"}]},{\"@type\":\"WebSite\",\"@id\":\"https:\\\/\\\/www.grupomedcof.com.br\\\/blog\\\/#website\",\"url\":\"https:\\\/\\\/www.grupomedcof.com.br\\\/blog\\\/\",\"name\":\"Blog de Medcof: conte\u00fados, editais, revalida e mais!\",\"description\":\"Acesso o blog de MedCof! Seu portal de conte\u00fados sobre resid\u00eancia m\u00e9dica, an\u00e1lise e editais e muito mais. Clique e confira!\",\"publisher\":{\"@id\":\"https:\\\/\\\/www.grupomedcof.com.br\\\/blog\\\/#organization\"},\"alternateName\":\"Blog de Medcof: conte\u00fados, editais, revalida e mais!\",\"potentialAction\":[{\"@type\":\"SearchAction\",\"target\":{\"@type\":\"EntryPoint\",\"urlTemplate\":\"https:\\\/\\\/www.grupomedcof.com.br\\\/blog\\\/?s={search_term_string}\"},\"query-input\":{\"@type\":\"PropertyValueSpecification\",\"valueRequired\":true,\"valueName\":\"search_term_string\"}}],\"inLanguage\":\"pt-BR\"},{\"@type\":\"Organization\",\"@id\":\"https:\\\/\\\/www.grupomedcof.com.br\\\/blog\\\/#organization\",\"name\":\"Grupo MedCof\",\"url\":\"https:\\\/\\\/www.grupomedcof.com.br\\\/blog\\\/\",\"logo\":{\"@type\":\"ImageObject\",\"inLanguage\":\"pt-BR\",\"@id\":\"https:\\\/\\\/www.grupomedcof.com.br\\\/blog\\\/#\\\/schema\\\/logo\\\/image\\\/\",\"url\":\"https:\\\/\\\/www.grupomedcof.com.br\\\/blog\\\/wp-content\\\/uploads\\\/2022\\\/01\\\/logo-medcof.png\",\"contentUrl\":\"https:\\\/\\\/www.grupomedcof.com.br\\\/blog\\\/wp-content\\\/uploads\\\/2022\\\/01\\\/logo-medcof.png\",\"width\":768,\"height\":269,\"caption\":\"Grupo MedCof\"},\"image\":{\"@id\":\"https:\\\/\\\/www.grupomedcof.com.br\\\/blog\\\/#\\\/schema\\\/logo\\\/image\\\/\"},\"sameAs\":[\"https:\\\/\\\/www.facebook.com\\\/MedCofQbank\\\/\",\"https:\\\/\\\/www.instagram.com\\\/grupomedcof\\\/\",\"https:\\\/\\\/br.linkedin.com\\\/company\\\/medcof\",\"https:\\\/\\\/www.youtube.com\\\/channel\\\/UCdHMuOHKICxcHwecxN8P-AA\"]},{\"@type\":\"Person\",\"@id\":\"https:\\\/\\\/www.grupomedcof.com.br\\\/blog\\\/#\\\/schema\\\/person\\\/5e56a3921255c01181f3d8c20d53f9c0\",\"name\":\"Grupo MedCof\",\"image\":{\"@type\":\"ImageObject\",\"inLanguage\":\"pt-BR\",\"@id\":\"https:\\\/\\\/www.grupomedcof.com.br\\\/blog\\\/wp-content\\\/uploads\\\/2023\\\/04\\\/cropped-cropped-cropped-cropped-logo-96x96.png28585d174f19c23095510da5f63bc127\",\"url\":\"https:\\\/\\\/www.grupomedcof.com.br\\\/blog\\\/wp-content\\\/uploads\\\/2023\\\/04\\\/cropped-cropped-cropped-cropped-logo-96x96.png\",\"contentUrl\":\"https:\\\/\\\/www.grupomedcof.com.br\\\/blog\\\/wp-content\\\/uploads\\\/2023\\\/04\\\/cropped-cropped-cropped-cropped-logo-96x96.png\",\"caption\":\"Grupo MedCof\"},\"description\":\"Tendo aulas baseadas em quest\u00f5es, + de 115 subespecialistas dispon\u00edveis e uma metodologia \u00fanica, voc\u00ea pode se juntar ao nosso time que conta com mais de 10 mil ...\",\"url\":\"https:\\\/\\\/www.grupomedcof.com.br\\\/blog\\\/author\\\/grupo-medcof\\\/\"}]}<\/script>\n<!-- \/ Yoast SEO Premium plugin. -->","yoast_head_json":{"title":"Avalia\u00e7\u00e3o do Desenvolvimento Infantil: Como Fazer | Medcof","description":"Avalia\u00e7\u00e3o do desenvolvimento da infantil Os primeiros anos de vida s\u00e3o cr\u00edticos para o neurodesenvolvimento da crian\u00e7a, estabelecendo...","robots":{"index":"index","follow":"follow","max-snippet":"max-snippet:-1","max-image-preview":"max-image-preview:large","max-video-preview":"max-video-preview:-1"},"canonical":"https:\/\/www.grupomedcof.com.br\/blog\/voce-sabe-fazer-a-avaliacao-do-desenvolvimento-da-crianca\/","og_locale":"pt_BR","og_type":"article","og_title":"Voc\u00ea sabe fazer a avalia\u00e7\u00e3o do desenvolvimento da crian\u00e7a?","og_description":"Avalia\u00e7\u00e3o do desenvolvimento da infantil Os primeiros anos de vida s\u00e3o cr\u00edticos para o neurodesenvolvimento da crian\u00e7a, estabelecendo...","og_url":"https:\/\/www.grupomedcof.com.br\/blog\/voce-sabe-fazer-a-avaliacao-do-desenvolvimento-da-crianca\/","og_site_name":"Blog de Medcof: conte\u00fados, editais, revalida e mais!","article_publisher":"https:\/\/www.facebook.com\/MedCofQbank\/","article_published_time":"2023-07-31T14:53:06+00:00","article_modified_time":"2026-04-24T20:30:01+00:00","og_image":[{"width":1024,"height":576,"url":"https:\/\/www.grupomedcof.com.br\/blog\/wp-content\/uploads\/2023\/07\/Blog-MedCof-2023-07-31T104901.377-1024x576.png","type":"image\/png"}],"author":"Grupo MedCof","twitter_card":"summary_large_image","twitter_misc":{"Escrito por":"Grupo MedCof","Est. tempo de leitura":"6 minutos"},"schema":{"@context":"https:\/\/schema.org","@graph":[{"@type":"Article","@id":"https:\/\/www.grupomedcof.com.br\/blog\/voce-sabe-fazer-a-avaliacao-do-desenvolvimento-da-crianca\/#article","isPartOf":{"@id":"https:\/\/www.grupomedcof.com.br\/blog\/voce-sabe-fazer-a-avaliacao-do-desenvolvimento-da-crianca\/"},"author":{"name":"Grupo MedCof","@id":"https:\/\/www.grupomedcof.com.br\/blog\/#\/schema\/person\/5e56a3921255c01181f3d8c20d53f9c0"},"headline":"Voc\u00ea sabe fazer a avalia\u00e7\u00e3o do desenvolvimento da crian\u00e7a?","datePublished":"2023-07-31T14:53:06+00:00","dateModified":"2026-04-24T20:30:01+00:00","mainEntityOfPage":{"@id":"https:\/\/www.grupomedcof.com.br\/blog\/voce-sabe-fazer-a-avaliacao-do-desenvolvimento-da-crianca\/"},"wordCount":730,"commentCount":0,"publisher":{"@id":"https:\/\/www.grupomedcof.com.br\/blog\/#organization"},"image":{"@id":"https:\/\/www.grupomedcof.com.br\/blog\/voce-sabe-fazer-a-avaliacao-do-desenvolvimento-da-crianca\/#primaryimage"},"thumbnailUrl":"https:\/\/www.grupomedcof.com.br\/blog\/wp-content\/uploads\/2023\/07\/Blog-MedCof-2023-07-31T104901.377.png","keywords":["Pediatria","Provas de Resid\u00eancia","Resid\u00eancia em Pediatria"],"articleSection":["Pediatria"],"inLanguage":"pt-BR"},{"@type":"WebPage","@id":"https:\/\/www.grupomedcof.com.br\/blog\/voce-sabe-fazer-a-avaliacao-do-desenvolvimento-da-crianca\/","url":"https:\/\/www.grupomedcof.com.br\/blog\/voce-sabe-fazer-a-avaliacao-do-desenvolvimento-da-crianca\/","name":"Avalia\u00e7\u00e3o do Desenvolvimento Infantil: Como Fazer | Medcof","isPartOf":{"@id":"https:\/\/www.grupomedcof.com.br\/blog\/#website"},"primaryImageOfPage":{"@id":"https:\/\/www.grupomedcof.com.br\/blog\/voce-sabe-fazer-a-avaliacao-do-desenvolvimento-da-crianca\/#primaryimage"},"image":{"@id":"https:\/\/www.grupomedcof.com.br\/blog\/voce-sabe-fazer-a-avaliacao-do-desenvolvimento-da-crianca\/#primaryimage"},"thumbnailUrl":"https:\/\/www.grupomedcof.com.br\/blog\/wp-content\/uploads\/2023\/07\/Blog-MedCof-2023-07-31T104901.377.png","datePublished":"2023-07-31T14:53:06+00:00","dateModified":"2026-04-24T20:30:01+00:00","description":"Avalia\u00e7\u00e3o do desenvolvimento da infantil Os primeiros anos de vida s\u00e3o cr\u00edticos para o neurodesenvolvimento da crian\u00e7a, estabelecendo...","breadcrumb":{"@id":"https:\/\/www.grupomedcof.com.br\/blog\/voce-sabe-fazer-a-avaliacao-do-desenvolvimento-da-crianca\/#breadcrumb"},"inLanguage":"pt-BR","potentialAction":[{"@type":"ReadAction","target":["https:\/\/www.grupomedcof.com.br\/blog\/voce-sabe-fazer-a-avaliacao-do-desenvolvimento-da-crianca\/"]}]},{"@type":"ImageObject","inLanguage":"pt-BR","@id":"https:\/\/www.grupomedcof.com.br\/blog\/voce-sabe-fazer-a-avaliacao-do-desenvolvimento-da-crianca\/#primaryimage","url":"https:\/\/www.grupomedcof.com.br\/blog\/wp-content\/uploads\/2023\/07\/Blog-MedCof-2023-07-31T104901.377.png","contentUrl":"https:\/\/www.grupomedcof.com.br\/blog\/wp-content\/uploads\/2023\/07\/Blog-MedCof-2023-07-31T104901.377.png","width":2560,"height":1440,"caption":"Avalia\u00e7\u00e3o do desenvolvimento da infantil Os primeiros anos de vida s\u00e3o cr\u00edticos para o neurodesenvolvimento da crian\u00e7a, estabelecendo..."},{"@type":"BreadcrumbList","@id":"https:\/\/www.grupomedcof.com.br\/blog\/voce-sabe-fazer-a-avaliacao-do-desenvolvimento-da-crianca\/#breadcrumb","itemListElement":[{"@type":"ListItem","position":1,"name":"In\u00edcio","item":"https:\/\/www.grupomedcof.com.br\/blog\/"},{"@type":"ListItem","position":2,"name":"Voc\u00ea sabe fazer a avalia\u00e7\u00e3o do desenvolvimento da crian\u00e7a?"}]},{"@type":"WebSite","@id":"https:\/\/www.grupomedcof.com.br\/blog\/#website","url":"https:\/\/www.grupomedcof.com.br\/blog\/","name":"Blog de Medcof: conte\u00fados, editais, revalida e mais!","description":"Acesso o blog de MedCof! Seu portal de conte\u00fados sobre resid\u00eancia m\u00e9dica, an\u00e1lise e editais e muito mais. Clique e confira!","publisher":{"@id":"https:\/\/www.grupomedcof.com.br\/blog\/#organization"},"alternateName":"Blog de Medcof: conte\u00fados, editais, revalida e mais!","potentialAction":[{"@type":"SearchAction","target":{"@type":"EntryPoint","urlTemplate":"https:\/\/www.grupomedcof.com.br\/blog\/?s={search_term_string}"},"query-input":{"@type":"PropertyValueSpecification","valueRequired":true,"valueName":"search_term_string"}}],"inLanguage":"pt-BR"},{"@type":"Organization","@id":"https:\/\/www.grupomedcof.com.br\/blog\/#organization","name":"Grupo MedCof","url":"https:\/\/www.grupomedcof.com.br\/blog\/","logo":{"@type":"ImageObject","inLanguage":"pt-BR","@id":"https:\/\/www.grupomedcof.com.br\/blog\/#\/schema\/logo\/image\/","url":"https:\/\/www.grupomedcof.com.br\/blog\/wp-content\/uploads\/2022\/01\/logo-medcof.png","contentUrl":"https:\/\/www.grupomedcof.com.br\/blog\/wp-content\/uploads\/2022\/01\/logo-medcof.png","width":768,"height":269,"caption":"Grupo MedCof"},"image":{"@id":"https:\/\/www.grupomedcof.com.br\/blog\/#\/schema\/logo\/image\/"},"sameAs":["https:\/\/www.facebook.com\/MedCofQbank\/","https:\/\/www.instagram.com\/grupomedcof\/","https:\/\/br.linkedin.com\/company\/medcof","https:\/\/www.youtube.com\/channel\/UCdHMuOHKICxcHwecxN8P-AA"]},{"@type":"Person","@id":"https:\/\/www.grupomedcof.com.br\/blog\/#\/schema\/person\/5e56a3921255c01181f3d8c20d53f9c0","name":"Grupo MedCof","image":{"@type":"ImageObject","inLanguage":"pt-BR","@id":"https:\/\/www.grupomedcof.com.br\/blog\/wp-content\/uploads\/2023\/04\/cropped-cropped-cropped-cropped-logo-96x96.png28585d174f19c23095510da5f63bc127","url":"https:\/\/www.grupomedcof.com.br\/blog\/wp-content\/uploads\/2023\/04\/cropped-cropped-cropped-cropped-logo-96x96.png","contentUrl":"https:\/\/www.grupomedcof.com.br\/blog\/wp-content\/uploads\/2023\/04\/cropped-cropped-cropped-cropped-logo-96x96.png","caption":"Grupo MedCof"},"description":"Tendo aulas baseadas em quest\u00f5es, + de 115 subespecialistas dispon\u00edveis e uma metodologia \u00fanica, voc\u00ea pode se juntar ao nosso time que conta com mais de 10 mil ...","url":"https:\/\/www.grupomedcof.com.br\/blog\/author\/grupo-medcof\/"}]}},"authors":[{"term_id":3613,"user_id":10,"is_guest":0,"slug":"grupo-medcof","display_name":"Grupo MedCof","avatar_url":"https:\/\/www.grupomedcof.com.br\/blog\/wp-content\/uploads\/2023\/04\/cropped-cropped-cropped-cropped-logo-96x96.png","0":null,"1":"","2":"","3":"","4":"","5":"","6":"","7":"","8":""}],"_links":{"self":[{"href":"https:\/\/www.grupomedcof.com.br\/blog\/wp-json\/wp\/v2\/posts\/9561","targetHints":{"allow":["GET"]}}],"collection":[{"href":"https:\/\/www.grupomedcof.com.br\/blog\/wp-json\/wp\/v2\/posts"}],"about":[{"href":"https:\/\/www.grupomedcof.com.br\/blog\/wp-json\/wp\/v2\/types\/post"}],"author":[{"embeddable":true,"href":"https:\/\/www.grupomedcof.com.br\/blog\/wp-json\/wp\/v2\/users\/10"}],"replies":[{"embeddable":true,"href":"https:\/\/www.grupomedcof.com.br\/blog\/wp-json\/wp\/v2\/comments?post=9561"}],"version-history":[{"count":1,"href":"https:\/\/www.grupomedcof.com.br\/blog\/wp-json\/wp\/v2\/posts\/9561\/revisions"}],"predecessor-version":[{"id":43507,"href":"https:\/\/www.grupomedcof.com.br\/blog\/wp-json\/wp\/v2\/posts\/9561\/revisions\/43507"}],"wp:featuredmedia":[{"embeddable":true,"href":"https:\/\/www.grupomedcof.com.br\/blog\/wp-json\/wp\/v2\/media\/9642"}],"wp:attachment":[{"href":"https:\/\/www.grupomedcof.com.br\/blog\/wp-json\/wp\/v2\/media?parent=9561"}],"wp:term":[{"taxonomy":"category","embeddable":true,"href":"https:\/\/www.grupomedcof.com.br\/blog\/wp-json\/wp\/v2\/categories?post=9561"},{"taxonomy":"post_tag","embeddable":true,"href":"https:\/\/www.grupomedcof.com.br\/blog\/wp-json\/wp\/v2\/tags?post=9561"},{"taxonomy":"author","embeddable":true,"href":"https:\/\/www.grupomedcof.com.br\/blog\/wp-json\/wp\/v2\/ppma_author?post=9561"}],"curies":[{"name":"wp","href":"https:\/\/api.w.org\/{rel}","templated":true}]}}