{"id":9563,"date":"2023-07-27T13:39:36","date_gmt":"2023-07-27T16:39:36","guid":{"rendered":"https:\/\/www.grupomedcof.com.br\/blog\/?p=9563"},"modified":"2023-07-27T13:39:36","modified_gmt":"2023-07-27T16:39:36","slug":"conscientizacao-do-cancer-de-cabeca-e-pescoco","status":"publish","type":"post","link":"https:\/\/www.grupomedcof.com.br\/blog\/conscientizacao-do-cancer-de-cabeca-e-pescoco\/","title":{"rendered":"Conscientiza\u00e7\u00e3o do C\u00e2ncer de Cabe\u00e7a e Pesco\u00e7o"},"content":{"rendered":"<div id=\"ez-toc-container\" class=\"ez-toc-v2_0_74 counter-hierarchy ez-toc-counter ez-toc-transparent ez-toc-container-direction\">\n<div class=\"ez-toc-title-container\">\n<p class=\"ez-toc-title\" style=\"cursor:inherit\">Sum\u00e1rio<\/p>\n<span class=\"ez-toc-title-toggle\"><a href=\"#\" class=\"ez-toc-pull-right ez-toc-btn ez-toc-btn-xs ez-toc-btn-default ez-toc-toggle\" aria-label=\"Alternar tabela de conte\u00fado\"><span class=\"ez-toc-js-icon-con\"><span class=\"\"><span class=\"eztoc-hide\" style=\"display:none;\">Toggle<\/span><span class=\"ez-toc-icon-toggle-span\"><svg style=\"fill: #999;color:#999\" xmlns=\"http:\/\/www.w3.org\/2000\/svg\" class=\"list-377408\" width=\"20px\" height=\"20px\" viewBox=\"0 0 24 24\" fill=\"none\"><path d=\"M6 6H4v2h2V6zm14 0H8v2h12V6zM4 11h2v2H4v-2zm16 0H8v2h12v-2zM4 16h2v2H4v-2zm16 0H8v2h12v-2z\" fill=\"currentColor\"><\/path><\/svg><svg style=\"fill: #999;color:#999\" class=\"arrow-unsorted-368013\" xmlns=\"http:\/\/www.w3.org\/2000\/svg\" width=\"10px\" height=\"10px\" viewBox=\"0 0 24 24\" version=\"1.2\" baseProfile=\"tiny\"><path d=\"M18.2 9.3l-6.2-6.3-6.2 6.3c-.2.2-.3.4-.3.7s.1.5.3.7c.2.2.4.3.7.3h11c.3 0 .5-.1.7-.3.2-.2.3-.5.3-.7s-.1-.5-.3-.7zM5.8 14.7l6.2 6.3 6.2-6.3c.2-.2.3-.5.3-.7s-.1-.5-.3-.7c-.2-.2-.4-.3-.7-.3h-11c-.3 0-.5.1-.7.3-.2.2-.3.5-.3.7s.1.5.3.7z\"\/><\/svg><\/span><\/span><\/span><\/a><\/span><\/div>\n<nav><ul class='ez-toc-list ez-toc-list-level-1 ' ><li class='ez-toc-page-1 ez-toc-heading-level-2'><a class=\"ez-toc-link ez-toc-heading-1\" href=\"https:\/\/www.grupomedcof.com.br\/blog\/conscientizacao-do-cancer-de-cabeca-e-pescoco\/#Leia_abaixo\" >Leia abaixo<\/a><\/li><li class='ez-toc-page-1 ez-toc-heading-level-2'><a class=\"ez-toc-link ez-toc-heading-2\" href=\"https:\/\/www.grupomedcof.com.br\/blog\/conscientizacao-do-cancer-de-cabeca-e-pescoco\/#Cancer_de_Cabeca_e_Pescoco\" >C\u00e2ncer de Cabe\u00e7a e Pesco\u00e7o<\/a><\/li><li class='ez-toc-page-1 ez-toc-heading-level-2'><a class=\"ez-toc-link ez-toc-heading-3\" href=\"https:\/\/www.grupomedcof.com.br\/blog\/conscientizacao-do-cancer-de-cabeca-e-pescoco\/#Cancer_de_Cabeca_e_Pescoco_Fatores_de_Risco\" >C\u00e2ncer de Cabe\u00e7a e Pesco\u00e7o: Fatores de Risco<\/a><\/li><li class='ez-toc-page-1 ez-toc-heading-level-2'><a class=\"ez-toc-link ez-toc-heading-4\" href=\"https:\/\/www.grupomedcof.com.br\/blog\/conscientizacao-do-cancer-de-cabeca-e-pescoco\/#Sinais_e_sintomas\" >Sinais e sintomas<\/a><\/li><li class='ez-toc-page-1 ez-toc-heading-level-2'><a class=\"ez-toc-link ez-toc-heading-5\" href=\"https:\/\/www.grupomedcof.com.br\/blog\/conscientizacao-do-cancer-de-cabeca-e-pescoco\/#Prevencao_do_Cancer_de_Cabeca_e_Pescoco\" >Preven\u00e7\u00e3o do C\u00e2ncer de Cabe\u00e7a e Pesco\u00e7o<\/a><\/li><li class='ez-toc-page-1 ez-toc-heading-level-2'><a class=\"ez-toc-link ez-toc-heading-6\" href=\"https:\/\/www.grupomedcof.com.br\/blog\/conscientizacao-do-cancer-de-cabeca-e-pescoco\/#Diagnostico_do_Cancer_de_Cabeca_e_Pescoco\" >Diagn\u00f3stico do C\u00e2ncer de Cabe\u00e7a e Pesco\u00e7o<\/a><\/li><li class='ez-toc-page-1 ez-toc-heading-level-2'><a class=\"ez-toc-link ez-toc-heading-7\" href=\"https:\/\/www.grupomedcof.com.br\/blog\/conscientizacao-do-cancer-de-cabeca-e-pescoco\/#Tratamento\" >Tratamento<\/a><\/li><li class='ez-toc-page-1 ez-toc-heading-level-2'><a class=\"ez-toc-link ez-toc-heading-8\" href=\"https:\/\/www.grupomedcof.com.br\/blog\/conscientizacao-do-cancer-de-cabeca-e-pescoco\/#Conscientizacao_do_Cancer_de_Cabeca_e_Pescoco\" >Conscientiza\u00e7\u00e3o do C\u00e2ncer de Cabe\u00e7a e Pesco\u00e7o<\/a><\/li><li class='ez-toc-page-1 ez-toc-heading-level-2'><a class=\"ez-toc-link ez-toc-heading-9\" href=\"https:\/\/www.grupomedcof.com.br\/blog\/conscientizacao-do-cancer-de-cabeca-e-pescoco\/#Conquiste_a_aprovacao\" >Conquiste a aprova\u00e7\u00e3o!<\/a><\/li><\/ul><\/nav><\/div>\n<p><img loading=\"lazy\" decoding=\"async\" width=\"800\" height=\"450\" src=\"https:\/\/www.grupomedcof.com.br\/blog\/wp-content\/uploads\/2023\/07\/Blog-MedCof-2023-07-27T123534.557-1024x576.png\" alt=\"cancer pesco\u00e7o e cabe\u00e7a, conscientiza\u00e7ao cancer cabe\u00e7a e pesco\u00e7o, conscientiza\u00e7\u00e3o do C\u00e2ncer, cancer de cabe\u00e7a e pesco\u00e7o sintomas, cancer de cabe\u00e7a e pesco\u00e7o de Cabe\u00e7a e Pesco\u00e7o, julho verde promove conscientiza\u00e7\u00e3o de c\u00e2ncer de cabe\u00e7a e pesco\u00e7o, preven\u00e7\u00e3o cancer de cabe\u00e7a e pesco\u00e7o, cancer de pesco\u00e7o tem cura , cirurgia cabe\u00e7a e pesco\u00e7o,\" srcset=\"https:\/\/www.grupomedcof.com.br\/blog\/wp-content\/uploads\/2023\/07\/Blog-MedCof-2023-07-27T123534.557-1024x576.png 1024w, https:\/\/www.grupomedcof.com.br\/blog\/wp-content\/uploads\/2023\/07\/Blog-MedCof-2023-07-27T123534.557-300x169.png 300w, https:\/\/www.grupomedcof.com.br\/blog\/wp-content\/uploads\/2023\/07\/Blog-MedCof-2023-07-27T123534.557-768x432.png 768w, https:\/\/www.grupomedcof.com.br\/blog\/wp-content\/uploads\/2023\/07\/Blog-MedCof-2023-07-27T123534.557-1536x864.png 1536w, https:\/\/www.grupomedcof.com.br\/blog\/wp-content\/uploads\/2023\/07\/Blog-MedCof-2023-07-27T123534.557-2048x1152.png 2048w\" sizes=\"auto, (max-width: 800px) 100vw, 800px\" \/>\t\t\t\t\t\t\t\t\t\t\t\t\t\t\t<\/p>\n<p>No dia 27 de julho celebra-se o <strong>Dia Nacional de Conscientiza\u00e7\u00e3o do C\u00e2ncer de Cabe\u00e7a e Pesco\u00e7o.<\/strong> Segundo dados do INCA (Instituto Nacional do C\u00e2ncer), estima-se que haja o diagn\u00f3stico de cerca de<strong> 40 mil novos casos<\/strong> para este ano, fazendo com que esta neoplasia se torne a <strong>quinta mais incidente no pa\u00eds.<\/strong><\/p>\n<h2><span class=\"ez-toc-section\" id=\"Leia_abaixo\"><\/span>\n\t\t\t\tLeia abaixo\t\t\t<span class=\"ez-toc-section-end\"><\/span><\/h2>\n<p>Dito isso<strong>, <\/strong>o m\u00eas<strong> Julho Verde<\/strong> surge com a proposta de trazer a import\u00e2ncia do <strong>diagn\u00f3stico precoce e de maiores discuss\u00f5es sobre o assunto<\/strong>, seja do p\u00fablico em geral como tamb\u00e9m da classe m\u00e9dica. Sendo assim, leia este texto na \u00edntegra e saiba mais sobre a doen\u00e7a e suas formas de preven\u00e7\u00e3o!<\/p>\n<p>\t\t\t\t\t\t\t\t\t\t\t\t\t\t\t\t<a href=\"https:\/\/www.grupomedcof.com.br\/links-hiit-2023\/\" target=\"_blank\" rel=\"noopener\"><br \/>\n\t\t\t\t\t\t\t<img loading=\"lazy\" decoding=\"async\" width=\"800\" height=\"150\" src=\"https:\/\/www.grupomedcof.com.br\/blog\/wp-content\/uploads\/2023\/07\/Captura-de-tela-2023-07-12-130003-1024x192.png\" alt=\"medcof residencia medica, curso Intensivo para Resid\u00eancia M\u00e9dica, curso para resid\u00eancia m\u00e9dica, medcof hiit, aulas medcof,\" srcset=\"https:\/\/www.grupomedcof.com.br\/blog\/wp-content\/uploads\/2023\/07\/Captura-de-tela-2023-07-12-130003-1024x192.png 1024w, https:\/\/www.grupomedcof.com.br\/blog\/wp-content\/uploads\/2023\/07\/Captura-de-tela-2023-07-12-130003-300x56.png 300w, https:\/\/www.grupomedcof.com.br\/blog\/wp-content\/uploads\/2023\/07\/Captura-de-tela-2023-07-12-130003-768x144.png 768w, https:\/\/www.grupomedcof.com.br\/blog\/wp-content\/uploads\/2023\/07\/Captura-de-tela-2023-07-12-130003.png 1422w\" sizes=\"auto, (max-width: 800px) 100vw, 800px\" \/>\t\t\t\t\t\t\t\t<\/a><\/p>\n<h2 style=\"font-family: Poppins, sans-serif; color: #7a7a7a;\"><span class=\"ez-toc-section\" id=\"Cancer_de_Cabeca_e_Pescoco\"><\/span>C\u00e2ncer de Cabe\u00e7a e Pesco\u00e7o<span class=\"ez-toc-section-end\"><\/span><\/h2>\n<p>O C\u00e2ncer de Cabe\u00e7a e Pesco\u00e7o recebe esta denomina\u00e7\u00e3o devido as \u00e1reas em que os tumores s\u00e3o localizados, podendo ser nomeados especificadamente como:<\/p>\n<ul style=\"font-size: 16px; background-color: #ffffff;\">\n<li style=\"font-size: 16px;\">C\u00e2ncer da Cavidade Oral:\u00a0acometendo os l\u00e1bios,\u00a0 gengiva, o c\u00e9u da boca e a l\u00edngua<\/li>\n<li style=\"font-size: 16px;\">C\u00e2ncer de Faringe:\u00a0regi\u00e3o da garganta (alimenta\u00e7\u00e3o e respira\u00e7\u00e3o)<\/li>\n<li style=\"font-size: 16px;\">C\u00e2ncer de Laringe:\u00a0regi\u00e3o da garganta (cordas vocais)<\/li>\n<li style=\"font-size: 16px;\">C\u00e2ncer de Tireoide: gl\u00e2ndula respons\u00e1vel pela produ\u00e7\u00e3o de horm\u00f4nios que regulam as fun\u00e7\u00f5es do c\u00e9rebro, f\u00edgado, rins e cora\u00e7\u00e3o.<\/li>\n<\/ul>\n<p>Al\u00e9m destas regi\u00f5es citadas, o C\u00e2ncer de cabe\u00e7a e Pesco\u00e7o tamb\u00e9m pode abranger os seios da face, gl\u00e2ndulas salivares e linfonodos que se localizam no pesco\u00e7o.<\/p>\n<h2><span class=\"ez-toc-section\" id=\"Cancer_de_Cabeca_e_Pescoco_Fatores_de_Risco\"><\/span>C\u00e2ncer de Cabe\u00e7a e Pesco\u00e7o: Fatores de Risco<span class=\"ez-toc-section-end\"><\/span><\/h2>\n<p>Embora o desenvolvimento do C\u00e2ncer de Cabe\u00e7a e Pesco\u00e7o possa ter diversas origens, podemos citar alguns fatores de risco que intensificam o seu aparecimento. Entre eles s\u00e3o:<\/p>\n<ul style=\"font-size: 16px; background-color: #ffffff;\">\n<li style=\"font-size: 16px;\">Tabagismo:\u00a0O principal fator de risco para o desenvolvimento de c\u00e2ncer e que j\u00e1 virou alvo de diversas campanhas para o desest\u00edmulo do consumo \u00e9 o tabagismo. Assim, o ato de fumar cigarros, charutos, narguil\u00e9s e cachimbos pode corroborar para a aparecimento de neoplasias deste tipo.<\/li>\n<\/ul>\n<p>\u00a0<\/p>\n<ul style=\"font-size: 16px; background-color: #ffffff;\">\n<li style=\"font-size: 16px;\">Consumo excessivo de bebidas alco\u00f3licas:\u00a0Juntamente com o tabagismo, o consumo de bebidas de alco\u00f3licas pode aumentar o risco de desenvolvimento de diversos tipo de c\u00e2ncer.<\/li>\n<\/ul>\n<p>\u00a0<\/p>\n<ul style=\"font-size: 16px; background-color: #ffffff;\">\n<li style=\"font-size: 16px;\">Infec\u00e7\u00f5es por HPV:\u00a0 O h\u00e1bito de fazer sexo oral desprotegido pode provocar a infec\u00e7\u00e3o por HPV (papilomav\u00edrus), atrav\u00e9s de les\u00f5es na regi\u00e3o que podem evoluir para o c\u00e2ncer.<\/li>\n<\/ul>\n<p>\t\t\t\t\t\t\t\t\t\t\t\t\t\t\t<img loading=\"lazy\" decoding=\"async\" width=\"800\" height=\"989\" src=\"https:\/\/www.grupomedcof.com.br\/blog\/wp-content\/uploads\/2023\/07\/Blog-MedCof-2023-07-27T130340.707-828x1024.png\" alt=\"cancer pesco\u00e7o e cabe\u00e7a, conscientiza\u00e7ao cancer cabe\u00e7a e pesco\u00e7o, conscientiza\u00e7\u00e3o do C\u00e2ncer, cancer de cabe\u00e7a e pesco\u00e7o sintomas, cancer de cabe\u00e7a e pesco\u00e7o de Cabe\u00e7a e Pesco\u00e7o, julho verde promove conscientiza\u00e7\u00e3o de c\u00e2ncer de cabe\u00e7a e pesco\u00e7o, preven\u00e7\u00e3o cancer de cabe\u00e7a e pesco\u00e7o, cancer de pesco\u00e7o tem cura , cirurgia cabe\u00e7a e pesco\u00e7o,\" srcset=\"https:\/\/www.grupomedcof.com.br\/blog\/wp-content\/uploads\/2023\/07\/Blog-MedCof-2023-07-27T130340.707-828x1024.png 828w, https:\/\/www.grupomedcof.com.br\/blog\/wp-content\/uploads\/2023\/07\/Blog-MedCof-2023-07-27T130340.707-242x300.png 242w, https:\/\/www.grupomedcof.com.br\/blog\/wp-content\/uploads\/2023\/07\/Blog-MedCof-2023-07-27T130340.707-768x950.png 768w, https:\/\/www.grupomedcof.com.br\/blog\/wp-content\/uploads\/2023\/07\/Blog-MedCof-2023-07-27T130340.707-1242x1536.png 1242w, https:\/\/www.grupomedcof.com.br\/blog\/wp-content\/uploads\/2023\/07\/Blog-MedCof-2023-07-27T130340.707-1655x2048.png 1655w\" sizes=\"auto, (max-width: 800px) 100vw, 800px\" \/>\t\t\t\t\t\t\t\t\t\t\t\t\t\t\t<\/p>\n<ul style=\"font-size: 16px; background-color: #ffffff;\">\n<li style=\"font-size: 16px;\">M\u00e1 higiene bucal:\u00a0Les\u00f5es, feridas e pr\u00f3teses dent\u00e1rias mal encaixadas podem favorecer o desenvolvimento do c\u00e2ncer.<\/li>\n<\/ul>\n<p>\u00a0<\/p>\n<ul style=\"font-size: 16px; background-color: #ffffff;\">\n<li style=\"font-size: 16px;\">Exposi\u00e7\u00e3o \u00e0 toxinas:\u00a0Funcion\u00e1rios de ind\u00fastrias e que s\u00e3o expostas \u00e0 subst\u00e2ncias como amianto, n\u00edquel e p\u00f3 de madeira tem o risco aumentado.<\/li>\n<\/ul>\n<p>\u00a0<\/p>\n<ul style=\"font-size: 16px; background-color: #ffffff;\">\n<li style=\"font-size: 16px;\">Exposi\u00e7\u00e3o \u00e0 radia\u00e7\u00e3o:\u00a0Infelizmente, durante o tratamento de outros tipo de c\u00e2ncer, pode-se aumentar o desenvolvimento do C\u00e2ncer de Cabe\u00e7a e pesco\u00e7o.<\/li>\n<\/ul>\n<p>\t\t\t\t\t\t\t\t\t\t\t\t\t\t\t\t<a href=\"https:\/\/www.grupomedcof.com.br\/blog\/qbank-medcof\/\" target=\"_blank\" rel=\"noopener\"><br \/>\n\t\t\t\t\t\t\t<img loading=\"lazy\" decoding=\"async\" width=\"800\" height=\"128\" src=\"https:\/\/www.grupomedcof.com.br\/blog\/wp-content\/uploads\/2023\/07\/Blog-MedCof-2023-07-06T091657.858-1024x164.png\" alt=\"medcof qbank, medcof aulas, grupo medcof, aulas medcof, qbank, banco de questoes medcof, medcof banco de questoes\" srcset=\"https:\/\/www.grupomedcof.com.br\/blog\/wp-content\/uploads\/2023\/07\/Blog-MedCof-2023-07-06T091657.858-1024x164.png 1024w, https:\/\/www.grupomedcof.com.br\/blog\/wp-content\/uploads\/2023\/07\/Blog-MedCof-2023-07-06T091657.858-300x48.png 300w, https:\/\/www.grupomedcof.com.br\/blog\/wp-content\/uploads\/2023\/07\/Blog-MedCof-2023-07-06T091657.858-768x123.png 768w, https:\/\/www.grupomedcof.com.br\/blog\/wp-content\/uploads\/2023\/07\/Blog-MedCof-2023-07-06T091657.858-1536x246.png 1536w, https:\/\/www.grupomedcof.com.br\/blog\/wp-content\/uploads\/2023\/07\/Blog-MedCof-2023-07-06T091657.858-2048x327.png 2048w\" sizes=\"auto, (max-width: 800px) 100vw, 800px\" \/>\t\t\t\t\t\t\t\t<\/a><\/p>\n<h2><span class=\"ez-toc-section\" id=\"Sinais_e_sintomas\"><\/span><strong>Sinais e sintomas<\/strong><span class=\"ez-toc-section-end\"><\/span><\/h2>\n<p>Um os principais sinais do C\u00e2ncer de Cabe\u00e7a e Pesco\u00e7o \u00e9 o aparecimento de <b>manchas brancas ou avermelhadas na boca e n\u00f3dulos na regi\u00e3o do pesco\u00e7o<\/b>. Al\u00e9m disso, tamb\u00e9m pode-se observar:<\/p>\n<ul style=\"font-size: 16px; background-color: #ffffff;\">\n<li style=\"font-size: 16px;\">Feridas persistentes na boca<\/li>\n<li style=\"font-size: 16px;\">Rouquid\u00e3o\/Altera\u00e7\u00e3o na voz por mais de duas semanas<\/li>\n<li style=\"font-size: 16px;\">Tosse persistente<\/li>\n<\/ul>\n<p>\u00a0<\/p>\n<p>Esses sintomas podem consequentemente trazer<strong> dores<\/strong> em regi\u00f5es como:<\/p>\n<p>\u00a0<\/p>\n<ul style=\"font-size: 16px; background-color: #ffffff;\">\n<li style=\"font-size: 16px;\">Garganta<\/li>\n<li style=\"font-size: 16px;\">Ouvido<\/li>\n<li style=\"font-size: 16px;\">Cabe\u00e7a<\/li>\n<li style=\"font-size: 16px;\">Bem como a dificuldade e dor para mastigar, engolir e respirar<\/li>\n<\/ul>\n<p>\t\t\t\t\t\t\t\t\t\t\t\t\t\t\t<img loading=\"lazy\" decoding=\"async\" width=\"800\" height=\"889\" src=\"https:\/\/www.grupomedcof.com.br\/blog\/wp-content\/uploads\/2023\/07\/Blog-MedCof-2023-07-27T130949.760-922x1024.png\" alt=\"cancer pesco\u00e7o e cabe\u00e7a, conscientiza\u00e7ao cancer cabe\u00e7a e pesco\u00e7o, conscientiza\u00e7\u00e3o do C\u00e2ncer, cancer de cabe\u00e7a e pesco\u00e7o sintomas, cancer de cabe\u00e7a e pesco\u00e7o de Cabe\u00e7a e Pesco\u00e7o, julho verde promove conscientiza\u00e7\u00e3o de c\u00e2ncer de cabe\u00e7a e pesco\u00e7o, preven\u00e7\u00e3o cancer de cabe\u00e7a e pesco\u00e7o, cancer de pesco\u00e7o tem cura , cirurgia cabe\u00e7a e pesco\u00e7o,\" srcset=\"https:\/\/www.grupomedcof.com.br\/blog\/wp-content\/uploads\/2023\/07\/Blog-MedCof-2023-07-27T130949.760-922x1024.png 922w, https:\/\/www.grupomedcof.com.br\/blog\/wp-content\/uploads\/2023\/07\/Blog-MedCof-2023-07-27T130949.760-270x300.png 270w, https:\/\/www.grupomedcof.com.br\/blog\/wp-content\/uploads\/2023\/07\/Blog-MedCof-2023-07-27T130949.760-768x853.png 768w, https:\/\/www.grupomedcof.com.br\/blog\/wp-content\/uploads\/2023\/07\/Blog-MedCof-2023-07-27T130949.760-1383x1536.png 1383w, https:\/\/www.grupomedcof.com.br\/blog\/wp-content\/uploads\/2023\/07\/Blog-MedCof-2023-07-27T130949.760-1844x2048.png 1844w\" sizes=\"auto, (max-width: 800px) 100vw, 800px\" \/>\t\t\t\t\t\t\t\t\t\t\t\t\t\t\t<\/p>\n<p>Sendo assim, por ter sinais e sintomas que podem estar correlacionados com outros tipos de doen\u00e7as, verifica-se a necessidade do <b>diagn\u00f3stico precoce<\/b> que pode ser feito pelo m\u00e9dico sem o uso de equipamentos e que tamb\u00e9m pode aumentar a <b>chance de cura para at\u00e9 90%.<\/b><\/p>\n<h2 style=\"font-family: Poppins, sans-serif; color: #7a7a7a;\"><span class=\"ez-toc-section\" id=\"Prevencao_do_Cancer_de_Cabeca_e_Pescoco\"><\/span>Preven\u00e7\u00e3o do C\u00e2ncer de Cabe\u00e7a e Pesco\u00e7o<span class=\"ez-toc-section-end\"><\/span><\/h2>\n<p>As principais formas de preven\u00e7\u00e3o do C\u00e2ncer de Cabe\u00e7a e Pesco\u00e7o \u00e9 evitar os fatores de risco citados acima:<\/p>\n<p>\u00a0<\/p>\n<ul style=\"font-size: 16px; background-color: #ffffff;\">\n<li style=\"font-size: 16px;\">N\u00e3o fumar: Seja cigarros e derivados, ou at\u00e9 mesmo seus meios eletr\u00f4nicos;<\/li>\n<li style=\"font-size: 16px;\">Evitar o consumo excessivo de bebidas alco\u00f3licas<\/li>\n<li style=\"font-size: 16px;\">Ter uma uma higiene bucal<\/li>\n<li style=\"font-size: 16px;\">Evitar se expor \u00e0 toxinas e radia\u00e7\u00e3o<\/li>\n<li style=\"font-size: 16px;\">N\u00e3o fazer sexo oral desprotegido<\/li>\n<\/ul>\n<p>Para al\u00e9m da ado\u00e7\u00e3o destas medidas, destaca-se a import\u00e2ncia de <strong>investigar poss\u00edveis les\u00f5es e manchas.<\/strong> Desse modo, o individuo que notar estes sintomas e sinais, deve <strong>procurar urgentemente um especialista.<\/strong> Ademais, m\u00e9dicos especialistas e cirurgi\u00f5es-dentistas devem solicitar os exames necess\u00e1rios caso haja suspeita da doen\u00e7a.<\/p>\n<h2 style=\"font-family: Poppins, sans-serif; color: #7a7a7a;\"><span class=\"ez-toc-section\" id=\"Diagnostico_do_Cancer_de_Cabeca_e_Pescoco\"><\/span><strong>Diagn\u00f3stico do C\u00e2ncer de Cabe\u00e7a e Pesco\u00e7o<\/strong><span class=\"ez-toc-section-end\"><\/span><\/h2>\n<p>Para confirma\u00e7\u00e3o de uma suspeita de c\u00e2ncer, o especialista pode requisitar <strong>bi\u00f3psias<\/strong> do material encontrado. Tamb\u00e9m pode haver solicita\u00e7\u00e3o de exames complementares como ultrassonografia, tomografia, resson\u00e2ncia magn\u00e9tica e PET-TC (Tomografia Computadorizada por Emiss\u00e3o de P\u00f3sitrons).<\/p>\n<h2 style=\"font-family: Poppins, sans-serif; color: #7a7a7a;\"><span class=\"ez-toc-section\" id=\"Tratamento\"><\/span>Tratamento<span class=\"ez-toc-section-end\"><\/span><\/h2>\n<p>Infelizmente, um fato agravante do C\u00e2ncer de cabe\u00e7a e Pesco\u00e7o \u00e9 o<strong> alto fator de mutila\u00e7\u00e3o contido em grande parte das formas de tratamento,<\/strong> ainda mais em casos mais avan\u00e7ados da doen\u00e7a. Desse modo, as formas de tratamento podem variar a depender da regi\u00e3o e grau da neoplasia, mas em geral existem tr\u00eas formas:<\/p>\n<p>\t\t\t\t\t\t\t\t\t\t\t\t\t\t\t<img loading=\"lazy\" decoding=\"async\" width=\"800\" height=\"848\" src=\"https:\/\/www.grupomedcof.com.br\/blog\/wp-content\/uploads\/2023\/07\/Blog-MedCof-2023-07-27T131717.522-966x1024.png\" alt=\"cancer pesco\u00e7o e cabe\u00e7a, conscientiza\u00e7ao cancer cabe\u00e7a e pesco\u00e7o, conscientiza\u00e7\u00e3o do C\u00e2ncer, cancer de cabe\u00e7a e pesco\u00e7o sintomas, cancer de cabe\u00e7a e pesco\u00e7o de Cabe\u00e7a e Pesco\u00e7o, julho verde promove conscientiza\u00e7\u00e3o de c\u00e2ncer de cabe\u00e7a e pesco\u00e7o, preven\u00e7\u00e3o cancer de cabe\u00e7a e pesco\u00e7o, cancer de pesco\u00e7o tem cura , cirurgia cabe\u00e7a e pesco\u00e7o,\" srcset=\"https:\/\/www.grupomedcof.com.br\/blog\/wp-content\/uploads\/2023\/07\/Blog-MedCof-2023-07-27T131717.522-966x1024.png 966w, https:\/\/www.grupomedcof.com.br\/blog\/wp-content\/uploads\/2023\/07\/Blog-MedCof-2023-07-27T131717.522-283x300.png 283w, https:\/\/www.grupomedcof.com.br\/blog\/wp-content\/uploads\/2023\/07\/Blog-MedCof-2023-07-27T131717.522-768x814.png 768w, https:\/\/www.grupomedcof.com.br\/blog\/wp-content\/uploads\/2023\/07\/Blog-MedCof-2023-07-27T131717.522-1450x1536.png 1450w, https:\/\/www.grupomedcof.com.br\/blog\/wp-content\/uploads\/2023\/07\/Blog-MedCof-2023-07-27T131717.522-1933x2048.png 1933w\" sizes=\"auto, (max-width: 800px) 100vw, 800px\" \/>\t\t\t\t\t\t\t\t\t\t\t\t\t\t\t<\/p>\n<ul style=\"font-size: 16px; background-color: #ffffff;\">\n<li style=\"font-size: 16px;\"><strong>Cirurgia:<\/strong> o m\u00e9todo cir\u00fargico mais comum que possibilita a remo\u00e7\u00e3o das c\u00e9lulas cancer\u00edgenas. Em tumores de tireoide e da cavidade oral, ainda pode-se realizar cirurgias rob\u00f3ticas e endosc\u00f3picas, que permitem maior precis\u00e3o e melhor recupera\u00e7\u00e3o do paciente.<\/li>\n<\/ul>\n<p>\u00a0<\/p>\n<ul style=\"font-size: 16px; background-color: #ffffff;\">\n<li style=\"font-size: 16px;\"><strong>Radioterapia:<\/strong>\u00a0complemento a cirurgia caso n\u00e3o consiga-se abranger toda a regi\u00e3o atingida. Esta forma de tratamento tamb\u00e9m pode auxiliar na diminui\u00e7\u00e3o dos sintomas.<\/li>\n<\/ul>\n<p>\u00a0<\/p>\n<ul style=\"font-size: 16px; background-color: #ffffff;\">\n<li style=\"font-size: 16px;\"><strong>Quimioterapia e Imunoterapia<\/strong>: Eliminam ou impedem a multiplica\u00e7\u00e3o das c\u00e9lulas cancer\u00edgenas e podem ser implementadas antes ou ap\u00f3s a cirurgia.<\/li>\n<\/ul>\n<h2 style=\"font-family: Poppins, sans-serif; color: #7a7a7a;\"><span class=\"ez-toc-section\" id=\"Conscientizacao_do_Cancer_de_Cabeca_e_Pescoco\"><\/span><strong>Conscientiza\u00e7\u00e3o do C\u00e2ncer de Cabe\u00e7a e Pesco\u00e7o<\/strong><span class=\"ez-toc-section-end\"><\/span><\/h2>\n<p>Este \u00e9 o 9\u00ba ano d<strong>e Conscientiza\u00e7\u00e3o do C\u00e2ncer de Cabe\u00e7a e Pesco\u00e7o,<\/strong> com uma maior divulga\u00e7\u00e3o sobre a doen\u00e7a espera-se que o diagn\u00f3stico e tratamento precoce possibilite que um n\u00famero maior de pessoas sejam curadas e tenha uma melhor qualidade de vida.\u00a0<\/p>\n<p>\u00a0<\/p>\n<p>Dessa forma, para falar mais sobre este assunto, o segundo epis\u00f3dio do podcast<strong> Papo de Cirurgi\u00e3o<\/strong> trouxe o Dr. Dorival de Calucci Jr., Cirurgi\u00e3o de Cabe\u00e7a e Pesco\u00e7o do HCFMUSP e Diretor de Comunica\u00e7\u00e3o e Marketing da Sociedade Brasileira de Cirurgia de Cabe\u00e7a e Pesco\u00e7o. Confira esta conversa e saiba ainda mais informa\u00e7\u00f5es sobre a doen\u00e7a. Esta discuss\u00e3o poder\u00e1 te ajudar caso esteja se preparando par as<strong> provas de resid\u00eancia m\u00e9dica<\/strong> deste ano.<\/p>\n<p>https:\/\/youtu.be\/4I2rn3igFiA\t\t<\/p>\n<h2 style=\"font-family: Poppins, sans-serif; color: #7a7a7a;\"><span class=\"ez-toc-section\" id=\"Conquiste_a_aprovacao\"><\/span><strong>Conquiste a aprova\u00e7\u00e3o!<\/strong><span class=\"ez-toc-section-end\"><\/span><\/h2>\n<p>As provas de resid\u00eancia est\u00e3o cada vez mais perto! Se voc\u00ea quer<a href=\"https:\/\/www.grupomedcof.com.br\/blog\/presenca-da-medcof-nas-aprovacoes-em-residencia-medica-no-brasil\/\" target=\"_blank\" rel=\"noopener\">\u00a0ser mais\u00a0um aprovado\u00a0<\/a>nas melhores resid\u00eancias m\u00e9dicas do pa\u00eds, ent\u00e3o conhe\u00e7a o<a href=\"https:\/\/www.grupomedcof.com.br\/\" target=\"_blank\" rel=\"noopener\">\u00a0Grupo\u00a0MedCof<\/a>!\u00a0Temos um cat\u00e1logo repleto de cursos que te guiar\u00e3o na jornada para as provas de Resid\u00eancia M\u00e9dica que ocorrer\u00e3o em 2023!<br \/>\n\t\t\t\t\t\t\t\t\t\t\t\t\t\t\t\t<a href=\"https:\/\/www.grupomedcof.com.br\/blog\/hiit-medcof-o-curso-intensivo-para-residencia-medica\/\" target=\"_blank\" rel=\"noopener\"><br \/>\n\t\t\t\t\t\t\t<img loading=\"lazy\" decoding=\"async\" width=\"800\" height=\"213\" src=\"https:\/\/www.grupomedcof.com.br\/blog\/wp-content\/uploads\/2023\/07\/Blog-MedCof-2023-07-12T140023.403-1024x273.png\" alt=\"medcof residencia medica, curso Intensivo para Resid\u00eancia M\u00e9dica, curso para resid\u00eancia m\u00e9dica, medcof hiit, aulas medcof,\" srcset=\"https:\/\/www.grupomedcof.com.br\/blog\/wp-content\/uploads\/2023\/07\/Blog-MedCof-2023-07-12T140023.403-1024x273.png 1024w, https:\/\/www.grupomedcof.com.br\/blog\/wp-content\/uploads\/2023\/07\/Blog-MedCof-2023-07-12T140023.403-300x80.png 300w, https:\/\/www.grupomedcof.com.br\/blog\/wp-content\/uploads\/2023\/07\/Blog-MedCof-2023-07-12T140023.403-768x205.png 768w, https:\/\/www.grupomedcof.com.br\/blog\/wp-content\/uploads\/2023\/07\/Blog-MedCof-2023-07-12T140023.403-1536x410.png 1536w, https:\/\/www.grupomedcof.com.br\/blog\/wp-content\/uploads\/2023\/07\/Blog-MedCof-2023-07-12T140023.403-2048x546.png 2048w\" sizes=\"auto, (max-width: 800px) 100vw, 800px\" \/>\t\t\t\t\t\t\t\t<\/a><br \/>\n\t\t<strong style=\"color: inherit; font-family: inherit; font-size: 2rem;\">HIIT MedCof<\/strong><\/p>\n<p>Mas, se voc\u00ea \u00e9 novo por aqui, que tal conferir a&nbsp;<strong><a href=\"https:\/\/www.grupomedcof.com.br\/blog\/semana-hiit-como-se-preparar-para-a-residencia-medica\/\" target=\"_blank\" rel=\"noopener\">Semana HIIT<\/a><\/strong>? Este foi um evento 100% gratuito e online que te permitir\u00e1 conhecer um pouco do nosso m\u00e9todo de ensino que te passa todo conte\u00fado cobrado nas provas em apenas 12 semanas!<\/p>\n<p>&nbsp;<br \/>\nTodas as aulas j\u00e1 est\u00e3o dispon\u00edveis no nosso canal do Youtube, assim voc\u00ea poder\u00e1 conhecer um pouco do que o nosso&nbsp;<strong><a href=\"https:\/\/www.grupomedcof.com.br\/blog\/hiit-medcof-o-curso-intensivo-para-residencia-medica\/\" target=\"_blank\" rel=\"noopener\">curso intensivo<\/a><\/strong>&nbsp;para resid\u00eancia m\u00e9dica pode te oferecer. Veja o que alguns dos nossos aprovados t\u00eam a dizer sobre a experi\u00eancia deles com o Grupo MedCof.<\/p>\n","protected":false},"excerpt":{"rendered":"<p>No dia 27 de julho celebra-se o Dia Nacional de Conscientiza\u00e7\u00e3o do C\u00e2ncer de Cabe\u00e7a e Pesco\u00e7o. Segundo dados do INCA (Instituto Nacional do C\u00e2ncer), estima-se que haja o diagn\u00f3stico de cerca de 40 mil novos casos para este ano, fazendo com que esta neoplasia se torne a quinta mais incidente no pa\u00eds.<\/p>\n","protected":false},"author":6,"featured_media":9566,"comment_status":"open","ping_status":"open","sticky":false,"template":"","format":"standard","meta":{"footnotes":""},"categories":[37],"tags":[248,249,250],"ppma_author":[3609],"class_list":{"0":"post-9563","1":"post","2":"type-post","3":"status-publish","4":"format-standard","5":"has-post-thumbnail","7":"category-cirurgia-de-cabeca-e-pescoco","8":"tag-ccp","9":"tag-cirurgia-cabeca-e-pescoco","10":"tag-neoplasias"},"yoast_head":"<!-- This site is optimized with the Yoast SEO Premium plugin v24.3 (Yoast SEO v27.4) - https:\/\/yoast.com\/product\/yoast-seo-premium-wordpress\/ -->\n<title>Conscientiza\u00e7\u00e3o do C\u00e2ncer de Cabe\u00e7a e Pesco\u00e7o - Blog de Medcof: conte\u00fados, editais, revalida e mais!<\/title>\n<meta name=\"description\" content=\"O dia 27 de julho foi institu\u00eddo como o dia Nacional de Conscientiza\u00e7\u00e3o do C\u00e2ncer de Cabe\u00e7a e Pesco\u00e7o. Saiba mais sobre a doen\u00e7a e formas...\" \/>\n<meta name=\"robots\" content=\"index, follow, max-snippet:-1, max-image-preview:large, max-video-preview:-1\" \/>\n<link rel=\"canonical\" href=\"https:\/\/www.grupomedcof.com.br\/blog\/conscientizacao-do-cancer-de-cabeca-e-pescoco\/\" \/>\n<meta property=\"og:locale\" content=\"pt_BR\" \/>\n<meta property=\"og:type\" content=\"article\" \/>\n<meta property=\"og:title\" content=\"Conscientiza\u00e7\u00e3o do C\u00e2ncer de Cabe\u00e7a e Pesco\u00e7o\" \/>\n<meta property=\"og:description\" content=\"O dia 27 de julho foi institu\u00eddo como o dia Nacional de Conscientiza\u00e7\u00e3o do C\u00e2ncer de Cabe\u00e7a e Pesco\u00e7o. Saiba mais sobre a doen\u00e7a e formas...\" \/>\n<meta property=\"og:url\" content=\"https:\/\/www.grupomedcof.com.br\/blog\/conscientizacao-do-cancer-de-cabeca-e-pescoco\/\" \/>\n<meta property=\"og:site_name\" content=\"Blog de Medcof: conte\u00fados, editais, revalida e mais!\" \/>\n<meta property=\"article:publisher\" content=\"https:\/\/www.facebook.com\/MedCofQbank\/\" \/>\n<meta property=\"article:published_time\" content=\"2023-07-27T16:39:36+00:00\" \/>\n<meta property=\"og:image\" content=\"https:\/\/www.grupomedcof.com.br\/blog\/wp-content\/uploads\/2023\/07\/Blog-MedCof-2023-07-27T123344.815-1024x576.png\" \/>\n\t<meta property=\"og:image:width\" content=\"1024\" \/>\n\t<meta property=\"og:image:height\" content=\"576\" \/>\n\t<meta property=\"og:image:type\" content=\"image\/png\" \/>\n<meta name=\"author\" content=\"J\u00falia Moreira\" \/>\n<meta name=\"twitter:card\" content=\"summary_large_image\" \/>\n<meta name=\"twitter:label1\" content=\"Escrito por\" \/>\n\t<meta name=\"twitter:data1\" content=\"J\u00falia Moreira\" \/>\n\t<meta name=\"twitter:label2\" content=\"Est. tempo de leitura\" \/>\n\t<meta name=\"twitter:data2\" content=\"12 minutos\" \/>\n<script type=\"application\/ld+json\" class=\"yoast-schema-graph\">{\"@context\":\"https:\\\/\\\/schema.org\",\"@graph\":[{\"@type\":\"Article\",\"@id\":\"https:\\\/\\\/www.grupomedcof.com.br\\\/blog\\\/conscientizacao-do-cancer-de-cabeca-e-pescoco\\\/#article\",\"isPartOf\":{\"@id\":\"https:\\\/\\\/www.grupomedcof.com.br\\\/blog\\\/conscientizacao-do-cancer-de-cabeca-e-pescoco\\\/\"},\"author\":{\"name\":\"J\u00falia Moreira\",\"@id\":\"https:\\\/\\\/www.grupomedcof.com.br\\\/blog\\\/#\\\/schema\\\/person\\\/1375e0ce724529d7a1d8156ea7f8ceaa\"},\"headline\":\"Conscientiza\u00e7\u00e3o do C\u00e2ncer de Cabe\u00e7a e Pesco\u00e7o\",\"datePublished\":\"2023-07-27T16:39:36+00:00\",\"mainEntityOfPage\":{\"@id\":\"https:\\\/\\\/www.grupomedcof.com.br\\\/blog\\\/conscientizacao-do-cancer-de-cabeca-e-pescoco\\\/\"},\"wordCount\":1290,\"commentCount\":0,\"publisher\":{\"@id\":\"https:\\\/\\\/www.grupomedcof.com.br\\\/blog\\\/#organization\"},\"image\":{\"@id\":\"https:\\\/\\\/www.grupomedcof.com.br\\\/blog\\\/conscientizacao-do-cancer-de-cabeca-e-pescoco\\\/#primaryimage\"},\"thumbnailUrl\":\"https:\\\/\\\/www.grupomedcof.com.br\\\/blog\\\/wp-content\\\/uploads\\\/2023\\\/07\\\/Blog-MedCof-2023-07-27T123344.815.png\",\"keywords\":[\"CCP\",\"Cirurgia Cabe\u00e7a e Pesco\u00e7o\",\"Neoplasias\"],\"articleSection\":[\"Cirurgia de Cabe\u00e7a e Pesco\u00e7o\"],\"inLanguage\":\"pt-BR\"},{\"@type\":\"WebPage\",\"@id\":\"https:\\\/\\\/www.grupomedcof.com.br\\\/blog\\\/conscientizacao-do-cancer-de-cabeca-e-pescoco\\\/\",\"url\":\"https:\\\/\\\/www.grupomedcof.com.br\\\/blog\\\/conscientizacao-do-cancer-de-cabeca-e-pescoco\\\/\",\"name\":\"Conscientiza\u00e7\u00e3o do C\u00e2ncer de Cabe\u00e7a e Pesco\u00e7o - Blog de Medcof: conte\u00fados, editais, revalida e mais!\",\"isPartOf\":{\"@id\":\"https:\\\/\\\/www.grupomedcof.com.br\\\/blog\\\/#website\"},\"primaryImageOfPage\":{\"@id\":\"https:\\\/\\\/www.grupomedcof.com.br\\\/blog\\\/conscientizacao-do-cancer-de-cabeca-e-pescoco\\\/#primaryimage\"},\"image\":{\"@id\":\"https:\\\/\\\/www.grupomedcof.com.br\\\/blog\\\/conscientizacao-do-cancer-de-cabeca-e-pescoco\\\/#primaryimage\"},\"thumbnailUrl\":\"https:\\\/\\\/www.grupomedcof.com.br\\\/blog\\\/wp-content\\\/uploads\\\/2023\\\/07\\\/Blog-MedCof-2023-07-27T123344.815.png\",\"datePublished\":\"2023-07-27T16:39:36+00:00\",\"description\":\"O dia 27 de julho foi institu\u00eddo como o dia Nacional de Conscientiza\u00e7\u00e3o do C\u00e2ncer de Cabe\u00e7a e Pesco\u00e7o. Saiba mais sobre a doen\u00e7a e formas...\",\"breadcrumb\":{\"@id\":\"https:\\\/\\\/www.grupomedcof.com.br\\\/blog\\\/conscientizacao-do-cancer-de-cabeca-e-pescoco\\\/#breadcrumb\"},\"inLanguage\":\"pt-BR\",\"potentialAction\":[{\"@type\":\"ReadAction\",\"target\":[\"https:\\\/\\\/www.grupomedcof.com.br\\\/blog\\\/conscientizacao-do-cancer-de-cabeca-e-pescoco\\\/\"]}]},{\"@type\":\"ImageObject\",\"inLanguage\":\"pt-BR\",\"@id\":\"https:\\\/\\\/www.grupomedcof.com.br\\\/blog\\\/conscientizacao-do-cancer-de-cabeca-e-pescoco\\\/#primaryimage\",\"url\":\"https:\\\/\\\/www.grupomedcof.com.br\\\/blog\\\/wp-content\\\/uploads\\\/2023\\\/07\\\/Blog-MedCof-2023-07-27T123344.815.png\",\"contentUrl\":\"https:\\\/\\\/www.grupomedcof.com.br\\\/blog\\\/wp-content\\\/uploads\\\/2023\\\/07\\\/Blog-MedCof-2023-07-27T123344.815.png\",\"width\":2560,\"height\":1440,\"caption\":\"O dia 27 de julho foi institu\u00eddo como o dia Nacional de Conscientiza\u00e7\u00e3o do C\u00e2ncer de Cabe\u00e7a e Pesco\u00e7o. Saiba mais sobre a doen\u00e7a e formas...\"},{\"@type\":\"BreadcrumbList\",\"@id\":\"https:\\\/\\\/www.grupomedcof.com.br\\\/blog\\\/conscientizacao-do-cancer-de-cabeca-e-pescoco\\\/#breadcrumb\",\"itemListElement\":[{\"@type\":\"ListItem\",\"position\":1,\"name\":\"In\u00edcio\",\"item\":\"https:\\\/\\\/www.grupomedcof.com.br\\\/blog\\\/\"},{\"@type\":\"ListItem\",\"position\":2,\"name\":\"Conscientiza\u00e7\u00e3o do C\u00e2ncer de Cabe\u00e7a e Pesco\u00e7o\"}]},{\"@type\":\"WebSite\",\"@id\":\"https:\\\/\\\/www.grupomedcof.com.br\\\/blog\\\/#website\",\"url\":\"https:\\\/\\\/www.grupomedcof.com.br\\\/blog\\\/\",\"name\":\"Blog de Medcof: conte\u00fados, editais, revalida e mais!\",\"description\":\"Acesso o blog de MedCof! Seu portal de conte\u00fados sobre resid\u00eancia m\u00e9dica, an\u00e1lise e editais e muito mais. Clique e confira!\",\"publisher\":{\"@id\":\"https:\\\/\\\/www.grupomedcof.com.br\\\/blog\\\/#organization\"},\"alternateName\":\"Blog de Medcof: conte\u00fados, editais, revalida e mais!\",\"potentialAction\":[{\"@type\":\"SearchAction\",\"target\":{\"@type\":\"EntryPoint\",\"urlTemplate\":\"https:\\\/\\\/www.grupomedcof.com.br\\\/blog\\\/?s={search_term_string}\"},\"query-input\":{\"@type\":\"PropertyValueSpecification\",\"valueRequired\":true,\"valueName\":\"search_term_string\"}}],\"inLanguage\":\"pt-BR\"},{\"@type\":\"Organization\",\"@id\":\"https:\\\/\\\/www.grupomedcof.com.br\\\/blog\\\/#organization\",\"name\":\"Grupo MedCof\",\"url\":\"https:\\\/\\\/www.grupomedcof.com.br\\\/blog\\\/\",\"logo\":{\"@type\":\"ImageObject\",\"inLanguage\":\"pt-BR\",\"@id\":\"https:\\\/\\\/www.grupomedcof.com.br\\\/blog\\\/#\\\/schema\\\/logo\\\/image\\\/\",\"url\":\"https:\\\/\\\/www.grupomedcof.com.br\\\/blog\\\/wp-content\\\/uploads\\\/2022\\\/01\\\/logo-medcof.png\",\"contentUrl\":\"https:\\\/\\\/www.grupomedcof.com.br\\\/blog\\\/wp-content\\\/uploads\\\/2022\\\/01\\\/logo-medcof.png\",\"width\":768,\"height\":269,\"caption\":\"Grupo MedCof\"},\"image\":{\"@id\":\"https:\\\/\\\/www.grupomedcof.com.br\\\/blog\\\/#\\\/schema\\\/logo\\\/image\\\/\"},\"sameAs\":[\"https:\\\/\\\/www.facebook.com\\\/MedCofQbank\\\/\",\"https:\\\/\\\/www.instagram.com\\\/grupomedcof\\\/\",\"https:\\\/\\\/br.linkedin.com\\\/company\\\/medcof\",\"https:\\\/\\\/www.youtube.com\\\/channel\\\/UCdHMuOHKICxcHwecxN8P-AA\"]},{\"@type\":\"Person\",\"@id\":\"https:\\\/\\\/www.grupomedcof.com.br\\\/blog\\\/#\\\/schema\\\/person\\\/1375e0ce724529d7a1d8156ea7f8ceaa\",\"name\":\"J\u00falia Moreira\",\"image\":{\"@type\":\"ImageObject\",\"inLanguage\":\"pt-BR\",\"@id\":\"https:\\\/\\\/www.grupomedcof.com.br\\\/blog\\\/wp-content\\\/uploads\\\/2024\\\/12\\\/cropped-Captura-de-tela-2023-12-15-094946-96x96.png6a0083ac34a0445de97d55fae63a4a41\",\"url\":\"https:\\\/\\\/www.grupomedcof.com.br\\\/blog\\\/wp-content\\\/uploads\\\/2024\\\/12\\\/cropped-Captura-de-tela-2023-12-15-094946-96x96.png\",\"contentUrl\":\"https:\\\/\\\/www.grupomedcof.com.br\\\/blog\\\/wp-content\\\/uploads\\\/2024\\\/12\\\/cropped-Captura-de-tela-2023-12-15-094946-96x96.png\",\"caption\":\"J\u00falia Moreira\"},\"description\":\"Estudante do 8\u00ba semestre de Jornalismo na ECA-USP, f\u00e3 de filmes de terror e m\u00fasica popular sul-coreana.\",\"sameAs\":[\"https:\\\/\\\/www.grupomedcof.com.br\\\/\"],\"url\":\"https:\\\/\\\/www.grupomedcof.com.br\\\/blog\\\/author\\\/julia\\\/\"}]}<\/script>\n<!-- \/ Yoast SEO Premium plugin. -->","yoast_head_json":{"title":"Conscientiza\u00e7\u00e3o do C\u00e2ncer de Cabe\u00e7a e Pesco\u00e7o - Blog de Medcof: conte\u00fados, editais, revalida e mais!","description":"O dia 27 de julho foi institu\u00eddo como o dia Nacional de Conscientiza\u00e7\u00e3o do C\u00e2ncer de Cabe\u00e7a e Pesco\u00e7o. Saiba mais sobre a doen\u00e7a e formas...","robots":{"index":"index","follow":"follow","max-snippet":"max-snippet:-1","max-image-preview":"max-image-preview:large","max-video-preview":"max-video-preview:-1"},"canonical":"https:\/\/www.grupomedcof.com.br\/blog\/conscientizacao-do-cancer-de-cabeca-e-pescoco\/","og_locale":"pt_BR","og_type":"article","og_title":"Conscientiza\u00e7\u00e3o do C\u00e2ncer de Cabe\u00e7a e Pesco\u00e7o","og_description":"O dia 27 de julho foi institu\u00eddo como o dia Nacional de Conscientiza\u00e7\u00e3o do C\u00e2ncer de Cabe\u00e7a e Pesco\u00e7o. Saiba mais sobre a doen\u00e7a e formas...","og_url":"https:\/\/www.grupomedcof.com.br\/blog\/conscientizacao-do-cancer-de-cabeca-e-pescoco\/","og_site_name":"Blog de Medcof: conte\u00fados, editais, revalida e mais!","article_publisher":"https:\/\/www.facebook.com\/MedCofQbank\/","article_published_time":"2023-07-27T16:39:36+00:00","og_image":[{"width":1024,"height":576,"url":"https:\/\/www.grupomedcof.com.br\/blog\/wp-content\/uploads\/2023\/07\/Blog-MedCof-2023-07-27T123344.815-1024x576.png","type":"image\/png"}],"author":"J\u00falia Moreira","twitter_card":"summary_large_image","twitter_misc":{"Escrito por":"J\u00falia Moreira","Est. tempo de leitura":"12 minutos"},"schema":{"@context":"https:\/\/schema.org","@graph":[{"@type":"Article","@id":"https:\/\/www.grupomedcof.com.br\/blog\/conscientizacao-do-cancer-de-cabeca-e-pescoco\/#article","isPartOf":{"@id":"https:\/\/www.grupomedcof.com.br\/blog\/conscientizacao-do-cancer-de-cabeca-e-pescoco\/"},"author":{"name":"J\u00falia Moreira","@id":"https:\/\/www.grupomedcof.com.br\/blog\/#\/schema\/person\/1375e0ce724529d7a1d8156ea7f8ceaa"},"headline":"Conscientiza\u00e7\u00e3o do C\u00e2ncer de Cabe\u00e7a e Pesco\u00e7o","datePublished":"2023-07-27T16:39:36+00:00","mainEntityOfPage":{"@id":"https:\/\/www.grupomedcof.com.br\/blog\/conscientizacao-do-cancer-de-cabeca-e-pescoco\/"},"wordCount":1290,"commentCount":0,"publisher":{"@id":"https:\/\/www.grupomedcof.com.br\/blog\/#organization"},"image":{"@id":"https:\/\/www.grupomedcof.com.br\/blog\/conscientizacao-do-cancer-de-cabeca-e-pescoco\/#primaryimage"},"thumbnailUrl":"https:\/\/www.grupomedcof.com.br\/blog\/wp-content\/uploads\/2023\/07\/Blog-MedCof-2023-07-27T123344.815.png","keywords":["CCP","Cirurgia Cabe\u00e7a e Pesco\u00e7o","Neoplasias"],"articleSection":["Cirurgia de Cabe\u00e7a e Pesco\u00e7o"],"inLanguage":"pt-BR"},{"@type":"WebPage","@id":"https:\/\/www.grupomedcof.com.br\/blog\/conscientizacao-do-cancer-de-cabeca-e-pescoco\/","url":"https:\/\/www.grupomedcof.com.br\/blog\/conscientizacao-do-cancer-de-cabeca-e-pescoco\/","name":"Conscientiza\u00e7\u00e3o do C\u00e2ncer de Cabe\u00e7a e Pesco\u00e7o - Blog de Medcof: conte\u00fados, editais, revalida e mais!","isPartOf":{"@id":"https:\/\/www.grupomedcof.com.br\/blog\/#website"},"primaryImageOfPage":{"@id":"https:\/\/www.grupomedcof.com.br\/blog\/conscientizacao-do-cancer-de-cabeca-e-pescoco\/#primaryimage"},"image":{"@id":"https:\/\/www.grupomedcof.com.br\/blog\/conscientizacao-do-cancer-de-cabeca-e-pescoco\/#primaryimage"},"thumbnailUrl":"https:\/\/www.grupomedcof.com.br\/blog\/wp-content\/uploads\/2023\/07\/Blog-MedCof-2023-07-27T123344.815.png","datePublished":"2023-07-27T16:39:36+00:00","description":"O dia 27 de julho foi institu\u00eddo como o dia Nacional de Conscientiza\u00e7\u00e3o do C\u00e2ncer de Cabe\u00e7a e Pesco\u00e7o. Saiba mais sobre a doen\u00e7a e formas...","breadcrumb":{"@id":"https:\/\/www.grupomedcof.com.br\/blog\/conscientizacao-do-cancer-de-cabeca-e-pescoco\/#breadcrumb"},"inLanguage":"pt-BR","potentialAction":[{"@type":"ReadAction","target":["https:\/\/www.grupomedcof.com.br\/blog\/conscientizacao-do-cancer-de-cabeca-e-pescoco\/"]}]},{"@type":"ImageObject","inLanguage":"pt-BR","@id":"https:\/\/www.grupomedcof.com.br\/blog\/conscientizacao-do-cancer-de-cabeca-e-pescoco\/#primaryimage","url":"https:\/\/www.grupomedcof.com.br\/blog\/wp-content\/uploads\/2023\/07\/Blog-MedCof-2023-07-27T123344.815.png","contentUrl":"https:\/\/www.grupomedcof.com.br\/blog\/wp-content\/uploads\/2023\/07\/Blog-MedCof-2023-07-27T123344.815.png","width":2560,"height":1440,"caption":"O dia 27 de julho foi institu\u00eddo como o dia Nacional de Conscientiza\u00e7\u00e3o do C\u00e2ncer de Cabe\u00e7a e Pesco\u00e7o. Saiba mais sobre a doen\u00e7a e formas..."},{"@type":"BreadcrumbList","@id":"https:\/\/www.grupomedcof.com.br\/blog\/conscientizacao-do-cancer-de-cabeca-e-pescoco\/#breadcrumb","itemListElement":[{"@type":"ListItem","position":1,"name":"In\u00edcio","item":"https:\/\/www.grupomedcof.com.br\/blog\/"},{"@type":"ListItem","position":2,"name":"Conscientiza\u00e7\u00e3o do C\u00e2ncer de Cabe\u00e7a e Pesco\u00e7o"}]},{"@type":"WebSite","@id":"https:\/\/www.grupomedcof.com.br\/blog\/#website","url":"https:\/\/www.grupomedcof.com.br\/blog\/","name":"Blog de Medcof: conte\u00fados, editais, revalida e mais!","description":"Acesso o blog de MedCof! Seu portal de conte\u00fados sobre resid\u00eancia m\u00e9dica, an\u00e1lise e editais e muito mais. Clique e confira!","publisher":{"@id":"https:\/\/www.grupomedcof.com.br\/blog\/#organization"},"alternateName":"Blog de Medcof: conte\u00fados, editais, revalida e mais!","potentialAction":[{"@type":"SearchAction","target":{"@type":"EntryPoint","urlTemplate":"https:\/\/www.grupomedcof.com.br\/blog\/?s={search_term_string}"},"query-input":{"@type":"PropertyValueSpecification","valueRequired":true,"valueName":"search_term_string"}}],"inLanguage":"pt-BR"},{"@type":"Organization","@id":"https:\/\/www.grupomedcof.com.br\/blog\/#organization","name":"Grupo MedCof","url":"https:\/\/www.grupomedcof.com.br\/blog\/","logo":{"@type":"ImageObject","inLanguage":"pt-BR","@id":"https:\/\/www.grupomedcof.com.br\/blog\/#\/schema\/logo\/image\/","url":"https:\/\/www.grupomedcof.com.br\/blog\/wp-content\/uploads\/2022\/01\/logo-medcof.png","contentUrl":"https:\/\/www.grupomedcof.com.br\/blog\/wp-content\/uploads\/2022\/01\/logo-medcof.png","width":768,"height":269,"caption":"Grupo MedCof"},"image":{"@id":"https:\/\/www.grupomedcof.com.br\/blog\/#\/schema\/logo\/image\/"},"sameAs":["https:\/\/www.facebook.com\/MedCofQbank\/","https:\/\/www.instagram.com\/grupomedcof\/","https:\/\/br.linkedin.com\/company\/medcof","https:\/\/www.youtube.com\/channel\/UCdHMuOHKICxcHwecxN8P-AA"]},{"@type":"Person","@id":"https:\/\/www.grupomedcof.com.br\/blog\/#\/schema\/person\/1375e0ce724529d7a1d8156ea7f8ceaa","name":"J\u00falia Moreira","image":{"@type":"ImageObject","inLanguage":"pt-BR","@id":"https:\/\/www.grupomedcof.com.br\/blog\/wp-content\/uploads\/2024\/12\/cropped-Captura-de-tela-2023-12-15-094946-96x96.png6a0083ac34a0445de97d55fae63a4a41","url":"https:\/\/www.grupomedcof.com.br\/blog\/wp-content\/uploads\/2024\/12\/cropped-Captura-de-tela-2023-12-15-094946-96x96.png","contentUrl":"https:\/\/www.grupomedcof.com.br\/blog\/wp-content\/uploads\/2024\/12\/cropped-Captura-de-tela-2023-12-15-094946-96x96.png","caption":"J\u00falia Moreira"},"description":"Estudante do 8\u00ba semestre de Jornalismo na ECA-USP, f\u00e3 de filmes de terror e m\u00fasica popular sul-coreana.","sameAs":["https:\/\/www.grupomedcof.com.br\/"],"url":"https:\/\/www.grupomedcof.com.br\/blog\/author\/julia\/"}]}},"authors":[{"term_id":3609,"user_id":6,"is_guest":0,"slug":"julia","display_name":"J\u00falia Moreira","avatar_url":"https:\/\/www.grupomedcof.com.br\/blog\/wp-content\/uploads\/2024\/12\/cropped-Captura-de-tela-2023-12-15-094946-96x96.png","0":null,"1":"","2":"","3":"","4":"","5":"","6":"","7":"","8":""}],"_links":{"self":[{"href":"https:\/\/www.grupomedcof.com.br\/blog\/wp-json\/wp\/v2\/posts\/9563","targetHints":{"allow":["GET"]}}],"collection":[{"href":"https:\/\/www.grupomedcof.com.br\/blog\/wp-json\/wp\/v2\/posts"}],"about":[{"href":"https:\/\/www.grupomedcof.com.br\/blog\/wp-json\/wp\/v2\/types\/post"}],"author":[{"embeddable":true,"href":"https:\/\/www.grupomedcof.com.br\/blog\/wp-json\/wp\/v2\/users\/6"}],"replies":[{"embeddable":true,"href":"https:\/\/www.grupomedcof.com.br\/blog\/wp-json\/wp\/v2\/comments?post=9563"}],"version-history":[{"count":0,"href":"https:\/\/www.grupomedcof.com.br\/blog\/wp-json\/wp\/v2\/posts\/9563\/revisions"}],"wp:featuredmedia":[{"embeddable":true,"href":"https:\/\/www.grupomedcof.com.br\/blog\/wp-json\/wp\/v2\/media\/9566"}],"wp:attachment":[{"href":"https:\/\/www.grupomedcof.com.br\/blog\/wp-json\/wp\/v2\/media?parent=9563"}],"wp:term":[{"taxonomy":"category","embeddable":true,"href":"https:\/\/www.grupomedcof.com.br\/blog\/wp-json\/wp\/v2\/categories?post=9563"},{"taxonomy":"post_tag","embeddable":true,"href":"https:\/\/www.grupomedcof.com.br\/blog\/wp-json\/wp\/v2\/tags?post=9563"},{"taxonomy":"author","embeddable":true,"href":"https:\/\/www.grupomedcof.com.br\/blog\/wp-json\/wp\/v2\/ppma_author?post=9563"}],"curies":[{"name":"wp","href":"https:\/\/api.w.org\/{rel}","templated":true}]}}