{"id":9677,"date":"2023-08-01T09:08:03","date_gmt":"2023-08-01T12:08:03","guid":{"rendered":"https:\/\/www.grupomedcof.com.br\/blog\/?p=9677"},"modified":"2024-12-03T17:20:47","modified_gmt":"2024-12-03T20:20:47","slug":"voce-conhece-os-passos-do-mccp","status":"publish","type":"post","link":"https:\/\/www.grupomedcof.com.br\/blog\/voce-conhece-os-passos-do-mccp\/","title":{"rendered":"Voc\u00ea conhece os passos do MCCP?"},"content":{"rendered":"<div id=\"ez-toc-container\" class=\"ez-toc-v2_0_74 counter-hierarchy ez-toc-counter ez-toc-transparent ez-toc-container-direction\">\n<div class=\"ez-toc-title-container\">\n<p class=\"ez-toc-title\" style=\"cursor:inherit\">Sum\u00e1rio<\/p>\n<span class=\"ez-toc-title-toggle\"><a href=\"#\" class=\"ez-toc-pull-right ez-toc-btn ez-toc-btn-xs ez-toc-btn-default ez-toc-toggle\" aria-label=\"Alternar tabela de conte\u00fado\"><span class=\"ez-toc-js-icon-con\"><span class=\"\"><span class=\"eztoc-hide\" style=\"display:none;\">Toggle<\/span><span class=\"ez-toc-icon-toggle-span\"><svg style=\"fill: #999;color:#999\" xmlns=\"http:\/\/www.w3.org\/2000\/svg\" class=\"list-377408\" width=\"20px\" height=\"20px\" viewBox=\"0 0 24 24\" fill=\"none\"><path d=\"M6 6H4v2h2V6zm14 0H8v2h12V6zM4 11h2v2H4v-2zm16 0H8v2h12v-2zM4 16h2v2H4v-2zm16 0H8v2h12v-2z\" fill=\"currentColor\"><\/path><\/svg><svg style=\"fill: #999;color:#999\" class=\"arrow-unsorted-368013\" xmlns=\"http:\/\/www.w3.org\/2000\/svg\" width=\"10px\" height=\"10px\" viewBox=\"0 0 24 24\" version=\"1.2\" baseProfile=\"tiny\"><path d=\"M18.2 9.3l-6.2-6.3-6.2 6.3c-.2.2-.3.4-.3.7s.1.5.3.7c.2.2.4.3.7.3h11c.3 0 .5-.1.7-.3.2-.2.3-.5.3-.7s-.1-.5-.3-.7zM5.8 14.7l6.2 6.3 6.2-6.3c.2-.2.3-.5.3-.7s-.1-.5-.3-.7c-.2-.2-.4-.3-.7-.3h-11c-.3 0-.5.1-.7.3-.2.2-.3.5-.3.7s.1.5.3.7z\"\/><\/svg><\/span><\/span><\/span><\/a><\/span><\/div>\n<nav><ul class='ez-toc-list ez-toc-list-level-1 ' ><li class='ez-toc-page-1 ez-toc-heading-level-2'><a class=\"ez-toc-link ez-toc-heading-1\" href=\"https:\/\/www.grupomedcof.com.br\/blog\/voce-conhece-os-passos-do-mccp\/#Saiba_mais\" >Saiba mais<\/a><\/li><li class='ez-toc-page-1 ez-toc-heading-level-2'><a class=\"ez-toc-link ez-toc-heading-2\" href=\"https:\/\/www.grupomedcof.com.br\/blog\/voce-conhece-os-passos-do-mccp\/#Passos_do_MCCP_Introducao\" >Passos do MCCP: Introdu\u00e7\u00e3o<\/a><\/li><li class='ez-toc-page-1 ez-toc-heading-level-2'><a class=\"ez-toc-link ez-toc-heading-3\" href=\"https:\/\/www.grupomedcof.com.br\/blog\/voce-conhece-os-passos-do-mccp\/#Estrutura_do_MCCP\" >Estrutura do MCCP<\/a><\/li><li class='ez-toc-page-1 ez-toc-heading-level-2'><a class=\"ez-toc-link ez-toc-heading-4\" href=\"https:\/\/www.grupomedcof.com.br\/blog\/voce-conhece-os-passos-do-mccp\/#Passos_do_MCCP_Entendendo_a_pessoa_como_um_todo\" >Passos do MCCP: Entendendo a pessoa como um todo<\/a><\/li><li class='ez-toc-page-1 ez-toc-heading-level-2'><a class=\"ez-toc-link ez-toc-heading-5\" href=\"https:\/\/www.grupomedcof.com.br\/blog\/voce-conhece-os-passos-do-mccp\/#MCCP_Entendendo_a_Pessoa_com_um_todo\" >MCCP:\u00a0Entendendo a Pessoa com um todo<\/a><\/li><li class='ez-toc-page-1 ez-toc-heading-level-2'><a class=\"ez-toc-link ez-toc-heading-6\" href=\"https:\/\/www.grupomedcof.com.br\/blog\/voce-conhece-os-passos-do-mccp\/#Elabore_um_plano_conjunto_de_manejo_dos_problemas\" >Elabore um plano conjunto de manejo dos problemas<\/a><\/li><li class='ez-toc-page-1 ez-toc-heading-level-2'><a class=\"ez-toc-link ez-toc-heading-7\" href=\"https:\/\/www.grupomedcof.com.br\/blog\/voce-conhece-os-passos-do-mccp\/#Passos_do_MCCP_Intensificando_a_relacao_medico-paciente\" >Passos do MCCP: Intensificando a rela\u00e7\u00e3o m\u00e9dico-paciente<\/a><\/li><li class='ez-toc-page-1 ez-toc-heading-level-2'><a class=\"ez-toc-link ez-toc-heading-8\" href=\"https:\/\/www.grupomedcof.com.br\/blog\/voce-conhece-os-passos-do-mccp\/#Conquiste_a_aprovacao\" >Conquiste a aprova\u00e7\u00e3o!<\/a><\/li><li class='ez-toc-page-1 ez-toc-heading-level-2'><a class=\"ez-toc-link ez-toc-heading-9\" href=\"https:\/\/www.grupomedcof.com.br\/blog\/voce-conhece-os-passos-do-mccp\/#Saiba_mais_sobre_o_assunto\" >Saiba mais sobre o assunto<\/a><\/li><li class='ez-toc-page-1 ez-toc-heading-level-2'><a class=\"ez-toc-link ez-toc-heading-10\" href=\"https:\/\/www.grupomedcof.com.br\/blog\/voce-conhece-os-passos-do-mccp\/#HIIT_MedCof\" >HIIT MedCof<\/a><\/li><\/ul><\/nav><\/div>\n<p><img loading=\"lazy\" decoding=\"async\" src=\"https:\/\/www.grupomedcof.com.br\/blog\/wp-content\/uploads\/2023\/07\/Blog-MedCof-2023-07-31T143940.557-1024x576.png\" sizes=\"auto, (max-width: 800px) 100vw, 800px\" srcset=\"https:\/\/www.grupomedcof.com.br\/blog\/wp-content\/uploads\/2023\/07\/Blog-MedCof-2023-07-31T143940.557-1024x576.png 1024w, https:\/\/www.grupomedcof.com.br\/blog\/wp-content\/uploads\/2023\/07\/Blog-MedCof-2023-07-31T143940.557-300x169.png 300w, https:\/\/www.grupomedcof.com.br\/blog\/wp-content\/uploads\/2023\/07\/Blog-MedCof-2023-07-31T143940.557-768x432.png 768w, https:\/\/www.grupomedcof.com.br\/blog\/wp-content\/uploads\/2023\/07\/Blog-MedCof-2023-07-31T143940.557-1536x864.png 1536w, https:\/\/www.grupomedcof.com.br\/blog\/wp-content\/uploads\/2023\/07\/Blog-MedCof-2023-07-31T143940.557-2048x1152.png 2048w\" alt=\"MCCP, M\u00e9todo Cl\u00ednico Centrado na Pessoa, mccp 4 componentes, mccp medicina, componentes do mccp, 4 dimensoes do mccp, 4 pontos do mccp, metodo centrado na pessoa, metodo clinico centrado no paciente\" width=\"800\" height=\"450\" \/><\/p>\n<p>Voc\u00ea conhece os passos do MCCP? O <strong>M\u00e9todo Cl\u00ednico Centrado na Pessoa<\/strong> (MCCP) \u00e9 uma abordagem que valoriza a<strong> rela\u00e7\u00e3o m\u00e9dico-paciente<\/strong> e busca compreender as necessidades individuais de cada pessoa, voc\u00ea sabe como aplic\u00e1-lo?<\/p>\n<h2><span class=\"ez-toc-section\" id=\"Saiba_mais\"><\/span>Saiba mais<span class=\"ez-toc-section-end\"><\/span><\/h2>\n<h2 style=\"font-family: Poppins, sans-serif; color: #7a7a7a;\"><span class=\"ez-toc-section\" id=\"Passos_do_MCCP_Introducao\"><\/span><strong>Passos do MCCP: Introdu\u00e7\u00e3o<\/strong><span class=\"ez-toc-section-end\"><\/span><\/h2>\n<p>O MCCP surge como um m\u00e9todo de enfrentamento do<strong> modelo biom\u00e9dico<\/strong> de \u201cconsultagem\u201d do paciente, que n\u00e3o leva em considera\u00e7\u00e3o as pesperctivas do detentor da sa\u00fade e da doen\u00e7a, o paciente.<\/p>\n<p>Assim, se pud\u00e9ssemos resumir o objetivo do MCCP em uma palavra seria\u00a0autonomia,\u00a0e veremos como ela est\u00e1 presente em cada um dos passos do m\u00e9todo.<\/p>\n<p><a href=\"https:\/\/www.grupomedcof.com.br\/links-hiit-2023\/\" target=\"_blank\" rel=\"noopener\"><br \/>\n<img loading=\"lazy\" decoding=\"async\" src=\"https:\/\/www.grupomedcof.com.br\/blog\/wp-content\/uploads\/2023\/07\/Captura-de-tela-2023-07-12-130003-1024x192.png\" sizes=\"auto, (max-width: 800px) 100vw, 800px\" srcset=\"https:\/\/www.grupomedcof.com.br\/blog\/wp-content\/uploads\/2023\/07\/Captura-de-tela-2023-07-12-130003-1024x192.png 1024w, https:\/\/www.grupomedcof.com.br\/blog\/wp-content\/uploads\/2023\/07\/Captura-de-tela-2023-07-12-130003-300x56.png 300w, https:\/\/www.grupomedcof.com.br\/blog\/wp-content\/uploads\/2023\/07\/Captura-de-tela-2023-07-12-130003-768x144.png 768w, https:\/\/www.grupomedcof.com.br\/blog\/wp-content\/uploads\/2023\/07\/Captura-de-tela-2023-07-12-130003.png 1422w\" alt=\"medcof residencia medica, curso Intensivo para Resid\u00eancia M\u00e9dica, curso para resid\u00eancia m\u00e9dica, medcof hiit, aulas medcof,\" width=\"800\" height=\"150\" \/> <\/a><\/p>\n<h2 style=\"font-family: Poppins, sans-serif; color: #7a7a7a;\"><span class=\"ez-toc-section\" id=\"Estrutura_do_MCCP\"><\/span><strong>Estrutura do MCCP<\/strong><span class=\"ez-toc-section-end\"><\/span><\/h2>\n<p>O MCCP j\u00e1 foi estruturado em 6 etapas, hoje, entretanto, essas etapas foram condensadas em 4:<\/p>\n<ul style=\"font-size: 16px; background-color: #ffffff;\">\n<li style=\"font-size: 16px;\">Explorando a sa\u00fade, a doen\u00e7a e a experi\u00eancia da doen\u00e7a<\/li>\n<li style=\"font-size: 16px;\">Entendendo a pessoa como um todo<\/li>\n<li style=\"font-size: 16px;\">Elaborando um plano conjunto de manejo dos problemas.<\/li>\n<li style=\"font-size: 16px;\">Intensificando a rela\u00e7\u00e3o entre a pessoa e o m\u00e9dico.<\/li>\n<\/ul>\n<p><img loading=\"lazy\" decoding=\"async\" src=\"https:\/\/www.grupomedcof.com.br\/blog\/wp-content\/uploads\/2023\/07\/Untitled-63.png\" sizes=\"auto, (max-width: 800px) 100vw, 800px\" srcset=\"https:\/\/www.grupomedcof.com.br\/blog\/wp-content\/uploads\/2023\/07\/Untitled-63.png 950w, https:\/\/www.grupomedcof.com.br\/blog\/wp-content\/uploads\/2023\/07\/Untitled-63-300x202.png 300w, https:\/\/www.grupomedcof.com.br\/blog\/wp-content\/uploads\/2023\/07\/Untitled-63-768x517.png 768w\" alt=\"\" width=\"800\" height=\"539\" \/><\/p>\n<h2 style=\"font-family: Poppins, sans-serif; color: #7a7a7a;\"><span class=\"ez-toc-section\" id=\"Passos_do_MCCP_Entendendo_a_pessoa_como_um_todo\"><\/span>Passos do MCCP: Entendendo a pessoa como um todo<span class=\"ez-toc-section-end\"><\/span><\/h2>\n<p>Neste passo espera-se que o m\u00e9dico consiga estabelecer uma\u00a0rela\u00e7\u00e3o emp\u00e1tica e respeitosa\u00a0com o paciente, para compreender qual \u00e9 a rela\u00e7\u00e3o do paciente com a doen\u00e7a e com processo de adoecimento.<\/p>\n<p>Dessa forma, algumas perguntas chaves que podem ser usadas s\u00e3o: Como posso te ajudar hoje? O que te preocupa? Ou, O que preocupa mais voc\u00ea.<\/p>\n<p>A partir disso obter\u00e1 o conte\u00fado do<strong> acr\u00f4nimo SIFE:<\/strong><\/p>\n<ul style=\"font-size: 16px; background-color: #ffffff;\">\n<li style=\"font-size: 16px;\"><strong>Sentimentos:<\/strong> Como o paciente se sente em rela\u00e7\u00e3o ao momento que ele est\u00e1 vivenciando agora.<\/li>\n<li style=\"font-size: 16px;\">Ideias: O que o paciente pensa sobre isso, ou as explica\u00e7\u00f5es que ele tem sobre este momento.<\/li>\n<li style=\"font-size: 16px;\">Funcionalidade: O quanto esta quest\u00e3o atual afeta a vida do paciente e as pr\u00e1ticas do seu dia a dia?<\/li>\n<li style=\"font-size: 16px;\">Expectativas: O que o paciente espera da consulta, do m\u00e9dico e do servi\u00e7o em que est\u00e1 sendo atendido.<\/li>\n<\/ul>\n<h2 style=\"font-family: Poppins, sans-serif; color: #7a7a7a;\"><span class=\"ez-toc-section\" id=\"MCCP_Entendendo_a_Pessoa_com_um_todo\"><\/span><strong>MCCP:\u00a0Entendendo a Pessoa com um todo<\/strong><span class=\"ez-toc-section-end\"><\/span><\/h2>\n<p>Neste passo, h\u00e1 a busca de entender o\u00a0indiv\u00edduo, a fam\u00edlia e o contexto\u00a0em que ele vive:<\/p>\n<ul style=\"font-size: 16px; background-color: #ffffff;\">\n<li style=\"font-size: 16px;\">Em que fase da vida paciente se encontra?<\/li>\n<li style=\"font-size: 16px;\">Qual o contexto social, habitacional e trabalhista que o envolve?<\/li>\n<li style=\"font-size: 16px;\">Quais s\u00e3o as responsabilidades da fam\u00edlia e de cada pessoa nessa fase da vida?<\/li>\n<li style=\"font-size: 16px;\">Como a doen\u00e7a t\u00e1 afetando a vida de cada integrante da fam\u00edlia?<\/li>\n<li style=\"font-size: 16px;\">Quais as doen\u00e7as existentes na fam\u00edlia?<\/li>\n<li style=\"font-size: 16px;\">Como a fam\u00edlia lidou com outras doen\u00e7as no passado?<\/li>\n<li style=\"font-size: 16px;\">Quais s\u00e3o as cren\u00e7as do paciente e o quanto elas influenciam no seu relacionamento com a sa\u00fade-doen\u00e7a?<\/li>\n<\/ul>\n<p>Desse modo, se pud\u00e9ssemos resumir esse passo em uma palavra seria <strong style=\"color: var( --e-global-color-text ); font-family: var( --e-global-typography-text-font-family ), Sans-serif;\">integralidade.<\/strong> As informa\u00e7\u00f5es sobre o ciclo vital da pessoal e da fam\u00edlia pode ser representado por um genograma.<\/p>\n<p><a href=\"https:\/\/www.grupomedcof.com.br\/blog\/qbank-medcof\/\" target=\"_blank\" rel=\"noopener\"><br \/>\n<img loading=\"lazy\" decoding=\"async\" src=\"https:\/\/www.grupomedcof.com.br\/blog\/wp-content\/uploads\/2023\/07\/Blog-MedCof-2023-07-06T091657.858-1024x164.png\" sizes=\"auto, (max-width: 800px) 100vw, 800px\" srcset=\"https:\/\/www.grupomedcof.com.br\/blog\/wp-content\/uploads\/2023\/07\/Blog-MedCof-2023-07-06T091657.858-1024x164.png 1024w, https:\/\/www.grupomedcof.com.br\/blog\/wp-content\/uploads\/2023\/07\/Blog-MedCof-2023-07-06T091657.858-300x48.png 300w, https:\/\/www.grupomedcof.com.br\/blog\/wp-content\/uploads\/2023\/07\/Blog-MedCof-2023-07-06T091657.858-768x123.png 768w, https:\/\/www.grupomedcof.com.br\/blog\/wp-content\/uploads\/2023\/07\/Blog-MedCof-2023-07-06T091657.858-1536x246.png 1536w, https:\/\/www.grupomedcof.com.br\/blog\/wp-content\/uploads\/2023\/07\/Blog-MedCof-2023-07-06T091657.858-2048x327.png 2048w\" alt=\"medcof qbank, medcof aulas, grupo medcof, aulas medcof, qbank, banco de questoes medcof, medcof banco de questoes\" width=\"800\" height=\"128\" \/> <\/a><\/p>\n<h2 style=\"font-family: Poppins, sans-serif; color: #7a7a7a;\"><span class=\"ez-toc-section\" id=\"Elabore_um_plano_conjunto_de_manejo_dos_problemas\"><\/span>Elabore um plano conjunto de manejo dos problemas<span class=\"ez-toc-section-end\"><\/span><\/h2>\n<p>Essa \u00e9 uma das estrat\u00e9gias utilizadas para\u00a0lidar com a n\u00e3o ades\u00e3o do paciente\u00a0\u00e0s pr\u00e1ticas de cuidados propostas, por isso, nesta etapa h\u00e1 um enfoque para criar esse plano de cuidado de forma conjunta e pactuada.<\/p>\n<p>Sendo assim, o MCCP coloca as seguintes necessidades:<\/p>\n<ul style=\"font-size: 16px; background-color: #ffffff;\">\n<li style=\"font-size: 16px;\">Definir problema conjuntamente\n<ul style=\"font-size: 16px;\">\n<li style=\"font-size: 16px;\">Dar diagn\u00f3stico<\/li>\n<li style=\"font-size: 16px;\">Explicar condi\u00e7\u00e3o<\/li>\n<li style=\"font-size: 16px;\">Tranquilizar em rela\u00e7\u00e3o a temores ou d\u00favidas<\/li>\n<\/ul>\n<\/li>\n<li style=\"font-size: 16px;\">Elencar metas e prioridades\n<ul style=\"font-size: 16px;\">\n<li style=\"font-size: 16px;\">Momento adequado;<\/li>\n<li style=\"font-size: 16px;\">Encorajar participa\u00e7\u00e3o;<\/li>\n<li style=\"font-size: 16px;\">Confirmar concord\u00e2ncia;<\/li>\n<li style=\"font-size: 16px;\">Garantir continuidade de cuidado;<\/li>\n<\/ul>\n<\/li>\n<li style=\"font-size: 16px;\">Identificar pap\u00e9is\n<ul style=\"font-size: 16px;\">\n<li style=\"font-size: 16px;\">Pactua\u00e7\u00e3o de pap\u00e9is do m\u00e9dico e paciente, al\u00e9m de outras pessoas, como demais integrantes da equipe, familiares e cuidadores;<\/li>\n<li style=\"font-size: 16px;\">O Projeto Terap\u00eautico Singular pode ser aplicado aqui.<\/li>\n<\/ul>\n<\/li>\n<\/ul>\n<h2 style=\"font-family: Poppins, sans-serif; color: #7a7a7a;\"><span class=\"ez-toc-section\" id=\"Passos_do_MCCP_Intensificando_a_relacao_medico-paciente\"><\/span><strong>Passos do MCCP: Intensificando a rela\u00e7\u00e3o m\u00e9dico-paciente<\/strong><span class=\"ez-toc-section-end\"><\/span><\/h2>\n<p>Por fim, este passo se refere ao relacionamento terap\u00eautico, sendo estabelecido, primordialmente na continuidade do cuidado. Para isso, o MCCP coloca alguma habilidades necess\u00e1rias ao m\u00e9dico:<\/p>\n<ul style=\"font-size: 16px; background-color: #ffffff;\">\n<li style=\"font-size: 16px;\">Escuta ativa, sabendo direcionar o di\u00e1logo de forma objetiva e respeitosa;<\/li>\n<li style=\"font-size: 16px;\">Limitar o tempo da consulta (mas garantir continuidade);<\/li>\n<li style=\"font-size: 16px;\">Ser franco e leal;<\/li>\n<li style=\"font-size: 16px;\">Dar autonomia ao paciente;<\/li>\n<li style=\"font-size: 16px;\">Agir com longitudinalidade;<\/li>\n<li style=\"font-size: 16px;\">Envolver pessoas da fam\u00edlia;<\/li>\n<\/ul>\n<p>Al\u00e9m disso, estudos recentes apontam que a utiliza\u00e7\u00e3o dos passos do MCCP permite que os pacientes estejam <strong>mais satisfeitos com o cuidado, al\u00e9m de mais aderentes as propostas terap\u00eauticas.<\/strong>\u00a0Portanto, permite eles eles possuam melhores resultados de sa\u00fade.<\/p>\n<p>Entretanto, se voc\u00ea ainda tem d\u00favidas de como organizar isso na pr\u00e1tica cl\u00ednica, Wenceslau et al. (2020) elaborou um<a href=\"https:\/\/rbmfc.org.br\/rbmfc\/article\/view\/2154\/1529\" target=\"_blank\" rel=\"noopener\">\u00a0<strong>roteiro de entrevista clinica<\/strong><\/a>\u00a0centrada no MCCP.<\/p>\n<h2 style=\"font-family: Poppins, sans-serif; color: #7a7a7a;\"><span class=\"ez-toc-section\" id=\"Conquiste_a_aprovacao\"><\/span><strong>Conquiste a aprova\u00e7\u00e3o!<\/strong><span class=\"ez-toc-section-end\"><\/span><\/h2>\n<p>As provas de resid\u00eancia est\u00e3o cada vez mais perto! Se voc\u00ea quer<a href=\"https:\/\/www.grupomedcof.com.br\/blog\/presenca-da-medcof-nas-aprovacoes-em-residencia-medica-no-brasil\/\" target=\"_blank\" rel=\"noopener\">\u00a0<strong>ser mais\u00a0um aprovado<\/strong>\u00a0<\/a>nas melhores resid\u00eancias m\u00e9dicas do pa\u00eds, ent\u00e3o conhe\u00e7a o<a href=\"https:\/\/www.grupomedcof.com.br\/\" target=\"_blank\" rel=\"noopener\">\u00a0<strong>Grupo\u00a0MedCof<\/strong><\/a>! Temos um cat\u00e1logo repleto de cursos que te guiar\u00e3o na jornada para as provas de Resid\u00eancia M\u00e9dica que ocorrer\u00e3o em 2023!<br \/>\n<a href=\"https:\/\/www.grupomedcof.com.br\/blog\/hiit-medcof-o-curso-intensivo-para-residencia-medica\/\" target=\"_blank\" rel=\"noopener\"><br \/>\n<img loading=\"lazy\" decoding=\"async\" src=\"https:\/\/www.grupomedcof.com.br\/blog\/wp-content\/uploads\/2023\/07\/Blog-MedCof-2023-07-12T140023.403-1024x273.png\" sizes=\"auto, (max-width: 800px) 100vw, 800px\" srcset=\"https:\/\/www.grupomedcof.com.br\/blog\/wp-content\/uploads\/2023\/07\/Blog-MedCof-2023-07-12T140023.403-1024x273.png 1024w, https:\/\/www.grupomedcof.com.br\/blog\/wp-content\/uploads\/2023\/07\/Blog-MedCof-2023-07-12T140023.403-300x80.png 300w, https:\/\/www.grupomedcof.com.br\/blog\/wp-content\/uploads\/2023\/07\/Blog-MedCof-2023-07-12T140023.403-768x205.png 768w, https:\/\/www.grupomedcof.com.br\/blog\/wp-content\/uploads\/2023\/07\/Blog-MedCof-2023-07-12T140023.403-1536x410.png 1536w, https:\/\/www.grupomedcof.com.br\/blog\/wp-content\/uploads\/2023\/07\/Blog-MedCof-2023-07-12T140023.403-2048x546.png 2048w\" alt=\"medcof residencia medica, curso Intensivo para Resid\u00eancia M\u00e9dica, curso para resid\u00eancia m\u00e9dica, medcof hiit, aulas medcof,\" width=\"800\" height=\"213\" \/> <\/a><\/p>\n<h2><span class=\"ez-toc-section\" id=\"Saiba_mais_sobre_o_assunto\"><\/span><strong>Saiba mais sobre o assunto<\/strong><span class=\"ez-toc-section-end\"><\/span><\/h2>\n<p>Confira abaixo nossa\u00a0<a href=\"https:\/\/youtu.be\/TJHQp2FK04E?si=iAuMciAmotsoAjK2\"><strong>aula completa<\/strong><\/a>\u00a0sobre o assunto!<\/p>\n<p><iframe loading=\"lazy\" title=\"Como Funciona o M\u00e9todo Cl\u00ednico Centrado na Pessoa? Saiba Tudo! Com Dr. Carlos Rafael\" width=\"696\" height=\"392\" src=\"https:\/\/www.youtube.com\/embed\/TJHQp2FK04E?feature=oembed\" frameborder=\"0\" allow=\"accelerometer; autoplay; clipboard-write; encrypted-media; gyroscope; picture-in-picture; web-share\" referrerpolicy=\"strict-origin-when-cross-origin\" allowfullscreen><\/iframe><\/p>\n<h2><span class=\"ez-toc-section\" id=\"HIIT_MedCof\"><\/span><strong style=\"color: inherit; font-family: inherit; font-size: 2rem;\">HIIT MedCof<\/strong><span class=\"ez-toc-section-end\"><\/span><\/h2>\n<p>Mas, se voc\u00ea \u00e9 novo por aqui, que tal conferir a\u00a0<strong><a href=\"https:\/\/www.grupomedcof.com.br\/blog\/semana-hiit-como-se-preparar-para-a-residencia-medica\/\" target=\"_blank\" rel=\"noopener\">Semana HIIT<\/a><\/strong>? Este foi um evento 100% gratuito e online que te permitir\u00e1 conhecer um pouco do nosso m\u00e9todo de ensino que te passa todo conte\u00fado cobrado nas provas em apenas 12 semanas!<\/p>\n<p>Todas as aulas j\u00e1 est\u00e3o dispon\u00edveis no nosso canal do Youtube, assim voc\u00ea poder\u00e1 conhecer um pouco do que o nosso\u00a0<strong><a href=\"https:\/\/www.grupomedcof.com.br\/blog\/hiit-medcof-o-curso-intensivo-para-residencia-medica\/\" target=\"_blank\" rel=\"noopener\">curso intensivo<\/a><\/strong>\u00a0para resid\u00eancia m\u00e9dica pode te oferecer. Veja o que alguns dos nossos aprovados t\u00eam a dizer sobre a experi\u00eancia deles com o Grupo MedCof.<\/p>\n","protected":false},"excerpt":{"rendered":"<p>Voc\u00ea conhece os passos do MCCP? O M\u00e9todo Cl\u00ednico Centrado na Pessoa (MCCP) \u00e9 uma abordagem que valoriza a rela\u00e7\u00e3o m\u00e9dico-paciente e busca compreender as necessidades individuais de cada pessoa, voc\u00ea sabe como aplic\u00e1-lo? <\/p>\n","protected":false},"author":10,"featured_media":9681,"comment_status":"open","ping_status":"open","sticky":false,"template":"","format":"standard","meta":{"footnotes":""},"categories":[197],"tags":[199,251],"ppma_author":[3613],"class_list":{"0":"post-9677","1":"post","2":"type-post","3":"status-publish","4":"format-standard","5":"has-post-thumbnail","7":"category-preventiva","8":"tag-preventiva","9":"tag-saude-de-familia"},"yoast_head":"<!-- This site is optimized with the Yoast SEO Premium plugin v24.3 (Yoast SEO v27.4) - https:\/\/yoast.com\/product\/yoast-seo-premium-wordpress\/ -->\n<title>Voc\u00ea conhece os passos do MCCP? - Blog de Medcof: conte\u00fados, editais, revalida e mais!<\/title>\n<meta name=\"description\" content=\"Voc\u00ea conhece os passos do MCCP? O M\u00e9todo Cl\u00ednico Centrado na Pessoa \u00e9 uma abordagem que valoriza a rela\u00e7\u00e3o m\u00e9dico-paciente...\" \/>\n<meta name=\"robots\" content=\"index, follow, max-snippet:-1, max-image-preview:large, max-video-preview:-1\" \/>\n<link rel=\"canonical\" href=\"https:\/\/www.grupomedcof.com.br\/blog\/voce-conhece-os-passos-do-mccp\/\" \/>\n<meta property=\"og:locale\" content=\"pt_BR\" \/>\n<meta property=\"og:type\" content=\"article\" \/>\n<meta property=\"og:title\" content=\"Voc\u00ea conhece os passos do MCCP?\" \/>\n<meta property=\"og:description\" content=\"Voc\u00ea conhece os passos do MCCP? O M\u00e9todo Cl\u00ednico Centrado na Pessoa \u00e9 uma abordagem que valoriza a rela\u00e7\u00e3o m\u00e9dico-paciente...\" \/>\n<meta property=\"og:url\" content=\"https:\/\/www.grupomedcof.com.br\/blog\/voce-conhece-os-passos-do-mccp\/\" \/>\n<meta property=\"og:site_name\" content=\"Blog de Medcof: conte\u00fados, editais, revalida e mais!\" \/>\n<meta property=\"article:publisher\" content=\"https:\/\/www.facebook.com\/MedCofQbank\/\" \/>\n<meta property=\"article:published_time\" content=\"2023-08-01T12:08:03+00:00\" \/>\n<meta property=\"article:modified_time\" content=\"2024-12-03T20:20:47+00:00\" \/>\n<meta property=\"og:image\" content=\"https:\/\/www.grupomedcof.com.br\/blog\/wp-content\/uploads\/2023\/07\/Blog-MedCof-2023-07-31T143812.560-1024x576.png\" \/>\n\t<meta property=\"og:image:width\" content=\"1024\" \/>\n\t<meta property=\"og:image:height\" content=\"576\" \/>\n\t<meta property=\"og:image:type\" content=\"image\/png\" \/>\n<meta name=\"author\" content=\"Grupo MedCof\" \/>\n<meta name=\"twitter:card\" content=\"summary_large_image\" \/>\n<meta name=\"twitter:label1\" content=\"Escrito por\" \/>\n\t<meta name=\"twitter:data1\" content=\"Grupo MedCof\" \/>\n\t<meta name=\"twitter:label2\" content=\"Est. tempo de leitura\" \/>\n\t<meta name=\"twitter:data2\" content=\"6 minutos\" \/>\n<script type=\"application\/ld+json\" class=\"yoast-schema-graph\">{\"@context\":\"https:\\\/\\\/schema.org\",\"@graph\":[{\"@type\":\"Article\",\"@id\":\"https:\\\/\\\/www.grupomedcof.com.br\\\/blog\\\/voce-conhece-os-passos-do-mccp\\\/#article\",\"isPartOf\":{\"@id\":\"https:\\\/\\\/www.grupomedcof.com.br\\\/blog\\\/voce-conhece-os-passos-do-mccp\\\/\"},\"author\":{\"name\":\"Grupo MedCof\",\"@id\":\"https:\\\/\\\/www.grupomedcof.com.br\\\/blog\\\/#\\\/schema\\\/person\\\/5e56a3921255c01181f3d8c20d53f9c0\"},\"headline\":\"Voc\u00ea conhece os passos do MCCP?\",\"datePublished\":\"2023-08-01T12:08:03+00:00\",\"dateModified\":\"2024-12-03T20:20:47+00:00\",\"mainEntityOfPage\":{\"@id\":\"https:\\\/\\\/www.grupomedcof.com.br\\\/blog\\\/voce-conhece-os-passos-do-mccp\\\/\"},\"wordCount\":928,\"commentCount\":0,\"publisher\":{\"@id\":\"https:\\\/\\\/www.grupomedcof.com.br\\\/blog\\\/#organization\"},\"image\":{\"@id\":\"https:\\\/\\\/www.grupomedcof.com.br\\\/blog\\\/voce-conhece-os-passos-do-mccp\\\/#primaryimage\"},\"thumbnailUrl\":\"https:\\\/\\\/www.grupomedcof.com.br\\\/blog\\\/wp-content\\\/uploads\\\/2023\\\/07\\\/Blog-MedCof-2023-07-31T143812.560.png\",\"keywords\":[\"Preventiva\",\"Sa\u00fade de Fam\u00edlia\"],\"articleSection\":[\"Preventiva\"],\"inLanguage\":\"pt-BR\"},{\"@type\":\"WebPage\",\"@id\":\"https:\\\/\\\/www.grupomedcof.com.br\\\/blog\\\/voce-conhece-os-passos-do-mccp\\\/\",\"url\":\"https:\\\/\\\/www.grupomedcof.com.br\\\/blog\\\/voce-conhece-os-passos-do-mccp\\\/\",\"name\":\"Voc\u00ea conhece os passos do MCCP? - Blog de Medcof: conte\u00fados, editais, revalida e mais!\",\"isPartOf\":{\"@id\":\"https:\\\/\\\/www.grupomedcof.com.br\\\/blog\\\/#website\"},\"primaryImageOfPage\":{\"@id\":\"https:\\\/\\\/www.grupomedcof.com.br\\\/blog\\\/voce-conhece-os-passos-do-mccp\\\/#primaryimage\"},\"image\":{\"@id\":\"https:\\\/\\\/www.grupomedcof.com.br\\\/blog\\\/voce-conhece-os-passos-do-mccp\\\/#primaryimage\"},\"thumbnailUrl\":\"https:\\\/\\\/www.grupomedcof.com.br\\\/blog\\\/wp-content\\\/uploads\\\/2023\\\/07\\\/Blog-MedCof-2023-07-31T143812.560.png\",\"datePublished\":\"2023-08-01T12:08:03+00:00\",\"dateModified\":\"2024-12-03T20:20:47+00:00\",\"description\":\"Voc\u00ea conhece os passos do MCCP? O M\u00e9todo Cl\u00ednico Centrado na Pessoa \u00e9 uma abordagem que valoriza a rela\u00e7\u00e3o m\u00e9dico-paciente...\",\"breadcrumb\":{\"@id\":\"https:\\\/\\\/www.grupomedcof.com.br\\\/blog\\\/voce-conhece-os-passos-do-mccp\\\/#breadcrumb\"},\"inLanguage\":\"pt-BR\",\"potentialAction\":[{\"@type\":\"ReadAction\",\"target\":[\"https:\\\/\\\/www.grupomedcof.com.br\\\/blog\\\/voce-conhece-os-passos-do-mccp\\\/\"]}]},{\"@type\":\"ImageObject\",\"inLanguage\":\"pt-BR\",\"@id\":\"https:\\\/\\\/www.grupomedcof.com.br\\\/blog\\\/voce-conhece-os-passos-do-mccp\\\/#primaryimage\",\"url\":\"https:\\\/\\\/www.grupomedcof.com.br\\\/blog\\\/wp-content\\\/uploads\\\/2023\\\/07\\\/Blog-MedCof-2023-07-31T143812.560.png\",\"contentUrl\":\"https:\\\/\\\/www.grupomedcof.com.br\\\/blog\\\/wp-content\\\/uploads\\\/2023\\\/07\\\/Blog-MedCof-2023-07-31T143812.560.png\",\"width\":2560,\"height\":1440,\"caption\":\"Voc\u00ea conhece os passos do MCCP? O M\u00e9todo Cl\u00ednico Centrado na Pessoa \u00e9 uma abordagem que valoriza a rela\u00e7\u00e3o m\u00e9dico-paciente...\"},{\"@type\":\"BreadcrumbList\",\"@id\":\"https:\\\/\\\/www.grupomedcof.com.br\\\/blog\\\/voce-conhece-os-passos-do-mccp\\\/#breadcrumb\",\"itemListElement\":[{\"@type\":\"ListItem\",\"position\":1,\"name\":\"In\u00edcio\",\"item\":\"https:\\\/\\\/www.grupomedcof.com.br\\\/blog\\\/\"},{\"@type\":\"ListItem\",\"position\":2,\"name\":\"Voc\u00ea conhece os passos do MCCP?\"}]},{\"@type\":\"WebSite\",\"@id\":\"https:\\\/\\\/www.grupomedcof.com.br\\\/blog\\\/#website\",\"url\":\"https:\\\/\\\/www.grupomedcof.com.br\\\/blog\\\/\",\"name\":\"Blog de Medcof: conte\u00fados, editais, revalida e mais!\",\"description\":\"Acesso o blog de MedCof! Seu portal de conte\u00fados sobre resid\u00eancia m\u00e9dica, an\u00e1lise e editais e muito mais. Clique e confira!\",\"publisher\":{\"@id\":\"https:\\\/\\\/www.grupomedcof.com.br\\\/blog\\\/#organization\"},\"alternateName\":\"Blog de Medcof: conte\u00fados, editais, revalida e mais!\",\"potentialAction\":[{\"@type\":\"SearchAction\",\"target\":{\"@type\":\"EntryPoint\",\"urlTemplate\":\"https:\\\/\\\/www.grupomedcof.com.br\\\/blog\\\/?s={search_term_string}\"},\"query-input\":{\"@type\":\"PropertyValueSpecification\",\"valueRequired\":true,\"valueName\":\"search_term_string\"}}],\"inLanguage\":\"pt-BR\"},{\"@type\":\"Organization\",\"@id\":\"https:\\\/\\\/www.grupomedcof.com.br\\\/blog\\\/#organization\",\"name\":\"Grupo MedCof\",\"url\":\"https:\\\/\\\/www.grupomedcof.com.br\\\/blog\\\/\",\"logo\":{\"@type\":\"ImageObject\",\"inLanguage\":\"pt-BR\",\"@id\":\"https:\\\/\\\/www.grupomedcof.com.br\\\/blog\\\/#\\\/schema\\\/logo\\\/image\\\/\",\"url\":\"https:\\\/\\\/www.grupomedcof.com.br\\\/blog\\\/wp-content\\\/uploads\\\/2022\\\/01\\\/logo-medcof.png\",\"contentUrl\":\"https:\\\/\\\/www.grupomedcof.com.br\\\/blog\\\/wp-content\\\/uploads\\\/2022\\\/01\\\/logo-medcof.png\",\"width\":768,\"height\":269,\"caption\":\"Grupo MedCof\"},\"image\":{\"@id\":\"https:\\\/\\\/www.grupomedcof.com.br\\\/blog\\\/#\\\/schema\\\/logo\\\/image\\\/\"},\"sameAs\":[\"https:\\\/\\\/www.facebook.com\\\/MedCofQbank\\\/\",\"https:\\\/\\\/www.instagram.com\\\/grupomedcof\\\/\",\"https:\\\/\\\/br.linkedin.com\\\/company\\\/medcof\",\"https:\\\/\\\/www.youtube.com\\\/channel\\\/UCdHMuOHKICxcHwecxN8P-AA\"]},{\"@type\":\"Person\",\"@id\":\"https:\\\/\\\/www.grupomedcof.com.br\\\/blog\\\/#\\\/schema\\\/person\\\/5e56a3921255c01181f3d8c20d53f9c0\",\"name\":\"Grupo MedCof\",\"image\":{\"@type\":\"ImageObject\",\"inLanguage\":\"pt-BR\",\"@id\":\"https:\\\/\\\/www.grupomedcof.com.br\\\/blog\\\/wp-content\\\/uploads\\\/2023\\\/04\\\/cropped-cropped-cropped-cropped-logo-96x96.png28585d174f19c23095510da5f63bc127\",\"url\":\"https:\\\/\\\/www.grupomedcof.com.br\\\/blog\\\/wp-content\\\/uploads\\\/2023\\\/04\\\/cropped-cropped-cropped-cropped-logo-96x96.png\",\"contentUrl\":\"https:\\\/\\\/www.grupomedcof.com.br\\\/blog\\\/wp-content\\\/uploads\\\/2023\\\/04\\\/cropped-cropped-cropped-cropped-logo-96x96.png\",\"caption\":\"Grupo MedCof\"},\"description\":\"Tendo aulas baseadas em quest\u00f5es, + de 115 subespecialistas dispon\u00edveis e uma metodologia \u00fanica, voc\u00ea pode se juntar ao nosso time que conta com mais de 10 mil ...\",\"url\":\"https:\\\/\\\/www.grupomedcof.com.br\\\/blog\\\/author\\\/grupo-medcof\\\/\"}]}<\/script>\n<!-- \/ Yoast SEO Premium plugin. -->","yoast_head_json":{"title":"Voc\u00ea conhece os passos do MCCP? - Blog de Medcof: conte\u00fados, editais, revalida e mais!","description":"Voc\u00ea conhece os passos do MCCP? O M\u00e9todo Cl\u00ednico Centrado na Pessoa \u00e9 uma abordagem que valoriza a rela\u00e7\u00e3o m\u00e9dico-paciente...","robots":{"index":"index","follow":"follow","max-snippet":"max-snippet:-1","max-image-preview":"max-image-preview:large","max-video-preview":"max-video-preview:-1"},"canonical":"https:\/\/www.grupomedcof.com.br\/blog\/voce-conhece-os-passos-do-mccp\/","og_locale":"pt_BR","og_type":"article","og_title":"Voc\u00ea conhece os passos do MCCP?","og_description":"Voc\u00ea conhece os passos do MCCP? O M\u00e9todo Cl\u00ednico Centrado na Pessoa \u00e9 uma abordagem que valoriza a rela\u00e7\u00e3o m\u00e9dico-paciente...","og_url":"https:\/\/www.grupomedcof.com.br\/blog\/voce-conhece-os-passos-do-mccp\/","og_site_name":"Blog de Medcof: conte\u00fados, editais, revalida e mais!","article_publisher":"https:\/\/www.facebook.com\/MedCofQbank\/","article_published_time":"2023-08-01T12:08:03+00:00","article_modified_time":"2024-12-03T20:20:47+00:00","og_image":[{"width":1024,"height":576,"url":"https:\/\/www.grupomedcof.com.br\/blog\/wp-content\/uploads\/2023\/07\/Blog-MedCof-2023-07-31T143812.560-1024x576.png","type":"image\/png"}],"author":"Grupo MedCof","twitter_card":"summary_large_image","twitter_misc":{"Escrito por":"Grupo MedCof","Est. tempo de leitura":"6 minutos"},"schema":{"@context":"https:\/\/schema.org","@graph":[{"@type":"Article","@id":"https:\/\/www.grupomedcof.com.br\/blog\/voce-conhece-os-passos-do-mccp\/#article","isPartOf":{"@id":"https:\/\/www.grupomedcof.com.br\/blog\/voce-conhece-os-passos-do-mccp\/"},"author":{"name":"Grupo MedCof","@id":"https:\/\/www.grupomedcof.com.br\/blog\/#\/schema\/person\/5e56a3921255c01181f3d8c20d53f9c0"},"headline":"Voc\u00ea conhece os passos do MCCP?","datePublished":"2023-08-01T12:08:03+00:00","dateModified":"2024-12-03T20:20:47+00:00","mainEntityOfPage":{"@id":"https:\/\/www.grupomedcof.com.br\/blog\/voce-conhece-os-passos-do-mccp\/"},"wordCount":928,"commentCount":0,"publisher":{"@id":"https:\/\/www.grupomedcof.com.br\/blog\/#organization"},"image":{"@id":"https:\/\/www.grupomedcof.com.br\/blog\/voce-conhece-os-passos-do-mccp\/#primaryimage"},"thumbnailUrl":"https:\/\/www.grupomedcof.com.br\/blog\/wp-content\/uploads\/2023\/07\/Blog-MedCof-2023-07-31T143812.560.png","keywords":["Preventiva","Sa\u00fade de Fam\u00edlia"],"articleSection":["Preventiva"],"inLanguage":"pt-BR"},{"@type":"WebPage","@id":"https:\/\/www.grupomedcof.com.br\/blog\/voce-conhece-os-passos-do-mccp\/","url":"https:\/\/www.grupomedcof.com.br\/blog\/voce-conhece-os-passos-do-mccp\/","name":"Voc\u00ea conhece os passos do MCCP? - Blog de Medcof: conte\u00fados, editais, revalida e mais!","isPartOf":{"@id":"https:\/\/www.grupomedcof.com.br\/blog\/#website"},"primaryImageOfPage":{"@id":"https:\/\/www.grupomedcof.com.br\/blog\/voce-conhece-os-passos-do-mccp\/#primaryimage"},"image":{"@id":"https:\/\/www.grupomedcof.com.br\/blog\/voce-conhece-os-passos-do-mccp\/#primaryimage"},"thumbnailUrl":"https:\/\/www.grupomedcof.com.br\/blog\/wp-content\/uploads\/2023\/07\/Blog-MedCof-2023-07-31T143812.560.png","datePublished":"2023-08-01T12:08:03+00:00","dateModified":"2024-12-03T20:20:47+00:00","description":"Voc\u00ea conhece os passos do MCCP? O M\u00e9todo Cl\u00ednico Centrado na Pessoa \u00e9 uma abordagem que valoriza a rela\u00e7\u00e3o m\u00e9dico-paciente...","breadcrumb":{"@id":"https:\/\/www.grupomedcof.com.br\/blog\/voce-conhece-os-passos-do-mccp\/#breadcrumb"},"inLanguage":"pt-BR","potentialAction":[{"@type":"ReadAction","target":["https:\/\/www.grupomedcof.com.br\/blog\/voce-conhece-os-passos-do-mccp\/"]}]},{"@type":"ImageObject","inLanguage":"pt-BR","@id":"https:\/\/www.grupomedcof.com.br\/blog\/voce-conhece-os-passos-do-mccp\/#primaryimage","url":"https:\/\/www.grupomedcof.com.br\/blog\/wp-content\/uploads\/2023\/07\/Blog-MedCof-2023-07-31T143812.560.png","contentUrl":"https:\/\/www.grupomedcof.com.br\/blog\/wp-content\/uploads\/2023\/07\/Blog-MedCof-2023-07-31T143812.560.png","width":2560,"height":1440,"caption":"Voc\u00ea conhece os passos do MCCP? O M\u00e9todo Cl\u00ednico Centrado na Pessoa \u00e9 uma abordagem que valoriza a rela\u00e7\u00e3o m\u00e9dico-paciente..."},{"@type":"BreadcrumbList","@id":"https:\/\/www.grupomedcof.com.br\/blog\/voce-conhece-os-passos-do-mccp\/#breadcrumb","itemListElement":[{"@type":"ListItem","position":1,"name":"In\u00edcio","item":"https:\/\/www.grupomedcof.com.br\/blog\/"},{"@type":"ListItem","position":2,"name":"Voc\u00ea conhece os passos do MCCP?"}]},{"@type":"WebSite","@id":"https:\/\/www.grupomedcof.com.br\/blog\/#website","url":"https:\/\/www.grupomedcof.com.br\/blog\/","name":"Blog de Medcof: conte\u00fados, editais, revalida e mais!","description":"Acesso o blog de MedCof! Seu portal de conte\u00fados sobre resid\u00eancia m\u00e9dica, an\u00e1lise e editais e muito mais. Clique e confira!","publisher":{"@id":"https:\/\/www.grupomedcof.com.br\/blog\/#organization"},"alternateName":"Blog de Medcof: conte\u00fados, editais, revalida e mais!","potentialAction":[{"@type":"SearchAction","target":{"@type":"EntryPoint","urlTemplate":"https:\/\/www.grupomedcof.com.br\/blog\/?s={search_term_string}"},"query-input":{"@type":"PropertyValueSpecification","valueRequired":true,"valueName":"search_term_string"}}],"inLanguage":"pt-BR"},{"@type":"Organization","@id":"https:\/\/www.grupomedcof.com.br\/blog\/#organization","name":"Grupo MedCof","url":"https:\/\/www.grupomedcof.com.br\/blog\/","logo":{"@type":"ImageObject","inLanguage":"pt-BR","@id":"https:\/\/www.grupomedcof.com.br\/blog\/#\/schema\/logo\/image\/","url":"https:\/\/www.grupomedcof.com.br\/blog\/wp-content\/uploads\/2022\/01\/logo-medcof.png","contentUrl":"https:\/\/www.grupomedcof.com.br\/blog\/wp-content\/uploads\/2022\/01\/logo-medcof.png","width":768,"height":269,"caption":"Grupo MedCof"},"image":{"@id":"https:\/\/www.grupomedcof.com.br\/blog\/#\/schema\/logo\/image\/"},"sameAs":["https:\/\/www.facebook.com\/MedCofQbank\/","https:\/\/www.instagram.com\/grupomedcof\/","https:\/\/br.linkedin.com\/company\/medcof","https:\/\/www.youtube.com\/channel\/UCdHMuOHKICxcHwecxN8P-AA"]},{"@type":"Person","@id":"https:\/\/www.grupomedcof.com.br\/blog\/#\/schema\/person\/5e56a3921255c01181f3d8c20d53f9c0","name":"Grupo MedCof","image":{"@type":"ImageObject","inLanguage":"pt-BR","@id":"https:\/\/www.grupomedcof.com.br\/blog\/wp-content\/uploads\/2023\/04\/cropped-cropped-cropped-cropped-logo-96x96.png28585d174f19c23095510da5f63bc127","url":"https:\/\/www.grupomedcof.com.br\/blog\/wp-content\/uploads\/2023\/04\/cropped-cropped-cropped-cropped-logo-96x96.png","contentUrl":"https:\/\/www.grupomedcof.com.br\/blog\/wp-content\/uploads\/2023\/04\/cropped-cropped-cropped-cropped-logo-96x96.png","caption":"Grupo MedCof"},"description":"Tendo aulas baseadas em quest\u00f5es, + de 115 subespecialistas dispon\u00edveis e uma metodologia \u00fanica, voc\u00ea pode se juntar ao nosso time que conta com mais de 10 mil ...","url":"https:\/\/www.grupomedcof.com.br\/blog\/author\/grupo-medcof\/"}]}},"authors":[{"term_id":3613,"user_id":10,"is_guest":0,"slug":"grupo-medcof","display_name":"Grupo MedCof","avatar_url":"https:\/\/www.grupomedcof.com.br\/blog\/wp-content\/uploads\/2023\/04\/cropped-cropped-cropped-cropped-logo-96x96.png","0":null,"1":"","2":"","3":"","4":"","5":"","6":"","7":"","8":""}],"_links":{"self":[{"href":"https:\/\/www.grupomedcof.com.br\/blog\/wp-json\/wp\/v2\/posts\/9677","targetHints":{"allow":["GET"]}}],"collection":[{"href":"https:\/\/www.grupomedcof.com.br\/blog\/wp-json\/wp\/v2\/posts"}],"about":[{"href":"https:\/\/www.grupomedcof.com.br\/blog\/wp-json\/wp\/v2\/types\/post"}],"author":[{"embeddable":true,"href":"https:\/\/www.grupomedcof.com.br\/blog\/wp-json\/wp\/v2\/users\/10"}],"replies":[{"embeddable":true,"href":"https:\/\/www.grupomedcof.com.br\/blog\/wp-json\/wp\/v2\/comments?post=9677"}],"version-history":[{"count":0,"href":"https:\/\/www.grupomedcof.com.br\/blog\/wp-json\/wp\/v2\/posts\/9677\/revisions"}],"wp:featuredmedia":[{"embeddable":true,"href":"https:\/\/www.grupomedcof.com.br\/blog\/wp-json\/wp\/v2\/media\/9681"}],"wp:attachment":[{"href":"https:\/\/www.grupomedcof.com.br\/blog\/wp-json\/wp\/v2\/media?parent=9677"}],"wp:term":[{"taxonomy":"category","embeddable":true,"href":"https:\/\/www.grupomedcof.com.br\/blog\/wp-json\/wp\/v2\/categories?post=9677"},{"taxonomy":"post_tag","embeddable":true,"href":"https:\/\/www.grupomedcof.com.br\/blog\/wp-json\/wp\/v2\/tags?post=9677"},{"taxonomy":"author","embeddable":true,"href":"https:\/\/www.grupomedcof.com.br\/blog\/wp-json\/wp\/v2\/ppma_author?post=9677"}],"curies":[{"name":"wp","href":"https:\/\/api.w.org\/{rel}","templated":true}]}}