{"id":9695,"date":"2023-08-01T09:03:33","date_gmt":"2023-08-01T12:03:33","guid":{"rendered":"https:\/\/www.grupomedcof.com.br\/blog\/?p=9695"},"modified":"2023-08-01T09:03:33","modified_gmt":"2023-08-01T12:03:33","slug":"prova-teorica-surce-2024-data-confirmada","status":"publish","type":"post","link":"https:\/\/www.grupomedcof.com.br\/blog\/prova-teorica-surce-2024-data-confirmada\/","title":{"rendered":"Prova Te\u00f3rica SURCE 2024: Data confirmada"},"content":{"rendered":"<div id=\"ez-toc-container\" class=\"ez-toc-v2_0_74 counter-hierarchy ez-toc-counter ez-toc-transparent ez-toc-container-direction\">\n<div class=\"ez-toc-title-container\">\n<p class=\"ez-toc-title\" style=\"cursor:inherit\">Sum\u00e1rio<\/p>\n<span class=\"ez-toc-title-toggle\"><a href=\"#\" class=\"ez-toc-pull-right ez-toc-btn ez-toc-btn-xs ez-toc-btn-default ez-toc-toggle\" aria-label=\"Alternar tabela de conte\u00fado\"><span class=\"ez-toc-js-icon-con\"><span class=\"\"><span class=\"eztoc-hide\" style=\"display:none;\">Toggle<\/span><span class=\"ez-toc-icon-toggle-span\"><svg style=\"fill: #999;color:#999\" xmlns=\"http:\/\/www.w3.org\/2000\/svg\" class=\"list-377408\" width=\"20px\" height=\"20px\" viewBox=\"0 0 24 24\" fill=\"none\"><path d=\"M6 6H4v2h2V6zm14 0H8v2h12V6zM4 11h2v2H4v-2zm16 0H8v2h12v-2zM4 16h2v2H4v-2zm16 0H8v2h12v-2z\" fill=\"currentColor\"><\/path><\/svg><svg style=\"fill: #999;color:#999\" class=\"arrow-unsorted-368013\" xmlns=\"http:\/\/www.w3.org\/2000\/svg\" width=\"10px\" height=\"10px\" viewBox=\"0 0 24 24\" version=\"1.2\" baseProfile=\"tiny\"><path d=\"M18.2 9.3l-6.2-6.3-6.2 6.3c-.2.2-.3.4-.3.7s.1.5.3.7c.2.2.4.3.7.3h11c.3 0 .5-.1.7-.3.2-.2.3-.5.3-.7s-.1-.5-.3-.7zM5.8 14.7l6.2 6.3 6.2-6.3c.2-.2.3-.5.3-.7s-.1-.5-.3-.7c-.2-.2-.4-.3-.7-.3h-11c-.3 0-.5.1-.7.3-.2.2-.3.5-.3.7s.1.5.3.7z\"\/><\/svg><\/span><\/span><\/span><\/a><\/span><\/div>\n<nav><ul class='ez-toc-list ez-toc-list-level-1 ' ><li class='ez-toc-page-1 ez-toc-heading-level-2'><a class=\"ez-toc-link ez-toc-heading-1\" href=\"https:\/\/www.grupomedcof.com.br\/blog\/prova-teorica-surce-2024-data-confirmada\/#Confira_a_seguir\" >Confira a seguir<\/a><\/li><li class='ez-toc-page-1 ez-toc-heading-level-2'><a class=\"ez-toc-link ez-toc-heading-2\" href=\"https:\/\/www.grupomedcof.com.br\/blog\/prova-teorica-surce-2024-data-confirmada\/#SURCE_2024_Data_da_Prova_Teorica_confirmada\" >SURCE 2024: Data da Prova Te\u00f3rica confirmada<\/a><\/li><li class='ez-toc-page-1 ez-toc-heading-level-2'><a class=\"ez-toc-link ez-toc-heading-3\" href=\"https:\/\/www.grupomedcof.com.br\/blog\/prova-teorica-surce-2024-data-confirmada\/#Sobre_a_SURCE\" >Sobre a SURCE<\/a><\/li><li class='ez-toc-page-1 ez-toc-heading-level-2'><a class=\"ez-toc-link ez-toc-heading-4\" href=\"https:\/\/www.grupomedcof.com.br\/blog\/prova-teorica-surce-2024-data-confirmada\/#SURCE_2023\" >SURCE 2023<\/a><\/li><li class='ez-toc-page-1 ez-toc-heading-level-2'><a class=\"ez-toc-link ez-toc-heading-5\" href=\"https:\/\/www.grupomedcof.com.br\/blog\/prova-teorica-surce-2024-data-confirmada\/#Analise_curricular\" >An\u00e1lise curricular<\/a><\/li><li class='ez-toc-page-1 ez-toc-heading-level-2'><a class=\"ez-toc-link ez-toc-heading-6\" href=\"https:\/\/www.grupomedcof.com.br\/blog\/prova-teorica-surce-2024-data-confirmada\/#Conquiste_a_aprovacao\" >Conquiste a aprova\u00e7\u00e3o!<\/a><\/li><li class='ez-toc-page-1 ez-toc-heading-level-2'><a class=\"ez-toc-link ez-toc-heading-7\" href=\"https:\/\/www.grupomedcof.com.br\/blog\/prova-teorica-surce-2024-data-confirmada\/#HIIT_MedCof\" >HIIT MedCof<\/a><\/li><\/ul><\/nav><\/div>\n<p><img loading=\"lazy\" decoding=\"async\" width=\"800\" height=\"450\" src=\"https:\/\/www.grupomedcof.com.br\/blog\/wp-content\/uploads\/2023\/08\/Blog-MedCof-13-1024x576.png\" alt=\"surce, surce 2024, edital surce, surce residencia medica, ares surce, prova surce 2024, surce 2024 prova, data da prova da surce 2024\" srcset=\"https:\/\/www.grupomedcof.com.br\/blog\/wp-content\/uploads\/2023\/08\/Blog-MedCof-13-1024x576.png 1024w, https:\/\/www.grupomedcof.com.br\/blog\/wp-content\/uploads\/2023\/08\/Blog-MedCof-13-300x169.png 300w, https:\/\/www.grupomedcof.com.br\/blog\/wp-content\/uploads\/2023\/08\/Blog-MedCof-13-768x432.png 768w, https:\/\/www.grupomedcof.com.br\/blog\/wp-content\/uploads\/2023\/08\/Blog-MedCof-13-1536x864.png 1536w, https:\/\/www.grupomedcof.com.br\/blog\/wp-content\/uploads\/2023\/08\/Blog-MedCof-13-2048x1152.png 2048w\" sizes=\"auto, (max-width: 800px) 100vw, 800px\" \/>\t\t\t\t\t\t\t\t\t\t\t\t\t\t\t<\/p>\n<p>Data de aplica\u00e7\u00e3o da prova te\u00f3rica da<b> SURCE 2024 <\/b>\u00e9 confirmada para o dia\u00a002 de novembro de 2023. J\u00e1 os editais contendo mais informa\u00e7\u00f5es est\u00e3o previstos para o final de agosto.<\/p>\n<h2><span class=\"ez-toc-section\" id=\"Confira_a_seguir\"><\/span>\n\t\t\t\tConfira a seguir\t\t\t<span class=\"ez-toc-section-end\"><\/span><\/h2>\n<h2 style=\"font-family: Poppins, sans-serif; color: #7a7a7a;\"><span class=\"ez-toc-section\" id=\"SURCE_2024_Data_da_Prova_Teorica_confirmada\"><\/span>SURCE 2024: Data da Prova Te\u00f3rica confirmada<span class=\"ez-toc-section-end\"><\/span><\/h2>\n<p>Por meio de comunicado dispon\u00edvel da\u00a0<strong><a href=\"https:\/\/www.resmedceara.ufc.br\/ares\/processo_seletivo\/comunicado-5\" target=\"_blank\" rel=\"nofollow noopener\">plataforma Ares<\/a><\/strong>, o Coordenador Geral do Processo Seletivo para Resid\u00eancia M\u00e9dica, Multiprofissional e em \u00e1rea profissional da Sa\u00fade do Estado do Cear\u00e1 (SURCE), confirmou a data para realiza\u00e7\u00e3o da prova te\u00f3rica da SURCE 2024.<\/p>\n<p>\u00a0<\/p>\n<p>Dessa forma, a data prevista para aplica\u00e7\u00e3o da prova te\u00f3rica se mant\u00e9m a mesma da\u00a0<a href=\"https:\/\/www.grupomedcof.com.br\/blog\/residencia-medica-surce-2023-2\/\" target=\"_blank\" rel=\"noopener\">\u00faltima edi\u00e7\u00e3o<\/a>, definida para o dia 02 de novembro de 2023,\u00a0feriado de finados.<\/p>\n<p>Al\u00e9m disso, tamb\u00e9m confirmou-se a data de divulga\u00e7\u00e3o dos editais para o final deste m\u00eas. Mas, enquanto os editais n\u00e3o est\u00e3o dispon\u00edveis, que tal relembrar como foi a SURCE 2023?<\/p>\n<p>\t\t\t\t\t\t\t\t\t\t\t\t\t\t\t\t<a href=\"https:\/\/www.grupomedcof.com.br\/links-hiit-2023\/\" target=\"_blank\" rel=\"noopener\"><br \/>\n\t\t\t\t\t\t\t<img loading=\"lazy\" decoding=\"async\" width=\"800\" height=\"150\" src=\"https:\/\/www.grupomedcof.com.br\/blog\/wp-content\/uploads\/2023\/07\/Captura-de-tela-2023-07-12-130003-1024x192.png\" alt=\"medcof residencia medica, curso Intensivo para Resid\u00eancia M\u00e9dica, curso para resid\u00eancia m\u00e9dica, medcof hiit, aulas medcof,\" srcset=\"https:\/\/www.grupomedcof.com.br\/blog\/wp-content\/uploads\/2023\/07\/Captura-de-tela-2023-07-12-130003-1024x192.png 1024w, https:\/\/www.grupomedcof.com.br\/blog\/wp-content\/uploads\/2023\/07\/Captura-de-tela-2023-07-12-130003-300x56.png 300w, https:\/\/www.grupomedcof.com.br\/blog\/wp-content\/uploads\/2023\/07\/Captura-de-tela-2023-07-12-130003-768x144.png 768w, https:\/\/www.grupomedcof.com.br\/blog\/wp-content\/uploads\/2023\/07\/Captura-de-tela-2023-07-12-130003.png 1422w\" sizes=\"auto, (max-width: 800px) 100vw, 800px\" \/>\t\t\t\t\t\t\t\t<\/a><\/p>\n<h2 style=\"font-family: Poppins, sans-serif; color: #7a7a7a;\"><span class=\"ez-toc-section\" id=\"Sobre_a_SURCE\"><\/span><strong>Sobre a SURCE<\/strong><span class=\"ez-toc-section-end\"><\/span><\/h2>\n<p>A\u00a0SURCE, tamb\u00e9m conhecida como\u00a0<em>PSU-CE,<\/em>\u00a0em parceria com outras institui\u00e7\u00f5es busca aprimorar os os processos seletivos para a\u00a0Resid\u00eancia M\u00e9dica no Estado do Cear\u00e1.\u00a0Sendo assim,\u00a0intuito \u00e9 torn\u00e1-los mais acess\u00edveis, objetivos e personalizados para os candidatos.<\/p>\n<p>\u00a0<\/p>\n<p>Para isso, procura-se garantir que os m\u00e9dicos em forma\u00e7\u00e3o tenham oportunidade de aprimorar suas habilidades e conhecimentos, contribuindo assim para a melhoria da sa\u00fade da popula\u00e7\u00e3o cearense.<\/p>\n<p>Desse modo, atualmente SURCE conta com\u00a025 institui\u00e7\u00f5es participantes,\u00a0entre elas podemos citar:<\/p>\n<p>\u00a0<\/p>\n<ul style=\"font-size: 16px; background-color: #ffffff;\">\n<li style=\"font-size: 16px;\">Instituto do C\u00e2ncer do Cear\u00e1, Escola Cearense de Oncologia \u2013 ECO \/ICC;<\/li>\n<li style=\"font-size: 16px;\">Hospital Infantil Albert Sabin;<\/li>\n<li style=\"font-size: 16px;\">Hospital Universit\u00e1rio Walter Cant\u00eddio \u2013 HUWC UFC \u2013 UFC;<\/li>\n<li style=\"font-size: 16px;\">Universidade Federal do Cear\u00e1 \u2013 Sobral \u2013 SCMS;<\/li>\n<li style=\"font-size: 16px;\">Santa Casa de Miseric\u00f3rdia de Fortaleza;<\/li>\n<li style=\"font-size: 16px;\">Hospital Geral de Fortaleza;<\/li>\n<li style=\"font-size: 16px;\">Instituto Doutor Jos\u00e9 Frota \u2013 Fortaleza \u2013 SMS \u2013 Fortaleza;<\/li>\n<li style=\"font-size: 16px;\">Hospital Geral Dr. C\u00e9sar Cals;<\/li>\n<li style=\"font-size: 16px;\">Universidade de Fortaleza (UNIFOR);<\/li>\n<li style=\"font-size: 16px;\">ESP\/REDE;<\/li>\n<li style=\"font-size: 16px;\">Universidade Federal do Cariri \u2013 Barbalha\/Cariri\u2013 Barbalha\/ Cariri;<\/li>\n<\/ul>\n<p>Al\u00e9m disso, a&nbsp;SURCE&nbsp;tamb\u00e9m conta com o apoio da Escola de Sa\u00fade do Estado do Cear\u00e1, a Secretaria de Sa\u00fade do Munic\u00edpio de Fortaleza e com&nbsp;entidades p\u00fablicas e privadas, como&nbsp;escolas m\u00e9dicas e hospitais no interior e na capital do estado.<\/p>\n<p>\t\t\t\t\t\t\t\t\t\t\t\t\t\t\t\t<a href=\"https:\/\/www.grupomedcof.com.br\/blog\/qbank-medcof\/\" target=\"_blank\" rel=\"noopener\"><br \/>\n\t\t\t\t\t\t\t<img loading=\"lazy\" decoding=\"async\" width=\"800\" height=\"128\" src=\"https:\/\/www.grupomedcof.com.br\/blog\/wp-content\/uploads\/2023\/07\/Blog-MedCof-2023-07-06T091657.858-1024x164.png\" alt=\"medcof qbank, medcof aulas, grupo medcof, aulas medcof, qbank, banco de questoes medcof, medcof banco de questoes\" srcset=\"https:\/\/www.grupomedcof.com.br\/blog\/wp-content\/uploads\/2023\/07\/Blog-MedCof-2023-07-06T091657.858-1024x164.png 1024w, https:\/\/www.grupomedcof.com.br\/blog\/wp-content\/uploads\/2023\/07\/Blog-MedCof-2023-07-06T091657.858-300x48.png 300w, https:\/\/www.grupomedcof.com.br\/blog\/wp-content\/uploads\/2023\/07\/Blog-MedCof-2023-07-06T091657.858-768x123.png 768w, https:\/\/www.grupomedcof.com.br\/blog\/wp-content\/uploads\/2023\/07\/Blog-MedCof-2023-07-06T091657.858-1536x246.png 1536w, https:\/\/www.grupomedcof.com.br\/blog\/wp-content\/uploads\/2023\/07\/Blog-MedCof-2023-07-06T091657.858-2048x327.png 2048w\" sizes=\"auto, (max-width: 800px) 100vw, 800px\" \/>\t\t\t\t\t\t\t\t<\/a><\/p>\n<h2 style=\"font-family: Poppins, sans-serif; color: #7a7a7a;\"><span class=\"ez-toc-section\" id=\"SURCE_2023\"><\/span>SURCE 2023<span class=\"ez-toc-section-end\"><\/span><\/h2>\n<p>Na \u00faltima edi\u00e7\u00e3o do processo seletivo para resid\u00eancia m\u00e9dica da SURCE ofertaram-se\u00a0656 vagas para os 3.113 inscritos. Dessa forma, os candidatos realizaram a 1\u00aa fase da SURCE 2023 no dia\u00a002 de novembro de 2022, ap\u00f3s terem saberem o local e hor\u00e1rio da prova definidos.<\/p>\n<p>\u00a0<\/p>\n<p>A fase foi composta por uma\u00a0prova objetiva de m\u00faltipla escolha, contendo quatro op\u00e7\u00f5es (ABCD) e uma alternativa correta. Entretanto, uma vez que existem diferentes programas, a elabora\u00e7\u00e3o da prova foi feita de forma espec\u00edfica para cada um. Portanto, veja com quais foram os conte\u00fados:<\/p>\n<p>Acesso direto:\u00a0100 quest\u00f5es divididas igualmente entre as 5 grandes \u00e1reas m\u00e9dicas, contabilizando 1 ponto cada:<\/p>\n<ul style=\"font-size: 16px; background-color: #ffffff;\">\n<li style=\"font-size: 16px;\">Cl\u00ednica M\u00e9dica \u2013 20 quest\u00f5es<\/li>\n<li style=\"font-size: 16px;\">Cirurgia \u2013 20 quest\u00f5es<\/li>\n<li style=\"font-size: 16px;\">Ginecologia e Obstetr\u00edcia \u2013 20 quest\u00f5es<\/li>\n<li style=\"font-size: 16px;\">Pediatria \u2013 20 quest\u00f5es<\/li>\n<li style=\"font-size: 16px;\">Medicina Preventiva e Social \u2013 20 quest\u00f5es<\/li>\n<\/ul>\n<p>Pr\u00e9-requisito:\u00a040 quest\u00f5es correspondentes \u00e0 \u00e1rea escolhida, 2,5 pontos cada;<\/p>\n<p>\u00a0<\/p>\n<p>\u00c1reas de Atua\u00e7\u00e3o e Anos Adicionais:\u00a020 quest\u00f5es correspondentes \u00e0 \u00e1rea de Pr\u00e9-Requisito escolhida, 5 pontos cada.<\/p>\n<h2 style=\"font-family: Poppins, sans-serif; color: rgb(122, 122, 122);\"><span class=\"ez-toc-section\" id=\"Analise_curricular\"><\/span>An\u00e1lise curricular<span class=\"ez-toc-section-end\"><\/span><\/h2>\n<p>Ademais, os candidatos que acertaram o&nbsp;m\u00ednimo de 50% da prova objetiva&nbsp;puderam prosseguir para a pr\u00f3xima fase, a an\u00e1lise curricular. Por fim, o envio dos documentos exigidos ocorreu pela internet entre os dias&nbsp;22 e 29 de novembro.<\/p>\n<h2 style=\"font-family: Poppins, sans-serif; color: #7a7a7a;\"><span class=\"ez-toc-section\" id=\"Conquiste_a_aprovacao\"><\/span><b>Conquiste a aprova\u00e7\u00e3o!<\/b><span class=\"ez-toc-section-end\"><\/span><\/h2>\n<p>As provas de resid\u00eancia est\u00e3o cada vez mais perto! Se voc\u00ea quer<a href=\"https:\/\/www.grupomedcof.com.br\/blog\/presenca-da-medcof-nas-aprovacoes-em-residencia-medica-no-brasil\/\" target=\"_blank\" rel=\"noopener\">\u00a0<strong>ser mais\u00a0um aprovado<\/strong>\u00a0<\/a>nas melhores resid\u00eancias m\u00e9dicas do pa\u00eds, ent\u00e3o conhe\u00e7a o<a href=\"https:\/\/www.grupomedcof.com.br\/\" target=\"_blank\" rel=\"noopener\">\u00a0<strong>Grupo\u00a0MedCof<\/strong><\/a>! Temos um cat\u00e1logo repleto de cursos que te guiar\u00e3o na jornada para as provas de Resid\u00eancia M\u00e9dica que ocorrer\u00e3o em 2023!<br \/>\n\t\t\t\t\t\t\t\t\t\t\t\t\t\t\t\t<a href=\"https:\/\/www.grupomedcof.com.br\/blog\/hiit-medcof-o-curso-intensivo-para-residencia-medica\/\" target=\"_blank\" rel=\"noopener\"><br \/>\n\t\t\t\t\t\t\t<img loading=\"lazy\" decoding=\"async\" width=\"800\" height=\"213\" src=\"https:\/\/www.grupomedcof.com.br\/blog\/wp-content\/uploads\/2023\/07\/Blog-MedCof-2023-07-12T140023.403-1024x273.png\" alt=\"medcof residencia medica, curso Intensivo para Resid\u00eancia M\u00e9dica, curso para resid\u00eancia m\u00e9dica, medcof hiit, aulas medcof,\" srcset=\"https:\/\/www.grupomedcof.com.br\/blog\/wp-content\/uploads\/2023\/07\/Blog-MedCof-2023-07-12T140023.403-1024x273.png 1024w, https:\/\/www.grupomedcof.com.br\/blog\/wp-content\/uploads\/2023\/07\/Blog-MedCof-2023-07-12T140023.403-300x80.png 300w, https:\/\/www.grupomedcof.com.br\/blog\/wp-content\/uploads\/2023\/07\/Blog-MedCof-2023-07-12T140023.403-768x205.png 768w, https:\/\/www.grupomedcof.com.br\/blog\/wp-content\/uploads\/2023\/07\/Blog-MedCof-2023-07-12T140023.403-1536x410.png 1536w, https:\/\/www.grupomedcof.com.br\/blog\/wp-content\/uploads\/2023\/07\/Blog-MedCof-2023-07-12T140023.403-2048x546.png 2048w\" sizes=\"auto, (max-width: 800px) 100vw, 800px\" \/>\t\t\t\t\t\t\t\t<\/a><\/p>\n<h2><span class=\"ez-toc-section\" id=\"HIIT_MedCof\"><\/span><strong>HIIT MedCof<\/strong><span class=\"ez-toc-section-end\"><\/span><\/h2>\n<p>Mas, se voc\u00ea \u00e9 novo por aqui, que tal conferir a\u00a0<strong><a href=\"https:\/\/www.grupomedcof.com.br\/blog\/semana-hiit-como-se-preparar-para-a-residencia-medica\/\" target=\"_blank\" rel=\"noopener\">Semana HIIT<\/a><\/strong>? Este foi um evento 100% gratuito e online que te permitir\u00e1 conhecer um pouco do nosso m\u00e9todo de ensino que te passa todo conte\u00fado cobrado nas provas em apenas 12 semanas!<\/p>\n<p>\u00a0Todas as aulas j\u00e1 est\u00e3o dispon\u00edveis no nosso canal do Youtube, assim voc\u00ea poder\u00e1 conhecer um pouco do que o nosso\u00a0<strong><a href=\"https:\/\/www.grupomedcof.com.br\/blog\/hiit-medcof-o-curso-intensivo-para-residencia-medica\/\" target=\"_blank\" rel=\"noopener\">curso intensivo<\/a><\/strong>\u00a0para resid\u00eancia m\u00e9dica pode te oferecer. Veja o que alguns dos nossos aprovados t\u00eam a dizer sobre a experi\u00eancia deles com o Grupo MedCof.<\/p>\n","protected":false},"excerpt":{"rendered":"<p>Data de aplica\u00e7\u00e3o da prova te\u00f3rica da SURCE 2024 \u00e9 confirmada para o dia 02 de novembro de 2023. J\u00e1 os editais contendo mais informa\u00e7\u00f5es est\u00e3o previstos para o final de agosto.<\/p>\n","protected":false},"author":6,"featured_media":12006,"comment_status":"open","ping_status":"open","sticky":false,"template":"","format":"standard","meta":{"footnotes":""},"categories":[174],"tags":[117,68,252],"ppma_author":[3609],"class_list":{"0":"post-9695","1":"post","2":"type-post","3":"status-publish","4":"format-standard","5":"has-post-thumbnail","7":"category-residencia-medica","8":"tag-provas-de-residencia","9":"tag-residencia-medica","10":"tag-surce"},"yoast_head":"<!-- This site is optimized with the Yoast SEO Premium plugin v24.3 (Yoast SEO v27.4) - https:\/\/yoast.com\/product\/yoast-seo-premium-wordpress\/ -->\n<title>Prova Te\u00f3rica SURCE 2024: Data confirmada - Blog de Medcof: conte\u00fados, editais, revalida e mais!<\/title>\n<meta name=\"description\" content=\"Data de aplica\u00e7\u00e3o da prova te\u00f3rica da SURCE 2024 \u00e9 confirmada para o dia 02 de novembro de 2023. J\u00e1 os editais contendo mais informa\u00e7\u00f5es...\" \/>\n<meta name=\"robots\" content=\"index, follow, max-snippet:-1, max-image-preview:large, max-video-preview:-1\" \/>\n<link rel=\"canonical\" href=\"https:\/\/www.grupomedcof.com.br\/blog\/prova-teorica-surce-2024-data-confirmada\/\" \/>\n<meta property=\"og:locale\" content=\"pt_BR\" \/>\n<meta property=\"og:type\" content=\"article\" \/>\n<meta property=\"og:title\" content=\"Prova Te\u00f3rica SURCE 2024: Data confirmada\" \/>\n<meta property=\"og:description\" content=\"Data de aplica\u00e7\u00e3o da prova te\u00f3rica da SURCE 2024 \u00e9 confirmada para o dia 02 de novembro de 2023. J\u00e1 os editais contendo mais informa\u00e7\u00f5es...\" \/>\n<meta property=\"og:url\" content=\"https:\/\/www.grupomedcof.com.br\/blog\/prova-teorica-surce-2024-data-confirmada\/\" \/>\n<meta property=\"og:site_name\" content=\"Blog de Medcof: conte\u00fados, editais, revalida e mais!\" \/>\n<meta property=\"article:publisher\" content=\"https:\/\/www.facebook.com\/MedCofQbank\/\" \/>\n<meta property=\"article:published_time\" content=\"2023-08-01T12:03:33+00:00\" \/>\n<meta property=\"og:image\" content=\"https:\/\/www.grupomedcof.com.br\/blog\/wp-content\/uploads\/2023\/08\/Blog-MedCof-13-1024x576.png\" \/>\n\t<meta property=\"og:image:width\" content=\"1024\" \/>\n\t<meta property=\"og:image:height\" content=\"576\" \/>\n\t<meta property=\"og:image:type\" content=\"image\/png\" \/>\n<meta name=\"author\" content=\"J\u00falia Moreira\" \/>\n<meta name=\"twitter:card\" content=\"summary_large_image\" \/>\n<meta name=\"twitter:label1\" content=\"Escrito por\" \/>\n\t<meta name=\"twitter:data1\" content=\"J\u00falia Moreira\" \/>\n\t<meta name=\"twitter:label2\" content=\"Est. tempo de leitura\" \/>\n\t<meta name=\"twitter:data2\" content=\"8 minutos\" \/>\n<script type=\"application\/ld+json\" class=\"yoast-schema-graph\">{\"@context\":\"https:\\\/\\\/schema.org\",\"@graph\":[{\"@type\":\"Article\",\"@id\":\"https:\\\/\\\/www.grupomedcof.com.br\\\/blog\\\/prova-teorica-surce-2024-data-confirmada\\\/#article\",\"isPartOf\":{\"@id\":\"https:\\\/\\\/www.grupomedcof.com.br\\\/blog\\\/prova-teorica-surce-2024-data-confirmada\\\/\"},\"author\":{\"name\":\"J\u00falia Moreira\",\"@id\":\"https:\\\/\\\/www.grupomedcof.com.br\\\/blog\\\/#\\\/schema\\\/person\\\/1375e0ce724529d7a1d8156ea7f8ceaa\"},\"headline\":\"Prova Te\u00f3rica SURCE 2024: Data confirmada\",\"datePublished\":\"2023-08-01T12:03:33+00:00\",\"mainEntityOfPage\":{\"@id\":\"https:\\\/\\\/www.grupomedcof.com.br\\\/blog\\\/prova-teorica-surce-2024-data-confirmada\\\/\"},\"wordCount\":740,\"commentCount\":3,\"publisher\":{\"@id\":\"https:\\\/\\\/www.grupomedcof.com.br\\\/blog\\\/#organization\"},\"image\":{\"@id\":\"https:\\\/\\\/www.grupomedcof.com.br\\\/blog\\\/prova-teorica-surce-2024-data-confirmada\\\/#primaryimage\"},\"thumbnailUrl\":\"https:\\\/\\\/www.grupomedcof.com.br\\\/blog\\\/wp-content\\\/uploads\\\/2023\\\/08\\\/Blog-MedCof-13.png\",\"keywords\":[\"Provas de Resid\u00eancia\",\"Resid\u00eancia M\u00e9dica\",\"SURCE\"],\"articleSection\":[\"Resid\u00eancia m\u00e9dica: editais, resultados, temas quentes e mais\"],\"inLanguage\":\"pt-BR\"},{\"@type\":\"WebPage\",\"@id\":\"https:\\\/\\\/www.grupomedcof.com.br\\\/blog\\\/prova-teorica-surce-2024-data-confirmada\\\/\",\"url\":\"https:\\\/\\\/www.grupomedcof.com.br\\\/blog\\\/prova-teorica-surce-2024-data-confirmada\\\/\",\"name\":\"Prova Te\u00f3rica SURCE 2024: Data confirmada - Blog de Medcof: conte\u00fados, editais, revalida e mais!\",\"isPartOf\":{\"@id\":\"https:\\\/\\\/www.grupomedcof.com.br\\\/blog\\\/#website\"},\"primaryImageOfPage\":{\"@id\":\"https:\\\/\\\/www.grupomedcof.com.br\\\/blog\\\/prova-teorica-surce-2024-data-confirmada\\\/#primaryimage\"},\"image\":{\"@id\":\"https:\\\/\\\/www.grupomedcof.com.br\\\/blog\\\/prova-teorica-surce-2024-data-confirmada\\\/#primaryimage\"},\"thumbnailUrl\":\"https:\\\/\\\/www.grupomedcof.com.br\\\/blog\\\/wp-content\\\/uploads\\\/2023\\\/08\\\/Blog-MedCof-13.png\",\"datePublished\":\"2023-08-01T12:03:33+00:00\",\"description\":\"Data de aplica\u00e7\u00e3o da prova te\u00f3rica da SURCE 2024 \u00e9 confirmada para o dia 02 de novembro de 2023. J\u00e1 os editais contendo mais informa\u00e7\u00f5es...\",\"breadcrumb\":{\"@id\":\"https:\\\/\\\/www.grupomedcof.com.br\\\/blog\\\/prova-teorica-surce-2024-data-confirmada\\\/#breadcrumb\"},\"inLanguage\":\"pt-BR\",\"potentialAction\":[{\"@type\":\"ReadAction\",\"target\":[\"https:\\\/\\\/www.grupomedcof.com.br\\\/blog\\\/prova-teorica-surce-2024-data-confirmada\\\/\"]}]},{\"@type\":\"ImageObject\",\"inLanguage\":\"pt-BR\",\"@id\":\"https:\\\/\\\/www.grupomedcof.com.br\\\/blog\\\/prova-teorica-surce-2024-data-confirmada\\\/#primaryimage\",\"url\":\"https:\\\/\\\/www.grupomedcof.com.br\\\/blog\\\/wp-content\\\/uploads\\\/2023\\\/08\\\/Blog-MedCof-13.png\",\"contentUrl\":\"https:\\\/\\\/www.grupomedcof.com.br\\\/blog\\\/wp-content\\\/uploads\\\/2023\\\/08\\\/Blog-MedCof-13.png\",\"width\":2560,\"height\":1440,\"caption\":\"Data de aplica\u00e7\u00e3o da prova te\u00f3rica da SURCE 2024 \u00e9 confirmada para o dia 02 de novembro de 2023. J\u00e1 os editais contendo mais informa\u00e7\u00f5es...\"},{\"@type\":\"BreadcrumbList\",\"@id\":\"https:\\\/\\\/www.grupomedcof.com.br\\\/blog\\\/prova-teorica-surce-2024-data-confirmada\\\/#breadcrumb\",\"itemListElement\":[{\"@type\":\"ListItem\",\"position\":1,\"name\":\"In\u00edcio\",\"item\":\"https:\\\/\\\/www.grupomedcof.com.br\\\/blog\\\/\"},{\"@type\":\"ListItem\",\"position\":2,\"name\":\"Prova Te\u00f3rica SURCE 2024: Data confirmada\"}]},{\"@type\":\"WebSite\",\"@id\":\"https:\\\/\\\/www.grupomedcof.com.br\\\/blog\\\/#website\",\"url\":\"https:\\\/\\\/www.grupomedcof.com.br\\\/blog\\\/\",\"name\":\"Blog de Medcof: conte\u00fados, editais, revalida e mais!\",\"description\":\"Acesso o blog de MedCof! Seu portal de conte\u00fados sobre resid\u00eancia m\u00e9dica, an\u00e1lise e editais e muito mais. Clique e confira!\",\"publisher\":{\"@id\":\"https:\\\/\\\/www.grupomedcof.com.br\\\/blog\\\/#organization\"},\"alternateName\":\"Blog de Medcof: conte\u00fados, editais, revalida e mais!\",\"potentialAction\":[{\"@type\":\"SearchAction\",\"target\":{\"@type\":\"EntryPoint\",\"urlTemplate\":\"https:\\\/\\\/www.grupomedcof.com.br\\\/blog\\\/?s={search_term_string}\"},\"query-input\":{\"@type\":\"PropertyValueSpecification\",\"valueRequired\":true,\"valueName\":\"search_term_string\"}}],\"inLanguage\":\"pt-BR\"},{\"@type\":\"Organization\",\"@id\":\"https:\\\/\\\/www.grupomedcof.com.br\\\/blog\\\/#organization\",\"name\":\"Grupo MedCof\",\"url\":\"https:\\\/\\\/www.grupomedcof.com.br\\\/blog\\\/\",\"logo\":{\"@type\":\"ImageObject\",\"inLanguage\":\"pt-BR\",\"@id\":\"https:\\\/\\\/www.grupomedcof.com.br\\\/blog\\\/#\\\/schema\\\/logo\\\/image\\\/\",\"url\":\"https:\\\/\\\/www.grupomedcof.com.br\\\/blog\\\/wp-content\\\/uploads\\\/2022\\\/01\\\/logo-medcof.png\",\"contentUrl\":\"https:\\\/\\\/www.grupomedcof.com.br\\\/blog\\\/wp-content\\\/uploads\\\/2022\\\/01\\\/logo-medcof.png\",\"width\":768,\"height\":269,\"caption\":\"Grupo MedCof\"},\"image\":{\"@id\":\"https:\\\/\\\/www.grupomedcof.com.br\\\/blog\\\/#\\\/schema\\\/logo\\\/image\\\/\"},\"sameAs\":[\"https:\\\/\\\/www.facebook.com\\\/MedCofQbank\\\/\",\"https:\\\/\\\/www.instagram.com\\\/grupomedcof\\\/\",\"https:\\\/\\\/br.linkedin.com\\\/company\\\/medcof\",\"https:\\\/\\\/www.youtube.com\\\/channel\\\/UCdHMuOHKICxcHwecxN8P-AA\"]},{\"@type\":\"Person\",\"@id\":\"https:\\\/\\\/www.grupomedcof.com.br\\\/blog\\\/#\\\/schema\\\/person\\\/1375e0ce724529d7a1d8156ea7f8ceaa\",\"name\":\"J\u00falia Moreira\",\"image\":{\"@type\":\"ImageObject\",\"inLanguage\":\"pt-BR\",\"@id\":\"https:\\\/\\\/www.grupomedcof.com.br\\\/blog\\\/wp-content\\\/uploads\\\/2024\\\/12\\\/cropped-Captura-de-tela-2023-12-15-094946-96x96.png6a0083ac34a0445de97d55fae63a4a41\",\"url\":\"https:\\\/\\\/www.grupomedcof.com.br\\\/blog\\\/wp-content\\\/uploads\\\/2024\\\/12\\\/cropped-Captura-de-tela-2023-12-15-094946-96x96.png\",\"contentUrl\":\"https:\\\/\\\/www.grupomedcof.com.br\\\/blog\\\/wp-content\\\/uploads\\\/2024\\\/12\\\/cropped-Captura-de-tela-2023-12-15-094946-96x96.png\",\"caption\":\"J\u00falia Moreira\"},\"description\":\"Estudante do 8\u00ba semestre de Jornalismo na ECA-USP, f\u00e3 de filmes de terror e m\u00fasica popular sul-coreana.\",\"sameAs\":[\"https:\\\/\\\/www.grupomedcof.com.br\\\/\"],\"url\":\"https:\\\/\\\/www.grupomedcof.com.br\\\/blog\\\/author\\\/julia\\\/\"}]}<\/script>\n<!-- \/ Yoast SEO Premium plugin. -->","yoast_head_json":{"title":"Prova Te\u00f3rica SURCE 2024: Data confirmada - Blog de Medcof: conte\u00fados, editais, revalida e mais!","description":"Data de aplica\u00e7\u00e3o da prova te\u00f3rica da SURCE 2024 \u00e9 confirmada para o dia 02 de novembro de 2023. J\u00e1 os editais contendo mais informa\u00e7\u00f5es...","robots":{"index":"index","follow":"follow","max-snippet":"max-snippet:-1","max-image-preview":"max-image-preview:large","max-video-preview":"max-video-preview:-1"},"canonical":"https:\/\/www.grupomedcof.com.br\/blog\/prova-teorica-surce-2024-data-confirmada\/","og_locale":"pt_BR","og_type":"article","og_title":"Prova Te\u00f3rica SURCE 2024: Data confirmada","og_description":"Data de aplica\u00e7\u00e3o da prova te\u00f3rica da SURCE 2024 \u00e9 confirmada para o dia 02 de novembro de 2023. J\u00e1 os editais contendo mais informa\u00e7\u00f5es...","og_url":"https:\/\/www.grupomedcof.com.br\/blog\/prova-teorica-surce-2024-data-confirmada\/","og_site_name":"Blog de Medcof: conte\u00fados, editais, revalida e mais!","article_publisher":"https:\/\/www.facebook.com\/MedCofQbank\/","article_published_time":"2023-08-01T12:03:33+00:00","og_image":[{"width":1024,"height":576,"url":"https:\/\/www.grupomedcof.com.br\/blog\/wp-content\/uploads\/2023\/08\/Blog-MedCof-13-1024x576.png","type":"image\/png"}],"author":"J\u00falia Moreira","twitter_card":"summary_large_image","twitter_misc":{"Escrito por":"J\u00falia Moreira","Est. tempo de leitura":"8 minutos"},"schema":{"@context":"https:\/\/schema.org","@graph":[{"@type":"Article","@id":"https:\/\/www.grupomedcof.com.br\/blog\/prova-teorica-surce-2024-data-confirmada\/#article","isPartOf":{"@id":"https:\/\/www.grupomedcof.com.br\/blog\/prova-teorica-surce-2024-data-confirmada\/"},"author":{"name":"J\u00falia Moreira","@id":"https:\/\/www.grupomedcof.com.br\/blog\/#\/schema\/person\/1375e0ce724529d7a1d8156ea7f8ceaa"},"headline":"Prova Te\u00f3rica SURCE 2024: Data confirmada","datePublished":"2023-08-01T12:03:33+00:00","mainEntityOfPage":{"@id":"https:\/\/www.grupomedcof.com.br\/blog\/prova-teorica-surce-2024-data-confirmada\/"},"wordCount":740,"commentCount":3,"publisher":{"@id":"https:\/\/www.grupomedcof.com.br\/blog\/#organization"},"image":{"@id":"https:\/\/www.grupomedcof.com.br\/blog\/prova-teorica-surce-2024-data-confirmada\/#primaryimage"},"thumbnailUrl":"https:\/\/www.grupomedcof.com.br\/blog\/wp-content\/uploads\/2023\/08\/Blog-MedCof-13.png","keywords":["Provas de Resid\u00eancia","Resid\u00eancia M\u00e9dica","SURCE"],"articleSection":["Resid\u00eancia m\u00e9dica: editais, resultados, temas quentes e mais"],"inLanguage":"pt-BR"},{"@type":"WebPage","@id":"https:\/\/www.grupomedcof.com.br\/blog\/prova-teorica-surce-2024-data-confirmada\/","url":"https:\/\/www.grupomedcof.com.br\/blog\/prova-teorica-surce-2024-data-confirmada\/","name":"Prova Te\u00f3rica SURCE 2024: Data confirmada - Blog de Medcof: conte\u00fados, editais, revalida e mais!","isPartOf":{"@id":"https:\/\/www.grupomedcof.com.br\/blog\/#website"},"primaryImageOfPage":{"@id":"https:\/\/www.grupomedcof.com.br\/blog\/prova-teorica-surce-2024-data-confirmada\/#primaryimage"},"image":{"@id":"https:\/\/www.grupomedcof.com.br\/blog\/prova-teorica-surce-2024-data-confirmada\/#primaryimage"},"thumbnailUrl":"https:\/\/www.grupomedcof.com.br\/blog\/wp-content\/uploads\/2023\/08\/Blog-MedCof-13.png","datePublished":"2023-08-01T12:03:33+00:00","description":"Data de aplica\u00e7\u00e3o da prova te\u00f3rica da SURCE 2024 \u00e9 confirmada para o dia 02 de novembro de 2023. J\u00e1 os editais contendo mais informa\u00e7\u00f5es...","breadcrumb":{"@id":"https:\/\/www.grupomedcof.com.br\/blog\/prova-teorica-surce-2024-data-confirmada\/#breadcrumb"},"inLanguage":"pt-BR","potentialAction":[{"@type":"ReadAction","target":["https:\/\/www.grupomedcof.com.br\/blog\/prova-teorica-surce-2024-data-confirmada\/"]}]},{"@type":"ImageObject","inLanguage":"pt-BR","@id":"https:\/\/www.grupomedcof.com.br\/blog\/prova-teorica-surce-2024-data-confirmada\/#primaryimage","url":"https:\/\/www.grupomedcof.com.br\/blog\/wp-content\/uploads\/2023\/08\/Blog-MedCof-13.png","contentUrl":"https:\/\/www.grupomedcof.com.br\/blog\/wp-content\/uploads\/2023\/08\/Blog-MedCof-13.png","width":2560,"height":1440,"caption":"Data de aplica\u00e7\u00e3o da prova te\u00f3rica da SURCE 2024 \u00e9 confirmada para o dia 02 de novembro de 2023. J\u00e1 os editais contendo mais informa\u00e7\u00f5es..."},{"@type":"BreadcrumbList","@id":"https:\/\/www.grupomedcof.com.br\/blog\/prova-teorica-surce-2024-data-confirmada\/#breadcrumb","itemListElement":[{"@type":"ListItem","position":1,"name":"In\u00edcio","item":"https:\/\/www.grupomedcof.com.br\/blog\/"},{"@type":"ListItem","position":2,"name":"Prova Te\u00f3rica SURCE 2024: Data confirmada"}]},{"@type":"WebSite","@id":"https:\/\/www.grupomedcof.com.br\/blog\/#website","url":"https:\/\/www.grupomedcof.com.br\/blog\/","name":"Blog de Medcof: conte\u00fados, editais, revalida e mais!","description":"Acesso o blog de MedCof! Seu portal de conte\u00fados sobre resid\u00eancia m\u00e9dica, an\u00e1lise e editais e muito mais. Clique e confira!","publisher":{"@id":"https:\/\/www.grupomedcof.com.br\/blog\/#organization"},"alternateName":"Blog de Medcof: conte\u00fados, editais, revalida e mais!","potentialAction":[{"@type":"SearchAction","target":{"@type":"EntryPoint","urlTemplate":"https:\/\/www.grupomedcof.com.br\/blog\/?s={search_term_string}"},"query-input":{"@type":"PropertyValueSpecification","valueRequired":true,"valueName":"search_term_string"}}],"inLanguage":"pt-BR"},{"@type":"Organization","@id":"https:\/\/www.grupomedcof.com.br\/blog\/#organization","name":"Grupo MedCof","url":"https:\/\/www.grupomedcof.com.br\/blog\/","logo":{"@type":"ImageObject","inLanguage":"pt-BR","@id":"https:\/\/www.grupomedcof.com.br\/blog\/#\/schema\/logo\/image\/","url":"https:\/\/www.grupomedcof.com.br\/blog\/wp-content\/uploads\/2022\/01\/logo-medcof.png","contentUrl":"https:\/\/www.grupomedcof.com.br\/blog\/wp-content\/uploads\/2022\/01\/logo-medcof.png","width":768,"height":269,"caption":"Grupo MedCof"},"image":{"@id":"https:\/\/www.grupomedcof.com.br\/blog\/#\/schema\/logo\/image\/"},"sameAs":["https:\/\/www.facebook.com\/MedCofQbank\/","https:\/\/www.instagram.com\/grupomedcof\/","https:\/\/br.linkedin.com\/company\/medcof","https:\/\/www.youtube.com\/channel\/UCdHMuOHKICxcHwecxN8P-AA"]},{"@type":"Person","@id":"https:\/\/www.grupomedcof.com.br\/blog\/#\/schema\/person\/1375e0ce724529d7a1d8156ea7f8ceaa","name":"J\u00falia Moreira","image":{"@type":"ImageObject","inLanguage":"pt-BR","@id":"https:\/\/www.grupomedcof.com.br\/blog\/wp-content\/uploads\/2024\/12\/cropped-Captura-de-tela-2023-12-15-094946-96x96.png6a0083ac34a0445de97d55fae63a4a41","url":"https:\/\/www.grupomedcof.com.br\/blog\/wp-content\/uploads\/2024\/12\/cropped-Captura-de-tela-2023-12-15-094946-96x96.png","contentUrl":"https:\/\/www.grupomedcof.com.br\/blog\/wp-content\/uploads\/2024\/12\/cropped-Captura-de-tela-2023-12-15-094946-96x96.png","caption":"J\u00falia Moreira"},"description":"Estudante do 8\u00ba semestre de Jornalismo na ECA-USP, f\u00e3 de filmes de terror e m\u00fasica popular sul-coreana.","sameAs":["https:\/\/www.grupomedcof.com.br\/"],"url":"https:\/\/www.grupomedcof.com.br\/blog\/author\/julia\/"}]}},"authors":[{"term_id":3609,"user_id":6,"is_guest":0,"slug":"julia","display_name":"J\u00falia Moreira","avatar_url":"https:\/\/www.grupomedcof.com.br\/blog\/wp-content\/uploads\/2024\/12\/cropped-Captura-de-tela-2023-12-15-094946-96x96.png","0":null,"1":"","2":"","3":"","4":"","5":"","6":"","7":"","8":""}],"_links":{"self":[{"href":"https:\/\/www.grupomedcof.com.br\/blog\/wp-json\/wp\/v2\/posts\/9695","targetHints":{"allow":["GET"]}}],"collection":[{"href":"https:\/\/www.grupomedcof.com.br\/blog\/wp-json\/wp\/v2\/posts"}],"about":[{"href":"https:\/\/www.grupomedcof.com.br\/blog\/wp-json\/wp\/v2\/types\/post"}],"author":[{"embeddable":true,"href":"https:\/\/www.grupomedcof.com.br\/blog\/wp-json\/wp\/v2\/users\/6"}],"replies":[{"embeddable":true,"href":"https:\/\/www.grupomedcof.com.br\/blog\/wp-json\/wp\/v2\/comments?post=9695"}],"version-history":[{"count":0,"href":"https:\/\/www.grupomedcof.com.br\/blog\/wp-json\/wp\/v2\/posts\/9695\/revisions"}],"wp:featuredmedia":[{"embeddable":true,"href":"https:\/\/www.grupomedcof.com.br\/blog\/wp-json\/wp\/v2\/media\/12006"}],"wp:attachment":[{"href":"https:\/\/www.grupomedcof.com.br\/blog\/wp-json\/wp\/v2\/media?parent=9695"}],"wp:term":[{"taxonomy":"category","embeddable":true,"href":"https:\/\/www.grupomedcof.com.br\/blog\/wp-json\/wp\/v2\/categories?post=9695"},{"taxonomy":"post_tag","embeddable":true,"href":"https:\/\/www.grupomedcof.com.br\/blog\/wp-json\/wp\/v2\/tags?post=9695"},{"taxonomy":"author","embeddable":true,"href":"https:\/\/www.grupomedcof.com.br\/blog\/wp-json\/wp\/v2\/ppma_author?post=9695"}],"curies":[{"name":"wp","href":"https:\/\/api.w.org\/{rel}","templated":true}]}}