{"id":9727,"date":"2023-08-02T09:19:35","date_gmt":"2023-08-02T12:19:35","guid":{"rendered":"https:\/\/www.grupomedcof.com.br\/blog\/?p=9727"},"modified":"2023-08-02T09:19:35","modified_gmt":"2023-08-02T12:19:35","slug":"residencia-medica-usp-o-que-estudar","status":"publish","type":"post","link":"https:\/\/www.grupomedcof.com.br\/blog\/residencia-medica-usp-o-que-estudar\/","title":{"rendered":"Resid\u00eancia M\u00e9dica USP: O que estudar?"},"content":{"rendered":"<div id=\"ez-toc-container\" class=\"ez-toc-v2_0_74 counter-hierarchy ez-toc-counter ez-toc-transparent ez-toc-container-direction\">\n<div class=\"ez-toc-title-container\">\n<p class=\"ez-toc-title\" style=\"cursor:inherit\">Sum\u00e1rio<\/p>\n<span class=\"ez-toc-title-toggle\"><a href=\"#\" class=\"ez-toc-pull-right ez-toc-btn ez-toc-btn-xs ez-toc-btn-default ez-toc-toggle\" aria-label=\"Alternar tabela de conte\u00fado\"><span class=\"ez-toc-js-icon-con\"><span class=\"\"><span class=\"eztoc-hide\" style=\"display:none;\">Toggle<\/span><span class=\"ez-toc-icon-toggle-span\"><svg style=\"fill: #999;color:#999\" xmlns=\"http:\/\/www.w3.org\/2000\/svg\" class=\"list-377408\" width=\"20px\" height=\"20px\" viewBox=\"0 0 24 24\" fill=\"none\"><path d=\"M6 6H4v2h2V6zm14 0H8v2h12V6zM4 11h2v2H4v-2zm16 0H8v2h12v-2zM4 16h2v2H4v-2zm16 0H8v2h12v-2z\" fill=\"currentColor\"><\/path><\/svg><svg style=\"fill: #999;color:#999\" class=\"arrow-unsorted-368013\" xmlns=\"http:\/\/www.w3.org\/2000\/svg\" width=\"10px\" height=\"10px\" viewBox=\"0 0 24 24\" version=\"1.2\" baseProfile=\"tiny\"><path d=\"M18.2 9.3l-6.2-6.3-6.2 6.3c-.2.2-.3.4-.3.7s.1.5.3.7c.2.2.4.3.7.3h11c.3 0 .5-.1.7-.3.2-.2.3-.5.3-.7s-.1-.5-.3-.7zM5.8 14.7l6.2 6.3 6.2-6.3c.2-.2.3-.5.3-.7s-.1-.5-.3-.7c-.2-.2-.4-.3-.7-.3h-11c-.3 0-.5.1-.7.3-.2.2-.3.5-.3.7s.1.5.3.7z\"\/><\/svg><\/span><\/span><\/span><\/a><\/span><\/div>\n<nav><ul class='ez-toc-list ez-toc-list-level-1 ' ><li class='ez-toc-page-1 ez-toc-heading-level-2'><a class=\"ez-toc-link ez-toc-heading-1\" href=\"https:\/\/www.grupomedcof.com.br\/blog\/residencia-medica-usp-o-que-estudar\/#Veja_a_seguir\" >Veja a seguir<\/a><\/li><li class='ez-toc-page-1 ez-toc-heading-level-2'><a class=\"ez-toc-link ez-toc-heading-2\" href=\"https:\/\/www.grupomedcof.com.br\/blog\/residencia-medica-usp-o-que-estudar\/#Residencia_Medica_USP_O_que_estudar\" >Resid\u00eancia M\u00e9dica USP: O que estudar?<\/a><\/li><li class='ez-toc-page-1 ez-toc-heading-level-2'><a class=\"ez-toc-link ez-toc-heading-3\" href=\"https:\/\/www.grupomedcof.com.br\/blog\/residencia-medica-usp-o-que-estudar\/#Residencia_Medica_USP-SP_2023\" >Resid\u00eancia M\u00e9dica USP-SP 2023<\/a><ul class='ez-toc-list-level-3' ><li class='ez-toc-heading-level-3'><a class=\"ez-toc-link ez-toc-heading-4\" href=\"https:\/\/www.grupomedcof.com.br\/blog\/residencia-medica-usp-o-que-estudar\/#Residencia_medica_USP_Prova_Objetiva\" >Resid\u00eancia m\u00e9dica USP: Prova Objetiva\u00a0<\/a><\/li><\/ul><\/li><li class='ez-toc-page-1 ez-toc-heading-level-2'><a class=\"ez-toc-link ez-toc-heading-5\" href=\"https:\/\/www.grupomedcof.com.br\/blog\/residencia-medica-usp-o-que-estudar\/#Prova_de_residencia_medica_USP_Correcao\" >Prova de resid\u00eancia m\u00e9dica USP: Corre\u00e7\u00e3o<\/a><ul class='ez-toc-list-level-3' ><li class='ez-toc-heading-level-3'><a class=\"ez-toc-link ez-toc-heading-6\" href=\"https:\/\/www.grupomedcof.com.br\/blog\/residencia-medica-usp-o-que-estudar\/#Prova_de_Habilidades_Especificas\" >Prova de Habilidades Espec\u00edficas<\/a><\/li><\/ul><\/li><li class='ez-toc-page-1 ez-toc-heading-level-2'><a class=\"ez-toc-link ez-toc-heading-7\" href=\"https:\/\/www.grupomedcof.com.br\/blog\/residencia-medica-usp-o-que-estudar\/#Conquiste_a_aprovacao\" >Conquiste a aprova\u00e7\u00e3o!<\/a><\/li><li class='ez-toc-page-1 ez-toc-heading-level-2'><a class=\"ez-toc-link ez-toc-heading-8\" href=\"https:\/\/www.grupomedcof.com.br\/blog\/residencia-medica-usp-o-que-estudar\/#HIIT_MedCof\" >HIIT MedCof<\/a><\/li><\/ul><\/nav><\/div>\n<p><img loading=\"lazy\" decoding=\"async\" width=\"800\" height=\"450\" src=\"https:\/\/www.grupomedcof.com.br\/blog\/wp-content\/uploads\/2023\/08\/Blog-MedCof-2023-08-01T110709.742-1024x576.png\" alt=\"resid\u00eancia m\u00e9dica usp, prova residencia usp , o que estudar para a aprova de residencia da usp, temas quentes residencia medica usp, temas frequentes residencia medica usp, residencia medica fmusp,\" srcset=\"https:\/\/www.grupomedcof.com.br\/blog\/wp-content\/uploads\/2023\/08\/Blog-MedCof-2023-08-01T110709.742-1024x576.png 1024w, https:\/\/www.grupomedcof.com.br\/blog\/wp-content\/uploads\/2023\/08\/Blog-MedCof-2023-08-01T110709.742-300x169.png 300w, https:\/\/www.grupomedcof.com.br\/blog\/wp-content\/uploads\/2023\/08\/Blog-MedCof-2023-08-01T110709.742-768x432.png 768w, https:\/\/www.grupomedcof.com.br\/blog\/wp-content\/uploads\/2023\/08\/Blog-MedCof-2023-08-01T110709.742-1536x864.png 1536w, https:\/\/www.grupomedcof.com.br\/blog\/wp-content\/uploads\/2023\/08\/Blog-MedCof-2023-08-01T110709.742-2048x1152.png 2048w\" sizes=\"auto, (max-width: 800px) 100vw, 800px\" \/>\t\t\t\t\t\t\t\t\t\t\t\t\t\t\t<\/p>\n<p>Est\u00e1 buscando uma vaga de<b> resid\u00eancia m\u00e9dica na USP-SP<\/b> e n\u00e3o sabe o que estudar? Ent\u00e3o veja os <b>temas quentes<\/b> que os nossos especialistas separaram pra voc\u00ea.<\/p>\n<h2><span class=\"ez-toc-section\" id=\"Veja_a_seguir\"><\/span>\n\t\t\t\tVeja a seguir\t\t\t<span class=\"ez-toc-section-end\"><\/span><\/h2>\n<h2 style=\"font-family: Poppins, sans-serif; color: #7a7a7a;\"><span class=\"ez-toc-section\" id=\"Residencia_Medica_USP_O_que_estudar\"><\/span>Resid\u00eancia M\u00e9dica USP: O que estudar?<span class=\"ez-toc-section-end\"><\/span><\/h2>\n<p>Se voc\u00ea est\u00e1 prestes a iniciar o sua trajet\u00f3ria na resid\u00eancia m\u00e9dica, ent\u00e3o precisa saber os principais temas que caem nas provas de resid\u00eancia m\u00e9dica em Acesso Direto. Portanto, veja abaixo os assuntos cobrados em cada \u00e1rea m\u00e9dica:<\/p>\n<p>\t\t\t\t\t\t\t\t\t\t\t\t\t\t\t\t<a href=\"https:\/\/www.grupomedcof.com.br\/links-hiit-2023\/\" target=\"_blank\" rel=\"noopener\"><br \/>\n\t\t\t\t\t\t\t<img loading=\"lazy\" decoding=\"async\" width=\"800\" height=\"150\" src=\"https:\/\/www.grupomedcof.com.br\/blog\/wp-content\/uploads\/2023\/07\/Captura-de-tela-2023-07-12-130003-1024x192.png\" alt=\"medcof residencia medica, curso Intensivo para Resid\u00eancia M\u00e9dica, curso para resid\u00eancia m\u00e9dica, medcof hiit, aulas medcof,\" srcset=\"https:\/\/www.grupomedcof.com.br\/blog\/wp-content\/uploads\/2023\/07\/Captura-de-tela-2023-07-12-130003-1024x192.png 1024w, https:\/\/www.grupomedcof.com.br\/blog\/wp-content\/uploads\/2023\/07\/Captura-de-tela-2023-07-12-130003-300x56.png 300w, https:\/\/www.grupomedcof.com.br\/blog\/wp-content\/uploads\/2023\/07\/Captura-de-tela-2023-07-12-130003-768x144.png 768w, https:\/\/www.grupomedcof.com.br\/blog\/wp-content\/uploads\/2023\/07\/Captura-de-tela-2023-07-12-130003.png 1422w\" sizes=\"auto, (max-width: 800px) 100vw, 800px\" \/>\t\t\t\t\t\t\t\t<\/a><\/p>\n<h5 style=\"font-family: Poppins, sans-serif; color: rgb(122, 122, 122);\">Cl\u00ednica M\u00e9dica<\/h5>\n<ul style=\"font-size: 16px; background-color: rgb(255, 255, 255);\">\n<li style=\"font-size: 16px;\">ECG e Arritmias<\/li>\n<li style=\"font-size: 16px;\">Psiquiatria &#8211; Abuso e subst\u00e2ncias, psicose<\/li>\n<li style=\"font-size: 16px;\">Rastreamento e promo\u00e7\u00e3o \u00e1 sa\u00fade<\/li>\n<li style=\"font-size: 16px;\">Infectologia &#8211; COVID-19<\/li>\n<li style=\"font-size: 16px;\">Ventila\u00e7\u00e3o mec\u00e2nica, via a\u00e9rea em UTI<\/li>\n<li style=\"font-size: 16px;\">Cefaleias<\/li>\n<\/ul>\n<h5 style=\"font-family: Poppins, sans-serif; color: #7a7a7a;\">Cirurgia Geral<\/h5>\n<ul style=\"font-size: 16px; background-color: #ffffff;\">\n<li style=\"font-size: 16px;\">Trauma abdominal e de t\u00f3rax<\/li>\n<li style=\"font-size: 16px;\">complica\u00e7\u00f5es p\u00f3s-operat\u00f3rias<\/li>\n<li style=\"font-size: 16px;\">Pancreatite aguda<\/li>\n<li style=\"font-size: 16px;\">Abdome agudo (colecistite, apendicite)<\/li>\n<li style=\"font-size: 16px;\">Cirurgia pl\u00e1stica &#8211; retalhos e enxertos<\/li>\n<li style=\"font-size: 16px;\">Aparelho digestivo &#8211; orificiais, vias biliares, n\u00f3dulos hep\u00e1ticos<\/li>\n<li style=\"font-size: 16px;\">Ortopedia (fratura exposta)<\/li>\n<\/ul>\n<h5 style=\"font-family: Poppins, sans-serif; color: #7a7a7a;\">Ginecologia e Obstetr\u00edcia<\/h5>\n<ul style=\"font-size: 16px; background-color: #ffffff;\">\n<li style=\"font-size: 16px;\">Doen\u00e7as sexualmente transmiss\u00edveis e DIP<\/li>\n<li style=\"font-size: 16px;\">Vitalidade fetal, sofrimento fetal agudo e cr\u00f4nico<\/li>\n<li style=\"font-size: 16px;\">Amenorreia e anovula\u00e7\u00e3o<\/li>\n<li style=\"font-size: 16px;\">Intercorr\u00eancia cl\u00ednicas na gesta\u00e7\u00e3o<\/li>\n<li style=\"font-size: 16px;\">Assist\u00eancia ao parto e puerp\u00e9rio imediato<\/li>\n<li style=\"font-size: 16px;\">Infertilidade e Climat\u00e9rio<\/li>\n<\/ul>\n<h5>Pediatria<\/h5>\n<ul style=\"font-size: 16px; background-color: #ffffff;\">\n<li style=\"font-size: 16px;\">Calend\u00e1rio vacinal<\/li>\n<li style=\"font-size: 16px;\">triagem neonatal e icter\u00edcia<\/li>\n<li style=\"font-size: 16px;\">Reanima\u00e7\u00e3o neonatal<\/li>\n<li style=\"font-size: 16px;\">Pneumonia adquiria da comunidade<\/li>\n<li style=\"font-size: 16px;\">Emerg\u00eancias, pedi\u00e1tricas, (convuls\u00e3o, TCE e Maus Tratos)<\/li>\n<\/ul>\n<h5 style=\"font-family: Poppins, sans-serif; color: rgb(122, 122, 122);\">Preventiva<\/h5>\n<ul style=\"font-size: 16px; background-color: rgb(255, 255, 255);\">\n<li style=\"font-size: 16px;\">Medidas de Associa\u00e7\u00e3o (preval\u00eancia, incid\u00eancia, risco relativo)<\/li>\n<li style=\"font-size: 16px;\">Estudos epidemiol\u00f3gicos<\/li>\n<li style=\"font-size: 16px;\">Princ\u00edpios da Aten\u00e7\u00e3o Prim\u00e1ria<\/li>\n<li style=\"font-size: 16px;\">SUS &#8211; Sistema \u00danico de Sa\u00fade<\/li>\n<\/ul>\n<p>Mas, enquanto a divulga\u00e7\u00e3o do edital para a prova e resid\u00eancia m\u00e9dica da USP-SP 2024\u00a0 n\u00e3o acontece, que tal conferir alguns detalhes da <a href=\"https:\/\/www.grupomedcof.com.br\/blog\/residencia-medica-usp-sp-2023\/\"target=\"_blank\"><strong>\u00faltima edi\u00e7\u00e3o.<\/strong><\/a><br \/>\n\t\t\t\t\t\t\t\t\t\t\t\t\t\t\t\t<a href=\"https:\/\/www.grupomedcof.com.br\/blog\/qbank-medcof\/\" target=\"_blank\" rel=\"noopener\"><br \/>\n\t\t\t\t\t\t\t<img loading=\"lazy\" decoding=\"async\" width=\"800\" height=\"128\" src=\"https:\/\/www.grupomedcof.com.br\/blog\/wp-content\/uploads\/2023\/07\/Blog-MedCof-2023-07-06T091657.858-1024x164.png\" alt=\"medcof qbank, medcof aulas, grupo medcof, aulas medcof, qbank, banco de questoes medcof, medcof banco de questoes\" srcset=\"https:\/\/www.grupomedcof.com.br\/blog\/wp-content\/uploads\/2023\/07\/Blog-MedCof-2023-07-06T091657.858-1024x164.png 1024w, https:\/\/www.grupomedcof.com.br\/blog\/wp-content\/uploads\/2023\/07\/Blog-MedCof-2023-07-06T091657.858-300x48.png 300w, https:\/\/www.grupomedcof.com.br\/blog\/wp-content\/uploads\/2023\/07\/Blog-MedCof-2023-07-06T091657.858-768x123.png 768w, https:\/\/www.grupomedcof.com.br\/blog\/wp-content\/uploads\/2023\/07\/Blog-MedCof-2023-07-06T091657.858-1536x246.png 1536w, https:\/\/www.grupomedcof.com.br\/blog\/wp-content\/uploads\/2023\/07\/Blog-MedCof-2023-07-06T091657.858-2048x327.png 2048w\" sizes=\"auto, (max-width: 800px) 100vw, 800px\" \/>\t\t\t\t\t\t\t\t<\/a><\/p>\n<h2 style=\"font-family: Poppins, sans-serif; color: #7a7a7a;\"><span class=\"ez-toc-section\" id=\"Residencia_Medica_USP-SP_2023\"><\/span>Resid\u00eancia M\u00e9dica USP-SP 2023<span class=\"ez-toc-section-end\"><\/span><\/h2>\n<p>Por ser uma das institui\u00e7\u00f5es de ensino mais cobi\u00e7adas do pa\u00eds, a resid\u00eancia m\u00e9dica USP-SP 2023 teve um grande n\u00famero de inscritos em sua \u00faltima edi\u00e7\u00e3o. Assim, no processo seletivo para resid\u00eancia m\u00e9dica da USP-SP 2023, foram ofertadas&nbsp;714 vagas&nbsp;com&nbsp;8.706&nbsp;candidatos inscritos.<\/p>\n<p>O processo seletivo para a Resid\u00eancia M\u00e9dica da USP-SP 2023 contou com duas fases. Desse modo, enquanto a primeira fase consistiu na aplica\u00e7\u00e3o de uma&nbsp;Prova Objetiva&nbsp;para todos os programas, a segunda envolveu uma&nbsp;An\u00e1lise e Argui\u00e7\u00e3o Curricular&nbsp;para os Candidatos de Acesso Direto e Pr\u00e9-Requisito. Para estes programas, houve a aplica\u00e7\u00e3o de uma&nbsp;Prova de Habilidades Espec\u00edficas.<\/p>\n<h3 style=\"font-family: Poppins, sans-serif; color: #7a7a7a;\"><span class=\"ez-toc-section\" id=\"Residencia_medica_USP_Prova_Objetiva\"><\/span>Resid\u00eancia m\u00e9dica USP: Prova Objetiva\u00a0<span class=\"ez-toc-section-end\"><\/span><\/h3>\n<p>A prova objetiva da USP-SP 2023, foi de car\u00e1ter\u00a0eliminat\u00f3rio e classificat\u00f3rio\u00a0e aconteceu no\u00a0dia 15 de dezembro de 2022. Neste dia houve a aplica\u00e7\u00e3o de dois tipos de provas objetivas de m\u00faltipla escolha, uma padr\u00e3o e outra de casos cl\u00ednicos, mas ambas de modelo ABCD em que apenas uma alternativa era correta.<\/p>\n<p>\u00a0<\/p>\n<p>Sendo assim, a composi\u00e7\u00e3o de cada uma seguiu seu respectivo programa:<\/p>\n<ul style=\"font-size: 16px; background-color: #ffffff;\">\n<li style=\"font-size: 16px;\">Acesso Direto e Pr\u00e9-Requisito:\u00a0100 quest\u00f5es.<\/li>\n<li style=\"font-size: 16px;\">Anos Adicionais e \u00c1reas de Atua\u00e7\u00e3o:\u00a0de 10 \u00e0 40 quest\u00f5es.<\/li>\n<\/ul>\n<p>\u00a0<\/p>\n<p>Ademais a prova com quest\u00f5es de Casos Cl\u00ednicos, possu\u00eda 10 quest\u00f5es e n\u00e3o foi aplicada para os candidatos de \u00c1reas de Atua\u00e7\u00e3o e Anos Adicionais.<\/p>\n<h2><span class=\"ez-toc-section\" id=\"Prova_de_residencia_medica_USP_Correcao\"><\/span><strong>Prova de resid\u00eancia m\u00e9dica USP: Corre\u00e7\u00e3o<\/strong><span class=\"ez-toc-section-end\"><\/span><\/h2>\n<p>Mas, n\u00e3o se esque\u00e7a! No<a href=\"https:\/\/www.youtube.com\/@GrupoMedcof\/videos\" target=\"_blank\" rel=\"noopener\"><strong> nosso canal<\/strong><\/a> do Youtube, voc\u00ea pode conferir a corre\u00e7\u00e3o de diversas provas, como a da USP-SP.<strong><br \/><\/strong>\t\t<\/p>\n<h3 style=\"font-family: Poppins, sans-serif; color: #7a7a7a;\"><span class=\"ez-toc-section\" id=\"Prova_de_Habilidades_Especificas\"><\/span><strong>Prova de Habilidades Espec\u00edficas<\/strong><span class=\"ez-toc-section-end\"><\/span><\/h3>\n<p>Ap\u00f3s a realiza\u00e7\u00e3o da Argui\u00e7\u00e3o e An\u00e1lise curricular, a Prova de Habilidades Espec\u00edficas foi aplicada para os candidatos dos programas de Anos Adicionais e \u00c1reas de Atua\u00e7\u00e3o. Pensando nisso, ela teve a possibilidade de ser online ou presencial, sendo documentada atrav\u00e9s de gr\u00e1ficos ou eletr\u00f4nicos.<\/p>\n<p>\u00a0<\/p>\n<p>Al\u00e9m disso, esta fase pr\u00e1tica teve peso 4 e sua classifica\u00e7\u00e3o foi disponibilizada no site da FUVEST no dia\u00a010 de janeiro de 2023\u00a0juntamente com a convoca\u00e7\u00e3o para Avalia\u00e7\u00e3o e Argui\u00e7\u00e3o Curricular.<\/p>\n<p>\u00a0<\/p>\n<p>Entretanto, as especialidades que n\u00e3o contaram com esta avalia\u00e7\u00e3o, tiveram a prova objetiva e de m\u00faltipla escolha com peso 9.<\/p>\n<h2 style=\"font-family: Poppins, sans-serif; color: #7a7a7a;\"><span class=\"ez-toc-section\" id=\"Conquiste_a_aprovacao\"><\/span>Conquiste a aprova\u00e7\u00e3o!<span class=\"ez-toc-section-end\"><\/span><\/h2>\n<p>Agora que voc\u00ea j\u00e1 sabe o que estudar para a prova de resid\u00eancia m\u00e9dica da USP, veja\u00a0como garantir que o seu tempo de prepara\u00e7\u00e3o seja convertido na sua aprova\u00e7\u00e3o na resid\u00eancia.<\/p>\n<p>As provas de resid\u00eancia est\u00e3o cada vez mais perto! Portanto, se voc\u00ea quer<a href=\"https:\/\/www.grupomedcof.com.br\/blog\/presenca-da-medcof-nas-aprovacoes-em-residencia-medica-no-brasil\/\" target=\"_blank\" rel=\"noopener\">\u00a0ser mais\u00a0um aprovado\u00a0<\/a>nas melhores resid\u00eancias m\u00e9dicas do pa\u00eds, ent\u00e3o conhe\u00e7a o<a href=\"https:\/\/www.grupomedcof.com.br\/\" target=\"_blank\" rel=\"noopener\">\u00a0Grupo\u00a0MedCof<\/a>! Temos um cat\u00e1logo repleto de cursos que te guiar\u00e3o na jornada para as provas de Resid\u00eancia M\u00e9dica que ocorrer\u00e3o em 2023!\/2024.<br \/>\n\t\t\t\t\t\t\t\t\t\t\t\t\t\t\t\t<a href=\"https:\/\/www.grupomedcof.com.br\/blog\/hiit-medcof-o-curso-intensivo-para-residencia-medica\/\" target=\"_blank\" rel=\"noopener\"><br \/>\n\t\t\t\t\t\t\t<img loading=\"lazy\" decoding=\"async\" width=\"800\" height=\"213\" src=\"https:\/\/www.grupomedcof.com.br\/blog\/wp-content\/uploads\/2023\/07\/Blog-MedCof-2023-07-12T140023.403-1024x273.png\" alt=\"medcof residencia medica, curso Intensivo para Resid\u00eancia M\u00e9dica, curso para resid\u00eancia m\u00e9dica, medcof hiit, aulas medcof,\" srcset=\"https:\/\/www.grupomedcof.com.br\/blog\/wp-content\/uploads\/2023\/07\/Blog-MedCof-2023-07-12T140023.403-1024x273.png 1024w, https:\/\/www.grupomedcof.com.br\/blog\/wp-content\/uploads\/2023\/07\/Blog-MedCof-2023-07-12T140023.403-300x80.png 300w, https:\/\/www.grupomedcof.com.br\/blog\/wp-content\/uploads\/2023\/07\/Blog-MedCof-2023-07-12T140023.403-768x205.png 768w, https:\/\/www.grupomedcof.com.br\/blog\/wp-content\/uploads\/2023\/07\/Blog-MedCof-2023-07-12T140023.403-1536x410.png 1536w, https:\/\/www.grupomedcof.com.br\/blog\/wp-content\/uploads\/2023\/07\/Blog-MedCof-2023-07-12T140023.403-2048x546.png 2048w\" sizes=\"auto, (max-width: 800px) 100vw, 800px\" \/>\t\t\t\t\t\t\t\t<\/a><\/p>\n<h2><span class=\"ez-toc-section\" id=\"HIIT_MedCof\"><\/span><strong>HIIT MedCof<\/strong><span class=\"ez-toc-section-end\"><\/span><\/h2>\n<p>Mas, se voc\u00ea \u00e9 novo por aqui, que tal conferir a\u00a0<strong><a href=\"https:\/\/www.grupomedcof.com.br\/blog\/semana-hiit-como-se-preparar-para-a-residencia-medica\/\" target=\"_blank\" rel=\"noopener\">Semana HIIT<\/a><\/strong>? Este foi um evento 100% gratuito e online que te permitir\u00e1 conhecer um pouco do nosso m\u00e9todo de ensino que te passa todo conte\u00fado cobrado nas provas em apenas 12 semanas!<\/p>\n<p>Todas as aulas j\u00e1 est\u00e3o dispon\u00edveis no nosso canal do Youtube, assim voc\u00ea poder\u00e1 conhecer um pouco do que o nosso\u00a0<strong><a href=\"https:\/\/www.grupomedcof.com.br\/blog\/hiit-medcof-o-curso-intensivo-para-residencia-medica\/\" target=\"_blank\" rel=\"noopener\">curso intensivo<\/a><\/strong>\u00a0para resid\u00eancia m\u00e9dica pode te oferecer. Veja o que alguns dos nossos aprovados t\u00eam a dizer sobre a experi\u00eancia deles com o <b>Grupo MedCof.<\/b><\/p>\n","protected":false},"excerpt":{"rendered":"<p>Est\u00e1 buscando uma vaga de resid\u00eancia m\u00e9dica na USP-SP e n\u00e3o sabe o que estudar? Ent\u00e3o veja os temas quentes que os nossos especialistas separaram pra voc\u00ea.<\/p>\n","protected":false},"author":6,"featured_media":9729,"comment_status":"open","ping_status":"open","sticky":false,"template":"","format":"standard","meta":{"footnotes":""},"categories":[174],"tags":[117,68,15,13],"ppma_author":[3609],"class_list":{"0":"post-9727","1":"post","2":"type-post","3":"status-publish","4":"format-standard","5":"has-post-thumbnail","7":"category-residencia-medica","8":"tag-provas-de-residencia","9":"tag-residencia-medica","10":"tag-usp","11":"tag-usp-sp"},"yoast_head":"<!-- This site is optimized with the Yoast SEO Premium plugin v24.3 (Yoast SEO v27.4) - https:\/\/yoast.com\/product\/yoast-seo-premium-wordpress\/ -->\n<title>Resid\u00eancia M\u00e9dica USP: O que estudar? - Blog de Medcof: conte\u00fados, editais, revalida e mais!<\/title>\n<meta name=\"description\" content=\"Est\u00e1 buscando uma vaga de resid\u00eancia m\u00e9dica na USP-SP e n\u00e3o sabe o que estudar? Ent\u00e3o veja os temas quentes que os nossos especialistas...\" \/>\n<meta name=\"robots\" content=\"index, follow, max-snippet:-1, max-image-preview:large, max-video-preview:-1\" \/>\n<link rel=\"canonical\" href=\"https:\/\/www.grupomedcof.com.br\/blog\/residencia-medica-usp-o-que-estudar\/\" \/>\n<meta property=\"og:locale\" content=\"pt_BR\" \/>\n<meta property=\"og:type\" content=\"article\" \/>\n<meta property=\"og:title\" content=\"Resid\u00eancia M\u00e9dica USP: O que estudar?\" \/>\n<meta property=\"og:description\" content=\"Est\u00e1 buscando uma vaga de resid\u00eancia m\u00e9dica na USP-SP e n\u00e3o sabe o que estudar? Ent\u00e3o veja os temas quentes que os nossos especialistas...\" \/>\n<meta property=\"og:url\" content=\"https:\/\/www.grupomedcof.com.br\/blog\/residencia-medica-usp-o-que-estudar\/\" \/>\n<meta property=\"og:site_name\" content=\"Blog de Medcof: conte\u00fados, editais, revalida e mais!\" \/>\n<meta property=\"article:publisher\" content=\"https:\/\/www.facebook.com\/MedCofQbank\/\" \/>\n<meta property=\"article:published_time\" content=\"2023-08-02T12:19:35+00:00\" \/>\n<meta property=\"og:image\" content=\"https:\/\/www.grupomedcof.com.br\/blog\/wp-content\/uploads\/2023\/08\/Blog-MedCof-2023-08-01T110709.742.png\" \/>\n\t<meta property=\"og:image:width\" content=\"2560\" \/>\n\t<meta property=\"og:image:height\" content=\"1440\" \/>\n\t<meta property=\"og:image:type\" content=\"image\/png\" \/>\n<meta name=\"author\" content=\"J\u00falia Moreira\" \/>\n<meta name=\"twitter:card\" content=\"summary_large_image\" \/>\n<meta name=\"twitter:label1\" content=\"Escrito por\" \/>\n\t<meta name=\"twitter:data1\" content=\"J\u00falia Moreira\" \/>\n\t<meta name=\"twitter:label2\" content=\"Est. tempo de leitura\" \/>\n\t<meta name=\"twitter:data2\" content=\"9 minutos\" \/>\n<script type=\"application\/ld+json\" class=\"yoast-schema-graph\">{\"@context\":\"https:\\\/\\\/schema.org\",\"@graph\":[{\"@type\":\"Article\",\"@id\":\"https:\\\/\\\/www.grupomedcof.com.br\\\/blog\\\/residencia-medica-usp-o-que-estudar\\\/#article\",\"isPartOf\":{\"@id\":\"https:\\\/\\\/www.grupomedcof.com.br\\\/blog\\\/residencia-medica-usp-o-que-estudar\\\/\"},\"author\":{\"name\":\"J\u00falia Moreira\",\"@id\":\"https:\\\/\\\/www.grupomedcof.com.br\\\/blog\\\/#\\\/schema\\\/person\\\/1375e0ce724529d7a1d8156ea7f8ceaa\"},\"headline\":\"Resid\u00eancia M\u00e9dica USP: O que estudar?\",\"datePublished\":\"2023-08-02T12:19:35+00:00\",\"mainEntityOfPage\":{\"@id\":\"https:\\\/\\\/www.grupomedcof.com.br\\\/blog\\\/residencia-medica-usp-o-que-estudar\\\/\"},\"wordCount\":894,\"commentCount\":0,\"publisher\":{\"@id\":\"https:\\\/\\\/www.grupomedcof.com.br\\\/blog\\\/#organization\"},\"image\":{\"@id\":\"https:\\\/\\\/www.grupomedcof.com.br\\\/blog\\\/residencia-medica-usp-o-que-estudar\\\/#primaryimage\"},\"thumbnailUrl\":\"https:\\\/\\\/www.grupomedcof.com.br\\\/blog\\\/wp-content\\\/uploads\\\/2023\\\/08\\\/Blog-MedCof-2023-08-01T110709.742.png\",\"keywords\":[\"Provas de Resid\u00eancia\",\"Resid\u00eancia M\u00e9dica\",\"USP\",\"USP-SP\"],\"articleSection\":[\"Resid\u00eancia m\u00e9dica: editais, resultados, temas quentes e mais\"],\"inLanguage\":\"pt-BR\"},{\"@type\":\"WebPage\",\"@id\":\"https:\\\/\\\/www.grupomedcof.com.br\\\/blog\\\/residencia-medica-usp-o-que-estudar\\\/\",\"url\":\"https:\\\/\\\/www.grupomedcof.com.br\\\/blog\\\/residencia-medica-usp-o-que-estudar\\\/\",\"name\":\"Resid\u00eancia M\u00e9dica USP: O que estudar? - Blog de Medcof: conte\u00fados, editais, revalida e mais!\",\"isPartOf\":{\"@id\":\"https:\\\/\\\/www.grupomedcof.com.br\\\/blog\\\/#website\"},\"primaryImageOfPage\":{\"@id\":\"https:\\\/\\\/www.grupomedcof.com.br\\\/blog\\\/residencia-medica-usp-o-que-estudar\\\/#primaryimage\"},\"image\":{\"@id\":\"https:\\\/\\\/www.grupomedcof.com.br\\\/blog\\\/residencia-medica-usp-o-que-estudar\\\/#primaryimage\"},\"thumbnailUrl\":\"https:\\\/\\\/www.grupomedcof.com.br\\\/blog\\\/wp-content\\\/uploads\\\/2023\\\/08\\\/Blog-MedCof-2023-08-01T110709.742.png\",\"datePublished\":\"2023-08-02T12:19:35+00:00\",\"description\":\"Est\u00e1 buscando uma vaga de resid\u00eancia m\u00e9dica na USP-SP e n\u00e3o sabe o que estudar? Ent\u00e3o veja os temas quentes que os nossos especialistas...\",\"breadcrumb\":{\"@id\":\"https:\\\/\\\/www.grupomedcof.com.br\\\/blog\\\/residencia-medica-usp-o-que-estudar\\\/#breadcrumb\"},\"inLanguage\":\"pt-BR\",\"potentialAction\":[{\"@type\":\"ReadAction\",\"target\":[\"https:\\\/\\\/www.grupomedcof.com.br\\\/blog\\\/residencia-medica-usp-o-que-estudar\\\/\"]}]},{\"@type\":\"ImageObject\",\"inLanguage\":\"pt-BR\",\"@id\":\"https:\\\/\\\/www.grupomedcof.com.br\\\/blog\\\/residencia-medica-usp-o-que-estudar\\\/#primaryimage\",\"url\":\"https:\\\/\\\/www.grupomedcof.com.br\\\/blog\\\/wp-content\\\/uploads\\\/2023\\\/08\\\/Blog-MedCof-2023-08-01T110709.742.png\",\"contentUrl\":\"https:\\\/\\\/www.grupomedcof.com.br\\\/blog\\\/wp-content\\\/uploads\\\/2023\\\/08\\\/Blog-MedCof-2023-08-01T110709.742.png\",\"width\":2560,\"height\":1440,\"caption\":\"Est\u00e1 buscando uma vaga de resid\u00eancia m\u00e9dica na USP-SP e n\u00e3o sabe o que estudar? Ent\u00e3o veja os temas quentes que os nossos especialistas...\"},{\"@type\":\"BreadcrumbList\",\"@id\":\"https:\\\/\\\/www.grupomedcof.com.br\\\/blog\\\/residencia-medica-usp-o-que-estudar\\\/#breadcrumb\",\"itemListElement\":[{\"@type\":\"ListItem\",\"position\":1,\"name\":\"In\u00edcio\",\"item\":\"https:\\\/\\\/www.grupomedcof.com.br\\\/blog\\\/\"},{\"@type\":\"ListItem\",\"position\":2,\"name\":\"Resid\u00eancia M\u00e9dica USP: O que estudar?\"}]},{\"@type\":\"WebSite\",\"@id\":\"https:\\\/\\\/www.grupomedcof.com.br\\\/blog\\\/#website\",\"url\":\"https:\\\/\\\/www.grupomedcof.com.br\\\/blog\\\/\",\"name\":\"Blog de Medcof: conte\u00fados, editais, revalida e mais!\",\"description\":\"Acesso o blog de MedCof! Seu portal de conte\u00fados sobre resid\u00eancia m\u00e9dica, an\u00e1lise e editais e muito mais. Clique e confira!\",\"publisher\":{\"@id\":\"https:\\\/\\\/www.grupomedcof.com.br\\\/blog\\\/#organization\"},\"alternateName\":\"Blog de Medcof: conte\u00fados, editais, revalida e mais!\",\"potentialAction\":[{\"@type\":\"SearchAction\",\"target\":{\"@type\":\"EntryPoint\",\"urlTemplate\":\"https:\\\/\\\/www.grupomedcof.com.br\\\/blog\\\/?s={search_term_string}\"},\"query-input\":{\"@type\":\"PropertyValueSpecification\",\"valueRequired\":true,\"valueName\":\"search_term_string\"}}],\"inLanguage\":\"pt-BR\"},{\"@type\":\"Organization\",\"@id\":\"https:\\\/\\\/www.grupomedcof.com.br\\\/blog\\\/#organization\",\"name\":\"Grupo MedCof\",\"url\":\"https:\\\/\\\/www.grupomedcof.com.br\\\/blog\\\/\",\"logo\":{\"@type\":\"ImageObject\",\"inLanguage\":\"pt-BR\",\"@id\":\"https:\\\/\\\/www.grupomedcof.com.br\\\/blog\\\/#\\\/schema\\\/logo\\\/image\\\/\",\"url\":\"https:\\\/\\\/www.grupomedcof.com.br\\\/blog\\\/wp-content\\\/uploads\\\/2022\\\/01\\\/logo-medcof.png\",\"contentUrl\":\"https:\\\/\\\/www.grupomedcof.com.br\\\/blog\\\/wp-content\\\/uploads\\\/2022\\\/01\\\/logo-medcof.png\",\"width\":768,\"height\":269,\"caption\":\"Grupo MedCof\"},\"image\":{\"@id\":\"https:\\\/\\\/www.grupomedcof.com.br\\\/blog\\\/#\\\/schema\\\/logo\\\/image\\\/\"},\"sameAs\":[\"https:\\\/\\\/www.facebook.com\\\/MedCofQbank\\\/\",\"https:\\\/\\\/www.instagram.com\\\/grupomedcof\\\/\",\"https:\\\/\\\/br.linkedin.com\\\/company\\\/medcof\",\"https:\\\/\\\/www.youtube.com\\\/channel\\\/UCdHMuOHKICxcHwecxN8P-AA\"]},{\"@type\":\"Person\",\"@id\":\"https:\\\/\\\/www.grupomedcof.com.br\\\/blog\\\/#\\\/schema\\\/person\\\/1375e0ce724529d7a1d8156ea7f8ceaa\",\"name\":\"J\u00falia Moreira\",\"image\":{\"@type\":\"ImageObject\",\"inLanguage\":\"pt-BR\",\"@id\":\"https:\\\/\\\/www.grupomedcof.com.br\\\/blog\\\/wp-content\\\/uploads\\\/2024\\\/12\\\/cropped-Captura-de-tela-2023-12-15-094946-96x96.png6a0083ac34a0445de97d55fae63a4a41\",\"url\":\"https:\\\/\\\/www.grupomedcof.com.br\\\/blog\\\/wp-content\\\/uploads\\\/2024\\\/12\\\/cropped-Captura-de-tela-2023-12-15-094946-96x96.png\",\"contentUrl\":\"https:\\\/\\\/www.grupomedcof.com.br\\\/blog\\\/wp-content\\\/uploads\\\/2024\\\/12\\\/cropped-Captura-de-tela-2023-12-15-094946-96x96.png\",\"caption\":\"J\u00falia Moreira\"},\"description\":\"Estudante do 8\u00ba semestre de Jornalismo na ECA-USP, f\u00e3 de filmes de terror e m\u00fasica popular sul-coreana.\",\"sameAs\":[\"https:\\\/\\\/www.grupomedcof.com.br\\\/\"],\"url\":\"https:\\\/\\\/www.grupomedcof.com.br\\\/blog\\\/author\\\/julia\\\/\"}]}<\/script>\n<!-- \/ Yoast SEO Premium plugin. -->","yoast_head_json":{"title":"Resid\u00eancia M\u00e9dica USP: O que estudar? - Blog de Medcof: conte\u00fados, editais, revalida e mais!","description":"Est\u00e1 buscando uma vaga de resid\u00eancia m\u00e9dica na USP-SP e n\u00e3o sabe o que estudar? Ent\u00e3o veja os temas quentes que os nossos especialistas...","robots":{"index":"index","follow":"follow","max-snippet":"max-snippet:-1","max-image-preview":"max-image-preview:large","max-video-preview":"max-video-preview:-1"},"canonical":"https:\/\/www.grupomedcof.com.br\/blog\/residencia-medica-usp-o-que-estudar\/","og_locale":"pt_BR","og_type":"article","og_title":"Resid\u00eancia M\u00e9dica USP: O que estudar?","og_description":"Est\u00e1 buscando uma vaga de resid\u00eancia m\u00e9dica na USP-SP e n\u00e3o sabe o que estudar? Ent\u00e3o veja os temas quentes que os nossos especialistas...","og_url":"https:\/\/www.grupomedcof.com.br\/blog\/residencia-medica-usp-o-que-estudar\/","og_site_name":"Blog de Medcof: conte\u00fados, editais, revalida e mais!","article_publisher":"https:\/\/www.facebook.com\/MedCofQbank\/","article_published_time":"2023-08-02T12:19:35+00:00","og_image":[{"width":2560,"height":1440,"url":"https:\/\/www.grupomedcof.com.br\/blog\/wp-content\/uploads\/2023\/08\/Blog-MedCof-2023-08-01T110709.742.png","type":"image\/png"}],"author":"J\u00falia Moreira","twitter_card":"summary_large_image","twitter_misc":{"Escrito por":"J\u00falia Moreira","Est. tempo de leitura":"9 minutos"},"schema":{"@context":"https:\/\/schema.org","@graph":[{"@type":"Article","@id":"https:\/\/www.grupomedcof.com.br\/blog\/residencia-medica-usp-o-que-estudar\/#article","isPartOf":{"@id":"https:\/\/www.grupomedcof.com.br\/blog\/residencia-medica-usp-o-que-estudar\/"},"author":{"name":"J\u00falia Moreira","@id":"https:\/\/www.grupomedcof.com.br\/blog\/#\/schema\/person\/1375e0ce724529d7a1d8156ea7f8ceaa"},"headline":"Resid\u00eancia M\u00e9dica USP: O que estudar?","datePublished":"2023-08-02T12:19:35+00:00","mainEntityOfPage":{"@id":"https:\/\/www.grupomedcof.com.br\/blog\/residencia-medica-usp-o-que-estudar\/"},"wordCount":894,"commentCount":0,"publisher":{"@id":"https:\/\/www.grupomedcof.com.br\/blog\/#organization"},"image":{"@id":"https:\/\/www.grupomedcof.com.br\/blog\/residencia-medica-usp-o-que-estudar\/#primaryimage"},"thumbnailUrl":"https:\/\/www.grupomedcof.com.br\/blog\/wp-content\/uploads\/2023\/08\/Blog-MedCof-2023-08-01T110709.742.png","keywords":["Provas de Resid\u00eancia","Resid\u00eancia M\u00e9dica","USP","USP-SP"],"articleSection":["Resid\u00eancia m\u00e9dica: editais, resultados, temas quentes e mais"],"inLanguage":"pt-BR"},{"@type":"WebPage","@id":"https:\/\/www.grupomedcof.com.br\/blog\/residencia-medica-usp-o-que-estudar\/","url":"https:\/\/www.grupomedcof.com.br\/blog\/residencia-medica-usp-o-que-estudar\/","name":"Resid\u00eancia M\u00e9dica USP: O que estudar? - Blog de Medcof: conte\u00fados, editais, revalida e mais!","isPartOf":{"@id":"https:\/\/www.grupomedcof.com.br\/blog\/#website"},"primaryImageOfPage":{"@id":"https:\/\/www.grupomedcof.com.br\/blog\/residencia-medica-usp-o-que-estudar\/#primaryimage"},"image":{"@id":"https:\/\/www.grupomedcof.com.br\/blog\/residencia-medica-usp-o-que-estudar\/#primaryimage"},"thumbnailUrl":"https:\/\/www.grupomedcof.com.br\/blog\/wp-content\/uploads\/2023\/08\/Blog-MedCof-2023-08-01T110709.742.png","datePublished":"2023-08-02T12:19:35+00:00","description":"Est\u00e1 buscando uma vaga de resid\u00eancia m\u00e9dica na USP-SP e n\u00e3o sabe o que estudar? Ent\u00e3o veja os temas quentes que os nossos especialistas...","breadcrumb":{"@id":"https:\/\/www.grupomedcof.com.br\/blog\/residencia-medica-usp-o-que-estudar\/#breadcrumb"},"inLanguage":"pt-BR","potentialAction":[{"@type":"ReadAction","target":["https:\/\/www.grupomedcof.com.br\/blog\/residencia-medica-usp-o-que-estudar\/"]}]},{"@type":"ImageObject","inLanguage":"pt-BR","@id":"https:\/\/www.grupomedcof.com.br\/blog\/residencia-medica-usp-o-que-estudar\/#primaryimage","url":"https:\/\/www.grupomedcof.com.br\/blog\/wp-content\/uploads\/2023\/08\/Blog-MedCof-2023-08-01T110709.742.png","contentUrl":"https:\/\/www.grupomedcof.com.br\/blog\/wp-content\/uploads\/2023\/08\/Blog-MedCof-2023-08-01T110709.742.png","width":2560,"height":1440,"caption":"Est\u00e1 buscando uma vaga de resid\u00eancia m\u00e9dica na USP-SP e n\u00e3o sabe o que estudar? Ent\u00e3o veja os temas quentes que os nossos especialistas..."},{"@type":"BreadcrumbList","@id":"https:\/\/www.grupomedcof.com.br\/blog\/residencia-medica-usp-o-que-estudar\/#breadcrumb","itemListElement":[{"@type":"ListItem","position":1,"name":"In\u00edcio","item":"https:\/\/www.grupomedcof.com.br\/blog\/"},{"@type":"ListItem","position":2,"name":"Resid\u00eancia M\u00e9dica USP: O que estudar?"}]},{"@type":"WebSite","@id":"https:\/\/www.grupomedcof.com.br\/blog\/#website","url":"https:\/\/www.grupomedcof.com.br\/blog\/","name":"Blog de Medcof: conte\u00fados, editais, revalida e mais!","description":"Acesso o blog de MedCof! Seu portal de conte\u00fados sobre resid\u00eancia m\u00e9dica, an\u00e1lise e editais e muito mais. Clique e confira!","publisher":{"@id":"https:\/\/www.grupomedcof.com.br\/blog\/#organization"},"alternateName":"Blog de Medcof: conte\u00fados, editais, revalida e mais!","potentialAction":[{"@type":"SearchAction","target":{"@type":"EntryPoint","urlTemplate":"https:\/\/www.grupomedcof.com.br\/blog\/?s={search_term_string}"},"query-input":{"@type":"PropertyValueSpecification","valueRequired":true,"valueName":"search_term_string"}}],"inLanguage":"pt-BR"},{"@type":"Organization","@id":"https:\/\/www.grupomedcof.com.br\/blog\/#organization","name":"Grupo MedCof","url":"https:\/\/www.grupomedcof.com.br\/blog\/","logo":{"@type":"ImageObject","inLanguage":"pt-BR","@id":"https:\/\/www.grupomedcof.com.br\/blog\/#\/schema\/logo\/image\/","url":"https:\/\/www.grupomedcof.com.br\/blog\/wp-content\/uploads\/2022\/01\/logo-medcof.png","contentUrl":"https:\/\/www.grupomedcof.com.br\/blog\/wp-content\/uploads\/2022\/01\/logo-medcof.png","width":768,"height":269,"caption":"Grupo MedCof"},"image":{"@id":"https:\/\/www.grupomedcof.com.br\/blog\/#\/schema\/logo\/image\/"},"sameAs":["https:\/\/www.facebook.com\/MedCofQbank\/","https:\/\/www.instagram.com\/grupomedcof\/","https:\/\/br.linkedin.com\/company\/medcof","https:\/\/www.youtube.com\/channel\/UCdHMuOHKICxcHwecxN8P-AA"]},{"@type":"Person","@id":"https:\/\/www.grupomedcof.com.br\/blog\/#\/schema\/person\/1375e0ce724529d7a1d8156ea7f8ceaa","name":"J\u00falia Moreira","image":{"@type":"ImageObject","inLanguage":"pt-BR","@id":"https:\/\/www.grupomedcof.com.br\/blog\/wp-content\/uploads\/2024\/12\/cropped-Captura-de-tela-2023-12-15-094946-96x96.png6a0083ac34a0445de97d55fae63a4a41","url":"https:\/\/www.grupomedcof.com.br\/blog\/wp-content\/uploads\/2024\/12\/cropped-Captura-de-tela-2023-12-15-094946-96x96.png","contentUrl":"https:\/\/www.grupomedcof.com.br\/blog\/wp-content\/uploads\/2024\/12\/cropped-Captura-de-tela-2023-12-15-094946-96x96.png","caption":"J\u00falia Moreira"},"description":"Estudante do 8\u00ba semestre de Jornalismo na ECA-USP, f\u00e3 de filmes de terror e m\u00fasica popular sul-coreana.","sameAs":["https:\/\/www.grupomedcof.com.br\/"],"url":"https:\/\/www.grupomedcof.com.br\/blog\/author\/julia\/"}]}},"authors":[{"term_id":3609,"user_id":6,"is_guest":0,"slug":"julia","display_name":"J\u00falia Moreira","avatar_url":"https:\/\/www.grupomedcof.com.br\/blog\/wp-content\/uploads\/2024\/12\/cropped-Captura-de-tela-2023-12-15-094946-96x96.png","0":null,"1":"","2":"","3":"","4":"","5":"","6":"","7":"","8":""}],"_links":{"self":[{"href":"https:\/\/www.grupomedcof.com.br\/blog\/wp-json\/wp\/v2\/posts\/9727","targetHints":{"allow":["GET"]}}],"collection":[{"href":"https:\/\/www.grupomedcof.com.br\/blog\/wp-json\/wp\/v2\/posts"}],"about":[{"href":"https:\/\/www.grupomedcof.com.br\/blog\/wp-json\/wp\/v2\/types\/post"}],"author":[{"embeddable":true,"href":"https:\/\/www.grupomedcof.com.br\/blog\/wp-json\/wp\/v2\/users\/6"}],"replies":[{"embeddable":true,"href":"https:\/\/www.grupomedcof.com.br\/blog\/wp-json\/wp\/v2\/comments?post=9727"}],"version-history":[{"count":0,"href":"https:\/\/www.grupomedcof.com.br\/blog\/wp-json\/wp\/v2\/posts\/9727\/revisions"}],"wp:featuredmedia":[{"embeddable":true,"href":"https:\/\/www.grupomedcof.com.br\/blog\/wp-json\/wp\/v2\/media\/9729"}],"wp:attachment":[{"href":"https:\/\/www.grupomedcof.com.br\/blog\/wp-json\/wp\/v2\/media?parent=9727"}],"wp:term":[{"taxonomy":"category","embeddable":true,"href":"https:\/\/www.grupomedcof.com.br\/blog\/wp-json\/wp\/v2\/categories?post=9727"},{"taxonomy":"post_tag","embeddable":true,"href":"https:\/\/www.grupomedcof.com.br\/blog\/wp-json\/wp\/v2\/tags?post=9727"},{"taxonomy":"author","embeddable":true,"href":"https:\/\/www.grupomedcof.com.br\/blog\/wp-json\/wp\/v2\/ppma_author?post=9727"}],"curies":[{"name":"wp","href":"https:\/\/api.w.org\/{rel}","templated":true}]}}