{"id":9825,"date":"2023-08-03T12:45:53","date_gmt":"2023-08-03T15:45:53","guid":{"rendered":"https:\/\/www.grupomedcof.com.br\/blog\/?p=9825"},"modified":"2024-12-03T17:20:26","modified_gmt":"2024-12-03T20:20:26","slug":"retocolite-ulcerativa-rcu-principais-topicos-que-voce-precisa-para-sua-prova-de-residencia","status":"publish","type":"post","link":"https:\/\/www.grupomedcof.com.br\/blog\/retocolite-ulcerativa-rcu-principais-topicos-que-voce-precisa-para-sua-prova-de-residencia\/","title":{"rendered":"Retocolite Ulcerativa (RCU): Principais t\u00f3picos que voc\u00ea precisa para sua prova de resid\u00eancia"},"content":{"rendered":"<div id=\"ez-toc-container\" class=\"ez-toc-v2_0_74 counter-hierarchy ez-toc-counter ez-toc-transparent ez-toc-container-direction\">\n<div class=\"ez-toc-title-container\">\n<p class=\"ez-toc-title\" style=\"cursor:inherit\">Sum\u00e1rio<\/p>\n<span class=\"ez-toc-title-toggle\"><a href=\"#\" class=\"ez-toc-pull-right ez-toc-btn ez-toc-btn-xs ez-toc-btn-default ez-toc-toggle\" aria-label=\"Alternar tabela de conte\u00fado\"><span class=\"ez-toc-js-icon-con\"><span class=\"\"><span class=\"eztoc-hide\" style=\"display:none;\">Toggle<\/span><span class=\"ez-toc-icon-toggle-span\"><svg style=\"fill: #999;color:#999\" xmlns=\"http:\/\/www.w3.org\/2000\/svg\" class=\"list-377408\" width=\"20px\" height=\"20px\" viewBox=\"0 0 24 24\" fill=\"none\"><path d=\"M6 6H4v2h2V6zm14 0H8v2h12V6zM4 11h2v2H4v-2zm16 0H8v2h12v-2zM4 16h2v2H4v-2zm16 0H8v2h12v-2z\" fill=\"currentColor\"><\/path><\/svg><svg style=\"fill: #999;color:#999\" class=\"arrow-unsorted-368013\" xmlns=\"http:\/\/www.w3.org\/2000\/svg\" width=\"10px\" height=\"10px\" viewBox=\"0 0 24 24\" version=\"1.2\" baseProfile=\"tiny\"><path d=\"M18.2 9.3l-6.2-6.3-6.2 6.3c-.2.2-.3.4-.3.7s.1.5.3.7c.2.2.4.3.7.3h11c.3 0 .5-.1.7-.3.2-.2.3-.5.3-.7s-.1-.5-.3-.7zM5.8 14.7l6.2 6.3 6.2-6.3c.2-.2.3-.5.3-.7s-.1-.5-.3-.7c-.2-.2-.4-.3-.7-.3h-11c-.3 0-.5.1-.7.3-.2.2-.3.5-.3.7s.1.5.3.7z\"\/><\/svg><\/span><\/span><\/span><\/a><\/span><\/div>\n<nav><ul class='ez-toc-list ez-toc-list-level-1 ' ><li class='ez-toc-page-1 ez-toc-heading-level-2'><a class=\"ez-toc-link ez-toc-heading-1\" href=\"https:\/\/www.grupomedcof.com.br\/blog\/retocolite-ulcerativa-rcu-principais-topicos-que-voce-precisa-para-sua-prova-de-residencia\/#Leia_abaixo\" >Leia abaixo<\/a><\/li><li class='ez-toc-page-1 ez-toc-heading-level-2'><a class=\"ez-toc-link ez-toc-heading-2\" href=\"https:\/\/www.grupomedcof.com.br\/blog\/retocolite-ulcerativa-rcu-principais-topicos-que-voce-precisa-para-sua-prova-de-residencia\/#Definicao_de_Retocolite_Ulcerativa_RCU\" >Defini\u00e7\u00e3o de Retocolite Ulcerativa (RCU)<\/a><ul class='ez-toc-list-level-3' ><li class='ez-toc-heading-level-3'><a class=\"ez-toc-link ez-toc-heading-3\" href=\"https:\/\/www.grupomedcof.com.br\/blog\/retocolite-ulcerativa-rcu-principais-topicos-que-voce-precisa-para-sua-prova-de-residencia\/#Epidemiologia\" >Epidemiologia<\/a><\/li><li class='ez-toc-page-1 ez-toc-heading-level-3'><a class=\"ez-toc-link ez-toc-heading-4\" href=\"https:\/\/www.grupomedcof.com.br\/blog\/retocolite-ulcerativa-rcu-principais-topicos-que-voce-precisa-para-sua-prova-de-residencia\/#Etiopatogenia_da_Retocolite_Ulcerativa\" >Etiopatogenia da Retocolite Ulcerativa<\/a><\/li><\/ul><\/li><li class='ez-toc-page-1 ez-toc-heading-level-2'><a class=\"ez-toc-link ez-toc-heading-5\" href=\"https:\/\/www.grupomedcof.com.br\/blog\/retocolite-ulcerativa-rcu-principais-topicos-que-voce-precisa-para-sua-prova-de-residencia\/#Retocolite_Ulcerativa_Apresentacao_Clinica\" >Retocolite Ulcerativa: Apresenta\u00e7\u00e3o Cl\u00ednica<\/a><ul class='ez-toc-list-level-3' ><li class='ez-toc-heading-level-3'><a class=\"ez-toc-link ez-toc-heading-6\" href=\"https:\/\/www.grupomedcof.com.br\/blog\/retocolite-ulcerativa-rcu-principais-topicos-que-voce-precisa-para-sua-prova-de-residencia\/#Exame_Fisico\" >Exame F\u00edsico<\/a><\/li><li class='ez-toc-page-1 ez-toc-heading-level-3'><a class=\"ez-toc-link ez-toc-heading-7\" href=\"https:\/\/www.grupomedcof.com.br\/blog\/retocolite-ulcerativa-rcu-principais-topicos-que-voce-precisa-para-sua-prova-de-residencia\/#Complicacoes_da_Retocolite_Ulcerativa\" >Complica\u00e7\u00f5es da\u00a0Retocolite Ulcerativa<\/a><\/li><\/ul><\/li><li class='ez-toc-page-1 ez-toc-heading-level-2'><a class=\"ez-toc-link ez-toc-heading-8\" href=\"https:\/\/www.grupomedcof.com.br\/blog\/retocolite-ulcerativa-rcu-principais-topicos-que-voce-precisa-para-sua-prova-de-residencia\/#Diagnostico\" >Diagn\u00f3stico<\/a><ul class='ez-toc-list-level-3' ><li class='ez-toc-heading-level-3'><a class=\"ez-toc-link ez-toc-heading-9\" href=\"https:\/\/www.grupomedcof.com.br\/blog\/retocolite-ulcerativa-rcu-principais-topicos-que-voce-precisa-para-sua-prova-de-residencia\/#Classificacao_da_RCU\" >Classifica\u00e7\u00e3o da RCU<\/a><\/li><\/ul><\/li><li class='ez-toc-page-1 ez-toc-heading-level-2'><a class=\"ez-toc-link ez-toc-heading-10\" href=\"https:\/\/www.grupomedcof.com.br\/blog\/retocolite-ulcerativa-rcu-principais-topicos-que-voce-precisa-para-sua-prova-de-residencia\/#Tratamento_da_Retocolite_Ulcerativa\" >Tratamento da Retocolite Ulcerativa<\/a><\/li><li class='ez-toc-page-1 ez-toc-heading-level-2'><a class=\"ez-toc-link ez-toc-heading-11\" href=\"https:\/\/www.grupomedcof.com.br\/blog\/retocolite-ulcerativa-rcu-principais-topicos-que-voce-precisa-para-sua-prova-de-residencia\/#Raio-X_da_Prova_Pratica\" >Raio-X da Prova Pr\u00e1tica<\/a><\/li><\/ul><\/nav><\/div>\n<p><img loading=\"lazy\" decoding=\"async\" width=\"800\" height=\"450\" src=\"https:\/\/www.grupomedcof.com.br\/blog\/wp-content\/uploads\/2023\/08\/Blog-MedCof-2023-08-03T110714.021-1024x576.png\" alt=\"Retocolite Ulcerativa, recolite ulcerativa, RCU, retocolite ulcerativa sintomas, retocolite ulcerativa tratamento, sintomas de retocolite ulcerativa, retocolite ulcerativa complica\u00e7\u00f5es\" srcset=\"https:\/\/www.grupomedcof.com.br\/blog\/wp-content\/uploads\/2023\/08\/Blog-MedCof-2023-08-03T110714.021-1024x576.png 1024w, https:\/\/www.grupomedcof.com.br\/blog\/wp-content\/uploads\/2023\/08\/Blog-MedCof-2023-08-03T110714.021-300x169.png 300w, https:\/\/www.grupomedcof.com.br\/blog\/wp-content\/uploads\/2023\/08\/Blog-MedCof-2023-08-03T110714.021-768x432.png 768w, https:\/\/www.grupomedcof.com.br\/blog\/wp-content\/uploads\/2023\/08\/Blog-MedCof-2023-08-03T110714.021-1536x864.png 1536w, https:\/\/www.grupomedcof.com.br\/blog\/wp-content\/uploads\/2023\/08\/Blog-MedCof-2023-08-03T110714.021-2048x1152.png 2048w\" sizes=\"auto, (max-width: 800px) 100vw, 800px\" \/>\t\t\t\t\t\t\t\t\t\t\t\t\t\t\t<\/p>\n<p>Preparamos esse post para voc\u00ea revisar os principais pontos da<b> Retocolite Ulcerativa (RCU)<\/b>, assim voc\u00ea poder\u00e1 gabaritar na prova de resid\u00eancia!<\/p>\n<h2><span class=\"ez-toc-section\" id=\"Leia_abaixo\"><\/span>\n\t\t\t\tLeia abaixo\t\t\t<span class=\"ez-toc-section-end\"><\/span><\/h2>\n<p>\t\t\t\t\t\t\t\t\t\t\t\t\t\t\t\t<a href=\"https:\/\/www.grupomedcof.com.br\/reta-final-dominada-links\/\" target=\"_blank\" rel=\"noopener\"><br \/>\n\t\t\t\t\t\t\t<img loading=\"lazy\" decoding=\"async\" width=\"800\" height=\"130\" src=\"https:\/\/www.grupomedcof.com.br\/blog\/wp-content\/uploads\/2023\/08\/Blog-MedCof-2023-08-03T121639.017-1024x166.png\" alt=\"medcof residencia medica, curso Intensivo para Resid\u00eancia M\u00e9dica, curso para resid\u00eancia m\u00e9dica, medcof reta final dominada, reta final dominada, aulas medcof,\" srcset=\"https:\/\/www.grupomedcof.com.br\/blog\/wp-content\/uploads\/2023\/08\/Blog-MedCof-2023-08-03T121639.017-1024x166.png 1024w, https:\/\/www.grupomedcof.com.br\/blog\/wp-content\/uploads\/2023\/08\/Blog-MedCof-2023-08-03T121639.017-300x49.png 300w, https:\/\/www.grupomedcof.com.br\/blog\/wp-content\/uploads\/2023\/08\/Blog-MedCof-2023-08-03T121639.017-768x125.png 768w, https:\/\/www.grupomedcof.com.br\/blog\/wp-content\/uploads\/2023\/08\/Blog-MedCof-2023-08-03T121639.017-1536x249.png 1536w, https:\/\/www.grupomedcof.com.br\/blog\/wp-content\/uploads\/2023\/08\/Blog-MedCof-2023-08-03T121639.017-2048x332.png 2048w\" sizes=\"auto, (max-width: 800px) 100vw, 800px\" \/>\t\t\t\t\t\t\t\t<\/a><\/p>\n<h2 style=\"font-family: Poppins, sans-serif; color: #7a7a7a;\"><span class=\"ez-toc-section\" id=\"Definicao_de_Retocolite_Ulcerativa_RCU\"><\/span><strong>Defini\u00e7\u00e3o de Retocolite Ulcerativa (RCU)<\/strong><span class=\"ez-toc-section-end\"><\/span><\/h2>\n<p>A Retocolite Ulcerativa (RCU) faz parte do grupo de doen\u00e7a inflamat\u00f3rias intestinais cr\u00f4nicas de etiologia parcialmente conhecida, caracterizada por acometimento cont\u00ednuo e ascendente do reto e c\u00f3lon.<\/p>\n<h3 style=\"font-family: Poppins, sans-serif; color: #7a7a7a;\"><span class=\"ez-toc-section\" id=\"Epidemiologia\"><\/span><strong>Epidemiologia<\/strong><span class=\"ez-toc-section-end\"><\/span><\/h3>\n<p>Comum em pa\u00edses desenvolvidos, a RCU afeta principalmente\u00a0adultos jovens\u00a0(Pico: 30-40 anos). Al\u00e9m disso, estudos indicam que a incid\u00eancia e a preval\u00eancia da doen\u00e7a est\u00e3o aumentando ao redor do mundo. Entretanto, a incid\u00eancia anual da RCU varia de 0,5 a 31 por 100.000 pessoas, dependendo da regi\u00e3o geogr\u00e1fica, com discreta preval\u00eancia no sexo masculino.<\/p>\n<h3 style=\"font-family: Poppins, sans-serif; color: #7a7a7a;\"><span class=\"ez-toc-section\" id=\"Etiopatogenia_da_Retocolite_Ulcerativa\"><\/span><strong>Etiopatogenia da Retocolite Ulcerativa<\/strong><span class=\"ez-toc-section-end\"><\/span><\/h3>\n<p>Embora a causa exata da RCU seja desconhecida, evid\u00eancias tamb\u00e9m apontam para uma intera\u00e7\u00e3o complexa entre fatores gen\u00e9ticos, ambientais, imunol\u00f3gicos e luminais (barreira intestinal e microbiota).\u00a0<\/p>\n<p>\u00a0<\/p>\n<p>Ademais, estudos de associa\u00e7\u00e3o de genoma completo identificaram diversos genes envolvidos na suscetibilidade \u00e0 RCU, incluindo o gene NOD2\/CARD15.\u00a0<\/p>\n<p>\u00a0<\/p>\n<p>Al\u00e9m disso, houve associa\u00e7\u00e3o a um maior risco de desenvolvimento da RCU em pessoas submetidas a certos fatores ambientais, como o<b> tabagismo e o uso de contraceptivos orais.<\/b><\/p>\n<p>\t\t\t\t\t\t\t\t\t\t\t\t\t\t\t<img loading=\"lazy\" decoding=\"async\" width=\"800\" height=\"947\" src=\"https:\/\/www.grupomedcof.com.br\/blog\/wp-content\/uploads\/2023\/08\/Blog-MedCof-2023-08-03T120559.091-865x1024.png\" alt=\"Retocolite Ulcerativa, recolite ulcerativa, RCU, retocolite ulcerativa sintomas, retocolite ulcerativa tratamento, sintomas de retocolite ulcerativa, retocolite ulcerativa complica\u00e7\u00f5es\" srcset=\"https:\/\/www.grupomedcof.com.br\/blog\/wp-content\/uploads\/2023\/08\/Blog-MedCof-2023-08-03T120559.091-865x1024.png 865w, https:\/\/www.grupomedcof.com.br\/blog\/wp-content\/uploads\/2023\/08\/Blog-MedCof-2023-08-03T120559.091-253x300.png 253w, https:\/\/www.grupomedcof.com.br\/blog\/wp-content\/uploads\/2023\/08\/Blog-MedCof-2023-08-03T120559.091-768x909.png 768w, https:\/\/www.grupomedcof.com.br\/blog\/wp-content\/uploads\/2023\/08\/Blog-MedCof-2023-08-03T120559.091-1298x1536.png 1298w, https:\/\/www.grupomedcof.com.br\/blog\/wp-content\/uploads\/2023\/08\/Blog-MedCof-2023-08-03T120559.091-1730x2048.png 1730w\" sizes=\"auto, (max-width: 800px) 100vw, 800px\" \/>\t\t\t\t\t\t\t\t\t\t\t\t\t\t\t<\/p>\n<h2 style=\"font-family: Poppins, sans-serif; color: #7a7a7a;\"><span class=\"ez-toc-section\" id=\"Retocolite_Ulcerativa_Apresentacao_Clinica\"><\/span><strong>Retocolite Ulcerativa: Apresenta\u00e7\u00e3o Cl\u00ednica<\/strong><span class=\"ez-toc-section-end\"><\/span><\/h2>\n<p>Geralmente, a RCU\u00a0se manifesta com diarreia cr\u00f4nica sanguinolenta (10-15 evacua\u00e7\u00f5es l\u00edquidas por dia, podendo ter pus nas fezes), c\u00f3licas abdominais, tenesmo e urg\u00eancia para evacuar. Outros sintomas comuns incluem perda de peso, constipa\u00e7\u00e3o, fadiga e febre baixa.<\/p>\n<h3 style=\"font-family: Poppins, sans-serif; color: #7a7a7a;\"><span class=\"ez-toc-section\" id=\"Exame_Fisico\"><\/span><strong>Exame F\u00edsico<\/strong><span class=\"ez-toc-section-end\"><\/span><\/h3>\n<p>Depende da gravidade da atividade inflamat\u00f3ria, podendo ser encontrado taquicardia, febre, hipotens\u00e3o e distens\u00e3o abdominal. Al\u00e9m disso, a inspe\u00e7\u00e3o da regi\u00e3o perianal ocorrer de forma cautelosa para descartar diagn\u00f3sticos diferenciais.<\/p>\n<h3 style=\"font-family: Poppins, sans-serif; color: #7a7a7a;\"><span class=\"ez-toc-section\" id=\"Complicacoes_da_Retocolite_Ulcerativa\"><\/span><b>Complica\u00e7\u00f5es da\u00a0Retocolite Ulcerativa<\/b><span class=\"ez-toc-section-end\"><\/span><\/h3>\n<p>H\u00e1 associa\u00e7\u00e3o da RCU com diversas complica\u00e7\u00f5es como:<\/p>\n<ul style=\"font-size: 16px; background-color: #ffffff;\">\n<li style=\"font-size: 16px;\">colite fulminante,<\/li>\n<li style=\"font-size: 16px;\">megac\u00f3lon t\u00f3xico,<\/li>\n<li style=\"font-size: 16px;\">perfura\u00e7\u00e3o intestinal e<\/li>\n<li style=\"font-size: 16px;\">aumento do risco de c\u00e2ncer colorretal (adenocarcinoma), especialmente nos casos de pancolite ou com colangite esclerosante prim\u00e1ria associada.<\/li>\n<\/ul>\n<p>\t\t\t\t\t\t\t\t\t\t\t\t\t\t\t\t<a href=\"https:\/\/www.grupomedcof.com.br\/blog\/qbank-medcof\/\" target=\"_blank\" rel=\"noopener\"><br \/>\n\t\t\t\t\t\t\t<img loading=\"lazy\" decoding=\"async\" width=\"800\" height=\"128\" src=\"https:\/\/www.grupomedcof.com.br\/blog\/wp-content\/uploads\/2023\/07\/Blog-MedCof-2023-07-06T091657.858-1024x164.png\" alt=\"medcof qbank, medcof aulas, grupo medcof, aulas medcof, qbank, banco de questoes medcof, medcof banco de questoes\" srcset=\"https:\/\/www.grupomedcof.com.br\/blog\/wp-content\/uploads\/2023\/07\/Blog-MedCof-2023-07-06T091657.858-1024x164.png 1024w, https:\/\/www.grupomedcof.com.br\/blog\/wp-content\/uploads\/2023\/07\/Blog-MedCof-2023-07-06T091657.858-300x48.png 300w, https:\/\/www.grupomedcof.com.br\/blog\/wp-content\/uploads\/2023\/07\/Blog-MedCof-2023-07-06T091657.858-768x123.png 768w, https:\/\/www.grupomedcof.com.br\/blog\/wp-content\/uploads\/2023\/07\/Blog-MedCof-2023-07-06T091657.858-1536x246.png 1536w, https:\/\/www.grupomedcof.com.br\/blog\/wp-content\/uploads\/2023\/07\/Blog-MedCof-2023-07-06T091657.858-2048x327.png 2048w\" sizes=\"auto, (max-width: 800px) 100vw, 800px\" \/>\t\t\t\t\t\t\t\t<\/a><\/p>\n<h2 style=\"font-family: Poppins, sans-serif; color: #7a7a7a;\"><span class=\"ez-toc-section\" id=\"Diagnostico\"><\/span><strong>Diagn\u00f3stico<\/strong><span class=\"ez-toc-section-end\"><\/span><\/h2>\n<p>A base do diagn\u00f3stico s\u00e3o os crit\u00e9rios cl\u00ednicos, endosc\u00f3picos e histopatol\u00f3gicos. A colonoscopia com bi\u00f3psia \u00e9 essencial para a confirma\u00e7\u00e3o diagn\u00f3stica, permitindo a avalia\u00e7\u00e3o do grau de extens\u00e3o e gravidade da doen\u00e7a.<\/p>\n<p>\u00a0<\/p>\n<p>Na investiga\u00e7\u00e3o in\u00fameros exames laboratoriais e de imagem podem fazer parte na investiga\u00e7\u00e3o diagn\u00f3stica, portanto, n\u00e3o seremos exaustivos aqui.<\/p>\n<p>Sendo assim, o que as provas de resid\u00eancia costumam abordar s\u00e3o:<\/p>\n<p>\u00a0<\/p>\n<ul style=\"font-size: 16px; background-color: #ffffff;\">\n<li style=\"font-size: 16px;\">Import\u00e2ncia fazer diagn\u00f3stico diferencial com colites infecciosas (solicita\u00e7\u00e3o de Leucograma e toxinas de clostridium),<\/li>\n<li style=\"font-size: 16px;\">Marcadores com P-ANCA positivo em 65% dos casos em altos t\u00edtulos, enquanto o ASCA \u00e9 positivo da doen\u00e7a de Crohn,<\/li>\n<li style=\"font-size: 16px;\">Calprotectina fecal como um importante marcador da atividade da doen\u00e7a.<\/li>\n<\/ul>\n<p>Entretanto, diferente da Doen\u00e7a de Crohn, na RCU, a doen\u00e7a \u00e9 limitada \u00e0 mucosa, n\u00e3o evolui para acometimento transmural ou de f\u00edstulas, ou seja, n\u00e3o h\u00e1 presen\u00e7a de f\u00edstulas enterocut\u00e2neas ou perianais.<\/p>\n<h3 style=\"font-family: Poppins, sans-serif; color: #7a7a7a;\"><span class=\"ez-toc-section\" id=\"Classificacao_da_RCU\"><\/span><strong>Classifica\u00e7\u00e3o da RCU<\/strong><span class=\"ez-toc-section-end\"><\/span><\/h3>\n<p>A <b>classifica\u00e7\u00e3o de Montreal<\/b> \u00e9 amplamente utilizada para descrever a extens\u00e3o da RCU. Desse modo, ela divide a doen\u00e7a em subtipos, como RCU distal (confinada ao reto), RCU esquerda (envolvimento do c\u00f3lon sigmoide) e RCU extensa (afeta o c\u00f3lon transverso ou mais proximal). A extens\u00e3o da doen\u00e7a est\u00e1 associada ao risco de complica\u00e7\u00f5es e ao manejo terap\u00eautico.<\/p>\n<p>\t\t\t\t\t\t\t\t\t\t\t\t\t\t\t<img loading=\"lazy\" decoding=\"async\" width=\"800\" height=\"861\" src=\"https:\/\/www.grupomedcof.com.br\/blog\/wp-content\/uploads\/2023\/08\/Blog-MedCof-2023-08-03T113149.125-952x1024.png\" alt=\"Retocolite Ulcerativa, recolite ulcerativa, RCU, retocolite ulcerativa sintomas, retocolite ulcerativa tratamento, sintomas de retocolite ulcerativa, retocolite ulcerativa complica\u00e7\u00f5es\" srcset=\"https:\/\/www.grupomedcof.com.br\/blog\/wp-content\/uploads\/2023\/08\/Blog-MedCof-2023-08-03T113149.125-952x1024.png 952w, https:\/\/www.grupomedcof.com.br\/blog\/wp-content\/uploads\/2023\/08\/Blog-MedCof-2023-08-03T113149.125-279x300.png 279w, https:\/\/www.grupomedcof.com.br\/blog\/wp-content\/uploads\/2023\/08\/Blog-MedCof-2023-08-03T113149.125-768x826.png 768w, https:\/\/www.grupomedcof.com.br\/blog\/wp-content\/uploads\/2023\/08\/Blog-MedCof-2023-08-03T113149.125-1428x1536.png 1428w, https:\/\/www.grupomedcof.com.br\/blog\/wp-content\/uploads\/2023\/08\/Blog-MedCof-2023-08-03T113149.125-1904x2048.png 1904w\" sizes=\"auto, (max-width: 800px) 100vw, 800px\" \/>\t\t\t\t\t\t\t\t\t\t\t\t\t\t\t<\/p>\n<h2><span class=\"ez-toc-section\" id=\"Tratamento_da_Retocolite_Ulcerativa\"><\/span><strong>Tratamento da R<\/strong><strong>etocolite Ulcerativa<\/strong><span class=\"ez-toc-section-end\"><\/span><\/h2>\n<p>Por fim, o tratamento da RCU envolve uma abordagem multidisciplinar, que inclui o uso de medicamentos para indu\u00e7\u00e3o e manuten\u00e7\u00e3o da remiss\u00e3o, modifica\u00e7\u00f5es na dieta, suplementa\u00e7\u00e3o nutricional e, em alguns casos, cirurgia.\u00a0<\/p>\n<p>\u00a0<\/p>\n<p>Dessa forma, medicamentos como aminossalicilatos, corticosteroides, imunossupressores e terapias biol\u00f3gicas t\u00eam sido utilizados com sucesso no controle dos sintomas e na preven\u00e7\u00e3o de recidivas da doen\u00e7a.<\/p>\n<h2><span class=\"ez-toc-section\" id=\"Raio-X_da_Prova_Pratica\"><\/span><strong>Raio-X da Prova Pr\u00e1tica<\/strong><span class=\"ez-toc-section-end\"><\/span><\/h2>\n<p>Se voc\u00ea pensa em prestar as provas de resid\u00eancia m\u00e9dica de institui\u00e7\u00f5es como o IAMSPE, USP-RP, SCM-SP, Einstein e UNIFESP, ent\u00e3o precisa<a href=\"https:\/\/www.grupomedcof.com.br\/hands-on-curso\/\" target=\"_blank\" rel=\"noopener\"> <strong>estar pronto para as provas pr\u00e1ticas!<\/strong><\/a><b>&nbsp;<\/b>Elas ir\u00e3o compor uma parte importante da sua nota, portanto, n\u00e3o deixe a oportunidade de ser aprovado passar!&nbsp;<\/p>\n<p>&nbsp;<\/p>\n<p>Foi para garantir a sua prepara\u00e7\u00e3o que fizemos o<strong style=\"color: var( --e-global-color-text ); font-family: var( --e-global-typography-text-font-family ), Sans-serif;\"> Raio-X da Prova Pr\u00e1tica<\/strong>, uma semana de lives em que traremos os nossos alunos aprovados nas principais resid\u00eancias que possuem provas pr\u00e1ticas em seus processos seletivos.<\/p>\n","protected":false},"excerpt":{"rendered":"<p>A Retocolite Ulcerativa (RCU) faz parte do grupo de doen\u00e7a inflamat\u00f3rias intestinais cr\u00f4nicas de etiologia parcialmente conhecida.<\/p>\n","protected":false},"author":10,"featured_media":9856,"comment_status":"open","ping_status":"open","sticky":false,"template":"","format":"standard","meta":{"footnotes":""},"categories":[115,69],"tags":[210,93,209,117],"ppma_author":[3613],"class_list":{"0":"post-9825","1":"post","2":"type-post","3":"status-publish","4":"format-standard","5":"has-post-thumbnail","7":"category-clinica-medica","8":"category-gastroenterologia","9":"tag-clinica-medica","10":"tag-especialidades-medicas","11":"tag-gastro","12":"tag-provas-de-residencia"},"yoast_head":"<!-- This site is optimized with the Yoast SEO Premium plugin v24.3 (Yoast SEO v27.5) - https:\/\/yoast.com\/product\/yoast-seo-premium-wordpress\/ -->\n<title>Retocolite Ulcerativa (RCU): Principais t\u00f3picos que voc\u00ea precisa para sua prova de resid\u00eancia - Blog de Medcof: conte\u00fados, editais, revalida e mais!<\/title>\n<meta name=\"description\" content=\"A Retocolite Ulcerativa (RCU) faz parte do grupo de doen\u00e7a inflamat\u00f3rias intestinais cr\u00f4nicas de etiologia parcialmente conhecida...\" \/>\n<meta name=\"robots\" content=\"index, follow, max-snippet:-1, max-image-preview:large, max-video-preview:-1\" \/>\n<link rel=\"canonical\" href=\"https:\/\/www.grupomedcof.com.br\/blog\/retocolite-ulcerativa-rcu-principais-topicos-que-voce-precisa-para-sua-prova-de-residencia\/\" \/>\n<meta property=\"og:locale\" content=\"pt_BR\" \/>\n<meta property=\"og:type\" content=\"article\" \/>\n<meta property=\"og:title\" content=\"Retocolite Ulcerativa (RCU): Principais t\u00f3picos que voc\u00ea precisa para sua prova de resid\u00eancia\" \/>\n<meta property=\"og:description\" content=\"A Retocolite Ulcerativa (RCU) faz parte do grupo de doen\u00e7a inflamat\u00f3rias intestinais cr\u00f4nicas de etiologia parcialmente conhecida...\" \/>\n<meta property=\"og:url\" content=\"https:\/\/www.grupomedcof.com.br\/blog\/retocolite-ulcerativa-rcu-principais-topicos-que-voce-precisa-para-sua-prova-de-residencia\/\" \/>\n<meta property=\"og:site_name\" content=\"Blog de Medcof: conte\u00fados, editais, revalida e mais!\" \/>\n<meta property=\"article:publisher\" content=\"https:\/\/www.facebook.com\/MedCofQbank\/\" \/>\n<meta property=\"article:published_time\" content=\"2023-08-03T15:45:53+00:00\" \/>\n<meta property=\"article:modified_time\" content=\"2024-12-03T20:20:26+00:00\" \/>\n<meta property=\"og:image\" content=\"https:\/\/www.grupomedcof.com.br\/blog\/wp-content\/uploads\/2023\/08\/Blog-MedCof-2023-08-03T110728.073-1024x576.png\" \/>\n\t<meta property=\"og:image:width\" content=\"1024\" \/>\n\t<meta property=\"og:image:height\" content=\"576\" \/>\n\t<meta property=\"og:image:type\" content=\"image\/png\" \/>\n<meta name=\"author\" content=\"Grupo MedCof\" \/>\n<meta name=\"twitter:card\" content=\"summary_large_image\" \/>\n<meta name=\"twitter:label1\" content=\"Escrito por\" \/>\n\t<meta name=\"twitter:data1\" content=\"Grupo MedCof\" \/>\n\t<meta name=\"twitter:label2\" content=\"Est. tempo de leitura\" \/>\n\t<meta name=\"twitter:data2\" content=\"8 minutos\" \/>\n<script type=\"application\/ld+json\" class=\"yoast-schema-graph\">{\"@context\":\"https:\\\/\\\/schema.org\",\"@graph\":[{\"@type\":\"Article\",\"@id\":\"https:\\\/\\\/www.grupomedcof.com.br\\\/blog\\\/retocolite-ulcerativa-rcu-principais-topicos-que-voce-precisa-para-sua-prova-de-residencia\\\/#article\",\"isPartOf\":{\"@id\":\"https:\\\/\\\/www.grupomedcof.com.br\\\/blog\\\/retocolite-ulcerativa-rcu-principais-topicos-que-voce-precisa-para-sua-prova-de-residencia\\\/\"},\"author\":{\"name\":\"Grupo MedCof\",\"@id\":\"https:\\\/\\\/www.grupomedcof.com.br\\\/blog\\\/#\\\/schema\\\/person\\\/5e56a3921255c01181f3d8c20d53f9c0\"},\"headline\":\"Retocolite Ulcerativa (RCU): Principais t\u00f3picos que voc\u00ea precisa para sua prova de resid\u00eancia\",\"datePublished\":\"2023-08-03T15:45:53+00:00\",\"dateModified\":\"2024-12-03T20:20:26+00:00\",\"mainEntityOfPage\":{\"@id\":\"https:\\\/\\\/www.grupomedcof.com.br\\\/blog\\\/retocolite-ulcerativa-rcu-principais-topicos-que-voce-precisa-para-sua-prova-de-residencia\\\/\"},\"wordCount\":769,\"commentCount\":0,\"publisher\":{\"@id\":\"https:\\\/\\\/www.grupomedcof.com.br\\\/blog\\\/#organization\"},\"image\":{\"@id\":\"https:\\\/\\\/www.grupomedcof.com.br\\\/blog\\\/retocolite-ulcerativa-rcu-principais-topicos-que-voce-precisa-para-sua-prova-de-residencia\\\/#primaryimage\"},\"thumbnailUrl\":\"https:\\\/\\\/www.grupomedcof.com.br\\\/blog\\\/wp-content\\\/uploads\\\/2023\\\/08\\\/Blog-MedCof-2023-08-03T110728.073.png\",\"keywords\":[\"Cl\u00ednica M\u00e9dica\",\"Especialidades m\u00e9dicas\",\"Gastro\",\"Provas de Resid\u00eancia\"],\"articleSection\":[\"Cl\u00ednica M\u00e9dica\",\"Gastroenterologia\"],\"inLanguage\":\"pt-BR\"},{\"@type\":\"WebPage\",\"@id\":\"https:\\\/\\\/www.grupomedcof.com.br\\\/blog\\\/retocolite-ulcerativa-rcu-principais-topicos-que-voce-precisa-para-sua-prova-de-residencia\\\/\",\"url\":\"https:\\\/\\\/www.grupomedcof.com.br\\\/blog\\\/retocolite-ulcerativa-rcu-principais-topicos-que-voce-precisa-para-sua-prova-de-residencia\\\/\",\"name\":\"Retocolite Ulcerativa (RCU): Principais t\u00f3picos que voc\u00ea precisa para sua prova de resid\u00eancia - Blog de Medcof: conte\u00fados, editais, revalida e mais!\",\"isPartOf\":{\"@id\":\"https:\\\/\\\/www.grupomedcof.com.br\\\/blog\\\/#website\"},\"primaryImageOfPage\":{\"@id\":\"https:\\\/\\\/www.grupomedcof.com.br\\\/blog\\\/retocolite-ulcerativa-rcu-principais-topicos-que-voce-precisa-para-sua-prova-de-residencia\\\/#primaryimage\"},\"image\":{\"@id\":\"https:\\\/\\\/www.grupomedcof.com.br\\\/blog\\\/retocolite-ulcerativa-rcu-principais-topicos-que-voce-precisa-para-sua-prova-de-residencia\\\/#primaryimage\"},\"thumbnailUrl\":\"https:\\\/\\\/www.grupomedcof.com.br\\\/blog\\\/wp-content\\\/uploads\\\/2023\\\/08\\\/Blog-MedCof-2023-08-03T110728.073.png\",\"datePublished\":\"2023-08-03T15:45:53+00:00\",\"dateModified\":\"2024-12-03T20:20:26+00:00\",\"description\":\"A Retocolite Ulcerativa (RCU) faz parte do grupo de doen\u00e7a inflamat\u00f3rias intestinais cr\u00f4nicas de etiologia parcialmente conhecida...\",\"breadcrumb\":{\"@id\":\"https:\\\/\\\/www.grupomedcof.com.br\\\/blog\\\/retocolite-ulcerativa-rcu-principais-topicos-que-voce-precisa-para-sua-prova-de-residencia\\\/#breadcrumb\"},\"inLanguage\":\"pt-BR\",\"potentialAction\":[{\"@type\":\"ReadAction\",\"target\":[\"https:\\\/\\\/www.grupomedcof.com.br\\\/blog\\\/retocolite-ulcerativa-rcu-principais-topicos-que-voce-precisa-para-sua-prova-de-residencia\\\/\"]}]},{\"@type\":\"ImageObject\",\"inLanguage\":\"pt-BR\",\"@id\":\"https:\\\/\\\/www.grupomedcof.com.br\\\/blog\\\/retocolite-ulcerativa-rcu-principais-topicos-que-voce-precisa-para-sua-prova-de-residencia\\\/#primaryimage\",\"url\":\"https:\\\/\\\/www.grupomedcof.com.br\\\/blog\\\/wp-content\\\/uploads\\\/2023\\\/08\\\/Blog-MedCof-2023-08-03T110728.073.png\",\"contentUrl\":\"https:\\\/\\\/www.grupomedcof.com.br\\\/blog\\\/wp-content\\\/uploads\\\/2023\\\/08\\\/Blog-MedCof-2023-08-03T110728.073.png\",\"width\":2560,\"height\":1440,\"caption\":\"A retocolite ulcerativa (RCU) faz parte do grupo de doen\u00e7a inflamat\u00f3rias intestinais cr\u00f4nicas de etiologia parcialmente conhecida...\"},{\"@type\":\"BreadcrumbList\",\"@id\":\"https:\\\/\\\/www.grupomedcof.com.br\\\/blog\\\/retocolite-ulcerativa-rcu-principais-topicos-que-voce-precisa-para-sua-prova-de-residencia\\\/#breadcrumb\",\"itemListElement\":[{\"@type\":\"ListItem\",\"position\":1,\"name\":\"In\u00edcio\",\"item\":\"https:\\\/\\\/www.grupomedcof.com.br\\\/blog\\\/\"},{\"@type\":\"ListItem\",\"position\":2,\"name\":\"Retocolite Ulcerativa (RCU): Principais t\u00f3picos que voc\u00ea precisa para sua prova de resid\u00eancia\"}]},{\"@type\":\"WebSite\",\"@id\":\"https:\\\/\\\/www.grupomedcof.com.br\\\/blog\\\/#website\",\"url\":\"https:\\\/\\\/www.grupomedcof.com.br\\\/blog\\\/\",\"name\":\"Blog de Medcof: conte\u00fados, editais, revalida e mais!\",\"description\":\"Acesso o blog de MedCof! Seu portal de conte\u00fados sobre resid\u00eancia m\u00e9dica, an\u00e1lise e editais e muito mais. Clique e confira!\",\"publisher\":{\"@id\":\"https:\\\/\\\/www.grupomedcof.com.br\\\/blog\\\/#organization\"},\"alternateName\":\"Blog de Medcof: conte\u00fados, editais, revalida e mais!\",\"potentialAction\":[{\"@type\":\"SearchAction\",\"target\":{\"@type\":\"EntryPoint\",\"urlTemplate\":\"https:\\\/\\\/www.grupomedcof.com.br\\\/blog\\\/?s={search_term_string}\"},\"query-input\":{\"@type\":\"PropertyValueSpecification\",\"valueRequired\":true,\"valueName\":\"search_term_string\"}}],\"inLanguage\":\"pt-BR\"},{\"@type\":\"Organization\",\"@id\":\"https:\\\/\\\/www.grupomedcof.com.br\\\/blog\\\/#organization\",\"name\":\"Grupo MedCof\",\"url\":\"https:\\\/\\\/www.grupomedcof.com.br\\\/blog\\\/\",\"logo\":{\"@type\":\"ImageObject\",\"inLanguage\":\"pt-BR\",\"@id\":\"https:\\\/\\\/www.grupomedcof.com.br\\\/blog\\\/#\\\/schema\\\/logo\\\/image\\\/\",\"url\":\"https:\\\/\\\/www.grupomedcof.com.br\\\/blog\\\/wp-content\\\/uploads\\\/2022\\\/01\\\/logo-medcof.png\",\"contentUrl\":\"https:\\\/\\\/www.grupomedcof.com.br\\\/blog\\\/wp-content\\\/uploads\\\/2022\\\/01\\\/logo-medcof.png\",\"width\":768,\"height\":269,\"caption\":\"Grupo MedCof\"},\"image\":{\"@id\":\"https:\\\/\\\/www.grupomedcof.com.br\\\/blog\\\/#\\\/schema\\\/logo\\\/image\\\/\"},\"sameAs\":[\"https:\\\/\\\/www.facebook.com\\\/MedCofQbank\\\/\",\"https:\\\/\\\/www.instagram.com\\\/grupomedcof\\\/\",\"https:\\\/\\\/br.linkedin.com\\\/company\\\/medcof\",\"https:\\\/\\\/www.youtube.com\\\/channel\\\/UCdHMuOHKICxcHwecxN8P-AA\"]},{\"@type\":\"Person\",\"@id\":\"https:\\\/\\\/www.grupomedcof.com.br\\\/blog\\\/#\\\/schema\\\/person\\\/5e56a3921255c01181f3d8c20d53f9c0\",\"name\":\"Grupo MedCof\",\"image\":{\"@type\":\"ImageObject\",\"inLanguage\":\"pt-BR\",\"@id\":\"https:\\\/\\\/www.grupomedcof.com.br\\\/blog\\\/wp-content\\\/uploads\\\/2023\\\/04\\\/cropped-cropped-cropped-cropped-logo-96x96.png28585d174f19c23095510da5f63bc127\",\"url\":\"https:\\\/\\\/www.grupomedcof.com.br\\\/blog\\\/wp-content\\\/uploads\\\/2023\\\/04\\\/cropped-cropped-cropped-cropped-logo-96x96.png\",\"contentUrl\":\"https:\\\/\\\/www.grupomedcof.com.br\\\/blog\\\/wp-content\\\/uploads\\\/2023\\\/04\\\/cropped-cropped-cropped-cropped-logo-96x96.png\",\"caption\":\"Grupo MedCof\"},\"description\":\"Tendo aulas baseadas em quest\u00f5es, + de 115 subespecialistas dispon\u00edveis e uma metodologia \u00fanica, voc\u00ea pode se juntar ao nosso time que conta com mais de 10 mil ...\",\"url\":\"https:\\\/\\\/www.grupomedcof.com.br\\\/blog\\\/author\\\/grupo-medcof\\\/\"}]}<\/script>\n<!-- \/ Yoast SEO Premium plugin. -->","yoast_head_json":{"title":"Retocolite Ulcerativa (RCU): Principais t\u00f3picos que voc\u00ea precisa para sua prova de resid\u00eancia - Blog de Medcof: conte\u00fados, editais, revalida e mais!","description":"A Retocolite Ulcerativa (RCU) faz parte do grupo de doen\u00e7a inflamat\u00f3rias intestinais cr\u00f4nicas de etiologia parcialmente conhecida...","robots":{"index":"index","follow":"follow","max-snippet":"max-snippet:-1","max-image-preview":"max-image-preview:large","max-video-preview":"max-video-preview:-1"},"canonical":"https:\/\/www.grupomedcof.com.br\/blog\/retocolite-ulcerativa-rcu-principais-topicos-que-voce-precisa-para-sua-prova-de-residencia\/","og_locale":"pt_BR","og_type":"article","og_title":"Retocolite Ulcerativa (RCU): Principais t\u00f3picos que voc\u00ea precisa para sua prova de resid\u00eancia","og_description":"A Retocolite Ulcerativa (RCU) faz parte do grupo de doen\u00e7a inflamat\u00f3rias intestinais cr\u00f4nicas de etiologia parcialmente conhecida...","og_url":"https:\/\/www.grupomedcof.com.br\/blog\/retocolite-ulcerativa-rcu-principais-topicos-que-voce-precisa-para-sua-prova-de-residencia\/","og_site_name":"Blog de Medcof: conte\u00fados, editais, revalida e mais!","article_publisher":"https:\/\/www.facebook.com\/MedCofQbank\/","article_published_time":"2023-08-03T15:45:53+00:00","article_modified_time":"2024-12-03T20:20:26+00:00","og_image":[{"width":1024,"height":576,"url":"https:\/\/www.grupomedcof.com.br\/blog\/wp-content\/uploads\/2023\/08\/Blog-MedCof-2023-08-03T110728.073-1024x576.png","type":"image\/png"}],"author":"Grupo MedCof","twitter_card":"summary_large_image","twitter_misc":{"Escrito por":"Grupo MedCof","Est. tempo de leitura":"8 minutos"},"schema":{"@context":"https:\/\/schema.org","@graph":[{"@type":"Article","@id":"https:\/\/www.grupomedcof.com.br\/blog\/retocolite-ulcerativa-rcu-principais-topicos-que-voce-precisa-para-sua-prova-de-residencia\/#article","isPartOf":{"@id":"https:\/\/www.grupomedcof.com.br\/blog\/retocolite-ulcerativa-rcu-principais-topicos-que-voce-precisa-para-sua-prova-de-residencia\/"},"author":{"name":"Grupo MedCof","@id":"https:\/\/www.grupomedcof.com.br\/blog\/#\/schema\/person\/5e56a3921255c01181f3d8c20d53f9c0"},"headline":"Retocolite Ulcerativa (RCU): Principais t\u00f3picos que voc\u00ea precisa para sua prova de resid\u00eancia","datePublished":"2023-08-03T15:45:53+00:00","dateModified":"2024-12-03T20:20:26+00:00","mainEntityOfPage":{"@id":"https:\/\/www.grupomedcof.com.br\/blog\/retocolite-ulcerativa-rcu-principais-topicos-que-voce-precisa-para-sua-prova-de-residencia\/"},"wordCount":769,"commentCount":0,"publisher":{"@id":"https:\/\/www.grupomedcof.com.br\/blog\/#organization"},"image":{"@id":"https:\/\/www.grupomedcof.com.br\/blog\/retocolite-ulcerativa-rcu-principais-topicos-que-voce-precisa-para-sua-prova-de-residencia\/#primaryimage"},"thumbnailUrl":"https:\/\/www.grupomedcof.com.br\/blog\/wp-content\/uploads\/2023\/08\/Blog-MedCof-2023-08-03T110728.073.png","keywords":["Cl\u00ednica M\u00e9dica","Especialidades m\u00e9dicas","Gastro","Provas de Resid\u00eancia"],"articleSection":["Cl\u00ednica M\u00e9dica","Gastroenterologia"],"inLanguage":"pt-BR"},{"@type":"WebPage","@id":"https:\/\/www.grupomedcof.com.br\/blog\/retocolite-ulcerativa-rcu-principais-topicos-que-voce-precisa-para-sua-prova-de-residencia\/","url":"https:\/\/www.grupomedcof.com.br\/blog\/retocolite-ulcerativa-rcu-principais-topicos-que-voce-precisa-para-sua-prova-de-residencia\/","name":"Retocolite Ulcerativa (RCU): Principais t\u00f3picos que voc\u00ea precisa para sua prova de resid\u00eancia - Blog de Medcof: conte\u00fados, editais, revalida e mais!","isPartOf":{"@id":"https:\/\/www.grupomedcof.com.br\/blog\/#website"},"primaryImageOfPage":{"@id":"https:\/\/www.grupomedcof.com.br\/blog\/retocolite-ulcerativa-rcu-principais-topicos-que-voce-precisa-para-sua-prova-de-residencia\/#primaryimage"},"image":{"@id":"https:\/\/www.grupomedcof.com.br\/blog\/retocolite-ulcerativa-rcu-principais-topicos-que-voce-precisa-para-sua-prova-de-residencia\/#primaryimage"},"thumbnailUrl":"https:\/\/www.grupomedcof.com.br\/blog\/wp-content\/uploads\/2023\/08\/Blog-MedCof-2023-08-03T110728.073.png","datePublished":"2023-08-03T15:45:53+00:00","dateModified":"2024-12-03T20:20:26+00:00","description":"A Retocolite Ulcerativa (RCU) faz parte do grupo de doen\u00e7a inflamat\u00f3rias intestinais cr\u00f4nicas de etiologia parcialmente conhecida...","breadcrumb":{"@id":"https:\/\/www.grupomedcof.com.br\/blog\/retocolite-ulcerativa-rcu-principais-topicos-que-voce-precisa-para-sua-prova-de-residencia\/#breadcrumb"},"inLanguage":"pt-BR","potentialAction":[{"@type":"ReadAction","target":["https:\/\/www.grupomedcof.com.br\/blog\/retocolite-ulcerativa-rcu-principais-topicos-que-voce-precisa-para-sua-prova-de-residencia\/"]}]},{"@type":"ImageObject","inLanguage":"pt-BR","@id":"https:\/\/www.grupomedcof.com.br\/blog\/retocolite-ulcerativa-rcu-principais-topicos-que-voce-precisa-para-sua-prova-de-residencia\/#primaryimage","url":"https:\/\/www.grupomedcof.com.br\/blog\/wp-content\/uploads\/2023\/08\/Blog-MedCof-2023-08-03T110728.073.png","contentUrl":"https:\/\/www.grupomedcof.com.br\/blog\/wp-content\/uploads\/2023\/08\/Blog-MedCof-2023-08-03T110728.073.png","width":2560,"height":1440,"caption":"A retocolite ulcerativa (RCU) faz parte do grupo de doen\u00e7a inflamat\u00f3rias intestinais cr\u00f4nicas de etiologia parcialmente conhecida..."},{"@type":"BreadcrumbList","@id":"https:\/\/www.grupomedcof.com.br\/blog\/retocolite-ulcerativa-rcu-principais-topicos-que-voce-precisa-para-sua-prova-de-residencia\/#breadcrumb","itemListElement":[{"@type":"ListItem","position":1,"name":"In\u00edcio","item":"https:\/\/www.grupomedcof.com.br\/blog\/"},{"@type":"ListItem","position":2,"name":"Retocolite Ulcerativa (RCU): Principais t\u00f3picos que voc\u00ea precisa para sua prova de resid\u00eancia"}]},{"@type":"WebSite","@id":"https:\/\/www.grupomedcof.com.br\/blog\/#website","url":"https:\/\/www.grupomedcof.com.br\/blog\/","name":"Blog de Medcof: conte\u00fados, editais, revalida e mais!","description":"Acesso o blog de MedCof! Seu portal de conte\u00fados sobre resid\u00eancia m\u00e9dica, an\u00e1lise e editais e muito mais. Clique e confira!","publisher":{"@id":"https:\/\/www.grupomedcof.com.br\/blog\/#organization"},"alternateName":"Blog de Medcof: conte\u00fados, editais, revalida e mais!","potentialAction":[{"@type":"SearchAction","target":{"@type":"EntryPoint","urlTemplate":"https:\/\/www.grupomedcof.com.br\/blog\/?s={search_term_string}"},"query-input":{"@type":"PropertyValueSpecification","valueRequired":true,"valueName":"search_term_string"}}],"inLanguage":"pt-BR"},{"@type":"Organization","@id":"https:\/\/www.grupomedcof.com.br\/blog\/#organization","name":"Grupo MedCof","url":"https:\/\/www.grupomedcof.com.br\/blog\/","logo":{"@type":"ImageObject","inLanguage":"pt-BR","@id":"https:\/\/www.grupomedcof.com.br\/blog\/#\/schema\/logo\/image\/","url":"https:\/\/www.grupomedcof.com.br\/blog\/wp-content\/uploads\/2022\/01\/logo-medcof.png","contentUrl":"https:\/\/www.grupomedcof.com.br\/blog\/wp-content\/uploads\/2022\/01\/logo-medcof.png","width":768,"height":269,"caption":"Grupo MedCof"},"image":{"@id":"https:\/\/www.grupomedcof.com.br\/blog\/#\/schema\/logo\/image\/"},"sameAs":["https:\/\/www.facebook.com\/MedCofQbank\/","https:\/\/www.instagram.com\/grupomedcof\/","https:\/\/br.linkedin.com\/company\/medcof","https:\/\/www.youtube.com\/channel\/UCdHMuOHKICxcHwecxN8P-AA"]},{"@type":"Person","@id":"https:\/\/www.grupomedcof.com.br\/blog\/#\/schema\/person\/5e56a3921255c01181f3d8c20d53f9c0","name":"Grupo MedCof","image":{"@type":"ImageObject","inLanguage":"pt-BR","@id":"https:\/\/www.grupomedcof.com.br\/blog\/wp-content\/uploads\/2023\/04\/cropped-cropped-cropped-cropped-logo-96x96.png28585d174f19c23095510da5f63bc127","url":"https:\/\/www.grupomedcof.com.br\/blog\/wp-content\/uploads\/2023\/04\/cropped-cropped-cropped-cropped-logo-96x96.png","contentUrl":"https:\/\/www.grupomedcof.com.br\/blog\/wp-content\/uploads\/2023\/04\/cropped-cropped-cropped-cropped-logo-96x96.png","caption":"Grupo MedCof"},"description":"Tendo aulas baseadas em quest\u00f5es, + de 115 subespecialistas dispon\u00edveis e uma metodologia \u00fanica, voc\u00ea pode se juntar ao nosso time que conta com mais de 10 mil ...","url":"https:\/\/www.grupomedcof.com.br\/blog\/author\/grupo-medcof\/"}]}},"authors":[{"term_id":3613,"user_id":10,"is_guest":0,"slug":"grupo-medcof","display_name":"Grupo MedCof","avatar_url":"https:\/\/www.grupomedcof.com.br\/blog\/wp-content\/uploads\/2023\/04\/cropped-cropped-cropped-cropped-logo-96x96.png","0":null,"1":"","2":"","3":"","4":"","5":"","6":"","7":"","8":""}],"_links":{"self":[{"href":"https:\/\/www.grupomedcof.com.br\/blog\/wp-json\/wp\/v2\/posts\/9825","targetHints":{"allow":["GET"]}}],"collection":[{"href":"https:\/\/www.grupomedcof.com.br\/blog\/wp-json\/wp\/v2\/posts"}],"about":[{"href":"https:\/\/www.grupomedcof.com.br\/blog\/wp-json\/wp\/v2\/types\/post"}],"author":[{"embeddable":true,"href":"https:\/\/www.grupomedcof.com.br\/blog\/wp-json\/wp\/v2\/users\/10"}],"replies":[{"embeddable":true,"href":"https:\/\/www.grupomedcof.com.br\/blog\/wp-json\/wp\/v2\/comments?post=9825"}],"version-history":[{"count":0,"href":"https:\/\/www.grupomedcof.com.br\/blog\/wp-json\/wp\/v2\/posts\/9825\/revisions"}],"wp:featuredmedia":[{"embeddable":true,"href":"https:\/\/www.grupomedcof.com.br\/blog\/wp-json\/wp\/v2\/media\/9856"}],"wp:attachment":[{"href":"https:\/\/www.grupomedcof.com.br\/blog\/wp-json\/wp\/v2\/media?parent=9825"}],"wp:term":[{"taxonomy":"category","embeddable":true,"href":"https:\/\/www.grupomedcof.com.br\/blog\/wp-json\/wp\/v2\/categories?post=9825"},{"taxonomy":"post_tag","embeddable":true,"href":"https:\/\/www.grupomedcof.com.br\/blog\/wp-json\/wp\/v2\/tags?post=9825"},{"taxonomy":"author","embeddable":true,"href":"https:\/\/www.grupomedcof.com.br\/blog\/wp-json\/wp\/v2\/ppma_author?post=9825"}],"curies":[{"name":"wp","href":"https:\/\/api.w.org\/{rel}","templated":true}]}}